{"id":979,"date":"2024-10-29T12:14:56","date_gmt":"2024-10-29T15:14:56","guid":{"rendered":"http:\/\/cephas.org.br\/?p=979"},"modified":"2024-10-29T12:14:56","modified_gmt":"2024-10-29T15:14:56","slug":"enfermagem-do-cephas-esta-entre-mais-concorridos-no-vestibulinho","status":"publish","type":"post","link":"https:\/\/cephas.org.br\/index.php\/2024\/10\/29\/enfermagem-do-cephas-esta-entre-mais-concorridos-no-vestibulinho\/","title":{"rendered":"Enfermagem do Cephas est\u00e1 entre mais concorridos no Vestibulinho"},"content":{"rendered":"\n<figure class=\"wp-block-image\"><img fetchpriority=\"high\" decoding=\"async\" width=\"940\" height=\"626\" src=\"http:\/\/cephas.org.br\/wp-content\/uploads\/2019\/11\/Enfermagem-do-Cephas-est\u00e1-entre-mais-concorridos-no-Vestibulinho.jpg\" alt=\"\" class=\"wp-image-980\" srcset=\"https:\/\/cephas.org.br\/wp-content\/uploads\/2019\/11\/Enfermagem-do-Cephas-est\u00e1-entre-mais-concorridos-no-Vestibulinho.jpg 940w, https:\/\/cephas.org.br\/wp-content\/uploads\/2019\/11\/Enfermagem-do-Cephas-est\u00e1-entre-mais-concorridos-no-Vestibulinho-300x200.jpg 300w, https:\/\/cephas.org.br\/wp-content\/uploads\/2019\/11\/Enfermagem-do-Cephas-est\u00e1-entre-mais-concorridos-no-Vestibulinho-768x511.jpg 768w\" sizes=\"(max-width: 940px) 100vw, 940px\" \/><\/figure>\n\n\n\n<p>O curso t\u00e9cnico em enfermagem do Cephas (Centro de Educa\u00e7\u00e3o Profissional H\u00e9lio Augusto de Souza) \u00e9 um dos mais procurados no Vestibulinho, que est\u00e1 com inscri\u00e7\u00f5es abertas at\u00e9 a pr\u00f3xima segunda-feira (20). Esta \u00e9 uma das seis op\u00e7\u00f5es gratuitas de qualifica\u00e7\u00e3o profissional e oferece 40 vagas para a turma do segundo semestre deste ano.<\/p>\n\n\n\n<p>A qualidade da forma\u00e7\u00e3o dos t\u00e9cnicos em enfermagem coloca os alunos rec\u00e9m-formados no mercado de trabalho e motiva a continuarem os estudos em especializa\u00e7\u00f5es e cursos de gradua\u00e7\u00e3o. Atualmente, o curso conta com cerca de 80 alunos, em tr\u00eas turmas.<\/p>\n\n\n\n<p><strong>Voca\u00e7\u00e3o e dedica\u00e7\u00e3o<\/strong><\/p>\n\n\n\n<p>Eliane Corbani Vieira, 44 anos, e Bruna Brand\u00e3o, 22 anos, s\u00e3o dois exemplos de sucesso e dedica\u00e7\u00e3o. Formadas na turma de 2017, as profissionais logo conseguiram trabalho na \u00e1rea. Eliane atualmente est\u00e1 na UPA (Unidade de Pronto Atendimento) do Alto da Ponte. J\u00e1 Bruna faz faculdade de enfermagem na Univap e trabalha na UTI de um hospital particular da cidade.<\/p>\n\n\n\n<p>Al\u00e9m do amor pela profiss\u00e3o, as duas t\u00eam em comum a vontade de cuidar das pessoas e o reconhecimento pelos aprendizados no curso do Cephas.<\/p>\n\n\n\n<p>\u201cEscolhi a enfermagem h\u00e1 muitos anos, mas faltava oportunidade para estudar. Sempre gostei de cuidar das pessoas, ouvir e confortar. Ent\u00e3o, quando prestei o Vestibulinho e passei, tive uma \u00f3tima surpresa. As experi\u00eancias em sala de aula com cada professor me motivaram. Hoje estou realizada e feliz, agrade\u00e7o ao Cephas\u201d, diz Eliane.<\/p>\n\n\n\n<p>\u201cGosto de praticamente tudo neste ramo, principalmente o contato com o paciente. \u00c9 gratificante ajudar a cuidar das pessoas. Logo no primeiro dia de aula, percebi que essa era a minha profiss\u00e3o, o in\u00edcio de tudo foi no Cephas, os professores s\u00e3o \u00f3timos e sempre foram pacientes comigo. Al\u00e9m das t\u00e9cnicas, aprendemos o mais importante: a ter empatia\u201d, diz Bruna.<\/p>\n\n\n\n<p><strong>Forma\u00e7\u00e3o de excel\u00eancia<\/strong><\/p>\n\n\n\n<p>Entre as atividades do t\u00e9cnico em enfermagem est\u00e3o: dar assist\u00eancia e cuidado a pacientes de complexidade m\u00e9dia, ministrar o uso de medicamentos, realizar curativos simples e primeiros socorros, e outras. As aulas do Cephas aliam a experi\u00eancia te\u00f3rica e pr\u00e1tica, baseada por compet\u00eancias.<\/p>\n\n\n\n<p>\u201cA enfermagem exige muito estudo, dedica\u00e7\u00e3o, saber se colocar no lugar do outro, sempre respeitar o c\u00f3digo de \u00e9tica e ter responsabilidade. N\u00f3s temos um diferencial que \u00e9 trabalhar por compet\u00eancias, o \u2018saber ser\u2019, aplicar a teoria primando pela qualidade no atendimento\u201d, explica a respons\u00e1vel t\u00e9cnica do curso, Gl\u00f3ria Aparecida de Oliveira, enfermeira h\u00e1 30 anos, sendo 18 deles no Cephas.<\/p>\n\n\n\n<p>A aluna Francisca Leidiane Santos de Sousa, 33 anos, conclui o curso nos pr\u00f3ximos meses e est\u00e1 animada para come\u00e7ar a trabalhar na \u00e1rea de geriatria. \u201cEscolhi o curso inicialmente pensando no mercado profissional, mas me encontrei aqui. Nas aulas aprendo muito sobre a humaniza\u00e7\u00e3o, precisamos olhar com carinho e aten\u00e7\u00e3o para os pacientes, isto faz a diferen\u00e7a\u201d, destaca.<\/p>\n\n\n\n<p><strong>Comemora\u00e7\u00e3o<\/strong><\/p>\n\n\n\n<p>Para comemorar o Dia da Enfermagem, celebrado neste domingo (12), a equipe do Cephas organiza uma manh\u00e3 diferenciada nesta quarta-feira (15). A partir das 8h, as turmas da manh\u00e3 v\u00e3o se reunir no audit\u00f3rio onde ter\u00e3o palestra informativa, teatro, caf\u00e9 comunit\u00e1rio e uma gincana para integra\u00e7\u00e3o dos alunos.<\/p>\n\n\n\n<p><strong>Vestibulinho<\/strong><\/p>\n\n\n\n<p>Para ser aluno do Cephas \u00e9 preciso fazer o Vestibulinho. As inscri\u00e7\u00f5es seguem at\u00e9 o pr\u00f3ximo dia 20 (segunda-feira) e devem ser feitas \u00fanicas e exclusivamente pela internet, com taxa de R$23. Os interessados precisam prestar aten\u00e7\u00e3o aos requisitos do edital, dispon\u00edvel no&nbsp;<a href=\"http:\/\/cephas.org.br\/\">site do Cephas<\/a>&nbsp;com as especifica\u00e7\u00f5es e exig\u00eancias de cada curso e tamb\u00e9m o link para inscri\u00e7\u00f5es.<\/p>\n\n\n\n<p><strong>O Cephas<\/strong><\/p>\n\n\n\n<p>O Cephas \u00e9 um Centro Educacional da Fundhas (Funda\u00e7\u00e3o H\u00e9lio Augusto de Souza), que tem como finalidade oferecer educa\u00e7\u00e3o profissional atrav\u00e9s de cursos de forma\u00e7\u00e3o inicial e continuada, programa de aprendizagem profissional e de cursos t\u00e9cnicos de n\u00edvel m\u00e9dio.<\/p>\n\n\n\n<p>Mantida pela Prefeitura de S\u00e3o Jos\u00e9 dos Campos, h\u00e1 32 anos a Fundhas contribui com a forma\u00e7\u00e3o de mais de 30 mil crian\u00e7as e jovens, que viram em seus projetos a possibilidade de realizar sonhos e de crescimento profissional.<\/p>\n\n\n\n<p><strong>Servi\u00e7o<br><\/strong><strong>Dia da Enfermagem<\/strong><br>Data: 15\/5, a partir das 8h<br>Local: Cephas, que fica na fica na Rua Tsunessaburo Makiguti, 399, Floradas de S\u00e3o Jos\u00e9 (regi\u00e3o sul).<\/p>\n","protected":false},"excerpt":{"rendered":"<p>O curso t\u00e9cnico em enfermagem do Cephas (Centro de Educa\u00e7\u00e3o Profissional H\u00e9lio Augusto de Souza) \u00e9 um dos mais procurados no Vestibulinho, que est\u00e1 com inscri\u00e7\u00f5es abertas at\u00e9 a pr\u00f3xima segunda-feira (20). Esta \u00e9 uma das seis op\u00e7\u00f5es gratuitas de qualifica\u00e7\u00e3o profissional e oferece 40 vagas para a turma do segundo semestre deste ano. A [&hellip;]<\/p>\n","protected":false},"author":5,"featured_media":0,"comment_status":"open","ping_status":"closed","sticky":false,"template":"","format":"standard","meta":{"_acf_changed":false,"_monsterinsights_skip_tracking":false,"_monsterinsights_sitenote_active":false,"_monsterinsights_sitenote_note":"","_monsterinsights_sitenote_category":0,"footnotes":""},"categories":[1],"tags":[],"class_list":{"0":"post-979","1":"post","2":"type-post","3":"status-publish","4":"format-standard","6":"category-uncategorized","7":"czr-hentry"},"acf":[],"yoast_head":"<!-- This site is optimized with the Yoast SEO plugin v26.6 - https:\/\/yoast.com\/wordpress\/plugins\/seo\/ -->\n<title>Enfermagem do Cephas est\u00e1 entre mais concorridos no Vestibulinho - CEPHAS<\/title>\n<meta name=\"robots\" content=\"index, follow, max-snippet:-1, max-image-preview:large, max-video-preview:-1\" \/>\n<link rel=\"canonical\" href=\"https:\/\/cephas.org.br\/index.php\/2024\/10\/29\/enfermagem-do-cephas-esta-entre-mais-concorridos-no-vestibulinho\/\" \/>\n<meta property=\"og:locale\" content=\"pt_BR\" \/>\n<meta property=\"og:type\" content=\"article\" \/>\n<meta property=\"og:title\" content=\"Enfermagem do Cephas est\u00e1 entre mais concorridos no Vestibulinho - CEPHAS\" \/>\n<meta property=\"og:description\" content=\"O curso t\u00e9cnico em enfermagem do Cephas (Centro de Educa\u00e7\u00e3o Profissional H\u00e9lio Augusto de Souza) \u00e9 um dos mais procurados no Vestibulinho, que est\u00e1 com inscri\u00e7\u00f5es abertas at\u00e9 a pr\u00f3xima segunda-feira (20). Esta \u00e9 uma das seis op\u00e7\u00f5es gratuitas de qualifica\u00e7\u00e3o profissional e oferece 40 vagas para a turma do segundo semestre deste ano. A [&hellip;]\" \/>\n<meta property=\"og:url\" content=\"https:\/\/cephas.org.br\/index.php\/2024\/10\/29\/enfermagem-do-cephas-esta-entre-mais-concorridos-no-vestibulinho\/\" \/>\n<meta property=\"og:site_name\" content=\"CEPHAS\" \/>\n<meta property=\"article:published_time\" content=\"2024-10-29T15:14:56+00:00\" \/>\n<meta name=\"author\" content=\"Paula Pessoa\" \/>\n<meta name=\"twitter:card\" content=\"summary_large_image\" \/>\n<meta name=\"twitter:label1\" content=\"Escrito por\" \/>\n\t<meta name=\"twitter:data1\" content=\"Paula Pessoa\" \/>\n\t<meta name=\"twitter:label2\" content=\"Est. tempo de leitura\" \/>\n\t<meta name=\"twitter:data2\" content=\"4 minutos\" \/>\n<script type=\"application\/ld+json\" class=\"yoast-schema-graph\">{\"@context\":\"https:\/\/schema.org\",\"@graph\":[{\"@type\":\"Article\",\"@id\":\"https:\/\/cephas.org.br\/index.php\/2024\/10\/29\/enfermagem-do-cephas-esta-entre-mais-concorridos-no-vestibulinho\/#article\",\"isPartOf\":{\"@id\":\"https:\/\/cephas.org.br\/index.php\/2024\/10\/29\/enfermagem-do-cephas-esta-entre-mais-concorridos-no-vestibulinho\/\"},\"author\":{\"name\":\"Paula Pessoa\",\"@id\":\"https:\/\/cephas.org.br\/#\/schema\/person\/56cd9c87896766b36def2b374da9d5a5\"},\"headline\":\"Enfermagem do Cephas est\u00e1 entre mais concorridos no Vestibulinho\",\"datePublished\":\"2024-10-29T15:14:56+00:00\",\"mainEntityOfPage\":{\"@id\":\"https:\/\/cephas.org.br\/index.php\/2024\/10\/29\/enfermagem-do-cephas-esta-entre-mais-concorridos-no-vestibulinho\/\"},\"wordCount\":744,\"commentCount\":0,\"publisher\":{\"@id\":\"https:\/\/cephas.org.br\/#organization\"},\"articleSection\":[\"Uncategorized\"],\"inLanguage\":\"pt-BR\",\"potentialAction\":[{\"@type\":\"CommentAction\",\"name\":\"Comment\",\"target\":[\"https:\/\/cephas.org.br\/index.php\/2024\/10\/29\/enfermagem-do-cephas-esta-entre-mais-concorridos-no-vestibulinho\/#respond\"]}]},{\"@type\":\"WebPage\",\"@id\":\"https:\/\/cephas.org.br\/index.php\/2024\/10\/29\/enfermagem-do-cephas-esta-entre-mais-concorridos-no-vestibulinho\/\",\"url\":\"https:\/\/cephas.org.br\/index.php\/2024\/10\/29\/enfermagem-do-cephas-esta-entre-mais-concorridos-no-vestibulinho\/\",\"name\":\"Enfermagem do Cephas est\u00e1 entre mais concorridos no Vestibulinho - CEPHAS\",\"isPartOf\":{\"@id\":\"https:\/\/cephas.org.br\/#website\"},\"datePublished\":\"2024-10-29T15:14:56+00:00\",\"breadcrumb\":{\"@id\":\"https:\/\/cephas.org.br\/index.php\/2024\/10\/29\/enfermagem-do-cephas-esta-entre-mais-concorridos-no-vestibulinho\/#breadcrumb\"},\"inLanguage\":\"pt-BR\",\"potentialAction\":[{\"@type\":\"ReadAction\",\"target\":[\"https:\/\/cephas.org.br\/index.php\/2024\/10\/29\/enfermagem-do-cephas-esta-entre-mais-concorridos-no-vestibulinho\/\"]}]},{\"@type\":\"BreadcrumbList\",\"@id\":\"https:\/\/cephas.org.br\/index.php\/2024\/10\/29\/enfermagem-do-cephas-esta-entre-mais-concorridos-no-vestibulinho\/#breadcrumb\",\"itemListElement\":[{\"@type\":\"ListItem\",\"position\":1,\"name\":\"In\u00edcio\",\"item\":\"https:\/\/cephas.org.br\/\"},{\"@type\":\"ListItem\",\"position\":2,\"name\":\"Enfermagem do Cephas est\u00e1 entre mais concorridos no Vestibulinho\"}]},{\"@type\":\"WebSite\",\"@id\":\"https:\/\/cephas.org.br\/#website\",\"url\":\"https:\/\/cephas.org.br\/\",\"name\":\"CEPHAS\",\"description\":\"\",\"publisher\":{\"@id\":\"https:\/\/cephas.org.br\/#organization\"},\"potentialAction\":[{\"@type\":\"SearchAction\",\"target\":{\"@type\":\"EntryPoint\",\"urlTemplate\":\"https:\/\/cephas.org.br\/?s={search_term_string}\"},\"query-input\":{\"@type\":\"PropertyValueSpecification\",\"valueRequired\":true,\"valueName\":\"search_term_string\"}}],\"inLanguage\":\"pt-BR\"},{\"@type\":\"Organization\",\"@id\":\"https:\/\/cephas.org.br\/#organization\",\"name\":\"CEPHAS\",\"url\":\"https:\/\/cephas.org.br\/\",\"logo\":{\"@type\":\"ImageObject\",\"inLanguage\":\"pt-BR\",\"@id\":\"https:\/\/cephas.org.br\/#\/schema\/logo\/image\/\",\"url\":\"https:\/\/cephas.org.br\/wp-content\/uploads\/2023\/10\/cropped-Assinaturas_CephasFundhas_Pref_Novo-10_Cor-small.png\",\"contentUrl\":\"https:\/\/cephas.org.br\/wp-content\/uploads\/2023\/10\/cropped-Assinaturas_CephasFundhas_Pref_Novo-10_Cor-small.png\",\"width\":812,\"height\":90,\"caption\":\"CEPHAS\"},\"image\":{\"@id\":\"https:\/\/cephas.org.br\/#\/schema\/logo\/image\/\"}},{\"@type\":\"Person\",\"@id\":\"https:\/\/cephas.org.br\/#\/schema\/person\/56cd9c87896766b36def2b374da9d5a5\",\"name\":\"Paula Pessoa\",\"image\":{\"@type\":\"ImageObject\",\"inLanguage\":\"pt-BR\",\"@id\":\"https:\/\/cephas.org.br\/#\/schema\/person\/image\/\",\"url\":\"https:\/\/secure.gravatar.com\/avatar\/aa07a1e411a8ccd21e95a2d5a445e5f80750514ff5e66ba8645ff79e0c59a8af?s=96&d=mm&r=g\",\"contentUrl\":\"https:\/\/secure.gravatar.com\/avatar\/aa07a1e411a8ccd21e95a2d5a445e5f80750514ff5e66ba8645ff79e0c59a8af?s=96&d=mm&r=g\",\"caption\":\"Paula Pessoa\"},\"url\":\"https:\/\/cephas.org.br\/index.php\/author\/paula-pessoa\/\"}]}<\/script>\n<!-- \/ Yoast SEO plugin. -->","yoast_head_json":{"title":"Enfermagem do Cephas est\u00e1 entre mais concorridos no Vestibulinho - CEPHAS","robots":{"index":"index","follow":"follow","max-snippet":"max-snippet:-1","max-image-preview":"max-image-preview:large","max-video-preview":"max-video-preview:-1"},"canonical":"https:\/\/cephas.org.br\/index.php\/2024\/10\/29\/enfermagem-do-cephas-esta-entre-mais-concorridos-no-vestibulinho\/","og_locale":"pt_BR","og_type":"article","og_title":"Enfermagem do Cephas est\u00e1 entre mais concorridos no Vestibulinho - CEPHAS","og_description":"O curso t\u00e9cnico em enfermagem do Cephas (Centro de Educa\u00e7\u00e3o Profissional H\u00e9lio Augusto de Souza) \u00e9 um dos mais procurados no Vestibulinho, que est\u00e1 com inscri\u00e7\u00f5es abertas at\u00e9 a pr\u00f3xima segunda-feira (20). Esta \u00e9 uma das seis op\u00e7\u00f5es gratuitas de qualifica\u00e7\u00e3o profissional e oferece 40 vagas para a turma do segundo semestre deste ano. A [&hellip;]","og_url":"https:\/\/cephas.org.br\/index.php\/2024\/10\/29\/enfermagem-do-cephas-esta-entre-mais-concorridos-no-vestibulinho\/","og_site_name":"CEPHAS","article_published_time":"2024-10-29T15:14:56+00:00","author":"Paula Pessoa","twitter_card":"summary_large_image","twitter_misc":{"Escrito por":"Paula Pessoa","Est. tempo de leitura":"4 minutos"},"schema":{"@context":"https:\/\/schema.org","@graph":[{"@type":"Article","@id":"https:\/\/cephas.org.br\/index.php\/2024\/10\/29\/enfermagem-do-cephas-esta-entre-mais-concorridos-no-vestibulinho\/#article","isPartOf":{"@id":"https:\/\/cephas.org.br\/index.php\/2024\/10\/29\/enfermagem-do-cephas-esta-entre-mais-concorridos-no-vestibulinho\/"},"author":{"name":"Paula Pessoa","@id":"https:\/\/cephas.org.br\/#\/schema\/person\/56cd9c87896766b36def2b374da9d5a5"},"headline":"Enfermagem do Cephas est\u00e1 entre mais concorridos no Vestibulinho","datePublished":"2024-10-29T15:14:56+00:00","mainEntityOfPage":{"@id":"https:\/\/cephas.org.br\/index.php\/2024\/10\/29\/enfermagem-do-cephas-esta-entre-mais-concorridos-no-vestibulinho\/"},"wordCount":744,"commentCount":0,"publisher":{"@id":"https:\/\/cephas.org.br\/#organization"},"articleSection":["Uncategorized"],"inLanguage":"pt-BR","potentialAction":[{"@type":"CommentAction","name":"Comment","target":["https:\/\/cephas.org.br\/index.php\/2024\/10\/29\/enfermagem-do-cephas-esta-entre-mais-concorridos-no-vestibulinho\/#respond"]}]},{"@type":"WebPage","@id":"https:\/\/cephas.org.br\/index.php\/2024\/10\/29\/enfermagem-do-cephas-esta-entre-mais-concorridos-no-vestibulinho\/","url":"https:\/\/cephas.org.br\/index.php\/2024\/10\/29\/enfermagem-do-cephas-esta-entre-mais-concorridos-no-vestibulinho\/","name":"Enfermagem do Cephas est\u00e1 entre mais concorridos no Vestibulinho - CEPHAS","isPartOf":{"@id":"https:\/\/cephas.org.br\/#website"},"datePublished":"2024-10-29T15:14:56+00:00","breadcrumb":{"@id":"https:\/\/cephas.org.br\/index.php\/2024\/10\/29\/enfermagem-do-cephas-esta-entre-mais-concorridos-no-vestibulinho\/#breadcrumb"},"inLanguage":"pt-BR","potentialAction":[{"@type":"ReadAction","target":["https:\/\/cephas.org.br\/index.php\/2024\/10\/29\/enfermagem-do-cephas-esta-entre-mais-concorridos-no-vestibulinho\/"]}]},{"@type":"BreadcrumbList","@id":"https:\/\/cephas.org.br\/index.php\/2024\/10\/29\/enfermagem-do-cephas-esta-entre-mais-concorridos-no-vestibulinho\/#breadcrumb","itemListElement":[{"@type":"ListItem","position":1,"name":"In\u00edcio","item":"https:\/\/cephas.org.br\/"},{"@type":"ListItem","position":2,"name":"Enfermagem do Cephas est\u00e1 entre mais concorridos no Vestibulinho"}]},{"@type":"WebSite","@id":"https:\/\/cephas.org.br\/#website","url":"https:\/\/cephas.org.br\/","name":"CEPHAS","description":"","publisher":{"@id":"https:\/\/cephas.org.br\/#organization"},"potentialAction":[{"@type":"SearchAction","target":{"@type":"EntryPoint","urlTemplate":"https:\/\/cephas.org.br\/?s={search_term_string}"},"query-input":{"@type":"PropertyValueSpecification","valueRequired":true,"valueName":"search_term_string"}}],"inLanguage":"pt-BR"},{"@type":"Organization","@id":"https:\/\/cephas.org.br\/#organization","name":"CEPHAS","url":"https:\/\/cephas.org.br\/","logo":{"@type":"ImageObject","inLanguage":"pt-BR","@id":"https:\/\/cephas.org.br\/#\/schema\/logo\/image\/","url":"https:\/\/cephas.org.br\/wp-content\/uploads\/2023\/10\/cropped-Assinaturas_CephasFundhas_Pref_Novo-10_Cor-small.png","contentUrl":"https:\/\/cephas.org.br\/wp-content\/uploads\/2023\/10\/cropped-Assinaturas_CephasFundhas_Pref_Novo-10_Cor-small.png","width":812,"height":90,"caption":"CEPHAS"},"image":{"@id":"https:\/\/cephas.org.br\/#\/schema\/logo\/image\/"}},{"@type":"Person","@id":"https:\/\/cephas.org.br\/#\/schema\/person\/56cd9c87896766b36def2b374da9d5a5","name":"Paula Pessoa","image":{"@type":"ImageObject","inLanguage":"pt-BR","@id":"https:\/\/cephas.org.br\/#\/schema\/person\/image\/","url":"https:\/\/secure.gravatar.com\/avatar\/aa07a1e411a8ccd21e95a2d5a445e5f80750514ff5e66ba8645ff79e0c59a8af?s=96&d=mm&r=g","contentUrl":"https:\/\/secure.gravatar.com\/avatar\/aa07a1e411a8ccd21e95a2d5a445e5f80750514ff5e66ba8645ff79e0c59a8af?s=96&d=mm&r=g","caption":"Paula Pessoa"},"url":"https:\/\/cephas.org.br\/index.php\/author\/paula-pessoa\/"}]}},"_links":{"self":[{"href":"https:\/\/cephas.org.br\/index.php\/wp-json\/wp\/v2\/posts\/979","targetHints":{"allow":["GET"]}}],"collection":[{"href":"https:\/\/cephas.org.br\/index.php\/wp-json\/wp\/v2\/posts"}],"about":[{"href":"https:\/\/cephas.org.br\/index.php\/wp-json\/wp\/v2\/types\/post"}],"author":[{"embeddable":true,"href":"https:\/\/cephas.org.br\/index.php\/wp-json\/wp\/v2\/users\/5"}],"replies":[{"embeddable":true,"href":"https:\/\/cephas.org.br\/index.php\/wp-json\/wp\/v2\/comments?post=979"}],"version-history":[{"count":1,"href":"https:\/\/cephas.org.br\/index.php\/wp-json\/wp\/v2\/posts\/979\/revisions"}],"predecessor-version":[{"id":981,"href":"https:\/\/cephas.org.br\/index.php\/wp-json\/wp\/v2\/posts\/979\/revisions\/981"}],"wp:attachment":[{"href":"https:\/\/cephas.org.br\/index.php\/wp-json\/wp\/v2\/media?parent=979"}],"wp:term":[{"taxonomy":"category","embeddable":true,"href":"https:\/\/cephas.org.br\/index.php\/wp-json\/wp\/v2\/categories?post=979"},{"taxonomy":"post_tag","embeddable":true,"href":"https:\/\/cephas.org.br\/index.php\/wp-json\/wp\/v2\/tags?post=979"}],"curies":[{"name":"wp","href":"https:\/\/api.w.org\/{rel}","templated":true}]}}