{"id":6362,"date":"2026-09-01T13:32:23","date_gmt":"2026-09-01T16:32:23","guid":{"rendered":"https:\/\/cephas.org.br\/?p=6362"},"modified":"2026-09-01T13:32:24","modified_gmt":"2026-09-01T16:32:24","slug":"cephas-oferece-440-vagas-para-sete-cursos-tecnicos-em-2027","status":"publish","type":"post","link":"https:\/\/cephas.org.br\/index.php\/2026\/09\/01\/cephas-oferece-440-vagas-para-sete-cursos-tecnicos-em-2027\/","title":{"rendered":"Cephas oferece 440 vagas para sete cursos t\u00e9cnicos em 2027"},"content":{"rendered":"\n<p>Atualizado em 01\/09\/2026 &#8211; 12:24<\/p>\n\n\n\n<p><img decoding=\"async\" src=\"https:\/\/www.sjc.sp.gov.br\/media\/aj1kaqul\/fachada-cephas.jpeg?width=940&amp;height=627&amp;v=1dd28bf7438d890\" alt=\"S\u00e3o oferecidas 360 vagas para os cursos t\u00e9cnicos de Enfermagem, Administra\u00e7\u00e3o, Mec\u00e2nica, Eletr\u00f4nica, Qu\u00edmica e Edifica\u00e7\u00f5es\"><\/p>\n\n\n\n<p>Reconhecido pela excel\u00eancia na forma\u00e7\u00e3o profissional, col\u00e9gio \u00e9 mantido pela Fundhas &#8211; Foto: PMSJC<\/p>\n\n\n\n<p><strong>Henrique Macedo<\/strong><br><strong>Fundhas<\/strong><\/p>\n\n\n\n<p>O Cephas (Col\u00e9gio de Educa\u00e7\u00e3o Profissional H\u00e9lio Augusto de Souza) lan\u00e7ou o vestibulinho 2027, com 440 vagas gratuitas distribu\u00eddas em sete cursos t\u00e9cnicos: mec\u00e2nica, enfermagem, eletr\u00f4nica, edifica\u00e7\u00f5es, administra\u00e7\u00e3o, qu\u00edmica e cuidados de idosos, este a grande novidade desta edi\u00e7\u00e3o. As inscri\u00e7\u00f5es, cuja taxa \u00e9 de R$ 25, come\u00e7am nesta ter\u00e7a-feira (1\u00ba) e v\u00e3o at\u00e9 3 de novembro, exclusivamente pelo site&nbsp;<a rel=\"noreferrer noopener\" href=\"https:\/\/cephas.org.br\/\" target=\"_blank\">cephas.org.br<\/a>.<\/p>\n\n\n\n<p>A prova ser\u00e1 realizada de forma online, dando mais praticidade e flexibilidade aos candidatos. No momento da inscri\u00e7\u00e3o, ser\u00e1 poss\u00edvel escolher entre tr\u00eas datas para realizar o exame: 12, 13 ou 14 de novembro.<\/p>\n\n\n\n<p>A inclus\u00e3o do curso de cuidados de idosos amplia a oferta e atende uma \u00e1rea que vem ganhando cada vez mais import\u00e2ncia, com a crescente demanda por profissionais qualificados para atuar na promo\u00e7\u00e3o da qualidade de vida da popula\u00e7\u00e3o idosa.<\/p>\n\n\n\n<p>Reconhecido pela forma\u00e7\u00e3o profissional e prepara\u00e7\u00e3o dos estudantes para o mercado de trabalho, o Cephas oferece cursos alinhados \u00e0s necessidades do setor produtivo e \u00e0s novas demandas profissionais.<\/p>\n\n\n\n<p><strong>Vestibulinho Cephas 2027.1<\/strong><\/p>\n\n\n\n<ul class=\"wp-block-list\">\n<li>Vagas: 440<\/li>\n\n\n\n<li>Cursos: mec\u00e2nica, enfermagem, eletr\u00f4nica, edifica\u00e7\u00f5es, administra\u00e7\u00e3o, qu\u00edmica e cuidados de idosos<\/li>\n\n\n\n<li>Inscri\u00e7\u00f5es: 1\u00ba de setembro a 3 de novembro<\/li>\n\n\n\n<li>Prova: online, com escolha entre 12, 13 ou 14 de novembro<\/li>\n\n\n\n<li>Taxa: R$ 25<\/li>\n\n\n\n<li>Site:\u00a0<a href=\"https:\/\/cephas.org.br\/\" target=\"_blank\" rel=\"noreferrer noopener\">cephas.org.br<\/a><\/li>\n<\/ul>\n","protected":false},"excerpt":{"rendered":"<p>Atualizado em 01\/09\/2026 &#8211; 12:24 Reconhecido pela excel\u00eancia na forma\u00e7\u00e3o profissional, col\u00e9gio \u00e9 mantido pela Fundhas &#8211; Foto: PMSJC Henrique MacedoFundhas O Cephas (Col\u00e9gio de Educa\u00e7\u00e3o Profissional H\u00e9lio Augusto de Souza) lan\u00e7ou o vestibulinho 2027, com 440 vagas gratuitas distribu\u00eddas em sete cursos t\u00e9cnicos: mec\u00e2nica, enfermagem, eletr\u00f4nica, edifica\u00e7\u00f5es, administra\u00e7\u00e3o, qu\u00edmica e cuidados de idosos, este [&hellip;]<\/p>\n","protected":false},"author":24,"featured_media":6363,"comment_status":"open","ping_status":"closed","sticky":false,"template":"","format":"standard","meta":{"_monsterinsights_skip_tracking":false,"footnotes":""},"categories":[2],"tags":[],"class_list":{"0":"post-6362","1":"post","2":"type-post","3":"status-publish","4":"format-standard","5":"has-post-thumbnail","7":"category-noticias","8":"czr-hentry"},"yoast_head":"<!-- This site is optimized with the Yoast SEO plugin v28.2 - https:\/\/yoast.com\/product\/yoast-seo-wordpress\/ -->\n<title>Cephas oferece 440 vagas para sete cursos t\u00e9cnicos em 2027 - CEPHAS<\/title>\n<meta name=\"robots\" content=\"index, follow, max-snippet:-1, max-image-preview:large, max-video-preview:-1\" \/>\n<link rel=\"canonical\" href=\"https:\/\/cephas.org.br\/index.php\/2026\/09\/01\/cephas-oferece-440-vagas-para-sete-cursos-tecnicos-em-2027\/\" \/>\n<meta property=\"og:locale\" content=\"pt_BR\" \/>\n<meta property=\"og:type\" content=\"article\" \/>\n<meta property=\"og:title\" content=\"Cephas oferece 440 vagas para sete cursos t\u00e9cnicos em 2027 - CEPHAS\" \/>\n<meta property=\"og:description\" content=\"Atualizado em 01\/09\/2026 &#8211; 12:24 Reconhecido pela excel\u00eancia na forma\u00e7\u00e3o profissional, col\u00e9gio \u00e9 mantido pela Fundhas &#8211; Foto: PMSJC Henrique MacedoFundhas O Cephas (Col\u00e9gio de Educa\u00e7\u00e3o Profissional H\u00e9lio Augusto de Souza) lan\u00e7ou o vestibulinho 2027, com 440 vagas gratuitas distribu\u00eddas em sete cursos t\u00e9cnicos: mec\u00e2nica, enfermagem, eletr\u00f4nica, edifica\u00e7\u00f5es, administra\u00e7\u00e3o, qu\u00edmica e cuidados de idosos, este [&hellip;]\" \/>\n<meta property=\"og:url\" content=\"https:\/\/cephas.org.br\/index.php\/2026\/09\/01\/cephas-oferece-440-vagas-para-sete-cursos-tecnicos-em-2027\/\" \/>\n<meta property=\"og:site_name\" content=\"CEPHAS\" \/>\n<meta property=\"article:published_time\" content=\"2026-09-01T16:32:23+00:00\" \/>\n<meta property=\"article:modified_time\" content=\"2026-09-01T16:32:24+00:00\" \/>\n<meta property=\"og:image\" content=\"http:\/\/cephas.org.br\/wp-content\/uploads\/2026\/09\/fachada-cephas.jpeg\" \/>\n\t<meta property=\"og:image:width\" content=\"940\" \/>\n\t<meta property=\"og:image:height\" content=\"627\" \/>\n\t<meta property=\"og:image:type\" content=\"image\/jpeg\" \/>\n<meta name=\"author\" content=\"Marcos Machado\" \/>\n<meta name=\"twitter:card\" content=\"summary_large_image\" \/>\n<meta name=\"twitter:label1\" content=\"Escrito por\" \/>\n\t<meta name=\"twitter:data1\" content=\"Marcos Machado\" \/>\n\t<meta name=\"twitter:label2\" content=\"Est. tempo de leitura\" \/>\n\t<meta name=\"twitter:data2\" content=\"2 minutos\" \/>\n<script type=\"application\/ld+json\" class=\"yoast-schema-graph\">{\"@context\":\"https:\\\/\\\/schema.org\",\"@graph\":[{\"@type\":\"Article\",\"@id\":\"https:\\\/\\\/cephas.org.br\\\/index.php\\\/2026\\\/09\\\/01\\\/cephas-oferece-440-vagas-para-sete-cursos-tecnicos-em-2027\\\/#article\",\"isPartOf\":{\"@id\":\"https:\\\/\\\/cephas.org.br\\\/index.php\\\/2026\\\/09\\\/01\\\/cephas-oferece-440-vagas-para-sete-cursos-tecnicos-em-2027\\\/\"},\"author\":{\"name\":\"Marcos Machado\",\"@id\":\"https:\\\/\\\/cephas.org.br\\\/#\\\/schema\\\/person\\\/8e6142c0b1cf31f952550aeadf0ed1b8\"},\"headline\":\"Cephas oferece 440 vagas para sete cursos t\u00e9cnicos em 2027\",\"datePublished\":\"2026-09-01T16:32:23+00:00\",\"dateModified\":\"2026-09-01T16:32:24+00:00\",\"mainEntityOfPage\":{\"@id\":\"https:\\\/\\\/cephas.org.br\\\/index.php\\\/2026\\\/09\\\/01\\\/cephas-oferece-440-vagas-para-sete-cursos-tecnicos-em-2027\\\/\"},\"wordCount\":253,\"commentCount\":0,\"publisher\":{\"@id\":\"https:\\\/\\\/cephas.org.br\\\/#organization\"},\"image\":{\"@id\":\"https:\\\/\\\/cephas.org.br\\\/index.php\\\/2026\\\/09\\\/01\\\/cephas-oferece-440-vagas-para-sete-cursos-tecnicos-em-2027\\\/#primaryimage\"},\"thumbnailUrl\":\"https:\\\/\\\/cephas.org.br\\\/wp-content\\\/uploads\\\/2026\\\/09\\\/fachada-cephas.jpeg\",\"articleSection\":[\"Not\u00edcias\"],\"inLanguage\":\"pt-BR\",\"potentialAction\":[{\"@type\":\"CommentAction\",\"name\":\"Comment\",\"target\":[\"https:\\\/\\\/cephas.org.br\\\/index.php\\\/2026\\\/09\\\/01\\\/cephas-oferece-440-vagas-para-sete-cursos-tecnicos-em-2027\\\/#respond\"]}]},{\"@type\":\"WebPage\",\"@id\":\"https:\\\/\\\/cephas.org.br\\\/index.php\\\/2026\\\/09\\\/01\\\/cephas-oferece-440-vagas-para-sete-cursos-tecnicos-em-2027\\\/\",\"url\":\"https:\\\/\\\/cephas.org.br\\\/index.php\\\/2026\\\/09\\\/01\\\/cephas-oferece-440-vagas-para-sete-cursos-tecnicos-em-2027\\\/\",\"name\":\"Cephas oferece 440 vagas para sete cursos t\u00e9cnicos em 2027 - CEPHAS\",\"isPartOf\":{\"@id\":\"https:\\\/\\\/cephas.org.br\\\/#website\"},\"primaryImageOfPage\":{\"@id\":\"https:\\\/\\\/cephas.org.br\\\/index.php\\\/2026\\\/09\\\/01\\\/cephas-oferece-440-vagas-para-sete-cursos-tecnicos-em-2027\\\/#primaryimage\"},\"image\":{\"@id\":\"https:\\\/\\\/cephas.org.br\\\/index.php\\\/2026\\\/09\\\/01\\\/cephas-oferece-440-vagas-para-sete-cursos-tecnicos-em-2027\\\/#primaryimage\"},\"thumbnailUrl\":\"https:\\\/\\\/cephas.org.br\\\/wp-content\\\/uploads\\\/2026\\\/09\\\/fachada-cephas.jpeg\",\"datePublished\":\"2026-09-01T16:32:23+00:00\",\"dateModified\":\"2026-09-01T16:32:24+00:00\",\"breadcrumb\":{\"@id\":\"https:\\\/\\\/cephas.org.br\\\/index.php\\\/2026\\\/09\\\/01\\\/cephas-oferece-440-vagas-para-sete-cursos-tecnicos-em-2027\\\/#breadcrumb\"},\"inLanguage\":\"pt-BR\",\"potentialAction\":[{\"@type\":\"ReadAction\",\"target\":[\"https:\\\/\\\/cephas.org.br\\\/index.php\\\/2026\\\/09\\\/01\\\/cephas-oferece-440-vagas-para-sete-cursos-tecnicos-em-2027\\\/\"]}]},{\"@type\":\"ImageObject\",\"inLanguage\":\"pt-BR\",\"@id\":\"https:\\\/\\\/cephas.org.br\\\/index.php\\\/2026\\\/09\\\/01\\\/cephas-oferece-440-vagas-para-sete-cursos-tecnicos-em-2027\\\/#primaryimage\",\"url\":\"https:\\\/\\\/cephas.org.br\\\/wp-content\\\/uploads\\\/2026\\\/09\\\/fachada-cephas.jpeg\",\"contentUrl\":\"https:\\\/\\\/cephas.org.br\\\/wp-content\\\/uploads\\\/2026\\\/09\\\/fachada-cephas.jpeg\",\"width\":940,\"height\":627},{\"@type\":\"BreadcrumbList\",\"@id\":\"https:\\\/\\\/cephas.org.br\\\/index.php\\\/2026\\\/09\\\/01\\\/cephas-oferece-440-vagas-para-sete-cursos-tecnicos-em-2027\\\/#breadcrumb\",\"itemListElement\":[{\"@type\":\"ListItem\",\"position\":1,\"name\":\"In\u00edcio\",\"item\":\"https:\\\/\\\/cephas.org.br\\\/\"},{\"@type\":\"ListItem\",\"position\":2,\"name\":\"Cephas oferece 440 vagas para sete cursos t\u00e9cnicos em 2027\"}]},{\"@type\":\"WebSite\",\"@id\":\"https:\\\/\\\/cephas.org.br\\\/#website\",\"url\":\"https:\\\/\\\/cephas.org.br\\\/\",\"name\":\"CEPHAS\",\"description\":\"\",\"publisher\":{\"@id\":\"https:\\\/\\\/cephas.org.br\\\/#organization\"},\"potentialAction\":[{\"@type\":\"SearchAction\",\"target\":{\"@type\":\"EntryPoint\",\"urlTemplate\":\"https:\\\/\\\/cephas.org.br\\\/?s={search_term_string}\"},\"query-input\":{\"@type\":\"PropertyValueSpecification\",\"valueRequired\":true,\"valueName\":\"search_term_string\"}}],\"inLanguage\":\"pt-BR\"},{\"@type\":\"Organization\",\"@id\":\"https:\\\/\\\/cephas.org.br\\\/#organization\",\"name\":\"CEPHAS\",\"url\":\"https:\\\/\\\/cephas.org.br\\\/\",\"logo\":{\"@type\":\"ImageObject\",\"inLanguage\":\"pt-BR\",\"@id\":\"https:\\\/\\\/cephas.org.br\\\/#\\\/schema\\\/logo\\\/image\\\/\",\"url\":\"https:\\\/\\\/cephas.org.br\\\/wp-content\\\/uploads\\\/2023\\\/10\\\/cropped-Assinaturas_CephasFundhas_Pref_Novo-10_Cor-small.png\",\"contentUrl\":\"https:\\\/\\\/cephas.org.br\\\/wp-content\\\/uploads\\\/2023\\\/10\\\/cropped-Assinaturas_CephasFundhas_Pref_Novo-10_Cor-small.png\",\"width\":812,\"height\":90,\"caption\":\"CEPHAS\"},\"image\":{\"@id\":\"https:\\\/\\\/cephas.org.br\\\/#\\\/schema\\\/logo\\\/image\\\/\"}},{\"@type\":\"Person\",\"@id\":\"https:\\\/\\\/cephas.org.br\\\/#\\\/schema\\\/person\\\/8e6142c0b1cf31f952550aeadf0ed1b8\",\"name\":\"Marcos Machado\",\"image\":{\"@type\":\"ImageObject\",\"inLanguage\":\"pt-BR\",\"@id\":\"https:\\\/\\\/secure.gravatar.com\\\/avatar\\\/7c76f203cbe624b8e1512f1ff9ee41eb25e0099e56f2c7b541d114e78310c612?s=96&d=mm&r=g\",\"url\":\"https:\\\/\\\/secure.gravatar.com\\\/avatar\\\/7c76f203cbe624b8e1512f1ff9ee41eb25e0099e56f2c7b541d114e78310c612?s=96&d=mm&r=g\",\"contentUrl\":\"https:\\\/\\\/secure.gravatar.com\\\/avatar\\\/7c76f203cbe624b8e1512f1ff9ee41eb25e0099e56f2c7b541d114e78310c612?s=96&d=mm&r=g\",\"caption\":\"Marcos Machado\"},\"url\":\"https:\\\/\\\/cephas.org.br\\\/index.php\\\/author\\\/marcos-machado\\\/\"}]}<\/script>\n<!-- \/ Yoast SEO plugin. -->","yoast_head_json":{"title":"Cephas oferece 440 vagas para sete cursos t\u00e9cnicos em 2027 - CEPHAS","robots":{"index":"index","follow":"follow","max-snippet":"max-snippet:-1","max-image-preview":"max-image-preview:large","max-video-preview":"max-video-preview:-1"},"canonical":"https:\/\/cephas.org.br\/index.php\/2026\/09\/01\/cephas-oferece-440-vagas-para-sete-cursos-tecnicos-em-2027\/","og_locale":"pt_BR","og_type":"article","og_title":"Cephas oferece 440 vagas para sete cursos t\u00e9cnicos em 2027 - CEPHAS","og_description":"Atualizado em 01\/09\/2026 &#8211; 12:24 Reconhecido pela excel\u00eancia na forma\u00e7\u00e3o profissional, col\u00e9gio \u00e9 mantido pela Fundhas &#8211; Foto: PMSJC Henrique MacedoFundhas O Cephas (Col\u00e9gio de Educa\u00e7\u00e3o Profissional H\u00e9lio Augusto de Souza) lan\u00e7ou o vestibulinho 2027, com 440 vagas gratuitas distribu\u00eddas em sete cursos t\u00e9cnicos: mec\u00e2nica, enfermagem, eletr\u00f4nica, edifica\u00e7\u00f5es, administra\u00e7\u00e3o, qu\u00edmica e cuidados de idosos, este [&hellip;]","og_url":"https:\/\/cephas.org.br\/index.php\/2026\/09\/01\/cephas-oferece-440-vagas-para-sete-cursos-tecnicos-em-2027\/","og_site_name":"CEPHAS","article_published_time":"2026-09-01T16:32:23+00:00","article_modified_time":"2026-09-01T16:32:24+00:00","og_image":[{"width":940,"height":627,"url":"http:\/\/cephas.org.br\/wp-content\/uploads\/2026\/09\/fachada-cephas.jpeg","type":"image\/jpeg"}],"author":"Marcos Machado","twitter_card":"summary_large_image","twitter_misc":{"Escrito por":"Marcos Machado","Est. tempo de leitura":"2 minutos"},"schema":{"@context":"https:\/\/schema.org","@graph":[{"@type":"Article","@id":"https:\/\/cephas.org.br\/index.php\/2026\/09\/01\/cephas-oferece-440-vagas-para-sete-cursos-tecnicos-em-2027\/#article","isPartOf":{"@id":"https:\/\/cephas.org.br\/index.php\/2026\/09\/01\/cephas-oferece-440-vagas-para-sete-cursos-tecnicos-em-2027\/"},"author":{"name":"Marcos Machado","@id":"https:\/\/cephas.org.br\/#\/schema\/person\/8e6142c0b1cf31f952550aeadf0ed1b8"},"headline":"Cephas oferece 440 vagas para sete cursos t\u00e9cnicos em 2027","datePublished":"2026-09-01T16:32:23+00:00","dateModified":"2026-09-01T16:32:24+00:00","mainEntityOfPage":{"@id":"https:\/\/cephas.org.br\/index.php\/2026\/09\/01\/cephas-oferece-440-vagas-para-sete-cursos-tecnicos-em-2027\/"},"wordCount":253,"commentCount":0,"publisher":{"@id":"https:\/\/cephas.org.br\/#organization"},"image":{"@id":"https:\/\/cephas.org.br\/index.php\/2026\/09\/01\/cephas-oferece-440-vagas-para-sete-cursos-tecnicos-em-2027\/#primaryimage"},"thumbnailUrl":"https:\/\/cephas.org.br\/wp-content\/uploads\/2026\/09\/fachada-cephas.jpeg","articleSection":["Not\u00edcias"],"inLanguage":"pt-BR","potentialAction":[{"@type":"CommentAction","name":"Comment","target":["https:\/\/cephas.org.br\/index.php\/2026\/09\/01\/cephas-oferece-440-vagas-para-sete-cursos-tecnicos-em-2027\/#respond"]}]},{"@type":"WebPage","@id":"https:\/\/cephas.org.br\/index.php\/2026\/09\/01\/cephas-oferece-440-vagas-para-sete-cursos-tecnicos-em-2027\/","url":"https:\/\/cephas.org.br\/index.php\/2026\/09\/01\/cephas-oferece-440-vagas-para-sete-cursos-tecnicos-em-2027\/","name":"Cephas oferece 440 vagas para sete cursos t\u00e9cnicos em 2027 - CEPHAS","isPartOf":{"@id":"https:\/\/cephas.org.br\/#website"},"primaryImageOfPage":{"@id":"https:\/\/cephas.org.br\/index.php\/2026\/09\/01\/cephas-oferece-440-vagas-para-sete-cursos-tecnicos-em-2027\/#primaryimage"},"image":{"@id":"https:\/\/cephas.org.br\/index.php\/2026\/09\/01\/cephas-oferece-440-vagas-para-sete-cursos-tecnicos-em-2027\/#primaryimage"},"thumbnailUrl":"https:\/\/cephas.org.br\/wp-content\/uploads\/2026\/09\/fachada-cephas.jpeg","datePublished":"2026-09-01T16:32:23+00:00","dateModified":"2026-09-01T16:32:24+00:00","breadcrumb":{"@id":"https:\/\/cephas.org.br\/index.php\/2026\/09\/01\/cephas-oferece-440-vagas-para-sete-cursos-tecnicos-em-2027\/#breadcrumb"},"inLanguage":"pt-BR","potentialAction":[{"@type":"ReadAction","target":["https:\/\/cephas.org.br\/index.php\/2026\/09\/01\/cephas-oferece-440-vagas-para-sete-cursos-tecnicos-em-2027\/"]}]},{"@type":"ImageObject","inLanguage":"pt-BR","@id":"https:\/\/cephas.org.br\/index.php\/2026\/09\/01\/cephas-oferece-440-vagas-para-sete-cursos-tecnicos-em-2027\/#primaryimage","url":"https:\/\/cephas.org.br\/wp-content\/uploads\/2026\/09\/fachada-cephas.jpeg","contentUrl":"https:\/\/cephas.org.br\/wp-content\/uploads\/2026\/09\/fachada-cephas.jpeg","width":940,"height":627},{"@type":"BreadcrumbList","@id":"https:\/\/cephas.org.br\/index.php\/2026\/09\/01\/cephas-oferece-440-vagas-para-sete-cursos-tecnicos-em-2027\/#breadcrumb","itemListElement":[{"@type":"ListItem","position":1,"name":"In\u00edcio","item":"https:\/\/cephas.org.br\/"},{"@type":"ListItem","position":2,"name":"Cephas oferece 440 vagas para sete cursos t\u00e9cnicos em 2027"}]},{"@type":"WebSite","@id":"https:\/\/cephas.org.br\/#website","url":"https:\/\/cephas.org.br\/","name":"CEPHAS","description":"","publisher":{"@id":"https:\/\/cephas.org.br\/#organization"},"potentialAction":[{"@type":"SearchAction","target":{"@type":"EntryPoint","urlTemplate":"https:\/\/cephas.org.br\/?s={search_term_string}"},"query-input":{"@type":"PropertyValueSpecification","valueRequired":true,"valueName":"search_term_string"}}],"inLanguage":"pt-BR"},{"@type":"Organization","@id":"https:\/\/cephas.org.br\/#organization","name":"CEPHAS","url":"https:\/\/cephas.org.br\/","logo":{"@type":"ImageObject","inLanguage":"pt-BR","@id":"https:\/\/cephas.org.br\/#\/schema\/logo\/image\/","url":"https:\/\/cephas.org.br\/wp-content\/uploads\/2023\/10\/cropped-Assinaturas_CephasFundhas_Pref_Novo-10_Cor-small.png","contentUrl":"https:\/\/cephas.org.br\/wp-content\/uploads\/2023\/10\/cropped-Assinaturas_CephasFundhas_Pref_Novo-10_Cor-small.png","width":812,"height":90,"caption":"CEPHAS"},"image":{"@id":"https:\/\/cephas.org.br\/#\/schema\/logo\/image\/"}},{"@type":"Person","@id":"https:\/\/cephas.org.br\/#\/schema\/person\/8e6142c0b1cf31f952550aeadf0ed1b8","name":"Marcos Machado","image":{"@type":"ImageObject","inLanguage":"pt-BR","@id":"https:\/\/secure.gravatar.com\/avatar\/7c76f203cbe624b8e1512f1ff9ee41eb25e0099e56f2c7b541d114e78310c612?s=96&d=mm&r=g","url":"https:\/\/secure.gravatar.com\/avatar\/7c76f203cbe624b8e1512f1ff9ee41eb25e0099e56f2c7b541d114e78310c612?s=96&d=mm&r=g","contentUrl":"https:\/\/secure.gravatar.com\/avatar\/7c76f203cbe624b8e1512f1ff9ee41eb25e0099e56f2c7b541d114e78310c612?s=96&d=mm&r=g","caption":"Marcos Machado"},"url":"https:\/\/cephas.org.br\/index.php\/author\/marcos-machado\/"}]}},"_links":{"self":[{"href":"https:\/\/cephas.org.br\/index.php\/wp-json\/wp\/v2\/posts\/6362","targetHints":{"allow":["GET"]}}],"collection":[{"href":"https:\/\/cephas.org.br\/index.php\/wp-json\/wp\/v2\/posts"}],"about":[{"href":"https:\/\/cephas.org.br\/index.php\/wp-json\/wp\/v2\/types\/post"}],"author":[{"embeddable":true,"href":"https:\/\/cephas.org.br\/index.php\/wp-json\/wp\/v2\/users\/24"}],"replies":[{"embeddable":true,"href":"https:\/\/cephas.org.br\/index.php\/wp-json\/wp\/v2\/comments?post=6362"}],"version-history":[{"count":1,"href":"https:\/\/cephas.org.br\/index.php\/wp-json\/wp\/v2\/posts\/6362\/revisions"}],"predecessor-version":[{"id":6364,"href":"https:\/\/cephas.org.br\/index.php\/wp-json\/wp\/v2\/posts\/6362\/revisions\/6364"}],"wp:featuredmedia":[{"embeddable":true,"href":"https:\/\/cephas.org.br\/index.php\/wp-json\/wp\/v2\/media\/6363"}],"wp:attachment":[{"href":"https:\/\/cephas.org.br\/index.php\/wp-json\/wp\/v2\/media?parent=6362"}],"wp:term":[{"taxonomy":"category","embeddable":true,"href":"https:\/\/cephas.org.br\/index.php\/wp-json\/wp\/v2\/categories?post=6362"},{"taxonomy":"post_tag","embeddable":true,"href":"https:\/\/cephas.org.br\/index.php\/wp-json\/wp\/v2\/tags?post=6362"}],"curies":[{"name":"wp","href":"https:\/\/api.w.org\/{rel}","templated":true}]}}