{"id":6153,"date":"2026-04-24T13:54:58","date_gmt":"2026-04-24T16:54:58","guid":{"rendered":"https:\/\/cephas.org.br\/?p=6153"},"modified":"2026-04-24T13:54:59","modified_gmt":"2026-04-24T16:54:59","slug":"cephas-promove-auloes-preparativos-para-o-vestibulinho","status":"publish","type":"post","link":"https:\/\/cephas.org.br\/index.php\/2026\/04\/24\/cephas-promove-auloes-preparativos-para-o-vestibulinho\/","title":{"rendered":"Cephas promove \u201cAul\u00f5es\u201d preparativos para o Vestibulinho"},"content":{"rendered":"\n<p>Atualizado em 16\/04\/2026 &#8211; 16:50<\/p>\n\n\n\n<p><img decoding=\"async\" src=\"https:\/\/www.sjc.sp.gov.br\/media\/vinbnech\/volta-aulas-cephas-2026-6.jpeg?width=940&amp;height=627&amp;v=1dccdc0854e0510\" alt=\"Jovens s\u00e3o recepcionados calorosamente nesta nova etapa\"><\/p>\n\n\n\n<p>Ser\u00e3o quatro encontros gratuitos com o objetivo de refor\u00e7ar conte\u00fados e ampliar as chances de aprova\u00e7\u00e3o no Vestibulinho &#8211; Foto: PMSJC<\/p>\n\n\n\n<p><strong>Henrique Macedo<\/strong><br><strong>Fundhas<\/strong><\/p>\n\n\n\n<p>O Cephas (Col\u00e9gio de Educa\u00e7\u00e3o Profissional H\u00e9lio Augusto de Souza) iniciar\u00e1, no dia 6 de maio, uma s\u00e9rie de \u201caul\u00f5es\u201d preparat\u00f3rios para o Vestibulinho 2026. Ao todo, ser\u00e3o oferecidas 100 vagas para quatro encontros gratuitos, com o objetivo de revisar conte\u00fados e ampliar as chances de aprova\u00e7\u00e3o dos candidatos.<\/p>\n\n\n\n<p>O projeto \u201cAul\u00e3o Cephas\u201d \u00e9 uma oportunidade para a prepara\u00e7\u00e3o dos candidatos para a prova. As aulas v\u00e3o envolver disciplinas como F\u00edsica, Qu\u00edmica, Biologia e Matem\u00e1tica, distribu\u00eddas ao longo de quatro dias, abordando conte\u00fados alinhados aos cursos t\u00e9cnicos ofertados pela institui\u00e7\u00e3o.<\/p>\n\n\n\n<p><a href=\"https:\/\/www.sjc.sp.gov.br\/noticias\/2026\/abril\/10\/vestibulinho-do-cephas-tera-prova-online-e-360-vagas\/\"><strong>Vestibulinho do Cephas ter\u00e1 prova online e 360 vagas<\/strong><\/a><\/p>\n\n\n\n<p><strong>Vem pro aul\u00e3o!<\/strong><\/p>\n\n\n\n<p>Os aul\u00f5es v\u00e3o auxiliar no processo de revis\u00e3o dos conte\u00fados e ter\u00e3o in\u00edcio no dia 6 de maio, sempre a partir das 18h (confira calend\u00e1rio de aulas abaixo).<\/p>\n\n\n\n<p>Os encontros acontecer\u00e3o at\u00e9 o dia 25 de maio, no audit\u00f3rio da escola, localizado na rua Tsunessaburo Makiguti, 399, no bairro Floradas de S\u00e3o Jos\u00e9. N\u00e3o haver\u00e1 inscri\u00e7\u00e3o pr\u00e9via, \u00e9 s\u00f3 chegar e participar.<\/p>\n\n\n\n<p>A iniciativa \u00e9 direcionada a quem pretende concorrer a uma das 360 vagas oferecidas para o segundo semestre de 2026. Os aul\u00f5es funcionar\u00e3o como uma oportunidade de revis\u00e3o e aprofundamento das principais disciplinas exigidas no processo seletivo, contribuindo para uma prepara\u00e7\u00e3o mais segura e eficiente.<\/p>\n\n\n\n<p>As vagas do Vestibulinho contemplam seis cursos t\u00e9cnicos gratuitos: Administra\u00e7\u00e3o, Edifica\u00e7\u00f5es, Eletr\u00f4nica, Mec\u00e2nica, Enfermagem e Qu\u00edmica \u2014 \u00e1reas com alta demanda no mercado de trabalho e que oferecem forma\u00e7\u00e3o profissional de qualidade.<\/p>\n\n\n\n<figure class=\"wp-block-image\"><img decoding=\"async\" src=\"https:\/\/www.sjc.sp.gov.br\/media\/blebqpud\/foto_capa-vestibulinho.png?rmode=max&amp;width=500\" alt=\"\"\/><\/figure>\n\n\n\n<p><strong>Calend\u00e1rio<\/strong><\/p>\n\n\n\n<p><strong>6 de maio (quarta-feira)<\/strong><\/p>\n\n\n\n<ul class=\"wp-block-list\">\n<li>18h \u2013 Matem\u00e1tica<\/li>\n\n\n\n<li>18h45 \u2013 Matem\u00e1tica<\/li>\n\n\n\n<li>19h30 \u00e0s 19h45 \u2013 Intervalo<\/li>\n\n\n\n<li>19h45 \u2013 Biologia<\/li>\n\n\n\n<li>\u00a020h30 \u2013 Biologia<\/li>\n<\/ul>\n\n\n\n<p><strong>11 de maio (segunda-feira)<\/strong><\/p>\n\n\n\n<ul class=\"wp-block-list\">\n<li>18h \u2013 Qu\u00edmica<\/li>\n\n\n\n<li>18h45 \u2013 Qu\u00edmica<\/li>\n\n\n\n<li>19h30 \u00e0s 19h45 \u2013 Intervalo<\/li>\n\n\n\n<li>19h45 \u2013 F\u00edsica<\/li>\n\n\n\n<li>\u00a020h30 \u2013 F\u00edsica<\/li>\n<\/ul>\n\n\n\n<p><strong>20 de maio (quarta-feira)<\/strong><\/p>\n\n\n\n<ul class=\"wp-block-list\">\n<li>18h \u2013 Matem\u00e1tica<\/li>\n\n\n\n<li>18h45 \u2013 Matem\u00e1tica<\/li>\n\n\n\n<li>19h30 \u00e0s 19h45 \u2013 Intervalo<\/li>\n\n\n\n<li>19h45 \u2013 Biologia<\/li>\n\n\n\n<li>\u00a020h30 \u2013 Biologia<\/li>\n<\/ul>\n\n\n\n<p><strong>25 de maio (segunda-feira)<\/strong><\/p>\n\n\n\n<ul class=\"wp-block-list\">\n<li>18h \u2013 Qu\u00edmica<\/li>\n\n\n\n<li>18h45 \u2013 Qu\u00edmica<\/li>\n\n\n\n<li>19h30 \u00e0s 19h45 \u2013 Intervalo<\/li>\n\n\n\n<li>19h45 \u2013 F\u00edsica<\/li>\n\n\n\n<li>\u00a020h30 \u2013 F\u00edsica<\/li>\n<\/ul>\n","protected":false},"excerpt":{"rendered":"<p>Atualizado em 16\/04\/2026 &#8211; 16:50 Ser\u00e3o quatro encontros gratuitos com o objetivo de refor\u00e7ar conte\u00fados e ampliar as chances de aprova\u00e7\u00e3o no Vestibulinho &#8211; Foto: PMSJC Henrique MacedoFundhas O Cephas (Col\u00e9gio de Educa\u00e7\u00e3o Profissional H\u00e9lio Augusto de Souza) iniciar\u00e1, no dia 6 de maio, uma s\u00e9rie de \u201caul\u00f5es\u201d preparat\u00f3rios para o Vestibulinho 2026. Ao todo, [&hellip;]<\/p>\n","protected":false},"author":24,"featured_media":6154,"comment_status":"open","ping_status":"closed","sticky":false,"template":"","format":"standard","meta":{"_acf_changed":false,"_monsterinsights_skip_tracking":false,"_monsterinsights_sitenote_active":false,"_monsterinsights_sitenote_note":"","_monsterinsights_sitenote_category":0,"footnotes":""},"categories":[2],"tags":[],"class_list":{"0":"post-6153","1":"post","2":"type-post","3":"status-publish","4":"format-standard","5":"has-post-thumbnail","7":"category-noticias","8":"czr-hentry"},"acf":[],"yoast_head":"<!-- This site is optimized with the Yoast SEO plugin v26.6 - https:\/\/yoast.com\/wordpress\/plugins\/seo\/ -->\n<title>Cephas promove \u201cAul\u00f5es\u201d preparativos para o Vestibulinho - CEPHAS<\/title>\n<meta name=\"robots\" content=\"index, follow, max-snippet:-1, max-image-preview:large, max-video-preview:-1\" \/>\n<link rel=\"canonical\" href=\"https:\/\/cephas.org.br\/index.php\/2026\/04\/24\/cephas-promove-auloes-preparativos-para-o-vestibulinho\/\" \/>\n<meta property=\"og:locale\" content=\"pt_BR\" \/>\n<meta property=\"og:type\" content=\"article\" \/>\n<meta property=\"og:title\" content=\"Cephas promove \u201cAul\u00f5es\u201d preparativos para o Vestibulinho - CEPHAS\" \/>\n<meta property=\"og:description\" content=\"Atualizado em 16\/04\/2026 &#8211; 16:50 Ser\u00e3o quatro encontros gratuitos com o objetivo de refor\u00e7ar conte\u00fados e ampliar as chances de aprova\u00e7\u00e3o no Vestibulinho &#8211; Foto: PMSJC Henrique MacedoFundhas O Cephas (Col\u00e9gio de Educa\u00e7\u00e3o Profissional H\u00e9lio Augusto de Souza) iniciar\u00e1, no dia 6 de maio, uma s\u00e9rie de \u201caul\u00f5es\u201d preparat\u00f3rios para o Vestibulinho 2026. Ao todo, [&hellip;]\" \/>\n<meta property=\"og:url\" content=\"https:\/\/cephas.org.br\/index.php\/2026\/04\/24\/cephas-promove-auloes-preparativos-para-o-vestibulinho\/\" \/>\n<meta property=\"og:site_name\" content=\"CEPHAS\" \/>\n<meta property=\"article:published_time\" content=\"2026-04-24T16:54:58+00:00\" \/>\n<meta property=\"article:modified_time\" content=\"2026-04-24T16:54:59+00:00\" \/>\n<meta property=\"og:image\" content=\"http:\/\/cephas.org.br\/wp-content\/uploads\/2026\/04\/volta-aulas-cephas-2026-6.jpeg\" \/>\n\t<meta property=\"og:image:width\" content=\"940\" \/>\n\t<meta property=\"og:image:height\" content=\"627\" \/>\n\t<meta property=\"og:image:type\" content=\"image\/jpeg\" \/>\n<meta name=\"author\" content=\"Marcos Machado\" \/>\n<meta name=\"twitter:card\" content=\"summary_large_image\" \/>\n<meta name=\"twitter:label1\" content=\"Escrito por\" \/>\n\t<meta name=\"twitter:data1\" content=\"Marcos Machado\" \/>\n\t<meta name=\"twitter:label2\" content=\"Est. tempo de leitura\" \/>\n\t<meta name=\"twitter:data2\" content=\"3 minutos\" \/>\n<script type=\"application\/ld+json\" class=\"yoast-schema-graph\">{\"@context\":\"https:\/\/schema.org\",\"@graph\":[{\"@type\":\"Article\",\"@id\":\"https:\/\/cephas.org.br\/index.php\/2026\/04\/24\/cephas-promove-auloes-preparativos-para-o-vestibulinho\/#article\",\"isPartOf\":{\"@id\":\"https:\/\/cephas.org.br\/index.php\/2026\/04\/24\/cephas-promove-auloes-preparativos-para-o-vestibulinho\/\"},\"author\":{\"name\":\"Marcos Machado\",\"@id\":\"https:\/\/cephas.org.br\/#\/schema\/person\/8e6142c0b1cf31f952550aeadf0ed1b8\"},\"headline\":\"Cephas promove \u201cAul\u00f5es\u201d preparativos para o Vestibulinho\",\"datePublished\":\"2026-04-24T16:54:58+00:00\",\"dateModified\":\"2026-04-24T16:54:59+00:00\",\"mainEntityOfPage\":{\"@id\":\"https:\/\/cephas.org.br\/index.php\/2026\/04\/24\/cephas-promove-auloes-preparativos-para-o-vestibulinho\/\"},\"wordCount\":385,\"commentCount\":0,\"publisher\":{\"@id\":\"https:\/\/cephas.org.br\/#organization\"},\"image\":{\"@id\":\"https:\/\/cephas.org.br\/index.php\/2026\/04\/24\/cephas-promove-auloes-preparativos-para-o-vestibulinho\/#primaryimage\"},\"thumbnailUrl\":\"https:\/\/cephas.org.br\/wp-content\/uploads\/2026\/04\/volta-aulas-cephas-2026-6.jpeg\",\"articleSection\":[\"Not\u00edcias\"],\"inLanguage\":\"pt-BR\",\"potentialAction\":[{\"@type\":\"CommentAction\",\"name\":\"Comment\",\"target\":[\"https:\/\/cephas.org.br\/index.php\/2026\/04\/24\/cephas-promove-auloes-preparativos-para-o-vestibulinho\/#respond\"]}]},{\"@type\":\"WebPage\",\"@id\":\"https:\/\/cephas.org.br\/index.php\/2026\/04\/24\/cephas-promove-auloes-preparativos-para-o-vestibulinho\/\",\"url\":\"https:\/\/cephas.org.br\/index.php\/2026\/04\/24\/cephas-promove-auloes-preparativos-para-o-vestibulinho\/\",\"name\":\"Cephas promove \u201cAul\u00f5es\u201d preparativos para o Vestibulinho - CEPHAS\",\"isPartOf\":{\"@id\":\"https:\/\/cephas.org.br\/#website\"},\"primaryImageOfPage\":{\"@id\":\"https:\/\/cephas.org.br\/index.php\/2026\/04\/24\/cephas-promove-auloes-preparativos-para-o-vestibulinho\/#primaryimage\"},\"image\":{\"@id\":\"https:\/\/cephas.org.br\/index.php\/2026\/04\/24\/cephas-promove-auloes-preparativos-para-o-vestibulinho\/#primaryimage\"},\"thumbnailUrl\":\"https:\/\/cephas.org.br\/wp-content\/uploads\/2026\/04\/volta-aulas-cephas-2026-6.jpeg\",\"datePublished\":\"2026-04-24T16:54:58+00:00\",\"dateModified\":\"2026-04-24T16:54:59+00:00\",\"breadcrumb\":{\"@id\":\"https:\/\/cephas.org.br\/index.php\/2026\/04\/24\/cephas-promove-auloes-preparativos-para-o-vestibulinho\/#breadcrumb\"},\"inLanguage\":\"pt-BR\",\"potentialAction\":[{\"@type\":\"ReadAction\",\"target\":[\"https:\/\/cephas.org.br\/index.php\/2026\/04\/24\/cephas-promove-auloes-preparativos-para-o-vestibulinho\/\"]}]},{\"@type\":\"ImageObject\",\"inLanguage\":\"pt-BR\",\"@id\":\"https:\/\/cephas.org.br\/index.php\/2026\/04\/24\/cephas-promove-auloes-preparativos-para-o-vestibulinho\/#primaryimage\",\"url\":\"https:\/\/cephas.org.br\/wp-content\/uploads\/2026\/04\/volta-aulas-cephas-2026-6.jpeg\",\"contentUrl\":\"https:\/\/cephas.org.br\/wp-content\/uploads\/2026\/04\/volta-aulas-cephas-2026-6.jpeg\",\"width\":940,\"height\":627},{\"@type\":\"BreadcrumbList\",\"@id\":\"https:\/\/cephas.org.br\/index.php\/2026\/04\/24\/cephas-promove-auloes-preparativos-para-o-vestibulinho\/#breadcrumb\",\"itemListElement\":[{\"@type\":\"ListItem\",\"position\":1,\"name\":\"In\u00edcio\",\"item\":\"https:\/\/cephas.org.br\/\"},{\"@type\":\"ListItem\",\"position\":2,\"name\":\"Cephas promove \u201cAul\u00f5es\u201d preparativos para o Vestibulinho\"}]},{\"@type\":\"WebSite\",\"@id\":\"https:\/\/cephas.org.br\/#website\",\"url\":\"https:\/\/cephas.org.br\/\",\"name\":\"CEPHAS\",\"description\":\"\",\"publisher\":{\"@id\":\"https:\/\/cephas.org.br\/#organization\"},\"potentialAction\":[{\"@type\":\"SearchAction\",\"target\":{\"@type\":\"EntryPoint\",\"urlTemplate\":\"https:\/\/cephas.org.br\/?s={search_term_string}\"},\"query-input\":{\"@type\":\"PropertyValueSpecification\",\"valueRequired\":true,\"valueName\":\"search_term_string\"}}],\"inLanguage\":\"pt-BR\"},{\"@type\":\"Organization\",\"@id\":\"https:\/\/cephas.org.br\/#organization\",\"name\":\"CEPHAS\",\"url\":\"https:\/\/cephas.org.br\/\",\"logo\":{\"@type\":\"ImageObject\",\"inLanguage\":\"pt-BR\",\"@id\":\"https:\/\/cephas.org.br\/#\/schema\/logo\/image\/\",\"url\":\"https:\/\/cephas.org.br\/wp-content\/uploads\/2023\/10\/cropped-Assinaturas_CephasFundhas_Pref_Novo-10_Cor-small.png\",\"contentUrl\":\"https:\/\/cephas.org.br\/wp-content\/uploads\/2023\/10\/cropped-Assinaturas_CephasFundhas_Pref_Novo-10_Cor-small.png\",\"width\":812,\"height\":90,\"caption\":\"CEPHAS\"},\"image\":{\"@id\":\"https:\/\/cephas.org.br\/#\/schema\/logo\/image\/\"}},{\"@type\":\"Person\",\"@id\":\"https:\/\/cephas.org.br\/#\/schema\/person\/8e6142c0b1cf31f952550aeadf0ed1b8\",\"name\":\"Marcos Machado\",\"image\":{\"@type\":\"ImageObject\",\"inLanguage\":\"pt-BR\",\"@id\":\"https:\/\/cephas.org.br\/#\/schema\/person\/image\/\",\"url\":\"https:\/\/secure.gravatar.com\/avatar\/7c76f203cbe624b8e1512f1ff9ee41eb25e0099e56f2c7b541d114e78310c612?s=96&d=mm&r=g\",\"contentUrl\":\"https:\/\/secure.gravatar.com\/avatar\/7c76f203cbe624b8e1512f1ff9ee41eb25e0099e56f2c7b541d114e78310c612?s=96&d=mm&r=g\",\"caption\":\"Marcos Machado\"},\"url\":\"https:\/\/cephas.org.br\/index.php\/author\/marcos-machado\/\"}]}<\/script>\n<!-- \/ Yoast SEO plugin. -->","yoast_head_json":{"title":"Cephas promove \u201cAul\u00f5es\u201d preparativos para o Vestibulinho - CEPHAS","robots":{"index":"index","follow":"follow","max-snippet":"max-snippet:-1","max-image-preview":"max-image-preview:large","max-video-preview":"max-video-preview:-1"},"canonical":"https:\/\/cephas.org.br\/index.php\/2026\/04\/24\/cephas-promove-auloes-preparativos-para-o-vestibulinho\/","og_locale":"pt_BR","og_type":"article","og_title":"Cephas promove \u201cAul\u00f5es\u201d preparativos para o Vestibulinho - CEPHAS","og_description":"Atualizado em 16\/04\/2026 &#8211; 16:50 Ser\u00e3o quatro encontros gratuitos com o objetivo de refor\u00e7ar conte\u00fados e ampliar as chances de aprova\u00e7\u00e3o no Vestibulinho &#8211; Foto: PMSJC Henrique MacedoFundhas O Cephas (Col\u00e9gio de Educa\u00e7\u00e3o Profissional H\u00e9lio Augusto de Souza) iniciar\u00e1, no dia 6 de maio, uma s\u00e9rie de \u201caul\u00f5es\u201d preparat\u00f3rios para o Vestibulinho 2026. Ao todo, [&hellip;]","og_url":"https:\/\/cephas.org.br\/index.php\/2026\/04\/24\/cephas-promove-auloes-preparativos-para-o-vestibulinho\/","og_site_name":"CEPHAS","article_published_time":"2026-04-24T16:54:58+00:00","article_modified_time":"2026-04-24T16:54:59+00:00","og_image":[{"width":940,"height":627,"url":"http:\/\/cephas.org.br\/wp-content\/uploads\/2026\/04\/volta-aulas-cephas-2026-6.jpeg","type":"image\/jpeg"}],"author":"Marcos Machado","twitter_card":"summary_large_image","twitter_misc":{"Escrito por":"Marcos Machado","Est. tempo de leitura":"3 minutos"},"schema":{"@context":"https:\/\/schema.org","@graph":[{"@type":"Article","@id":"https:\/\/cephas.org.br\/index.php\/2026\/04\/24\/cephas-promove-auloes-preparativos-para-o-vestibulinho\/#article","isPartOf":{"@id":"https:\/\/cephas.org.br\/index.php\/2026\/04\/24\/cephas-promove-auloes-preparativos-para-o-vestibulinho\/"},"author":{"name":"Marcos Machado","@id":"https:\/\/cephas.org.br\/#\/schema\/person\/8e6142c0b1cf31f952550aeadf0ed1b8"},"headline":"Cephas promove \u201cAul\u00f5es\u201d preparativos para o Vestibulinho","datePublished":"2026-04-24T16:54:58+00:00","dateModified":"2026-04-24T16:54:59+00:00","mainEntityOfPage":{"@id":"https:\/\/cephas.org.br\/index.php\/2026\/04\/24\/cephas-promove-auloes-preparativos-para-o-vestibulinho\/"},"wordCount":385,"commentCount":0,"publisher":{"@id":"https:\/\/cephas.org.br\/#organization"},"image":{"@id":"https:\/\/cephas.org.br\/index.php\/2026\/04\/24\/cephas-promove-auloes-preparativos-para-o-vestibulinho\/#primaryimage"},"thumbnailUrl":"https:\/\/cephas.org.br\/wp-content\/uploads\/2026\/04\/volta-aulas-cephas-2026-6.jpeg","articleSection":["Not\u00edcias"],"inLanguage":"pt-BR","potentialAction":[{"@type":"CommentAction","name":"Comment","target":["https:\/\/cephas.org.br\/index.php\/2026\/04\/24\/cephas-promove-auloes-preparativos-para-o-vestibulinho\/#respond"]}]},{"@type":"WebPage","@id":"https:\/\/cephas.org.br\/index.php\/2026\/04\/24\/cephas-promove-auloes-preparativos-para-o-vestibulinho\/","url":"https:\/\/cephas.org.br\/index.php\/2026\/04\/24\/cephas-promove-auloes-preparativos-para-o-vestibulinho\/","name":"Cephas promove \u201cAul\u00f5es\u201d preparativos para o Vestibulinho - CEPHAS","isPartOf":{"@id":"https:\/\/cephas.org.br\/#website"},"primaryImageOfPage":{"@id":"https:\/\/cephas.org.br\/index.php\/2026\/04\/24\/cephas-promove-auloes-preparativos-para-o-vestibulinho\/#primaryimage"},"image":{"@id":"https:\/\/cephas.org.br\/index.php\/2026\/04\/24\/cephas-promove-auloes-preparativos-para-o-vestibulinho\/#primaryimage"},"thumbnailUrl":"https:\/\/cephas.org.br\/wp-content\/uploads\/2026\/04\/volta-aulas-cephas-2026-6.jpeg","datePublished":"2026-04-24T16:54:58+00:00","dateModified":"2026-04-24T16:54:59+00:00","breadcrumb":{"@id":"https:\/\/cephas.org.br\/index.php\/2026\/04\/24\/cephas-promove-auloes-preparativos-para-o-vestibulinho\/#breadcrumb"},"inLanguage":"pt-BR","potentialAction":[{"@type":"ReadAction","target":["https:\/\/cephas.org.br\/index.php\/2026\/04\/24\/cephas-promove-auloes-preparativos-para-o-vestibulinho\/"]}]},{"@type":"ImageObject","inLanguage":"pt-BR","@id":"https:\/\/cephas.org.br\/index.php\/2026\/04\/24\/cephas-promove-auloes-preparativos-para-o-vestibulinho\/#primaryimage","url":"https:\/\/cephas.org.br\/wp-content\/uploads\/2026\/04\/volta-aulas-cephas-2026-6.jpeg","contentUrl":"https:\/\/cephas.org.br\/wp-content\/uploads\/2026\/04\/volta-aulas-cephas-2026-6.jpeg","width":940,"height":627},{"@type":"BreadcrumbList","@id":"https:\/\/cephas.org.br\/index.php\/2026\/04\/24\/cephas-promove-auloes-preparativos-para-o-vestibulinho\/#breadcrumb","itemListElement":[{"@type":"ListItem","position":1,"name":"In\u00edcio","item":"https:\/\/cephas.org.br\/"},{"@type":"ListItem","position":2,"name":"Cephas promove \u201cAul\u00f5es\u201d preparativos para o Vestibulinho"}]},{"@type":"WebSite","@id":"https:\/\/cephas.org.br\/#website","url":"https:\/\/cephas.org.br\/","name":"CEPHAS","description":"","publisher":{"@id":"https:\/\/cephas.org.br\/#organization"},"potentialAction":[{"@type":"SearchAction","target":{"@type":"EntryPoint","urlTemplate":"https:\/\/cephas.org.br\/?s={search_term_string}"},"query-input":{"@type":"PropertyValueSpecification","valueRequired":true,"valueName":"search_term_string"}}],"inLanguage":"pt-BR"},{"@type":"Organization","@id":"https:\/\/cephas.org.br\/#organization","name":"CEPHAS","url":"https:\/\/cephas.org.br\/","logo":{"@type":"ImageObject","inLanguage":"pt-BR","@id":"https:\/\/cephas.org.br\/#\/schema\/logo\/image\/","url":"https:\/\/cephas.org.br\/wp-content\/uploads\/2023\/10\/cropped-Assinaturas_CephasFundhas_Pref_Novo-10_Cor-small.png","contentUrl":"https:\/\/cephas.org.br\/wp-content\/uploads\/2023\/10\/cropped-Assinaturas_CephasFundhas_Pref_Novo-10_Cor-small.png","width":812,"height":90,"caption":"CEPHAS"},"image":{"@id":"https:\/\/cephas.org.br\/#\/schema\/logo\/image\/"}},{"@type":"Person","@id":"https:\/\/cephas.org.br\/#\/schema\/person\/8e6142c0b1cf31f952550aeadf0ed1b8","name":"Marcos Machado","image":{"@type":"ImageObject","inLanguage":"pt-BR","@id":"https:\/\/cephas.org.br\/#\/schema\/person\/image\/","url":"https:\/\/secure.gravatar.com\/avatar\/7c76f203cbe624b8e1512f1ff9ee41eb25e0099e56f2c7b541d114e78310c612?s=96&d=mm&r=g","contentUrl":"https:\/\/secure.gravatar.com\/avatar\/7c76f203cbe624b8e1512f1ff9ee41eb25e0099e56f2c7b541d114e78310c612?s=96&d=mm&r=g","caption":"Marcos Machado"},"url":"https:\/\/cephas.org.br\/index.php\/author\/marcos-machado\/"}]}},"_links":{"self":[{"href":"https:\/\/cephas.org.br\/index.php\/wp-json\/wp\/v2\/posts\/6153","targetHints":{"allow":["GET"]}}],"collection":[{"href":"https:\/\/cephas.org.br\/index.php\/wp-json\/wp\/v2\/posts"}],"about":[{"href":"https:\/\/cephas.org.br\/index.php\/wp-json\/wp\/v2\/types\/post"}],"author":[{"embeddable":true,"href":"https:\/\/cephas.org.br\/index.php\/wp-json\/wp\/v2\/users\/24"}],"replies":[{"embeddable":true,"href":"https:\/\/cephas.org.br\/index.php\/wp-json\/wp\/v2\/comments?post=6153"}],"version-history":[{"count":1,"href":"https:\/\/cephas.org.br\/index.php\/wp-json\/wp\/v2\/posts\/6153\/revisions"}],"predecessor-version":[{"id":6155,"href":"https:\/\/cephas.org.br\/index.php\/wp-json\/wp\/v2\/posts\/6153\/revisions\/6155"}],"wp:featuredmedia":[{"embeddable":true,"href":"https:\/\/cephas.org.br\/index.php\/wp-json\/wp\/v2\/media\/6154"}],"wp:attachment":[{"href":"https:\/\/cephas.org.br\/index.php\/wp-json\/wp\/v2\/media?parent=6153"}],"wp:term":[{"taxonomy":"category","embeddable":true,"href":"https:\/\/cephas.org.br\/index.php\/wp-json\/wp\/v2\/categories?post=6153"},{"taxonomy":"post_tag","embeddable":true,"href":"https:\/\/cephas.org.br\/index.php\/wp-json\/wp\/v2\/tags?post=6153"}],"curies":[{"name":"wp","href":"https:\/\/api.w.org\/{rel}","templated":true}]}}