{"id":6061,"date":"2026-03-11T08:42:18","date_gmt":"2026-03-11T11:42:18","guid":{"rendered":"https:\/\/cephas.org.br\/?p=6061"},"modified":"2026-03-11T08:42:18","modified_gmt":"2026-03-11T11:42:18","slug":"acolhida-marca-inicio-da-nova-turma-do-agente-cidadao","status":"publish","type":"post","link":"https:\/\/cephas.org.br\/index.php\/2026\/03\/11\/acolhida-marca-inicio-da-nova-turma-do-agente-cidadao\/","title":{"rendered":"Acolhida marca in\u00edcio da nova turma do Agente Cidad\u00e3o"},"content":{"rendered":"\n<p>Atualizado em 09\/03\/2026 &#8211; 17:17<\/p>\n\n\n\n<p><img decoding=\"async\" src=\"https:\/\/www.sjc.sp.gov.br\/media\/qo1hdf1i\/acolhida-agente-26-11.jpeg?width=940&amp;height=627&amp;v=1dcafe06f72c580\" alt=\"Jovens v\u00e3o atuar em \u00f3rg\u00e3os da Prefeitura de S\u00e3o Jos\u00e9 dos Campos\"><\/p>\n\n\n\n<p>A acolhida da nova turma aconteceu no Cefe, em Santana, reunindo funcion\u00e1rios da Fundhas, Cephas, familiares e colegas &#8211; Foto: PMSJC<\/p>\n\n\n\n<p><strong>Henrique Macedo<\/strong><br><strong>Fundhas<\/strong><\/p>\n\n\n\n<p>Uma nova etapa come\u00e7ou para 145 jovens de S\u00e3o Jos\u00e9 dos Campos nesta segunda-feira (9). Eles foram selecionados para o programa Agente Cidad\u00e3o, iniciativa da Prefeitura organizada pelo Cephas (Col\u00e9gio de Educa\u00e7\u00e3o Profissional H\u00e9lio Augusto de Souza), e v\u00e3o iniciar suas atividades em diferentes setores da administra\u00e7\u00e3o municipal.<\/p>\n\n\n\n<p>A acolhida da nova turma aconteceu no Cefe (Centro de Forma\u00e7\u00e3o do Educador), em Santana, reunindo funcion\u00e1rios da Fundhas, Cephas, familiares e colegas. Implantado em julho de 2022, o programa j\u00e1 beneficiou mais de 500 adolescentes e jovens entre 16 e 19 anos.<br><br>Durante seis meses, os participantes atuam quatro dias por semana, por quatro horas di\u00e1rias, em atividades pr\u00e1ticas de apoio em \u00e1reas como recursos humanos, finan\u00e7as, compras, comunica\u00e7\u00e3o e campanhas p\u00fablicas nos \u00f3rg\u00e3os da administra\u00e7\u00e3o municipal.<\/p>\n\n\n\n<p>Al\u00e9m da experi\u00eancia pr\u00e1tica, os jovens recebem qualifica\u00e7\u00e3o profissional uma vez por semana por meio de cursos oferecidos pelo Cephas. Como incentivo, o programa prev\u00ea uma bolsa mensal de R$ 400, al\u00e9m de vale-transporte e uniforme.<\/p>\n\n\n\n<h3 class=\"wp-block-heading\"><strong>Acolhimento nas secretarias<\/strong><\/h3>\n\n\n\n<p>Os jovens s\u00e3o distribu\u00eddos em diferentes secretarias da Prefeitura, onde recebem acompanhamento e orienta\u00e7\u00e3o no in\u00edcio das atividades.<\/p>\n\n\n\n<p>Na Secretaria de Mobilidade Urbana de S\u00e3o Jos\u00e9 dos Campos, por exemplo, o acolhimento come\u00e7a j\u00e1 no primeiro contato com os novos agentes.<\/p>\n\n\n\n<p>De acordo com Andr\u00e9ia Calabrez, do setor administrativo de Recursos Humanos da secretaria, o objetivo \u00e9 garantir que os jovens se sintam seguros desde o in\u00edcio.<\/p>\n\n\n\n<p>\u201cEles chegam inseguros, ansiosos, e a gente faz uma acolhida, conversa com cada um, v\u00ea o perfil e tamb\u00e9m considera onde cada um mora. A sede fica no Jardim Am\u00e9rica, mas temos tamb\u00e9m um espa\u00e7o no centro da cidade. Ent\u00e3o organizamos essa log\u00edstica e explicamos que eles nunca v\u00e3o ficar sozinhos, sempre ter\u00e3o algu\u00e9m no departamento para orientar\u201d, explicou.<\/p>\n\n\n\n<p>Andr\u00e9ia tamb\u00e9m destaca a transforma\u00e7\u00e3o que muitos jovens apresentam ao longo do programa. \u201c\u00c9 impressionante. Eles chegam quietinhos, t\u00edmidos, e depois de um tempo saem outra pessoa, muito mais confiantes. A gente gosta muito de receber esses jovens\u201d, afirmou.<\/p>\n\n\n\n<h3 class=\"wp-block-heading\"><strong>Primeiras oportunidades<\/strong><\/h3>\n\n\n\n<p>Entre os novos participantes est\u00e1 Pedro Henrique Ribeiro, de 17 anos, que v\u00ea no programa uma oportunidade importante para iniciar sua trajet\u00f3ria profissional.<\/p>\n\n\n\n<p>\u201cPara mim \u00e9 uma experi\u00eancia \u00fanica, muito boa para evoluir e aprender sobre o mercado de trabalho. Acho que vou aprender muita coisa\u201d, disse.<\/p>\n\n\n\n<p>Quem tamb\u00e9m acompanhou a chegada dele ao evento foi a tia, Samantha Gushiken, que destacou o hist\u00f3rico positivo da fam\u00edlia com os programas voltados \u00e0 juventude no munic\u00edpio.<\/p>\n\n\n\n<p>\u201cMinha fam\u00edlia tem um hist\u00f3rico com a Fundhas. Minhas filhas participaram e uma delas hoje \u00e9 concursada no Tribunal de Justi\u00e7a. Desde pequenas tiveram esse apoio e somos muito gratos. Agora ver o Pedro participando tamb\u00e9m deixa toda a fam\u00edlia muito feliz\u201d, contou.<\/p>\n\n\n\n<h3 class=\"wp-block-heading\"><strong>Experi\u00eancia que transforma<\/strong><\/h3>\n\n\n\n<p>A estudante Maria Clara de Ara\u00fajo, de 19 anos, participou de uma das turmas anteriores e destacou o impacto da experi\u00eancia em sua trajet\u00f3ria. Ela deu um depoimento para encorajar os novatos.<\/p>\n\n\n\n<p><img fetchpriority=\"high\" decoding=\"async\" src=\"https:\/\/www.sjc.sp.gov.br\/media\/zsvad5c0\/acolhida-agente-26-10.jpeg?rmode=max&amp;width=500&amp;height=375\" alt=\"\" width=\"500\" height=\"375\"><br><sup><em>Maria Clara deu testemunho sobre o programa Agente Cidad\u00e3o | Foto: PMSJC<\/em><\/sup><\/p>\n\n\n\n<p>\u201cEu atuava na Secretaria de Mobilidade Urbana e foi uma experi\u00eancia maravilhosa. A gente trabalhava diretamente com o p\u00fablico, conheci muitas pessoas da cidade. Foi algo que vou levar para a vida inteira\u201d, contou. Atualmente, Maria Clara cursa faculdade de Direito e afirma que o programa foi um diferencial em sua forma\u00e7\u00e3o.<\/p>\n\n\n\n<p>Entre os novos participantes tamb\u00e9m est\u00e1 Nicole de Faria, de 16 anos, que ir\u00e1 atuar na Secretaria da Sa\u00fade. Para ela, o programa representa a primeira oportunidade de contato com o mercado de trabalho.<\/p>\n\n\n\n<p>\u201cFiquei muito feliz de ser chamada. \u00c9 uma oportunidade incr\u00edvel para me integrar ao mercado e ter novas viv\u00eancias. Eu pretendo fazer faculdade de marketing ou moda, mas fiquei muito interessada na \u00e1rea da sa\u00fade tamb\u00e9m. Vai que eu me descubro\u201d, afirmou.<\/p>\n\n\n\n<figure class=\"wp-block-image\"><img decoding=\"async\" src=\"https:\/\/www.sjc.sp.gov.br\/media\/qiljy53r\/acolhida-agente-26-5.jpeg?rmode=max&amp;width=500&amp;height=375\" alt=\"\"\/><\/figure>\n\n\n\n<p><sup><em>M\u00e3e e filha na cerim\u00f4nia de acolhida do programa Agente Cidad\u00e3o | Foto: PMSJC<\/em><\/sup><\/p>\n\n\n\n<p>A m\u00e3e da jovem, Daniele dos Santos Faria, educadora f\u00edsica, destaca a import\u00e2ncia da oportunidade para o futuro da filha.<\/p>\n\n\n\n<p>\u201c\u00c9 fant\u00e1stico ver minha filha tendo essa primeira experi\u00eancia. Tamb\u00e9m tive oportunidades quando era jovem que me ajudaram a escolher minha profiss\u00e3o. Tenho certeza de que esse programa vai agregar muito na vida dela e abrir muitas portas\u201d, disse.<\/p>\n","protected":false},"excerpt":{"rendered":"<p>Atualizado em 09\/03\/2026 &#8211; 17:17 A acolhida da nova turma aconteceu no Cefe, em Santana, reunindo funcion\u00e1rios da Fundhas, Cephas, familiares e colegas &#8211; Foto: PMSJC Henrique MacedoFundhas Uma nova etapa come\u00e7ou para 145 jovens de S\u00e3o Jos\u00e9 dos Campos nesta segunda-feira (9). Eles foram selecionados para o programa Agente Cidad\u00e3o, iniciativa da Prefeitura organizada [&hellip;]<\/p>\n","protected":false},"author":24,"featured_media":6062,"comment_status":"open","ping_status":"closed","sticky":false,"template":"","format":"standard","meta":{"_acf_changed":false,"_monsterinsights_skip_tracking":false,"_monsterinsights_sitenote_active":false,"_monsterinsights_sitenote_note":"","_monsterinsights_sitenote_category":0,"footnotes":""},"categories":[2],"tags":[],"class_list":{"0":"post-6061","1":"post","2":"type-post","3":"status-publish","4":"format-standard","5":"has-post-thumbnail","7":"category-noticias","8":"czr-hentry"},"acf":[],"yoast_head":"<!-- This site is optimized with the Yoast SEO plugin v26.6 - https:\/\/yoast.com\/wordpress\/plugins\/seo\/ -->\n<title>Acolhida marca in\u00edcio da nova turma do Agente Cidad\u00e3o - CEPHAS<\/title>\n<meta name=\"robots\" content=\"index, follow, max-snippet:-1, max-image-preview:large, max-video-preview:-1\" \/>\n<link rel=\"canonical\" href=\"https:\/\/cephas.org.br\/index.php\/2026\/03\/11\/acolhida-marca-inicio-da-nova-turma-do-agente-cidadao\/\" \/>\n<meta property=\"og:locale\" content=\"pt_BR\" \/>\n<meta property=\"og:type\" content=\"article\" \/>\n<meta property=\"og:title\" content=\"Acolhida marca in\u00edcio da nova turma do Agente Cidad\u00e3o - CEPHAS\" \/>\n<meta property=\"og:description\" content=\"Atualizado em 09\/03\/2026 &#8211; 17:17 A acolhida da nova turma aconteceu no Cefe, em Santana, reunindo funcion\u00e1rios da Fundhas, Cephas, familiares e colegas &#8211; Foto: PMSJC Henrique MacedoFundhas Uma nova etapa come\u00e7ou para 145 jovens de S\u00e3o Jos\u00e9 dos Campos nesta segunda-feira (9). Eles foram selecionados para o programa Agente Cidad\u00e3o, iniciativa da Prefeitura organizada [&hellip;]\" \/>\n<meta property=\"og:url\" content=\"https:\/\/cephas.org.br\/index.php\/2026\/03\/11\/acolhida-marca-inicio-da-nova-turma-do-agente-cidadao\/\" \/>\n<meta property=\"og:site_name\" content=\"CEPHAS\" \/>\n<meta property=\"article:published_time\" content=\"2026-03-11T11:42:18+00:00\" \/>\n<meta property=\"og:image\" content=\"http:\/\/cephas.org.br\/wp-content\/uploads\/2026\/03\/acolhida-agente-26-11.jpeg\" \/>\n\t<meta property=\"og:image:width\" content=\"940\" \/>\n\t<meta property=\"og:image:height\" content=\"627\" \/>\n\t<meta property=\"og:image:type\" content=\"image\/jpeg\" \/>\n<meta name=\"author\" content=\"Marcos Machado\" \/>\n<meta name=\"twitter:card\" content=\"summary_large_image\" \/>\n<meta name=\"twitter:label1\" content=\"Escrito por\" \/>\n\t<meta name=\"twitter:data1\" content=\"Marcos Machado\" \/>\n\t<meta name=\"twitter:label2\" content=\"Est. tempo de leitura\" \/>\n\t<meta name=\"twitter:data2\" content=\"5 minutos\" \/>\n<script type=\"application\/ld+json\" class=\"yoast-schema-graph\">{\"@context\":\"https:\/\/schema.org\",\"@graph\":[{\"@type\":\"Article\",\"@id\":\"https:\/\/cephas.org.br\/index.php\/2026\/03\/11\/acolhida-marca-inicio-da-nova-turma-do-agente-cidadao\/#article\",\"isPartOf\":{\"@id\":\"https:\/\/cephas.org.br\/index.php\/2026\/03\/11\/acolhida-marca-inicio-da-nova-turma-do-agente-cidadao\/\"},\"author\":{\"name\":\"Marcos Machado\",\"@id\":\"https:\/\/cephas.org.br\/#\/schema\/person\/8e6142c0b1cf31f952550aeadf0ed1b8\"},\"headline\":\"Acolhida marca in\u00edcio da nova turma do Agente Cidad\u00e3o\",\"datePublished\":\"2026-03-11T11:42:18+00:00\",\"mainEntityOfPage\":{\"@id\":\"https:\/\/cephas.org.br\/index.php\/2026\/03\/11\/acolhida-marca-inicio-da-nova-turma-do-agente-cidadao\/\"},\"wordCount\":796,\"commentCount\":0,\"publisher\":{\"@id\":\"https:\/\/cephas.org.br\/#organization\"},\"image\":{\"@id\":\"https:\/\/cephas.org.br\/index.php\/2026\/03\/11\/acolhida-marca-inicio-da-nova-turma-do-agente-cidadao\/#primaryimage\"},\"thumbnailUrl\":\"https:\/\/cephas.org.br\/wp-content\/uploads\/2026\/03\/acolhida-agente-26-11.jpeg\",\"articleSection\":[\"Not\u00edcias\"],\"inLanguage\":\"pt-BR\",\"potentialAction\":[{\"@type\":\"CommentAction\",\"name\":\"Comment\",\"target\":[\"https:\/\/cephas.org.br\/index.php\/2026\/03\/11\/acolhida-marca-inicio-da-nova-turma-do-agente-cidadao\/#respond\"]}]},{\"@type\":\"WebPage\",\"@id\":\"https:\/\/cephas.org.br\/index.php\/2026\/03\/11\/acolhida-marca-inicio-da-nova-turma-do-agente-cidadao\/\",\"url\":\"https:\/\/cephas.org.br\/index.php\/2026\/03\/11\/acolhida-marca-inicio-da-nova-turma-do-agente-cidadao\/\",\"name\":\"Acolhida marca in\u00edcio da nova turma do Agente Cidad\u00e3o - CEPHAS\",\"isPartOf\":{\"@id\":\"https:\/\/cephas.org.br\/#website\"},\"primaryImageOfPage\":{\"@id\":\"https:\/\/cephas.org.br\/index.php\/2026\/03\/11\/acolhida-marca-inicio-da-nova-turma-do-agente-cidadao\/#primaryimage\"},\"image\":{\"@id\":\"https:\/\/cephas.org.br\/index.php\/2026\/03\/11\/acolhida-marca-inicio-da-nova-turma-do-agente-cidadao\/#primaryimage\"},\"thumbnailUrl\":\"https:\/\/cephas.org.br\/wp-content\/uploads\/2026\/03\/acolhida-agente-26-11.jpeg\",\"datePublished\":\"2026-03-11T11:42:18+00:00\",\"breadcrumb\":{\"@id\":\"https:\/\/cephas.org.br\/index.php\/2026\/03\/11\/acolhida-marca-inicio-da-nova-turma-do-agente-cidadao\/#breadcrumb\"},\"inLanguage\":\"pt-BR\",\"potentialAction\":[{\"@type\":\"ReadAction\",\"target\":[\"https:\/\/cephas.org.br\/index.php\/2026\/03\/11\/acolhida-marca-inicio-da-nova-turma-do-agente-cidadao\/\"]}]},{\"@type\":\"ImageObject\",\"inLanguage\":\"pt-BR\",\"@id\":\"https:\/\/cephas.org.br\/index.php\/2026\/03\/11\/acolhida-marca-inicio-da-nova-turma-do-agente-cidadao\/#primaryimage\",\"url\":\"https:\/\/cephas.org.br\/wp-content\/uploads\/2026\/03\/acolhida-agente-26-11.jpeg\",\"contentUrl\":\"https:\/\/cephas.org.br\/wp-content\/uploads\/2026\/03\/acolhida-agente-26-11.jpeg\",\"width\":940,\"height\":627},{\"@type\":\"BreadcrumbList\",\"@id\":\"https:\/\/cephas.org.br\/index.php\/2026\/03\/11\/acolhida-marca-inicio-da-nova-turma-do-agente-cidadao\/#breadcrumb\",\"itemListElement\":[{\"@type\":\"ListItem\",\"position\":1,\"name\":\"In\u00edcio\",\"item\":\"https:\/\/cephas.org.br\/\"},{\"@type\":\"ListItem\",\"position\":2,\"name\":\"Acolhida marca in\u00edcio da nova turma do Agente Cidad\u00e3o\"}]},{\"@type\":\"WebSite\",\"@id\":\"https:\/\/cephas.org.br\/#website\",\"url\":\"https:\/\/cephas.org.br\/\",\"name\":\"CEPHAS\",\"description\":\"\",\"publisher\":{\"@id\":\"https:\/\/cephas.org.br\/#organization\"},\"potentialAction\":[{\"@type\":\"SearchAction\",\"target\":{\"@type\":\"EntryPoint\",\"urlTemplate\":\"https:\/\/cephas.org.br\/?s={search_term_string}\"},\"query-input\":{\"@type\":\"PropertyValueSpecification\",\"valueRequired\":true,\"valueName\":\"search_term_string\"}}],\"inLanguage\":\"pt-BR\"},{\"@type\":\"Organization\",\"@id\":\"https:\/\/cephas.org.br\/#organization\",\"name\":\"CEPHAS\",\"url\":\"https:\/\/cephas.org.br\/\",\"logo\":{\"@type\":\"ImageObject\",\"inLanguage\":\"pt-BR\",\"@id\":\"https:\/\/cephas.org.br\/#\/schema\/logo\/image\/\",\"url\":\"https:\/\/cephas.org.br\/wp-content\/uploads\/2023\/10\/cropped-Assinaturas_CephasFundhas_Pref_Novo-10_Cor-small.png\",\"contentUrl\":\"https:\/\/cephas.org.br\/wp-content\/uploads\/2023\/10\/cropped-Assinaturas_CephasFundhas_Pref_Novo-10_Cor-small.png\",\"width\":812,\"height\":90,\"caption\":\"CEPHAS\"},\"image\":{\"@id\":\"https:\/\/cephas.org.br\/#\/schema\/logo\/image\/\"}},{\"@type\":\"Person\",\"@id\":\"https:\/\/cephas.org.br\/#\/schema\/person\/8e6142c0b1cf31f952550aeadf0ed1b8\",\"name\":\"Marcos Machado\",\"image\":{\"@type\":\"ImageObject\",\"inLanguage\":\"pt-BR\",\"@id\":\"https:\/\/cephas.org.br\/#\/schema\/person\/image\/\",\"url\":\"https:\/\/secure.gravatar.com\/avatar\/7c76f203cbe624b8e1512f1ff9ee41eb25e0099e56f2c7b541d114e78310c612?s=96&d=mm&r=g\",\"contentUrl\":\"https:\/\/secure.gravatar.com\/avatar\/7c76f203cbe624b8e1512f1ff9ee41eb25e0099e56f2c7b541d114e78310c612?s=96&d=mm&r=g\",\"caption\":\"Marcos Machado\"},\"url\":\"https:\/\/cephas.org.br\/index.php\/author\/marcos-machado\/\"}]}<\/script>\n<!-- \/ Yoast SEO plugin. -->","yoast_head_json":{"title":"Acolhida marca in\u00edcio da nova turma do Agente Cidad\u00e3o - CEPHAS","robots":{"index":"index","follow":"follow","max-snippet":"max-snippet:-1","max-image-preview":"max-image-preview:large","max-video-preview":"max-video-preview:-1"},"canonical":"https:\/\/cephas.org.br\/index.php\/2026\/03\/11\/acolhida-marca-inicio-da-nova-turma-do-agente-cidadao\/","og_locale":"pt_BR","og_type":"article","og_title":"Acolhida marca in\u00edcio da nova turma do Agente Cidad\u00e3o - CEPHAS","og_description":"Atualizado em 09\/03\/2026 &#8211; 17:17 A acolhida da nova turma aconteceu no Cefe, em Santana, reunindo funcion\u00e1rios da Fundhas, Cephas, familiares e colegas &#8211; Foto: PMSJC Henrique MacedoFundhas Uma nova etapa come\u00e7ou para 145 jovens de S\u00e3o Jos\u00e9 dos Campos nesta segunda-feira (9). Eles foram selecionados para o programa Agente Cidad\u00e3o, iniciativa da Prefeitura organizada [&hellip;]","og_url":"https:\/\/cephas.org.br\/index.php\/2026\/03\/11\/acolhida-marca-inicio-da-nova-turma-do-agente-cidadao\/","og_site_name":"CEPHAS","article_published_time":"2026-03-11T11:42:18+00:00","og_image":[{"width":940,"height":627,"url":"http:\/\/cephas.org.br\/wp-content\/uploads\/2026\/03\/acolhida-agente-26-11.jpeg","type":"image\/jpeg"}],"author":"Marcos Machado","twitter_card":"summary_large_image","twitter_misc":{"Escrito por":"Marcos Machado","Est. tempo de leitura":"5 minutos"},"schema":{"@context":"https:\/\/schema.org","@graph":[{"@type":"Article","@id":"https:\/\/cephas.org.br\/index.php\/2026\/03\/11\/acolhida-marca-inicio-da-nova-turma-do-agente-cidadao\/#article","isPartOf":{"@id":"https:\/\/cephas.org.br\/index.php\/2026\/03\/11\/acolhida-marca-inicio-da-nova-turma-do-agente-cidadao\/"},"author":{"name":"Marcos Machado","@id":"https:\/\/cephas.org.br\/#\/schema\/person\/8e6142c0b1cf31f952550aeadf0ed1b8"},"headline":"Acolhida marca in\u00edcio da nova turma do Agente Cidad\u00e3o","datePublished":"2026-03-11T11:42:18+00:00","mainEntityOfPage":{"@id":"https:\/\/cephas.org.br\/index.php\/2026\/03\/11\/acolhida-marca-inicio-da-nova-turma-do-agente-cidadao\/"},"wordCount":796,"commentCount":0,"publisher":{"@id":"https:\/\/cephas.org.br\/#organization"},"image":{"@id":"https:\/\/cephas.org.br\/index.php\/2026\/03\/11\/acolhida-marca-inicio-da-nova-turma-do-agente-cidadao\/#primaryimage"},"thumbnailUrl":"https:\/\/cephas.org.br\/wp-content\/uploads\/2026\/03\/acolhida-agente-26-11.jpeg","articleSection":["Not\u00edcias"],"inLanguage":"pt-BR","potentialAction":[{"@type":"CommentAction","name":"Comment","target":["https:\/\/cephas.org.br\/index.php\/2026\/03\/11\/acolhida-marca-inicio-da-nova-turma-do-agente-cidadao\/#respond"]}]},{"@type":"WebPage","@id":"https:\/\/cephas.org.br\/index.php\/2026\/03\/11\/acolhida-marca-inicio-da-nova-turma-do-agente-cidadao\/","url":"https:\/\/cephas.org.br\/index.php\/2026\/03\/11\/acolhida-marca-inicio-da-nova-turma-do-agente-cidadao\/","name":"Acolhida marca in\u00edcio da nova turma do Agente Cidad\u00e3o - CEPHAS","isPartOf":{"@id":"https:\/\/cephas.org.br\/#website"},"primaryImageOfPage":{"@id":"https:\/\/cephas.org.br\/index.php\/2026\/03\/11\/acolhida-marca-inicio-da-nova-turma-do-agente-cidadao\/#primaryimage"},"image":{"@id":"https:\/\/cephas.org.br\/index.php\/2026\/03\/11\/acolhida-marca-inicio-da-nova-turma-do-agente-cidadao\/#primaryimage"},"thumbnailUrl":"https:\/\/cephas.org.br\/wp-content\/uploads\/2026\/03\/acolhida-agente-26-11.jpeg","datePublished":"2026-03-11T11:42:18+00:00","breadcrumb":{"@id":"https:\/\/cephas.org.br\/index.php\/2026\/03\/11\/acolhida-marca-inicio-da-nova-turma-do-agente-cidadao\/#breadcrumb"},"inLanguage":"pt-BR","potentialAction":[{"@type":"ReadAction","target":["https:\/\/cephas.org.br\/index.php\/2026\/03\/11\/acolhida-marca-inicio-da-nova-turma-do-agente-cidadao\/"]}]},{"@type":"ImageObject","inLanguage":"pt-BR","@id":"https:\/\/cephas.org.br\/index.php\/2026\/03\/11\/acolhida-marca-inicio-da-nova-turma-do-agente-cidadao\/#primaryimage","url":"https:\/\/cephas.org.br\/wp-content\/uploads\/2026\/03\/acolhida-agente-26-11.jpeg","contentUrl":"https:\/\/cephas.org.br\/wp-content\/uploads\/2026\/03\/acolhida-agente-26-11.jpeg","width":940,"height":627},{"@type":"BreadcrumbList","@id":"https:\/\/cephas.org.br\/index.php\/2026\/03\/11\/acolhida-marca-inicio-da-nova-turma-do-agente-cidadao\/#breadcrumb","itemListElement":[{"@type":"ListItem","position":1,"name":"In\u00edcio","item":"https:\/\/cephas.org.br\/"},{"@type":"ListItem","position":2,"name":"Acolhida marca in\u00edcio da nova turma do Agente Cidad\u00e3o"}]},{"@type":"WebSite","@id":"https:\/\/cephas.org.br\/#website","url":"https:\/\/cephas.org.br\/","name":"CEPHAS","description":"","publisher":{"@id":"https:\/\/cephas.org.br\/#organization"},"potentialAction":[{"@type":"SearchAction","target":{"@type":"EntryPoint","urlTemplate":"https:\/\/cephas.org.br\/?s={search_term_string}"},"query-input":{"@type":"PropertyValueSpecification","valueRequired":true,"valueName":"search_term_string"}}],"inLanguage":"pt-BR"},{"@type":"Organization","@id":"https:\/\/cephas.org.br\/#organization","name":"CEPHAS","url":"https:\/\/cephas.org.br\/","logo":{"@type":"ImageObject","inLanguage":"pt-BR","@id":"https:\/\/cephas.org.br\/#\/schema\/logo\/image\/","url":"https:\/\/cephas.org.br\/wp-content\/uploads\/2023\/10\/cropped-Assinaturas_CephasFundhas_Pref_Novo-10_Cor-small.png","contentUrl":"https:\/\/cephas.org.br\/wp-content\/uploads\/2023\/10\/cropped-Assinaturas_CephasFundhas_Pref_Novo-10_Cor-small.png","width":812,"height":90,"caption":"CEPHAS"},"image":{"@id":"https:\/\/cephas.org.br\/#\/schema\/logo\/image\/"}},{"@type":"Person","@id":"https:\/\/cephas.org.br\/#\/schema\/person\/8e6142c0b1cf31f952550aeadf0ed1b8","name":"Marcos Machado","image":{"@type":"ImageObject","inLanguage":"pt-BR","@id":"https:\/\/cephas.org.br\/#\/schema\/person\/image\/","url":"https:\/\/secure.gravatar.com\/avatar\/7c76f203cbe624b8e1512f1ff9ee41eb25e0099e56f2c7b541d114e78310c612?s=96&d=mm&r=g","contentUrl":"https:\/\/secure.gravatar.com\/avatar\/7c76f203cbe624b8e1512f1ff9ee41eb25e0099e56f2c7b541d114e78310c612?s=96&d=mm&r=g","caption":"Marcos Machado"},"url":"https:\/\/cephas.org.br\/index.php\/author\/marcos-machado\/"}]}},"_links":{"self":[{"href":"https:\/\/cephas.org.br\/index.php\/wp-json\/wp\/v2\/posts\/6061","targetHints":{"allow":["GET"]}}],"collection":[{"href":"https:\/\/cephas.org.br\/index.php\/wp-json\/wp\/v2\/posts"}],"about":[{"href":"https:\/\/cephas.org.br\/index.php\/wp-json\/wp\/v2\/types\/post"}],"author":[{"embeddable":true,"href":"https:\/\/cephas.org.br\/index.php\/wp-json\/wp\/v2\/users\/24"}],"replies":[{"embeddable":true,"href":"https:\/\/cephas.org.br\/index.php\/wp-json\/wp\/v2\/comments?post=6061"}],"version-history":[{"count":1,"href":"https:\/\/cephas.org.br\/index.php\/wp-json\/wp\/v2\/posts\/6061\/revisions"}],"predecessor-version":[{"id":6063,"href":"https:\/\/cephas.org.br\/index.php\/wp-json\/wp\/v2\/posts\/6061\/revisions\/6063"}],"wp:featuredmedia":[{"embeddable":true,"href":"https:\/\/cephas.org.br\/index.php\/wp-json\/wp\/v2\/media\/6062"}],"wp:attachment":[{"href":"https:\/\/cephas.org.br\/index.php\/wp-json\/wp\/v2\/media?parent=6061"}],"wp:term":[{"taxonomy":"category","embeddable":true,"href":"https:\/\/cephas.org.br\/index.php\/wp-json\/wp\/v2\/categories?post=6061"},{"taxonomy":"post_tag","embeddable":true,"href":"https:\/\/cephas.org.br\/index.php\/wp-json\/wp\/v2\/tags?post=6061"}],"curies":[{"name":"wp","href":"https:\/\/api.w.org\/{rel}","templated":true}]}}