{"id":6057,"date":"2026-03-05T08:09:48","date_gmt":"2026-03-05T11:09:48","guid":{"rendered":"https:\/\/cephas.org.br\/?p=6057"},"modified":"2026-03-05T08:09:48","modified_gmt":"2026-03-05T11:09:48","slug":"fundhas-inicia-formacao-em-parceria-com-assecon","status":"publish","type":"post","link":"https:\/\/cephas.org.br\/index.php\/2026\/03\/05\/fundhas-inicia-formacao-em-parceria-com-assecon\/","title":{"rendered":"Fundhas inicia forma\u00e7\u00e3o em parceria com Assecon"},"content":{"rendered":"\n<p>Atualizado em 04\/03\/2026 \u2013 16:42<\/p>\n\n\n\n<figure class=\"wp-block-image\"><img decoding=\"async\" src=\"https:\/\/www.sjc.sp.gov.br\/media\/dmsf0u50\/assecon-aula-1.jpeg?cc=0,0,0,0.11063829787234045&amp;width=940&amp;height=627&amp;v=1dcabf5ad8f7730\" alt=\"O objetivo capacitar os adolescentes e aproxim\u00e1-los do mercado de trabalho\"\/><\/figure>\n\n\n\n<p>O objetivo \u00e9 capacitar os adolescentes, como Maria e Lincoln, e aproxim\u00e1-los do mercado de trabalho \u2013 Foto: PMSJC<\/p>\n\n\n\n<p><strong>Henrique Macedo<\/strong><br><strong>Fundhas<\/strong><\/p>\n\n\n\n<p>O Centro de Inova\u00e7\u00e3o Sul da Fundhas deu in\u00edcio, nesta semana, \u00e0s aulas de Contabilidade para uma turma de 30 atendidos, marcando o come\u00e7o do projeto Jovens do Futuro.<\/p>\n\n\n\n<p>A iniciativa \u00e9 realizada em parceria com a Assecon (Associa\u00e7\u00e3o das Empresas Cont\u00e1beis de S\u00e3o Jos\u00e9 dos Campos) e tem como objetivo capacitar os adolescentes e aproxim\u00e1-los do mercado de trabalho.<\/p>\n\n\n\n<p><strong>Parceria<\/strong><br><br>S\u00e9rgio dos Santos, contador e volunt\u00e1rio da Assecon, disse que a proposta vai al\u00e9m do ensino t\u00e9cnico.<\/p>\n\n\n\n<p>\u201cIniciamos aqui na Fundhas o projeto Jovens do Futuro. O objetivo \u00e9 capacitar e despertar nos adolescentes o interesse pela contabilidade e, ao mesmo tempo, integr\u00e1-los ao mercado. A ideia \u00e9 que, ao final dessa forma\u00e7\u00e3o, eles possam conquistar uma oportunidade de trabalho em um escrit\u00f3rio de contabilidade ou na \u00e1rea cont\u00e1bil de alguma empresa\u201d, destacou.<\/p>\n\n\n\n<p>S\u00e9rgio avaliou de forma positiva o primeiro encontro com os alunos. \u201cEu vi que os jovens corresponderam bem. Ainda \u00e9 algo novo para eles, um pouco confuso no come\u00e7o, mas faz parte do processo. Nosso objetivo nessa primeira aula foi apresentar a \u00e1rea e despertar a curiosidade\u201d, explicou.&nbsp;<\/p>\n\n\n\n<p><img fetchpriority=\"high\" decoding=\"async\" src=\"https:\/\/www.sjc.sp.gov.br\/media\/iv3lemdz\/assecon-aula-2.jpeg?rmode=max&amp;width=500&amp;height=375\" alt=\"\" width=\"500\" height=\"375\"><br><em><sup>Equipe da Assecon | Foto: PMSJC<\/sup><\/em><\/p>\n\n\n\n<p>Entre os estudantes, a expectativa \u00e9 grande. Lincoln de Almeida, de 14 anos, acredita que a experi\u00eancia poder\u00e1 impactar diretamente seu futuro profissional.<\/p>\n\n\n\n<p>\u201cEu achei muito interessante. Isso vai afetar muito o nosso futuro, principalmente como jovem aprendiz. Vai me ajudar a me concentrar mais nas aulas e a me dedicar para conquistar o que eu quero\u201d, contou.&nbsp;<\/p>\n\n\n\n<p><img decoding=\"async\" src=\"https:\/\/www.sjc.sp.gov.br\/media\/kz0g523u\/assecon-aula.jpeg?rmode=max&amp;width=500\" alt=\"\" width=\"500\" height=\"281\"><br><em><sup>Aula mar\u00e7ou o in\u00edcio do Projeto Jovens do Futuro | Foto: PMSJC<\/sup><\/em><\/p>\n\n\n\n<p>Maria Queiroz, de 15 anos, tamb\u00e9m destacou a import\u00e2ncia da primeira aula.<\/p>\n\n\n\n<p>\u201cGostei muito porque ele falou n\u00e3o s\u00f3 sobre Contabilidade, mas tamb\u00e9m sobre o nosso lado emocional e espiritual, sobre manter a calma e pensar no que queremos ser no futuro. Isso vai ajudar muita gente quando a gente entrar no mercado de trabalho\u201d, disse.&nbsp;<\/p>\n\n\n\n<p><\/p>\n","protected":false},"excerpt":{"rendered":"<p>Atualizado em 04\/03\/2026 \u2013 16:42 O objetivo \u00e9 capacitar os adolescentes, como Maria e Lincoln, e aproxim\u00e1-los do mercado de trabalho \u2013 Foto: PMSJC Henrique MacedoFundhas O Centro de Inova\u00e7\u00e3o Sul da Fundhas deu in\u00edcio, nesta semana, \u00e0s aulas de Contabilidade para uma turma de 30 atendidos, marcando o come\u00e7o do projeto Jovens do Futuro. [&hellip;]<\/p>\n","protected":false},"author":24,"featured_media":6058,"comment_status":"open","ping_status":"closed","sticky":false,"template":"","format":"standard","meta":{"_acf_changed":false,"_monsterinsights_skip_tracking":false,"_monsterinsights_sitenote_active":false,"_monsterinsights_sitenote_note":"","_monsterinsights_sitenote_category":0,"footnotes":""},"categories":[2],"tags":[],"class_list":{"0":"post-6057","1":"post","2":"type-post","3":"status-publish","4":"format-standard","5":"has-post-thumbnail","7":"category-noticias","8":"czr-hentry"},"acf":[],"yoast_head":"<!-- This site is optimized with the Yoast SEO plugin v26.6 - https:\/\/yoast.com\/wordpress\/plugins\/seo\/ -->\n<title>Fundhas inicia forma\u00e7\u00e3o em parceria com Assecon - CEPHAS<\/title>\n<meta name=\"robots\" content=\"index, follow, max-snippet:-1, max-image-preview:large, max-video-preview:-1\" \/>\n<link rel=\"canonical\" href=\"https:\/\/cephas.org.br\/index.php\/2026\/03\/05\/fundhas-inicia-formacao-em-parceria-com-assecon\/\" \/>\n<meta property=\"og:locale\" content=\"pt_BR\" \/>\n<meta property=\"og:type\" content=\"article\" \/>\n<meta property=\"og:title\" content=\"Fundhas inicia forma\u00e7\u00e3o em parceria com Assecon - CEPHAS\" \/>\n<meta property=\"og:description\" content=\"Atualizado em 04\/03\/2026 \u2013 16:42 O objetivo \u00e9 capacitar os adolescentes, como Maria e Lincoln, e aproxim\u00e1-los do mercado de trabalho \u2013 Foto: PMSJC Henrique MacedoFundhas O Centro de Inova\u00e7\u00e3o Sul da Fundhas deu in\u00edcio, nesta semana, \u00e0s aulas de Contabilidade para uma turma de 30 atendidos, marcando o come\u00e7o do projeto Jovens do Futuro. [&hellip;]\" \/>\n<meta property=\"og:url\" content=\"https:\/\/cephas.org.br\/index.php\/2026\/03\/05\/fundhas-inicia-formacao-em-parceria-com-assecon\/\" \/>\n<meta property=\"og:site_name\" content=\"CEPHAS\" \/>\n<meta property=\"article:published_time\" content=\"2026-03-05T11:09:48+00:00\" \/>\n<meta property=\"og:image\" content=\"http:\/\/cephas.org.br\/wp-content\/uploads\/2026\/03\/assecon-aula-1.jpeg\" \/>\n\t<meta property=\"og:image:width\" content=\"940\" \/>\n\t<meta property=\"og:image:height\" content=\"627\" \/>\n\t<meta property=\"og:image:type\" content=\"image\/jpeg\" \/>\n<meta name=\"author\" content=\"Marcos Machado\" \/>\n<meta name=\"twitter:card\" content=\"summary_large_image\" \/>\n<meta name=\"twitter:label1\" content=\"Escrito por\" \/>\n\t<meta name=\"twitter:data1\" content=\"Marcos Machado\" \/>\n\t<meta name=\"twitter:label2\" content=\"Est. tempo de leitura\" \/>\n\t<meta name=\"twitter:data2\" content=\"3 minutos\" \/>\n<script type=\"application\/ld+json\" class=\"yoast-schema-graph\">{\"@context\":\"https:\/\/schema.org\",\"@graph\":[{\"@type\":\"Article\",\"@id\":\"https:\/\/cephas.org.br\/index.php\/2026\/03\/05\/fundhas-inicia-formacao-em-parceria-com-assecon\/#article\",\"isPartOf\":{\"@id\":\"https:\/\/cephas.org.br\/index.php\/2026\/03\/05\/fundhas-inicia-formacao-em-parceria-com-assecon\/\"},\"author\":{\"name\":\"Marcos Machado\",\"@id\":\"https:\/\/cephas.org.br\/#\/schema\/person\/8e6142c0b1cf31f952550aeadf0ed1b8\"},\"headline\":\"Fundhas inicia forma\u00e7\u00e3o em parceria com Assecon\",\"datePublished\":\"2026-03-05T11:09:48+00:00\",\"mainEntityOfPage\":{\"@id\":\"https:\/\/cephas.org.br\/index.php\/2026\/03\/05\/fundhas-inicia-formacao-em-parceria-com-assecon\/\"},\"wordCount\":362,\"commentCount\":0,\"publisher\":{\"@id\":\"https:\/\/cephas.org.br\/#organization\"},\"image\":{\"@id\":\"https:\/\/cephas.org.br\/index.php\/2026\/03\/05\/fundhas-inicia-formacao-em-parceria-com-assecon\/#primaryimage\"},\"thumbnailUrl\":\"https:\/\/cephas.org.br\/wp-content\/uploads\/2026\/03\/assecon-aula-1.jpeg\",\"articleSection\":[\"Not\u00edcias\"],\"inLanguage\":\"pt-BR\",\"potentialAction\":[{\"@type\":\"CommentAction\",\"name\":\"Comment\",\"target\":[\"https:\/\/cephas.org.br\/index.php\/2026\/03\/05\/fundhas-inicia-formacao-em-parceria-com-assecon\/#respond\"]}]},{\"@type\":\"WebPage\",\"@id\":\"https:\/\/cephas.org.br\/index.php\/2026\/03\/05\/fundhas-inicia-formacao-em-parceria-com-assecon\/\",\"url\":\"https:\/\/cephas.org.br\/index.php\/2026\/03\/05\/fundhas-inicia-formacao-em-parceria-com-assecon\/\",\"name\":\"Fundhas inicia forma\u00e7\u00e3o em parceria com Assecon - CEPHAS\",\"isPartOf\":{\"@id\":\"https:\/\/cephas.org.br\/#website\"},\"primaryImageOfPage\":{\"@id\":\"https:\/\/cephas.org.br\/index.php\/2026\/03\/05\/fundhas-inicia-formacao-em-parceria-com-assecon\/#primaryimage\"},\"image\":{\"@id\":\"https:\/\/cephas.org.br\/index.php\/2026\/03\/05\/fundhas-inicia-formacao-em-parceria-com-assecon\/#primaryimage\"},\"thumbnailUrl\":\"https:\/\/cephas.org.br\/wp-content\/uploads\/2026\/03\/assecon-aula-1.jpeg\",\"datePublished\":\"2026-03-05T11:09:48+00:00\",\"breadcrumb\":{\"@id\":\"https:\/\/cephas.org.br\/index.php\/2026\/03\/05\/fundhas-inicia-formacao-em-parceria-com-assecon\/#breadcrumb\"},\"inLanguage\":\"pt-BR\",\"potentialAction\":[{\"@type\":\"ReadAction\",\"target\":[\"https:\/\/cephas.org.br\/index.php\/2026\/03\/05\/fundhas-inicia-formacao-em-parceria-com-assecon\/\"]}]},{\"@type\":\"ImageObject\",\"inLanguage\":\"pt-BR\",\"@id\":\"https:\/\/cephas.org.br\/index.php\/2026\/03\/05\/fundhas-inicia-formacao-em-parceria-com-assecon\/#primaryimage\",\"url\":\"https:\/\/cephas.org.br\/wp-content\/uploads\/2026\/03\/assecon-aula-1.jpeg\",\"contentUrl\":\"https:\/\/cephas.org.br\/wp-content\/uploads\/2026\/03\/assecon-aula-1.jpeg\",\"width\":940,\"height\":627},{\"@type\":\"BreadcrumbList\",\"@id\":\"https:\/\/cephas.org.br\/index.php\/2026\/03\/05\/fundhas-inicia-formacao-em-parceria-com-assecon\/#breadcrumb\",\"itemListElement\":[{\"@type\":\"ListItem\",\"position\":1,\"name\":\"In\u00edcio\",\"item\":\"https:\/\/cephas.org.br\/\"},{\"@type\":\"ListItem\",\"position\":2,\"name\":\"Fundhas inicia forma\u00e7\u00e3o em parceria com Assecon\"}]},{\"@type\":\"WebSite\",\"@id\":\"https:\/\/cephas.org.br\/#website\",\"url\":\"https:\/\/cephas.org.br\/\",\"name\":\"CEPHAS\",\"description\":\"\",\"publisher\":{\"@id\":\"https:\/\/cephas.org.br\/#organization\"},\"potentialAction\":[{\"@type\":\"SearchAction\",\"target\":{\"@type\":\"EntryPoint\",\"urlTemplate\":\"https:\/\/cephas.org.br\/?s={search_term_string}\"},\"query-input\":{\"@type\":\"PropertyValueSpecification\",\"valueRequired\":true,\"valueName\":\"search_term_string\"}}],\"inLanguage\":\"pt-BR\"},{\"@type\":\"Organization\",\"@id\":\"https:\/\/cephas.org.br\/#organization\",\"name\":\"CEPHAS\",\"url\":\"https:\/\/cephas.org.br\/\",\"logo\":{\"@type\":\"ImageObject\",\"inLanguage\":\"pt-BR\",\"@id\":\"https:\/\/cephas.org.br\/#\/schema\/logo\/image\/\",\"url\":\"https:\/\/cephas.org.br\/wp-content\/uploads\/2023\/10\/cropped-Assinaturas_CephasFundhas_Pref_Novo-10_Cor-small.png\",\"contentUrl\":\"https:\/\/cephas.org.br\/wp-content\/uploads\/2023\/10\/cropped-Assinaturas_CephasFundhas_Pref_Novo-10_Cor-small.png\",\"width\":812,\"height\":90,\"caption\":\"CEPHAS\"},\"image\":{\"@id\":\"https:\/\/cephas.org.br\/#\/schema\/logo\/image\/\"}},{\"@type\":\"Person\",\"@id\":\"https:\/\/cephas.org.br\/#\/schema\/person\/8e6142c0b1cf31f952550aeadf0ed1b8\",\"name\":\"Marcos Machado\",\"image\":{\"@type\":\"ImageObject\",\"inLanguage\":\"pt-BR\",\"@id\":\"https:\/\/cephas.org.br\/#\/schema\/person\/image\/\",\"url\":\"https:\/\/secure.gravatar.com\/avatar\/7c76f203cbe624b8e1512f1ff9ee41eb25e0099e56f2c7b541d114e78310c612?s=96&d=mm&r=g\",\"contentUrl\":\"https:\/\/secure.gravatar.com\/avatar\/7c76f203cbe624b8e1512f1ff9ee41eb25e0099e56f2c7b541d114e78310c612?s=96&d=mm&r=g\",\"caption\":\"Marcos Machado\"},\"url\":\"https:\/\/cephas.org.br\/index.php\/author\/marcos-machado\/\"}]}<\/script>\n<!-- \/ Yoast SEO plugin. -->","yoast_head_json":{"title":"Fundhas inicia forma\u00e7\u00e3o em parceria com Assecon - CEPHAS","robots":{"index":"index","follow":"follow","max-snippet":"max-snippet:-1","max-image-preview":"max-image-preview:large","max-video-preview":"max-video-preview:-1"},"canonical":"https:\/\/cephas.org.br\/index.php\/2026\/03\/05\/fundhas-inicia-formacao-em-parceria-com-assecon\/","og_locale":"pt_BR","og_type":"article","og_title":"Fundhas inicia forma\u00e7\u00e3o em parceria com Assecon - CEPHAS","og_description":"Atualizado em 04\/03\/2026 \u2013 16:42 O objetivo \u00e9 capacitar os adolescentes, como Maria e Lincoln, e aproxim\u00e1-los do mercado de trabalho \u2013 Foto: PMSJC Henrique MacedoFundhas O Centro de Inova\u00e7\u00e3o Sul da Fundhas deu in\u00edcio, nesta semana, \u00e0s aulas de Contabilidade para uma turma de 30 atendidos, marcando o come\u00e7o do projeto Jovens do Futuro. [&hellip;]","og_url":"https:\/\/cephas.org.br\/index.php\/2026\/03\/05\/fundhas-inicia-formacao-em-parceria-com-assecon\/","og_site_name":"CEPHAS","article_published_time":"2026-03-05T11:09:48+00:00","og_image":[{"width":940,"height":627,"url":"http:\/\/cephas.org.br\/wp-content\/uploads\/2026\/03\/assecon-aula-1.jpeg","type":"image\/jpeg"}],"author":"Marcos Machado","twitter_card":"summary_large_image","twitter_misc":{"Escrito por":"Marcos Machado","Est. tempo de leitura":"3 minutos"},"schema":{"@context":"https:\/\/schema.org","@graph":[{"@type":"Article","@id":"https:\/\/cephas.org.br\/index.php\/2026\/03\/05\/fundhas-inicia-formacao-em-parceria-com-assecon\/#article","isPartOf":{"@id":"https:\/\/cephas.org.br\/index.php\/2026\/03\/05\/fundhas-inicia-formacao-em-parceria-com-assecon\/"},"author":{"name":"Marcos Machado","@id":"https:\/\/cephas.org.br\/#\/schema\/person\/8e6142c0b1cf31f952550aeadf0ed1b8"},"headline":"Fundhas inicia forma\u00e7\u00e3o em parceria com Assecon","datePublished":"2026-03-05T11:09:48+00:00","mainEntityOfPage":{"@id":"https:\/\/cephas.org.br\/index.php\/2026\/03\/05\/fundhas-inicia-formacao-em-parceria-com-assecon\/"},"wordCount":362,"commentCount":0,"publisher":{"@id":"https:\/\/cephas.org.br\/#organization"},"image":{"@id":"https:\/\/cephas.org.br\/index.php\/2026\/03\/05\/fundhas-inicia-formacao-em-parceria-com-assecon\/#primaryimage"},"thumbnailUrl":"https:\/\/cephas.org.br\/wp-content\/uploads\/2026\/03\/assecon-aula-1.jpeg","articleSection":["Not\u00edcias"],"inLanguage":"pt-BR","potentialAction":[{"@type":"CommentAction","name":"Comment","target":["https:\/\/cephas.org.br\/index.php\/2026\/03\/05\/fundhas-inicia-formacao-em-parceria-com-assecon\/#respond"]}]},{"@type":"WebPage","@id":"https:\/\/cephas.org.br\/index.php\/2026\/03\/05\/fundhas-inicia-formacao-em-parceria-com-assecon\/","url":"https:\/\/cephas.org.br\/index.php\/2026\/03\/05\/fundhas-inicia-formacao-em-parceria-com-assecon\/","name":"Fundhas inicia forma\u00e7\u00e3o em parceria com Assecon - CEPHAS","isPartOf":{"@id":"https:\/\/cephas.org.br\/#website"},"primaryImageOfPage":{"@id":"https:\/\/cephas.org.br\/index.php\/2026\/03\/05\/fundhas-inicia-formacao-em-parceria-com-assecon\/#primaryimage"},"image":{"@id":"https:\/\/cephas.org.br\/index.php\/2026\/03\/05\/fundhas-inicia-formacao-em-parceria-com-assecon\/#primaryimage"},"thumbnailUrl":"https:\/\/cephas.org.br\/wp-content\/uploads\/2026\/03\/assecon-aula-1.jpeg","datePublished":"2026-03-05T11:09:48+00:00","breadcrumb":{"@id":"https:\/\/cephas.org.br\/index.php\/2026\/03\/05\/fundhas-inicia-formacao-em-parceria-com-assecon\/#breadcrumb"},"inLanguage":"pt-BR","potentialAction":[{"@type":"ReadAction","target":["https:\/\/cephas.org.br\/index.php\/2026\/03\/05\/fundhas-inicia-formacao-em-parceria-com-assecon\/"]}]},{"@type":"ImageObject","inLanguage":"pt-BR","@id":"https:\/\/cephas.org.br\/index.php\/2026\/03\/05\/fundhas-inicia-formacao-em-parceria-com-assecon\/#primaryimage","url":"https:\/\/cephas.org.br\/wp-content\/uploads\/2026\/03\/assecon-aula-1.jpeg","contentUrl":"https:\/\/cephas.org.br\/wp-content\/uploads\/2026\/03\/assecon-aula-1.jpeg","width":940,"height":627},{"@type":"BreadcrumbList","@id":"https:\/\/cephas.org.br\/index.php\/2026\/03\/05\/fundhas-inicia-formacao-em-parceria-com-assecon\/#breadcrumb","itemListElement":[{"@type":"ListItem","position":1,"name":"In\u00edcio","item":"https:\/\/cephas.org.br\/"},{"@type":"ListItem","position":2,"name":"Fundhas inicia forma\u00e7\u00e3o em parceria com Assecon"}]},{"@type":"WebSite","@id":"https:\/\/cephas.org.br\/#website","url":"https:\/\/cephas.org.br\/","name":"CEPHAS","description":"","publisher":{"@id":"https:\/\/cephas.org.br\/#organization"},"potentialAction":[{"@type":"SearchAction","target":{"@type":"EntryPoint","urlTemplate":"https:\/\/cephas.org.br\/?s={search_term_string}"},"query-input":{"@type":"PropertyValueSpecification","valueRequired":true,"valueName":"search_term_string"}}],"inLanguage":"pt-BR"},{"@type":"Organization","@id":"https:\/\/cephas.org.br\/#organization","name":"CEPHAS","url":"https:\/\/cephas.org.br\/","logo":{"@type":"ImageObject","inLanguage":"pt-BR","@id":"https:\/\/cephas.org.br\/#\/schema\/logo\/image\/","url":"https:\/\/cephas.org.br\/wp-content\/uploads\/2023\/10\/cropped-Assinaturas_CephasFundhas_Pref_Novo-10_Cor-small.png","contentUrl":"https:\/\/cephas.org.br\/wp-content\/uploads\/2023\/10\/cropped-Assinaturas_CephasFundhas_Pref_Novo-10_Cor-small.png","width":812,"height":90,"caption":"CEPHAS"},"image":{"@id":"https:\/\/cephas.org.br\/#\/schema\/logo\/image\/"}},{"@type":"Person","@id":"https:\/\/cephas.org.br\/#\/schema\/person\/8e6142c0b1cf31f952550aeadf0ed1b8","name":"Marcos Machado","image":{"@type":"ImageObject","inLanguage":"pt-BR","@id":"https:\/\/cephas.org.br\/#\/schema\/person\/image\/","url":"https:\/\/secure.gravatar.com\/avatar\/7c76f203cbe624b8e1512f1ff9ee41eb25e0099e56f2c7b541d114e78310c612?s=96&d=mm&r=g","contentUrl":"https:\/\/secure.gravatar.com\/avatar\/7c76f203cbe624b8e1512f1ff9ee41eb25e0099e56f2c7b541d114e78310c612?s=96&d=mm&r=g","caption":"Marcos Machado"},"url":"https:\/\/cephas.org.br\/index.php\/author\/marcos-machado\/"}]}},"_links":{"self":[{"href":"https:\/\/cephas.org.br\/index.php\/wp-json\/wp\/v2\/posts\/6057","targetHints":{"allow":["GET"]}}],"collection":[{"href":"https:\/\/cephas.org.br\/index.php\/wp-json\/wp\/v2\/posts"}],"about":[{"href":"https:\/\/cephas.org.br\/index.php\/wp-json\/wp\/v2\/types\/post"}],"author":[{"embeddable":true,"href":"https:\/\/cephas.org.br\/index.php\/wp-json\/wp\/v2\/users\/24"}],"replies":[{"embeddable":true,"href":"https:\/\/cephas.org.br\/index.php\/wp-json\/wp\/v2\/comments?post=6057"}],"version-history":[{"count":1,"href":"https:\/\/cephas.org.br\/index.php\/wp-json\/wp\/v2\/posts\/6057\/revisions"}],"predecessor-version":[{"id":6059,"href":"https:\/\/cephas.org.br\/index.php\/wp-json\/wp\/v2\/posts\/6057\/revisions\/6059"}],"wp:featuredmedia":[{"embeddable":true,"href":"https:\/\/cephas.org.br\/index.php\/wp-json\/wp\/v2\/media\/6058"}],"wp:attachment":[{"href":"https:\/\/cephas.org.br\/index.php\/wp-json\/wp\/v2\/media?parent=6057"}],"wp:term":[{"taxonomy":"category","embeddable":true,"href":"https:\/\/cephas.org.br\/index.php\/wp-json\/wp\/v2\/categories?post=6057"},{"taxonomy":"post_tag","embeddable":true,"href":"https:\/\/cephas.org.br\/index.php\/wp-json\/wp\/v2\/tags?post=6057"}],"curies":[{"name":"wp","href":"https:\/\/api.w.org\/{rel}","templated":true}]}}