{"id":6036,"date":"2026-01-27T16:40:28","date_gmt":"2026-01-27T19:40:28","guid":{"rendered":"https:\/\/cephas.org.br\/?p=6036"},"modified":"2026-01-27T16:40:28","modified_gmt":"2026-01-27T19:40:28","slug":"alunos-do-cephas-participam-de-palestra-com-fundador-do-inpe","status":"publish","type":"post","link":"https:\/\/cephas.org.br\/index.php\/2026\/01\/27\/alunos-do-cephas-participam-de-palestra-com-fundador-do-inpe\/","title":{"rendered":"Alunos do Cephas participam de palestra com fundador do INPE"},"content":{"rendered":"\n<p>Atualizado em 27\/01\/2026 &#8211; 15:32<\/p>\n\n\n\n<p><img decoding=\"async\" src=\"https:\/\/www.sjc.sp.gov.br\/media\/ug0fkslj\/palestra-fernando-de-mendon%C3%A7a-3.jpeg?width=940&amp;height=627&amp;v=1dc8f9ace427670\" alt=\"Dr. Fernando de Mendon\u00e7a compartilhou sua trajet\u00f3ria marcada pela educa\u00e7\u00e3o e pela ci\u00eancia \"><\/p>\n\n\n\n<p>Dr. Fernando, que est\u00e1 com 101 anos, refor\u00e7ou com os alunos sobre a import\u00e2ncia da forma\u00e7\u00e3o humana aliada ao conhecimento t\u00e9cnico &#8211; Foto: PMSJC<\/p>\n\n\n\n<p><strong>Henrique Macedo<\/strong><br><strong>Fundhas<\/strong><\/p>\n\n\n\n<p>Os alunos do Cephas (Col\u00e9gio de Educa\u00e7\u00e3o Profissional H\u00e9lio Augusto de Souza) participaram, nesta ter\u00e7a-feira (27), de uma palestra inspiradora com o engenheiro, pesquisador e pioneiro do programa espacial brasileiro, Dr. Fernando de Mendon\u00e7a, que compartilhou sua trajet\u00f3ria marcada pela educa\u00e7\u00e3o, ci\u00eancia e constru\u00e7\u00e3o coletiva do conhecimento.<\/p>\n\n\n\n<p>Durante o encontro, Dr. Fernando, que est\u00e1 com 101 anos, destacou a import\u00e2ncia da forma\u00e7\u00e3o humana aliada ao conhecimento t\u00e9cnico. \u201cHoje, \u00e9 fundamental unir as \u00e1reas humanas e exatas. Eu cheguei at\u00e9 aqui por meio do estudo e da educa\u00e7\u00e3o, que \u00e9 a coisa mais importante que existe\u201d, afirmou.<\/p>\n\n\n\n<p>Ele relembrou sua origem no interior do Cear\u00e1 e ressaltou que o avan\u00e7o profissional s\u00f3 foi poss\u00edvel gra\u00e7as \u00e0 dedica\u00e7\u00e3o aos estudos e ao trabalho em equipe.<\/p>\n\n\n\n<p><img fetchpriority=\"high\" decoding=\"async\" src=\"https:\/\/www.sjc.sp.gov.br\/media\/csvhxlh4\/palestra-fernando-de-mendon%C3%A7a-5.jpeg?rmode=max&amp;width=500&amp;height=375\" alt=\"\" width=\"500\" height=\"375\"><br><em><sup>Aos 101 anos, Mendon\u00e7a compartilhou hist\u00f3rias da brilhante carreira | Foto: Fundhas<\/sup><\/em><\/p>\n\n\n\n<p><strong>Experi\u00eancias de vida&nbsp;<\/strong><\/p>\n\n\n\n<p>O pesquisador tamb\u00e9m falou sobre a cria\u00e7\u00e3o do INPE (Instituto Nacional de Pesquisas Espaciais) e a relev\u00e2ncia das parcerias internacionais. Segundo ele, diante das limita\u00e7\u00f5es da \u00e9poca, foi essencial buscar apoio externo.&nbsp;<\/p>\n\n\n\n<p>\u201cSozinho ningu\u00e9m faz nada. As bolsas no Brasil n\u00e3o davam conta, ent\u00e3o conseguimos bolsas da NASA. Foram 15 anos colaborando em projetos da ag\u00eancia, em um n\u00edvel diferente do que existia no pa\u00eds naquele momento\u201d, explicou.<\/p>\n\n\n\n<p>Dr. Fernando ressaltou ainda o reconhecimento internacional alcan\u00e7ado pelo INPE, que chegou a figurar entre os 20 melhores institutos do mundo em rankings globais. Para ele, esse resultado \u00e9 fruto do ac\u00famulo de conhecimento e da valoriza\u00e7\u00e3o das pessoas. \u201cO maior patrim\u00f4nio \u00e9 o saber e as pessoas que o desenvolvem\u201d, destacou.<\/p>\n\n\n\n<p>Em sua fala, o palestrante tamb\u00e9m fez uma reflex\u00e3o sobre os desafios educacionais do Brasil, citando dados sobre o analfabetismo, e elogiou o modelo adotado em S\u00e3o Jos\u00e9 dos Campos.<\/p>\n\n\n\n<p>\u201cFelizmente, S\u00e3o Jos\u00e9 \u00e9 uma ilha de excel\u00eancia. A cidade tem uma pol\u00edtica p\u00fablica que investe em educa\u00e7\u00e3o e oferece oportunidades de forma igualit\u00e1ria, independentemente da condi\u00e7\u00e3o econ\u00f4mica\u201d, afirmou.<br><br><strong>Exemplo e inspira\u00e7\u00e3o<\/strong><\/p>\n\n\n\n<p>A palestra teve forte impacto entre os estudantes. Para Bianca Rosa, de 24 anos, estudante de Administra\u00e7\u00e3o, o encontro foi motivador. \u201cFoi super interessante e incentivador. Ele traz muitos exemplos de vida e mostra que o conhecimento nunca \u00e9 demais. Sempre vale a pena buscar novos caminhos e novos estudos\u201d, disse.<\/p>\n\n\n\n<p>J\u00e1 K\u00e1tia Cruz, estudante de Administra\u00e7\u00e3o, destacou como a palestra influenciou sua decis\u00e3o de seguir estudando. \u201cTenho 44 anos e estava em d\u00favida se continuava meus estudos. A fala dele me motivou muito e me mostrou que estou no caminho certo\u201d, contou.<br><br><img decoding=\"async\" src=\"https:\/\/www.sjc.sp.gov.br\/media\/dakakcqk\/palestra-fernando-de-mendon%C3%A7a-1.jpeg?rmode=max&amp;width=500&amp;height=375\" alt=\"\" width=\"500\" height=\"375\"><br><em><sup>K\u00e1tia e Bianca: fala do pesquisador passou inspira\u00e7\u00e3o e for\u00e7a para continuar os estudos | Foto: Fundhas<\/sup><\/em><\/p>\n\n\n\n<p>A estudante Manuele Rocha, de 20 anos, tamb\u00e9m se sentiu inspirada. \u201cA hist\u00f3ria dele \u00e9 incr\u00edvel. Tudo o que ele viveu, criou e construiu, aos 101 anos, inspira muita gente. Me motivou a seguir no curso e pensar ainda mais longe na minha carreira\u201d, afirmou.<\/p>\n","protected":false},"excerpt":{"rendered":"<p>Atualizado em 27\/01\/2026 &#8211; 15:32 Dr. Fernando, que est\u00e1 com 101 anos, refor\u00e7ou com os alunos sobre a import\u00e2ncia da forma\u00e7\u00e3o humana aliada ao conhecimento t\u00e9cnico &#8211; Foto: PMSJC Henrique MacedoFundhas Os alunos do Cephas (Col\u00e9gio de Educa\u00e7\u00e3o Profissional H\u00e9lio Augusto de Souza) participaram, nesta ter\u00e7a-feira (27), de uma palestra inspiradora com o engenheiro, pesquisador [&hellip;]<\/p>\n","protected":false},"author":24,"featured_media":6037,"comment_status":"open","ping_status":"closed","sticky":false,"template":"","format":"standard","meta":{"_acf_changed":false,"_monsterinsights_skip_tracking":false,"_monsterinsights_sitenote_active":false,"_monsterinsights_sitenote_note":"","_monsterinsights_sitenote_category":0,"footnotes":""},"categories":[2],"tags":[],"class_list":{"0":"post-6036","1":"post","2":"type-post","3":"status-publish","4":"format-standard","5":"has-post-thumbnail","7":"category-noticias","8":"czr-hentry"},"acf":[],"yoast_head":"<!-- This site is optimized with the Yoast SEO plugin v26.6 - https:\/\/yoast.com\/wordpress\/plugins\/seo\/ -->\n<title>Alunos do Cephas participam de palestra com fundador do INPE - CEPHAS<\/title>\n<meta name=\"robots\" content=\"index, follow, max-snippet:-1, max-image-preview:large, max-video-preview:-1\" \/>\n<link rel=\"canonical\" href=\"https:\/\/cephas.org.br\/index.php\/2026\/01\/27\/alunos-do-cephas-participam-de-palestra-com-fundador-do-inpe\/\" \/>\n<meta property=\"og:locale\" content=\"pt_BR\" \/>\n<meta property=\"og:type\" content=\"article\" \/>\n<meta property=\"og:title\" content=\"Alunos do Cephas participam de palestra com fundador do INPE - CEPHAS\" \/>\n<meta property=\"og:description\" content=\"Atualizado em 27\/01\/2026 &#8211; 15:32 Dr. Fernando, que est\u00e1 com 101 anos, refor\u00e7ou com os alunos sobre a import\u00e2ncia da forma\u00e7\u00e3o humana aliada ao conhecimento t\u00e9cnico &#8211; Foto: PMSJC Henrique MacedoFundhas Os alunos do Cephas (Col\u00e9gio de Educa\u00e7\u00e3o Profissional H\u00e9lio Augusto de Souza) participaram, nesta ter\u00e7a-feira (27), de uma palestra inspiradora com o engenheiro, pesquisador [&hellip;]\" \/>\n<meta property=\"og:url\" content=\"https:\/\/cephas.org.br\/index.php\/2026\/01\/27\/alunos-do-cephas-participam-de-palestra-com-fundador-do-inpe\/\" \/>\n<meta property=\"og:site_name\" content=\"CEPHAS\" \/>\n<meta property=\"article:published_time\" content=\"2026-01-27T19:40:28+00:00\" \/>\n<meta property=\"og:image\" content=\"http:\/\/cephas.org.br\/wp-content\/uploads\/2026\/01\/palestra-fernando-de-mendonca-3-1.jpeg\" \/>\n\t<meta property=\"og:image:width\" content=\"940\" \/>\n\t<meta property=\"og:image:height\" content=\"627\" \/>\n\t<meta property=\"og:image:type\" content=\"image\/jpeg\" \/>\n<meta name=\"author\" content=\"Marcos Machado\" \/>\n<meta name=\"twitter:card\" content=\"summary_large_image\" \/>\n<meta name=\"twitter:label1\" content=\"Escrito por\" \/>\n\t<meta name=\"twitter:data1\" content=\"Marcos Machado\" \/>\n\t<meta name=\"twitter:label2\" content=\"Est. tempo de leitura\" \/>\n\t<meta name=\"twitter:data2\" content=\"4 minutos\" \/>\n<script type=\"application\/ld+json\" class=\"yoast-schema-graph\">{\"@context\":\"https:\/\/schema.org\",\"@graph\":[{\"@type\":\"Article\",\"@id\":\"https:\/\/cephas.org.br\/index.php\/2026\/01\/27\/alunos-do-cephas-participam-de-palestra-com-fundador-do-inpe\/#article\",\"isPartOf\":{\"@id\":\"https:\/\/cephas.org.br\/index.php\/2026\/01\/27\/alunos-do-cephas-participam-de-palestra-com-fundador-do-inpe\/\"},\"author\":{\"name\":\"Marcos Machado\",\"@id\":\"https:\/\/cephas.org.br\/#\/schema\/person\/8e6142c0b1cf31f952550aeadf0ed1b8\"},\"headline\":\"Alunos do Cephas participam de palestra com fundador do INPE\",\"datePublished\":\"2026-01-27T19:40:28+00:00\",\"mainEntityOfPage\":{\"@id\":\"https:\/\/cephas.org.br\/index.php\/2026\/01\/27\/alunos-do-cephas-participam-de-palestra-com-fundador-do-inpe\/\"},\"wordCount\":558,\"commentCount\":0,\"publisher\":{\"@id\":\"https:\/\/cephas.org.br\/#organization\"},\"image\":{\"@id\":\"https:\/\/cephas.org.br\/index.php\/2026\/01\/27\/alunos-do-cephas-participam-de-palestra-com-fundador-do-inpe\/#primaryimage\"},\"thumbnailUrl\":\"https:\/\/cephas.org.br\/wp-content\/uploads\/2026\/01\/palestra-fernando-de-mendonca-3-1.jpeg\",\"articleSection\":[\"Not\u00edcias\"],\"inLanguage\":\"pt-BR\",\"potentialAction\":[{\"@type\":\"CommentAction\",\"name\":\"Comment\",\"target\":[\"https:\/\/cephas.org.br\/index.php\/2026\/01\/27\/alunos-do-cephas-participam-de-palestra-com-fundador-do-inpe\/#respond\"]}]},{\"@type\":\"WebPage\",\"@id\":\"https:\/\/cephas.org.br\/index.php\/2026\/01\/27\/alunos-do-cephas-participam-de-palestra-com-fundador-do-inpe\/\",\"url\":\"https:\/\/cephas.org.br\/index.php\/2026\/01\/27\/alunos-do-cephas-participam-de-palestra-com-fundador-do-inpe\/\",\"name\":\"Alunos do Cephas participam de palestra com fundador do INPE - CEPHAS\",\"isPartOf\":{\"@id\":\"https:\/\/cephas.org.br\/#website\"},\"primaryImageOfPage\":{\"@id\":\"https:\/\/cephas.org.br\/index.php\/2026\/01\/27\/alunos-do-cephas-participam-de-palestra-com-fundador-do-inpe\/#primaryimage\"},\"image\":{\"@id\":\"https:\/\/cephas.org.br\/index.php\/2026\/01\/27\/alunos-do-cephas-participam-de-palestra-com-fundador-do-inpe\/#primaryimage\"},\"thumbnailUrl\":\"https:\/\/cephas.org.br\/wp-content\/uploads\/2026\/01\/palestra-fernando-de-mendonca-3-1.jpeg\",\"datePublished\":\"2026-01-27T19:40:28+00:00\",\"breadcrumb\":{\"@id\":\"https:\/\/cephas.org.br\/index.php\/2026\/01\/27\/alunos-do-cephas-participam-de-palestra-com-fundador-do-inpe\/#breadcrumb\"},\"inLanguage\":\"pt-BR\",\"potentialAction\":[{\"@type\":\"ReadAction\",\"target\":[\"https:\/\/cephas.org.br\/index.php\/2026\/01\/27\/alunos-do-cephas-participam-de-palestra-com-fundador-do-inpe\/\"]}]},{\"@type\":\"ImageObject\",\"inLanguage\":\"pt-BR\",\"@id\":\"https:\/\/cephas.org.br\/index.php\/2026\/01\/27\/alunos-do-cephas-participam-de-palestra-com-fundador-do-inpe\/#primaryimage\",\"url\":\"https:\/\/cephas.org.br\/wp-content\/uploads\/2026\/01\/palestra-fernando-de-mendonca-3-1.jpeg\",\"contentUrl\":\"https:\/\/cephas.org.br\/wp-content\/uploads\/2026\/01\/palestra-fernando-de-mendonca-3-1.jpeg\",\"width\":940,\"height\":627},{\"@type\":\"BreadcrumbList\",\"@id\":\"https:\/\/cephas.org.br\/index.php\/2026\/01\/27\/alunos-do-cephas-participam-de-palestra-com-fundador-do-inpe\/#breadcrumb\",\"itemListElement\":[{\"@type\":\"ListItem\",\"position\":1,\"name\":\"In\u00edcio\",\"item\":\"https:\/\/cephas.org.br\/\"},{\"@type\":\"ListItem\",\"position\":2,\"name\":\"Alunos do Cephas participam de palestra com fundador do INPE\"}]},{\"@type\":\"WebSite\",\"@id\":\"https:\/\/cephas.org.br\/#website\",\"url\":\"https:\/\/cephas.org.br\/\",\"name\":\"CEPHAS\",\"description\":\"\",\"publisher\":{\"@id\":\"https:\/\/cephas.org.br\/#organization\"},\"potentialAction\":[{\"@type\":\"SearchAction\",\"target\":{\"@type\":\"EntryPoint\",\"urlTemplate\":\"https:\/\/cephas.org.br\/?s={search_term_string}\"},\"query-input\":{\"@type\":\"PropertyValueSpecification\",\"valueRequired\":true,\"valueName\":\"search_term_string\"}}],\"inLanguage\":\"pt-BR\"},{\"@type\":\"Organization\",\"@id\":\"https:\/\/cephas.org.br\/#organization\",\"name\":\"CEPHAS\",\"url\":\"https:\/\/cephas.org.br\/\",\"logo\":{\"@type\":\"ImageObject\",\"inLanguage\":\"pt-BR\",\"@id\":\"https:\/\/cephas.org.br\/#\/schema\/logo\/image\/\",\"url\":\"https:\/\/cephas.org.br\/wp-content\/uploads\/2023\/10\/cropped-Assinaturas_CephasFundhas_Pref_Novo-10_Cor-small.png\",\"contentUrl\":\"https:\/\/cephas.org.br\/wp-content\/uploads\/2023\/10\/cropped-Assinaturas_CephasFundhas_Pref_Novo-10_Cor-small.png\",\"width\":812,\"height\":90,\"caption\":\"CEPHAS\"},\"image\":{\"@id\":\"https:\/\/cephas.org.br\/#\/schema\/logo\/image\/\"}},{\"@type\":\"Person\",\"@id\":\"https:\/\/cephas.org.br\/#\/schema\/person\/8e6142c0b1cf31f952550aeadf0ed1b8\",\"name\":\"Marcos Machado\",\"image\":{\"@type\":\"ImageObject\",\"inLanguage\":\"pt-BR\",\"@id\":\"https:\/\/cephas.org.br\/#\/schema\/person\/image\/\",\"url\":\"https:\/\/secure.gravatar.com\/avatar\/7c76f203cbe624b8e1512f1ff9ee41eb25e0099e56f2c7b541d114e78310c612?s=96&d=mm&r=g\",\"contentUrl\":\"https:\/\/secure.gravatar.com\/avatar\/7c76f203cbe624b8e1512f1ff9ee41eb25e0099e56f2c7b541d114e78310c612?s=96&d=mm&r=g\",\"caption\":\"Marcos Machado\"},\"url\":\"https:\/\/cephas.org.br\/index.php\/author\/marcos-machado\/\"}]}<\/script>\n<!-- \/ Yoast SEO plugin. -->","yoast_head_json":{"title":"Alunos do Cephas participam de palestra com fundador do INPE - CEPHAS","robots":{"index":"index","follow":"follow","max-snippet":"max-snippet:-1","max-image-preview":"max-image-preview:large","max-video-preview":"max-video-preview:-1"},"canonical":"https:\/\/cephas.org.br\/index.php\/2026\/01\/27\/alunos-do-cephas-participam-de-palestra-com-fundador-do-inpe\/","og_locale":"pt_BR","og_type":"article","og_title":"Alunos do Cephas participam de palestra com fundador do INPE - CEPHAS","og_description":"Atualizado em 27\/01\/2026 &#8211; 15:32 Dr. Fernando, que est\u00e1 com 101 anos, refor\u00e7ou com os alunos sobre a import\u00e2ncia da forma\u00e7\u00e3o humana aliada ao conhecimento t\u00e9cnico &#8211; Foto: PMSJC Henrique MacedoFundhas Os alunos do Cephas (Col\u00e9gio de Educa\u00e7\u00e3o Profissional H\u00e9lio Augusto de Souza) participaram, nesta ter\u00e7a-feira (27), de uma palestra inspiradora com o engenheiro, pesquisador [&hellip;]","og_url":"https:\/\/cephas.org.br\/index.php\/2026\/01\/27\/alunos-do-cephas-participam-de-palestra-com-fundador-do-inpe\/","og_site_name":"CEPHAS","article_published_time":"2026-01-27T19:40:28+00:00","og_image":[{"width":940,"height":627,"url":"http:\/\/cephas.org.br\/wp-content\/uploads\/2026\/01\/palestra-fernando-de-mendonca-3-1.jpeg","type":"image\/jpeg"}],"author":"Marcos Machado","twitter_card":"summary_large_image","twitter_misc":{"Escrito por":"Marcos Machado","Est. tempo de leitura":"4 minutos"},"schema":{"@context":"https:\/\/schema.org","@graph":[{"@type":"Article","@id":"https:\/\/cephas.org.br\/index.php\/2026\/01\/27\/alunos-do-cephas-participam-de-palestra-com-fundador-do-inpe\/#article","isPartOf":{"@id":"https:\/\/cephas.org.br\/index.php\/2026\/01\/27\/alunos-do-cephas-participam-de-palestra-com-fundador-do-inpe\/"},"author":{"name":"Marcos Machado","@id":"https:\/\/cephas.org.br\/#\/schema\/person\/8e6142c0b1cf31f952550aeadf0ed1b8"},"headline":"Alunos do Cephas participam de palestra com fundador do INPE","datePublished":"2026-01-27T19:40:28+00:00","mainEntityOfPage":{"@id":"https:\/\/cephas.org.br\/index.php\/2026\/01\/27\/alunos-do-cephas-participam-de-palestra-com-fundador-do-inpe\/"},"wordCount":558,"commentCount":0,"publisher":{"@id":"https:\/\/cephas.org.br\/#organization"},"image":{"@id":"https:\/\/cephas.org.br\/index.php\/2026\/01\/27\/alunos-do-cephas-participam-de-palestra-com-fundador-do-inpe\/#primaryimage"},"thumbnailUrl":"https:\/\/cephas.org.br\/wp-content\/uploads\/2026\/01\/palestra-fernando-de-mendonca-3-1.jpeg","articleSection":["Not\u00edcias"],"inLanguage":"pt-BR","potentialAction":[{"@type":"CommentAction","name":"Comment","target":["https:\/\/cephas.org.br\/index.php\/2026\/01\/27\/alunos-do-cephas-participam-de-palestra-com-fundador-do-inpe\/#respond"]}]},{"@type":"WebPage","@id":"https:\/\/cephas.org.br\/index.php\/2026\/01\/27\/alunos-do-cephas-participam-de-palestra-com-fundador-do-inpe\/","url":"https:\/\/cephas.org.br\/index.php\/2026\/01\/27\/alunos-do-cephas-participam-de-palestra-com-fundador-do-inpe\/","name":"Alunos do Cephas participam de palestra com fundador do INPE - CEPHAS","isPartOf":{"@id":"https:\/\/cephas.org.br\/#website"},"primaryImageOfPage":{"@id":"https:\/\/cephas.org.br\/index.php\/2026\/01\/27\/alunos-do-cephas-participam-de-palestra-com-fundador-do-inpe\/#primaryimage"},"image":{"@id":"https:\/\/cephas.org.br\/index.php\/2026\/01\/27\/alunos-do-cephas-participam-de-palestra-com-fundador-do-inpe\/#primaryimage"},"thumbnailUrl":"https:\/\/cephas.org.br\/wp-content\/uploads\/2026\/01\/palestra-fernando-de-mendonca-3-1.jpeg","datePublished":"2026-01-27T19:40:28+00:00","breadcrumb":{"@id":"https:\/\/cephas.org.br\/index.php\/2026\/01\/27\/alunos-do-cephas-participam-de-palestra-com-fundador-do-inpe\/#breadcrumb"},"inLanguage":"pt-BR","potentialAction":[{"@type":"ReadAction","target":["https:\/\/cephas.org.br\/index.php\/2026\/01\/27\/alunos-do-cephas-participam-de-palestra-com-fundador-do-inpe\/"]}]},{"@type":"ImageObject","inLanguage":"pt-BR","@id":"https:\/\/cephas.org.br\/index.php\/2026\/01\/27\/alunos-do-cephas-participam-de-palestra-com-fundador-do-inpe\/#primaryimage","url":"https:\/\/cephas.org.br\/wp-content\/uploads\/2026\/01\/palestra-fernando-de-mendonca-3-1.jpeg","contentUrl":"https:\/\/cephas.org.br\/wp-content\/uploads\/2026\/01\/palestra-fernando-de-mendonca-3-1.jpeg","width":940,"height":627},{"@type":"BreadcrumbList","@id":"https:\/\/cephas.org.br\/index.php\/2026\/01\/27\/alunos-do-cephas-participam-de-palestra-com-fundador-do-inpe\/#breadcrumb","itemListElement":[{"@type":"ListItem","position":1,"name":"In\u00edcio","item":"https:\/\/cephas.org.br\/"},{"@type":"ListItem","position":2,"name":"Alunos do Cephas participam de palestra com fundador do INPE"}]},{"@type":"WebSite","@id":"https:\/\/cephas.org.br\/#website","url":"https:\/\/cephas.org.br\/","name":"CEPHAS","description":"","publisher":{"@id":"https:\/\/cephas.org.br\/#organization"},"potentialAction":[{"@type":"SearchAction","target":{"@type":"EntryPoint","urlTemplate":"https:\/\/cephas.org.br\/?s={search_term_string}"},"query-input":{"@type":"PropertyValueSpecification","valueRequired":true,"valueName":"search_term_string"}}],"inLanguage":"pt-BR"},{"@type":"Organization","@id":"https:\/\/cephas.org.br\/#organization","name":"CEPHAS","url":"https:\/\/cephas.org.br\/","logo":{"@type":"ImageObject","inLanguage":"pt-BR","@id":"https:\/\/cephas.org.br\/#\/schema\/logo\/image\/","url":"https:\/\/cephas.org.br\/wp-content\/uploads\/2023\/10\/cropped-Assinaturas_CephasFundhas_Pref_Novo-10_Cor-small.png","contentUrl":"https:\/\/cephas.org.br\/wp-content\/uploads\/2023\/10\/cropped-Assinaturas_CephasFundhas_Pref_Novo-10_Cor-small.png","width":812,"height":90,"caption":"CEPHAS"},"image":{"@id":"https:\/\/cephas.org.br\/#\/schema\/logo\/image\/"}},{"@type":"Person","@id":"https:\/\/cephas.org.br\/#\/schema\/person\/8e6142c0b1cf31f952550aeadf0ed1b8","name":"Marcos Machado","image":{"@type":"ImageObject","inLanguage":"pt-BR","@id":"https:\/\/cephas.org.br\/#\/schema\/person\/image\/","url":"https:\/\/secure.gravatar.com\/avatar\/7c76f203cbe624b8e1512f1ff9ee41eb25e0099e56f2c7b541d114e78310c612?s=96&d=mm&r=g","contentUrl":"https:\/\/secure.gravatar.com\/avatar\/7c76f203cbe624b8e1512f1ff9ee41eb25e0099e56f2c7b541d114e78310c612?s=96&d=mm&r=g","caption":"Marcos Machado"},"url":"https:\/\/cephas.org.br\/index.php\/author\/marcos-machado\/"}]}},"_links":{"self":[{"href":"https:\/\/cephas.org.br\/index.php\/wp-json\/wp\/v2\/posts\/6036","targetHints":{"allow":["GET"]}}],"collection":[{"href":"https:\/\/cephas.org.br\/index.php\/wp-json\/wp\/v2\/posts"}],"about":[{"href":"https:\/\/cephas.org.br\/index.php\/wp-json\/wp\/v2\/types\/post"}],"author":[{"embeddable":true,"href":"https:\/\/cephas.org.br\/index.php\/wp-json\/wp\/v2\/users\/24"}],"replies":[{"embeddable":true,"href":"https:\/\/cephas.org.br\/index.php\/wp-json\/wp\/v2\/comments?post=6036"}],"version-history":[{"count":1,"href":"https:\/\/cephas.org.br\/index.php\/wp-json\/wp\/v2\/posts\/6036\/revisions"}],"predecessor-version":[{"id":6038,"href":"https:\/\/cephas.org.br\/index.php\/wp-json\/wp\/v2\/posts\/6036\/revisions\/6038"}],"wp:featuredmedia":[{"embeddable":true,"href":"https:\/\/cephas.org.br\/index.php\/wp-json\/wp\/v2\/media\/6037"}],"wp:attachment":[{"href":"https:\/\/cephas.org.br\/index.php\/wp-json\/wp\/v2\/media?parent=6036"}],"wp:term":[{"taxonomy":"category","embeddable":true,"href":"https:\/\/cephas.org.br\/index.php\/wp-json\/wp\/v2\/categories?post=6036"},{"taxonomy":"post_tag","embeddable":true,"href":"https:\/\/cephas.org.br\/index.php\/wp-json\/wp\/v2\/tags?post=6036"}],"curies":[{"name":"wp","href":"https:\/\/api.w.org\/{rel}","templated":true}]}}