{"id":6033,"date":"2026-01-27T07:55:10","date_gmt":"2026-01-27T10:55:10","guid":{"rendered":"https:\/\/cephas.org.br\/?p=6033"},"modified":"2026-01-27T07:55:11","modified_gmt":"2026-01-27T10:55:11","slug":"prefeitura-entrega-nova-unidade-da-fundhas-no-limoeiro","status":"publish","type":"post","link":"https:\/\/cephas.org.br\/index.php\/2026\/01\/27\/prefeitura-entrega-nova-unidade-da-fundhas-no-limoeiro\/","title":{"rendered":"Prefeitura entrega nova unidade da Fundhas no Limoeiro"},"content":{"rendered":"\n<p>Atualizado em 26\/01\/2026 &#8211; 18:50<\/p>\n\n\n\n<p><img decoding=\"async\" src=\"https:\/\/www.sjc.sp.gov.br\/media\/wyoopwum\/img_0286_claudio_vieira.jpg?width=940&amp;height=627&amp;v=1dc8ef158e66930\" alt=\"Entrega da Unidade Limoeiro Fundhas. Foto: Claudio Vieira\/PMSJC 26-01-2026  \"><\/p>\n\n\n\n<p>Ser\u00e3o oferecidos cursos voltados para as demandas da regi\u00e3o; entrega \u00e0 comunidade aconteceu nesta segunda (26) &#8211; Foto: Claudio Vieira\/PMSJC<\/p>\n\n\n\n<p><strong>Henrique Macedo<\/strong><br><strong>Fundhas<\/strong><\/p>\n\n\n\n<p>A Prefeitura de S\u00e3o Jos\u00e9 dos Campos entregou nesta segunda-feira (26) a nova unidade Limoeiro da Funda\u00e7\u00e3o H\u00e9lio Augusto de Souza (Fundhas), localizada no bairro de mesmo nome, na zona oeste da cidade. A entrega do espa\u00e7o contou com a presen\u00e7a de autoridades, estudantes, funcion\u00e1rios e moradores da regi\u00e3o.<\/p>\n\n\n\n<p>A unidade, que conta com a participa\u00e7\u00e3o do Cephas (Col\u00e9gio de Educa\u00e7\u00e3o Profissional H\u00e9lio Augusto de Souza), foi concebida para oferecer cursos de forma\u00e7\u00e3o alinhados \u00e0s demandas locais, contribuindo para a inclus\u00e3o social e a qualifica\u00e7\u00e3o profissional.<\/p>\n\n\n\n<p>O novo espa\u00e7o passou a contar com quatro salas destinadas aos cursos, uma sala multiuso, refeit\u00f3rio, sala de inform\u00e1tica e quadra, garantindo infraestrutura adequada para atividades educacionais, esportivas e de conviv\u00eancia.&nbsp;<br><img fetchpriority=\"high\" decoding=\"async\" src=\"https:\/\/www.sjc.sp.gov.br\/media\/fohdvetb\/img_0392_claudio_vieira.jpg?rmode=max&amp;width=500\" alt=\"\" width=\"500\" height=\"334\"><br><em><sup>Duas turmas j\u00e1 iniciaram as aulas nesta segunda-feira (26) | Foto: Claudio Vieira\/PMSJC<\/sup><\/em><\/p>\n\n\n\n<p>Os cursos ser\u00e3o oferecidos por meio de parcerias com o Sistema S e com o Qualifica, programa da Prefeitura. Duas turmas j\u00e1 iniciaram os cursos de Operador de Log\u00edstica e T\u00e9cnicas para Execu\u00e7\u00e3o e Montagem de Circuitos El\u00e9tricos Prediais.&nbsp;<br><br><strong>Oportunidades<\/strong><\/p>\n\n\n\n<p>Durante o evento, alunos e moradores da regi\u00e3o destacaram a import\u00e2ncia da Fundhas como oportunidade de crescimento pessoal e profissional.<\/p>\n\n\n\n<p>Maria Eduarda Ferreira, de 25 anos, ressaltou que buscou o curso de coordenador de log\u00edstica com o objetivo de abrir o pr\u00f3prio neg\u00f3cio. \u201cPara empreender, \u00e9 preciso entender um pouco de tudo, e o curso ajuda muito nisso\u201d, afirmou, demonstrando entusiasmo com a oportunidade.<\/p>\n\n\n\n<p><img decoding=\"async\" src=\"https:\/\/www.sjc.sp.gov.br\/media\/fgolabm1\/entrega-limoeiro-4.jpeg?rmode=max&amp;width=500&amp;height=375\" alt=\"\" width=\"500\" height=\"375\"><br><em><sup>Maria Eduarda quer empreender | Foto: Fundhas<\/sup><\/em><\/p>\n\n\n\n<p>Filipe Gabriel Souza Santos, morador do Jardim das Ind\u00fastrias, contou que est\u00e1 desempregado e viu no curso uma chance de recoloca\u00e7\u00e3o no mercado de trabalho.<\/p>\n\n\n\n<p>Cozinheiro de profiss\u00e3o, ele explicou que decidiu aproveitar a chance gratuita, ao saber da iniciativa por meio de amigos e da imprensa. \u201cO mercado n\u00e3o est\u00e1 f\u00e1cil, ent\u00e3o a gente precisa agarrar as oportunidades que aparecem\u201d, destacou.<\/p>\n\n\n\n<p>Moradora do Limoeiro, Tain\u00e1 Joana da Silva, que cursa Pedagogia e atua na \u00e1rea da educa\u00e7\u00e3o, elogiou a estrutura do espa\u00e7o e o potencial para atender adultos da regi\u00e3o. Segundo ela, a entrega representa mais uma possibilidade de acesso \u00e0 forma\u00e7\u00e3o e despertou o interesse em se inscrever em futuros cursos.<\/p>\n\n\n\n<p><img decoding=\"async\" src=\"https:\/\/www.sjc.sp.gov.br\/media\/txsndifn\/entrega-limoeiro-3.jpeg?rmode=max&amp;width=500&amp;height=375\" alt=\"\" width=\"500\" height=\"375\"><br><em><sup>Tain\u00e1 aprovou a nova unidade | Foto: Fundhas<\/sup><\/em><\/p>\n\n\n\n<p>A professora Dilza Corr\u00eaa, moradora do Jardim P\u00f4r do Sol e uma das primeiras residentes do loteamento, destacou a import\u00e2ncia da retomada do espa\u00e7o, que anteriormente atendia alunos mais jovens. Para ela, a continuidade das atividades educacionais no local \u00e9 fundamental para a comunidade.<\/p>\n\n\n\n<p>\u201c\u00c9 maravilhoso ver que esse espa\u00e7o volta a servir a popula\u00e7\u00e3o\u201d, destacou.<\/p>\n\n\n\n<p>Com sentimento semelhante, a professora de educa\u00e7\u00e3o infantil Gisele de Siqueira, moradora da regi\u00e3o h\u00e1 38 anos, classificou a entrega dos novos espa\u00e7os como um sonho para a comunidade. Ela ressaltou que a regi\u00e3o vem crescendo e que a qualifica\u00e7\u00e3o profissional \u00e9 essencial para acompanhar esse desenvolvimento.<\/p>\n\n\n\n<p>\u201cN\u00e3o adianta crescer sem educa\u00e7\u00e3o e capacita\u00e7\u00e3o. Esses cursos s\u00e3o uma ponte para o futuro da comunidade\u201d, afirmou.<\/p>\n\n\n\n<p>A Fundhas Limoeiro passou a ser mais um polo de forma\u00e7\u00e3o para os mun\u00edcipes, reafirmando o compromisso da Prefeitura e da Funda\u00e7\u00e3o com uma educa\u00e7\u00e3o p\u00fablica de qualidade, acess\u00edvel e transformadora.<\/p>\n","protected":false},"excerpt":{"rendered":"<p>Atualizado em 26\/01\/2026 &#8211; 18:50 Ser\u00e3o oferecidos cursos voltados para as demandas da regi\u00e3o; entrega \u00e0 comunidade aconteceu nesta segunda (26) &#8211; Foto: Claudio Vieira\/PMSJC Henrique MacedoFundhas A Prefeitura de S\u00e3o Jos\u00e9 dos Campos entregou nesta segunda-feira (26) a nova unidade Limoeiro da Funda\u00e7\u00e3o H\u00e9lio Augusto de Souza (Fundhas), localizada no bairro de mesmo nome, [&hellip;]<\/p>\n","protected":false},"author":24,"featured_media":6034,"comment_status":"open","ping_status":"closed","sticky":false,"template":"","format":"standard","meta":{"_acf_changed":false,"_monsterinsights_skip_tracking":false,"_monsterinsights_sitenote_active":false,"_monsterinsights_sitenote_note":"","_monsterinsights_sitenote_category":0,"footnotes":""},"categories":[2],"tags":[],"class_list":{"0":"post-6033","1":"post","2":"type-post","3":"status-publish","4":"format-standard","5":"has-post-thumbnail","7":"category-noticias","8":"czr-hentry"},"acf":[],"yoast_head":"<!-- This site is optimized with the Yoast SEO plugin v26.6 - https:\/\/yoast.com\/wordpress\/plugins\/seo\/ -->\n<title>Prefeitura entrega nova unidade da Fundhas no Limoeiro - CEPHAS<\/title>\n<meta name=\"robots\" content=\"index, follow, max-snippet:-1, max-image-preview:large, max-video-preview:-1\" \/>\n<link rel=\"canonical\" href=\"https:\/\/cephas.org.br\/index.php\/2026\/01\/27\/prefeitura-entrega-nova-unidade-da-fundhas-no-limoeiro\/\" \/>\n<meta property=\"og:locale\" content=\"pt_BR\" \/>\n<meta property=\"og:type\" content=\"article\" \/>\n<meta property=\"og:title\" content=\"Prefeitura entrega nova unidade da Fundhas no Limoeiro - CEPHAS\" \/>\n<meta property=\"og:description\" content=\"Atualizado em 26\/01\/2026 &#8211; 18:50 Ser\u00e3o oferecidos cursos voltados para as demandas da regi\u00e3o; entrega \u00e0 comunidade aconteceu nesta segunda (26) &#8211; Foto: Claudio Vieira\/PMSJC Henrique MacedoFundhas A Prefeitura de S\u00e3o Jos\u00e9 dos Campos entregou nesta segunda-feira (26) a nova unidade Limoeiro da Funda\u00e7\u00e3o H\u00e9lio Augusto de Souza (Fundhas), localizada no bairro de mesmo nome, [&hellip;]\" \/>\n<meta property=\"og:url\" content=\"https:\/\/cephas.org.br\/index.php\/2026\/01\/27\/prefeitura-entrega-nova-unidade-da-fundhas-no-limoeiro\/\" \/>\n<meta property=\"og:site_name\" content=\"CEPHAS\" \/>\n<meta property=\"article:published_time\" content=\"2026-01-27T10:55:10+00:00\" \/>\n<meta property=\"article:modified_time\" content=\"2026-01-27T10:55:11+00:00\" \/>\n<meta property=\"og:image\" content=\"http:\/\/cephas.org.br\/wp-content\/uploads\/2026\/01\/img_0286_claudio_vieira.jpg\" \/>\n\t<meta property=\"og:image:width\" content=\"940\" \/>\n\t<meta property=\"og:image:height\" content=\"627\" \/>\n\t<meta property=\"og:image:type\" content=\"image\/jpeg\" \/>\n<meta name=\"author\" content=\"Marcos Machado\" \/>\n<meta name=\"twitter:card\" content=\"summary_large_image\" \/>\n<meta name=\"twitter:label1\" content=\"Escrito por\" \/>\n\t<meta name=\"twitter:data1\" content=\"Marcos Machado\" \/>\n\t<meta name=\"twitter:label2\" content=\"Est. tempo de leitura\" \/>\n\t<meta name=\"twitter:data2\" content=\"4 minutos\" \/>\n<script type=\"application\/ld+json\" class=\"yoast-schema-graph\">{\"@context\":\"https:\/\/schema.org\",\"@graph\":[{\"@type\":\"Article\",\"@id\":\"https:\/\/cephas.org.br\/index.php\/2026\/01\/27\/prefeitura-entrega-nova-unidade-da-fundhas-no-limoeiro\/#article\",\"isPartOf\":{\"@id\":\"https:\/\/cephas.org.br\/index.php\/2026\/01\/27\/prefeitura-entrega-nova-unidade-da-fundhas-no-limoeiro\/\"},\"author\":{\"name\":\"Marcos Machado\",\"@id\":\"https:\/\/cephas.org.br\/#\/schema\/person\/8e6142c0b1cf31f952550aeadf0ed1b8\"},\"headline\":\"Prefeitura entrega nova unidade da Fundhas no Limoeiro\",\"datePublished\":\"2026-01-27T10:55:10+00:00\",\"dateModified\":\"2026-01-27T10:55:11+00:00\",\"mainEntityOfPage\":{\"@id\":\"https:\/\/cephas.org.br\/index.php\/2026\/01\/27\/prefeitura-entrega-nova-unidade-da-fundhas-no-limoeiro\/\"},\"wordCount\":599,\"commentCount\":0,\"publisher\":{\"@id\":\"https:\/\/cephas.org.br\/#organization\"},\"image\":{\"@id\":\"https:\/\/cephas.org.br\/index.php\/2026\/01\/27\/prefeitura-entrega-nova-unidade-da-fundhas-no-limoeiro\/#primaryimage\"},\"thumbnailUrl\":\"https:\/\/cephas.org.br\/wp-content\/uploads\/2026\/01\/img_0286_claudio_vieira.jpg\",\"articleSection\":[\"Not\u00edcias\"],\"inLanguage\":\"pt-BR\",\"potentialAction\":[{\"@type\":\"CommentAction\",\"name\":\"Comment\",\"target\":[\"https:\/\/cephas.org.br\/index.php\/2026\/01\/27\/prefeitura-entrega-nova-unidade-da-fundhas-no-limoeiro\/#respond\"]}]},{\"@type\":\"WebPage\",\"@id\":\"https:\/\/cephas.org.br\/index.php\/2026\/01\/27\/prefeitura-entrega-nova-unidade-da-fundhas-no-limoeiro\/\",\"url\":\"https:\/\/cephas.org.br\/index.php\/2026\/01\/27\/prefeitura-entrega-nova-unidade-da-fundhas-no-limoeiro\/\",\"name\":\"Prefeitura entrega nova unidade da Fundhas no Limoeiro - CEPHAS\",\"isPartOf\":{\"@id\":\"https:\/\/cephas.org.br\/#website\"},\"primaryImageOfPage\":{\"@id\":\"https:\/\/cephas.org.br\/index.php\/2026\/01\/27\/prefeitura-entrega-nova-unidade-da-fundhas-no-limoeiro\/#primaryimage\"},\"image\":{\"@id\":\"https:\/\/cephas.org.br\/index.php\/2026\/01\/27\/prefeitura-entrega-nova-unidade-da-fundhas-no-limoeiro\/#primaryimage\"},\"thumbnailUrl\":\"https:\/\/cephas.org.br\/wp-content\/uploads\/2026\/01\/img_0286_claudio_vieira.jpg\",\"datePublished\":\"2026-01-27T10:55:10+00:00\",\"dateModified\":\"2026-01-27T10:55:11+00:00\",\"breadcrumb\":{\"@id\":\"https:\/\/cephas.org.br\/index.php\/2026\/01\/27\/prefeitura-entrega-nova-unidade-da-fundhas-no-limoeiro\/#breadcrumb\"},\"inLanguage\":\"pt-BR\",\"potentialAction\":[{\"@type\":\"ReadAction\",\"target\":[\"https:\/\/cephas.org.br\/index.php\/2026\/01\/27\/prefeitura-entrega-nova-unidade-da-fundhas-no-limoeiro\/\"]}]},{\"@type\":\"ImageObject\",\"inLanguage\":\"pt-BR\",\"@id\":\"https:\/\/cephas.org.br\/index.php\/2026\/01\/27\/prefeitura-entrega-nova-unidade-da-fundhas-no-limoeiro\/#primaryimage\",\"url\":\"https:\/\/cephas.org.br\/wp-content\/uploads\/2026\/01\/img_0286_claudio_vieira.jpg\",\"contentUrl\":\"https:\/\/cephas.org.br\/wp-content\/uploads\/2026\/01\/img_0286_claudio_vieira.jpg\",\"width\":940,\"height\":627},{\"@type\":\"BreadcrumbList\",\"@id\":\"https:\/\/cephas.org.br\/index.php\/2026\/01\/27\/prefeitura-entrega-nova-unidade-da-fundhas-no-limoeiro\/#breadcrumb\",\"itemListElement\":[{\"@type\":\"ListItem\",\"position\":1,\"name\":\"In\u00edcio\",\"item\":\"https:\/\/cephas.org.br\/\"},{\"@type\":\"ListItem\",\"position\":2,\"name\":\"Prefeitura entrega nova unidade da Fundhas no Limoeiro\"}]},{\"@type\":\"WebSite\",\"@id\":\"https:\/\/cephas.org.br\/#website\",\"url\":\"https:\/\/cephas.org.br\/\",\"name\":\"CEPHAS\",\"description\":\"\",\"publisher\":{\"@id\":\"https:\/\/cephas.org.br\/#organization\"},\"potentialAction\":[{\"@type\":\"SearchAction\",\"target\":{\"@type\":\"EntryPoint\",\"urlTemplate\":\"https:\/\/cephas.org.br\/?s={search_term_string}\"},\"query-input\":{\"@type\":\"PropertyValueSpecification\",\"valueRequired\":true,\"valueName\":\"search_term_string\"}}],\"inLanguage\":\"pt-BR\"},{\"@type\":\"Organization\",\"@id\":\"https:\/\/cephas.org.br\/#organization\",\"name\":\"CEPHAS\",\"url\":\"https:\/\/cephas.org.br\/\",\"logo\":{\"@type\":\"ImageObject\",\"inLanguage\":\"pt-BR\",\"@id\":\"https:\/\/cephas.org.br\/#\/schema\/logo\/image\/\",\"url\":\"https:\/\/cephas.org.br\/wp-content\/uploads\/2023\/10\/cropped-Assinaturas_CephasFundhas_Pref_Novo-10_Cor-small.png\",\"contentUrl\":\"https:\/\/cephas.org.br\/wp-content\/uploads\/2023\/10\/cropped-Assinaturas_CephasFundhas_Pref_Novo-10_Cor-small.png\",\"width\":812,\"height\":90,\"caption\":\"CEPHAS\"},\"image\":{\"@id\":\"https:\/\/cephas.org.br\/#\/schema\/logo\/image\/\"}},{\"@type\":\"Person\",\"@id\":\"https:\/\/cephas.org.br\/#\/schema\/person\/8e6142c0b1cf31f952550aeadf0ed1b8\",\"name\":\"Marcos Machado\",\"image\":{\"@type\":\"ImageObject\",\"inLanguage\":\"pt-BR\",\"@id\":\"https:\/\/cephas.org.br\/#\/schema\/person\/image\/\",\"url\":\"https:\/\/secure.gravatar.com\/avatar\/7c76f203cbe624b8e1512f1ff9ee41eb25e0099e56f2c7b541d114e78310c612?s=96&d=mm&r=g\",\"contentUrl\":\"https:\/\/secure.gravatar.com\/avatar\/7c76f203cbe624b8e1512f1ff9ee41eb25e0099e56f2c7b541d114e78310c612?s=96&d=mm&r=g\",\"caption\":\"Marcos Machado\"},\"url\":\"https:\/\/cephas.org.br\/index.php\/author\/marcos-machado\/\"}]}<\/script>\n<!-- \/ Yoast SEO plugin. -->","yoast_head_json":{"title":"Prefeitura entrega nova unidade da Fundhas no Limoeiro - CEPHAS","robots":{"index":"index","follow":"follow","max-snippet":"max-snippet:-1","max-image-preview":"max-image-preview:large","max-video-preview":"max-video-preview:-1"},"canonical":"https:\/\/cephas.org.br\/index.php\/2026\/01\/27\/prefeitura-entrega-nova-unidade-da-fundhas-no-limoeiro\/","og_locale":"pt_BR","og_type":"article","og_title":"Prefeitura entrega nova unidade da Fundhas no Limoeiro - CEPHAS","og_description":"Atualizado em 26\/01\/2026 &#8211; 18:50 Ser\u00e3o oferecidos cursos voltados para as demandas da regi\u00e3o; entrega \u00e0 comunidade aconteceu nesta segunda (26) &#8211; Foto: Claudio Vieira\/PMSJC Henrique MacedoFundhas A Prefeitura de S\u00e3o Jos\u00e9 dos Campos entregou nesta segunda-feira (26) a nova unidade Limoeiro da Funda\u00e7\u00e3o H\u00e9lio Augusto de Souza (Fundhas), localizada no bairro de mesmo nome, [&hellip;]","og_url":"https:\/\/cephas.org.br\/index.php\/2026\/01\/27\/prefeitura-entrega-nova-unidade-da-fundhas-no-limoeiro\/","og_site_name":"CEPHAS","article_published_time":"2026-01-27T10:55:10+00:00","article_modified_time":"2026-01-27T10:55:11+00:00","og_image":[{"width":940,"height":627,"url":"http:\/\/cephas.org.br\/wp-content\/uploads\/2026\/01\/img_0286_claudio_vieira.jpg","type":"image\/jpeg"}],"author":"Marcos Machado","twitter_card":"summary_large_image","twitter_misc":{"Escrito por":"Marcos Machado","Est. tempo de leitura":"4 minutos"},"schema":{"@context":"https:\/\/schema.org","@graph":[{"@type":"Article","@id":"https:\/\/cephas.org.br\/index.php\/2026\/01\/27\/prefeitura-entrega-nova-unidade-da-fundhas-no-limoeiro\/#article","isPartOf":{"@id":"https:\/\/cephas.org.br\/index.php\/2026\/01\/27\/prefeitura-entrega-nova-unidade-da-fundhas-no-limoeiro\/"},"author":{"name":"Marcos Machado","@id":"https:\/\/cephas.org.br\/#\/schema\/person\/8e6142c0b1cf31f952550aeadf0ed1b8"},"headline":"Prefeitura entrega nova unidade da Fundhas no Limoeiro","datePublished":"2026-01-27T10:55:10+00:00","dateModified":"2026-01-27T10:55:11+00:00","mainEntityOfPage":{"@id":"https:\/\/cephas.org.br\/index.php\/2026\/01\/27\/prefeitura-entrega-nova-unidade-da-fundhas-no-limoeiro\/"},"wordCount":599,"commentCount":0,"publisher":{"@id":"https:\/\/cephas.org.br\/#organization"},"image":{"@id":"https:\/\/cephas.org.br\/index.php\/2026\/01\/27\/prefeitura-entrega-nova-unidade-da-fundhas-no-limoeiro\/#primaryimage"},"thumbnailUrl":"https:\/\/cephas.org.br\/wp-content\/uploads\/2026\/01\/img_0286_claudio_vieira.jpg","articleSection":["Not\u00edcias"],"inLanguage":"pt-BR","potentialAction":[{"@type":"CommentAction","name":"Comment","target":["https:\/\/cephas.org.br\/index.php\/2026\/01\/27\/prefeitura-entrega-nova-unidade-da-fundhas-no-limoeiro\/#respond"]}]},{"@type":"WebPage","@id":"https:\/\/cephas.org.br\/index.php\/2026\/01\/27\/prefeitura-entrega-nova-unidade-da-fundhas-no-limoeiro\/","url":"https:\/\/cephas.org.br\/index.php\/2026\/01\/27\/prefeitura-entrega-nova-unidade-da-fundhas-no-limoeiro\/","name":"Prefeitura entrega nova unidade da Fundhas no Limoeiro - CEPHAS","isPartOf":{"@id":"https:\/\/cephas.org.br\/#website"},"primaryImageOfPage":{"@id":"https:\/\/cephas.org.br\/index.php\/2026\/01\/27\/prefeitura-entrega-nova-unidade-da-fundhas-no-limoeiro\/#primaryimage"},"image":{"@id":"https:\/\/cephas.org.br\/index.php\/2026\/01\/27\/prefeitura-entrega-nova-unidade-da-fundhas-no-limoeiro\/#primaryimage"},"thumbnailUrl":"https:\/\/cephas.org.br\/wp-content\/uploads\/2026\/01\/img_0286_claudio_vieira.jpg","datePublished":"2026-01-27T10:55:10+00:00","dateModified":"2026-01-27T10:55:11+00:00","breadcrumb":{"@id":"https:\/\/cephas.org.br\/index.php\/2026\/01\/27\/prefeitura-entrega-nova-unidade-da-fundhas-no-limoeiro\/#breadcrumb"},"inLanguage":"pt-BR","potentialAction":[{"@type":"ReadAction","target":["https:\/\/cephas.org.br\/index.php\/2026\/01\/27\/prefeitura-entrega-nova-unidade-da-fundhas-no-limoeiro\/"]}]},{"@type":"ImageObject","inLanguage":"pt-BR","@id":"https:\/\/cephas.org.br\/index.php\/2026\/01\/27\/prefeitura-entrega-nova-unidade-da-fundhas-no-limoeiro\/#primaryimage","url":"https:\/\/cephas.org.br\/wp-content\/uploads\/2026\/01\/img_0286_claudio_vieira.jpg","contentUrl":"https:\/\/cephas.org.br\/wp-content\/uploads\/2026\/01\/img_0286_claudio_vieira.jpg","width":940,"height":627},{"@type":"BreadcrumbList","@id":"https:\/\/cephas.org.br\/index.php\/2026\/01\/27\/prefeitura-entrega-nova-unidade-da-fundhas-no-limoeiro\/#breadcrumb","itemListElement":[{"@type":"ListItem","position":1,"name":"In\u00edcio","item":"https:\/\/cephas.org.br\/"},{"@type":"ListItem","position":2,"name":"Prefeitura entrega nova unidade da Fundhas no Limoeiro"}]},{"@type":"WebSite","@id":"https:\/\/cephas.org.br\/#website","url":"https:\/\/cephas.org.br\/","name":"CEPHAS","description":"","publisher":{"@id":"https:\/\/cephas.org.br\/#organization"},"potentialAction":[{"@type":"SearchAction","target":{"@type":"EntryPoint","urlTemplate":"https:\/\/cephas.org.br\/?s={search_term_string}"},"query-input":{"@type":"PropertyValueSpecification","valueRequired":true,"valueName":"search_term_string"}}],"inLanguage":"pt-BR"},{"@type":"Organization","@id":"https:\/\/cephas.org.br\/#organization","name":"CEPHAS","url":"https:\/\/cephas.org.br\/","logo":{"@type":"ImageObject","inLanguage":"pt-BR","@id":"https:\/\/cephas.org.br\/#\/schema\/logo\/image\/","url":"https:\/\/cephas.org.br\/wp-content\/uploads\/2023\/10\/cropped-Assinaturas_CephasFundhas_Pref_Novo-10_Cor-small.png","contentUrl":"https:\/\/cephas.org.br\/wp-content\/uploads\/2023\/10\/cropped-Assinaturas_CephasFundhas_Pref_Novo-10_Cor-small.png","width":812,"height":90,"caption":"CEPHAS"},"image":{"@id":"https:\/\/cephas.org.br\/#\/schema\/logo\/image\/"}},{"@type":"Person","@id":"https:\/\/cephas.org.br\/#\/schema\/person\/8e6142c0b1cf31f952550aeadf0ed1b8","name":"Marcos Machado","image":{"@type":"ImageObject","inLanguage":"pt-BR","@id":"https:\/\/cephas.org.br\/#\/schema\/person\/image\/","url":"https:\/\/secure.gravatar.com\/avatar\/7c76f203cbe624b8e1512f1ff9ee41eb25e0099e56f2c7b541d114e78310c612?s=96&d=mm&r=g","contentUrl":"https:\/\/secure.gravatar.com\/avatar\/7c76f203cbe624b8e1512f1ff9ee41eb25e0099e56f2c7b541d114e78310c612?s=96&d=mm&r=g","caption":"Marcos Machado"},"url":"https:\/\/cephas.org.br\/index.php\/author\/marcos-machado\/"}]}},"_links":{"self":[{"href":"https:\/\/cephas.org.br\/index.php\/wp-json\/wp\/v2\/posts\/6033","targetHints":{"allow":["GET"]}}],"collection":[{"href":"https:\/\/cephas.org.br\/index.php\/wp-json\/wp\/v2\/posts"}],"about":[{"href":"https:\/\/cephas.org.br\/index.php\/wp-json\/wp\/v2\/types\/post"}],"author":[{"embeddable":true,"href":"https:\/\/cephas.org.br\/index.php\/wp-json\/wp\/v2\/users\/24"}],"replies":[{"embeddable":true,"href":"https:\/\/cephas.org.br\/index.php\/wp-json\/wp\/v2\/comments?post=6033"}],"version-history":[{"count":1,"href":"https:\/\/cephas.org.br\/index.php\/wp-json\/wp\/v2\/posts\/6033\/revisions"}],"predecessor-version":[{"id":6035,"href":"https:\/\/cephas.org.br\/index.php\/wp-json\/wp\/v2\/posts\/6033\/revisions\/6035"}],"wp:featuredmedia":[{"embeddable":true,"href":"https:\/\/cephas.org.br\/index.php\/wp-json\/wp\/v2\/media\/6034"}],"wp:attachment":[{"href":"https:\/\/cephas.org.br\/index.php\/wp-json\/wp\/v2\/media?parent=6033"}],"wp:term":[{"taxonomy":"category","embeddable":true,"href":"https:\/\/cephas.org.br\/index.php\/wp-json\/wp\/v2\/categories?post=6033"},{"taxonomy":"post_tag","embeddable":true,"href":"https:\/\/cephas.org.br\/index.php\/wp-json\/wp\/v2\/tags?post=6033"}],"curies":[{"name":"wp","href":"https:\/\/api.w.org\/{rel}","templated":true}]}}