{"id":6029,"date":"2026-01-22T16:36:17","date_gmt":"2026-01-22T19:36:17","guid":{"rendered":"https:\/\/cephas.org.br\/?p=6029"},"modified":"2026-01-22T16:36:18","modified_gmt":"2026-01-22T19:36:18","slug":"cephas-recebe-alunos-com-acolhida-especial-na-volta-as-aulas","status":"publish","type":"post","link":"https:\/\/cephas.org.br\/index.php\/2026\/01\/22\/cephas-recebe-alunos-com-acolhida-especial-na-volta-as-aulas\/","title":{"rendered":"Cephas recebe alunos com acolhida especial na volta \u00e0s aulas"},"content":{"rendered":"\n<p>Atualizado em 22\/01\/2026 &#8211; 16:16<\/p>\n\n\n\n<p><img decoding=\"async\" src=\"https:\/\/www.sjc.sp.gov.br\/media\/txwhcx03\/volta-aulas-cephas-2026-5.jpeg?width=940&amp;height=627&amp;v=1dc8bb40d9bf110\" alt=\"Jovens s\u00e3o recepcionados calorosamente nesta nova etapa\"><\/p>\n\n\n\n<p>O in\u00edcio das aulas no Cephas foi marcado por acolhida calorosa e expectativa dos alunos, familiares e profissionais &#8211; Foto: PMSJC<\/p>\n\n\n\n<p><strong>Henrique Macedo<\/strong><br><strong>Fundhas<\/strong><\/p>\n\n\n\n<p>Uma salva de palmas de funcion\u00e1rios e professores do Cephas (Col\u00e9gio de Educa\u00e7\u00e3o Profissional H\u00e9lio Augusto de Souza) marcou a recep\u00e7\u00e3o dos alunos, entre veteranos e novatos, na tarde desta quinta-feira (22), dando in\u00edcio a mais um per\u00edodo letivo na institui\u00e7\u00e3o.<\/p>\n\n\n\n<p><img fetchpriority=\"high\" decoding=\"async\" src=\"https:\/\/www.sjc.sp.gov.br\/media\/u5ng2rrn\/volta-aulas-cephas-2026-2.jpeg?rmode=max&amp;width=500&amp;height=375\" alt=\"\" width=\"500\" height=\"375\"><br><sup><em>Alunos do Cephas foram recebidos com emo\u00e7\u00e3o e alegria | Foto: Fundhas<\/em><\/sup><\/p>\n\n\n\n<p>O reencontro aconteceu no audit\u00f3rio do Cephas, onde os estudantes participaram de uma palestra de acolhimento e receberam orienta\u00e7\u00f5es e informa\u00e7\u00f5es gerais sobre os cursos, a rotina acad\u00eamica e as oportunidades de forma\u00e7\u00e3o oferecidas ao longo do ano.<\/p>\n\n\n\n<p>Atualmente, a institui\u00e7\u00e3o oferece educa\u00e7\u00e3o profissional por meio de cursos de Forma\u00e7\u00e3o Inicial e Continuada (FIC), do Programa de Aprendizagem Profissional e de cursos t\u00e9cnicos de n\u00edvel m\u00e9dio.<\/p>\n\n\n\n<p><strong>Anima\u00e7\u00e3o e expectativa<\/strong><\/p>\n\n\n\n<p>Entre os novos alunos, o clima era de expectativa e anima\u00e7\u00e3o. Vit\u00f3ria Carneiro, de 16 anos, moradora da regi\u00e3o sul, contou que inicia o curso de Administra\u00e7\u00e3o com grandes expectativas. \u201cQuero aprender bastante, \u00e9 um curso com boas refer\u00eancias. Estou muito feliz com esse come\u00e7o\u201d, afirmou.&nbsp;<\/p>\n\n\n\n<p>Aos 15 anos, Maria Clara de Souza inicia o t\u00e9cnico em Administra\u00e7\u00e3o realizando um antigo sonho. Assistida da Fundhas desde os sete anos, ela destacou a ansiedade positiva para o in\u00edcio das aulas.<\/p>\n\n\n\n<p>\u201cSempre quis vir para o Cephas. Estou ansiosa, acho que vai ser muito legal aprender coisas novas e evoluir\u201d, disse, j\u00e1 pensando em cursar uma faculdade futuramente.<\/p>\n\n\n\n<p><img decoding=\"async\" src=\"https:\/\/www.sjc.sp.gov.br\/media\/bptkzvms\/volta-aulas-cephas-2026-7.jpeg?rmode=max&amp;width=500&amp;height=375\" alt=\"\" width=\"500\" height=\"375\"><br><sup><em>Maria Clara: sonho de estudar no Cephas | Foto: Fundhas&nbsp;<\/em><\/sup><\/p>\n\n\n\n<p>Isabela de Souza Ramos, de 17 anos, conheceu o Cephas por meio de familiares e tamb\u00e9m come\u00e7a na \u00e1rea administrativa. \u201cEstou animada, mas com um pouquinho de medo\u201d, contou.<\/p>\n\n\n\n<p>Sentimento parecido com o de Yasmin Soares Rodrigues, tamb\u00e9m de 17 anos, que inicia seu primeiro curso profissional. \u201cEstou muito animada, \u00e9 tudo novo para mim\u201d, destacou.<\/p>\n\n\n\n<p><img decoding=\"async\" src=\"https:\/\/www.sjc.sp.gov.br\/media\/2wimz5ur\/volta-aulas-cephas-2026-4.jpeg?rmode=max&amp;width=500&amp;height=375\" alt=\"\" width=\"500\" height=\"375\"><br><sup><em>Isabela e Yasmin iniciam nova etapa | Foto: Fundhas<\/em><\/sup><\/p>\n\n\n\n<p>Entre os novatos est\u00e1 ainda Marcos Vin\u00edcius, de 16 anos. \u201cA expectativa \u00e9 boa, d\u00e1 um pouquinho de ansiedade e nervosismo\u201d, afirmou.<\/p>\n\n\n\n<p>A m\u00e3e dele, Renata Reis Pereira, acompanhou o primeiro dia e ressaltou a confian\u00e7a na institui\u00e7\u00e3o. \u201cEstamos muito felizes. Conhecemos pessoas que estudaram aqui e as refer\u00eancias s\u00e3o muito boas, por isso incentivamos e apoiamos essa escolha\u201d, concluiu.<\/p>\n\n\n\n<p><img loading=\"lazy\" decoding=\"async\" src=\"https:\/\/www.sjc.sp.gov.br\/media\/xxzgzgih\/volta-aulas-cephas-2026-3.jpeg?rmode=max&amp;width=500&amp;height=375\" alt=\"\" width=\"500\" height=\"375\"><br><sup><em>Marcos e a m\u00e3e estavam felizes com a conquista | Foto: Fundhas<\/em><\/sup><\/p>\n","protected":false},"excerpt":{"rendered":"<p>Atualizado em 22\/01\/2026 &#8211; 16:16 O in\u00edcio das aulas no Cephas foi marcado por acolhida calorosa e expectativa dos alunos, familiares e profissionais &#8211; Foto: PMSJC Henrique MacedoFundhas Uma salva de palmas de funcion\u00e1rios e professores do Cephas (Col\u00e9gio de Educa\u00e7\u00e3o Profissional H\u00e9lio Augusto de Souza) marcou a recep\u00e7\u00e3o dos alunos, entre veteranos e novatos, [&hellip;]<\/p>\n","protected":false},"author":24,"featured_media":6030,"comment_status":"open","ping_status":"closed","sticky":false,"template":"","format":"standard","meta":{"_acf_changed":false,"_monsterinsights_skip_tracking":false,"_monsterinsights_sitenote_active":false,"_monsterinsights_sitenote_note":"","_monsterinsights_sitenote_category":0,"footnotes":""},"categories":[2],"tags":[],"class_list":{"0":"post-6029","1":"post","2":"type-post","3":"status-publish","4":"format-standard","5":"has-post-thumbnail","7":"category-noticias","8":"czr-hentry"},"acf":[],"yoast_head":"<!-- This site is optimized with the Yoast SEO plugin v26.6 - https:\/\/yoast.com\/wordpress\/plugins\/seo\/ -->\n<title>Cephas recebe alunos com acolhida especial na volta \u00e0s aulas - CEPHAS<\/title>\n<meta name=\"robots\" content=\"index, follow, max-snippet:-1, max-image-preview:large, max-video-preview:-1\" \/>\n<link rel=\"canonical\" href=\"https:\/\/cephas.org.br\/index.php\/2026\/01\/22\/cephas-recebe-alunos-com-acolhida-especial-na-volta-as-aulas\/\" \/>\n<meta property=\"og:locale\" content=\"pt_BR\" \/>\n<meta property=\"og:type\" content=\"article\" \/>\n<meta property=\"og:title\" content=\"Cephas recebe alunos com acolhida especial na volta \u00e0s aulas - CEPHAS\" \/>\n<meta property=\"og:description\" content=\"Atualizado em 22\/01\/2026 &#8211; 16:16 O in\u00edcio das aulas no Cephas foi marcado por acolhida calorosa e expectativa dos alunos, familiares e profissionais &#8211; Foto: PMSJC Henrique MacedoFundhas Uma salva de palmas de funcion\u00e1rios e professores do Cephas (Col\u00e9gio de Educa\u00e7\u00e3o Profissional H\u00e9lio Augusto de Souza) marcou a recep\u00e7\u00e3o dos alunos, entre veteranos e novatos, [&hellip;]\" \/>\n<meta property=\"og:url\" content=\"https:\/\/cephas.org.br\/index.php\/2026\/01\/22\/cephas-recebe-alunos-com-acolhida-especial-na-volta-as-aulas\/\" \/>\n<meta property=\"og:site_name\" content=\"CEPHAS\" \/>\n<meta property=\"article:published_time\" content=\"2026-01-22T19:36:17+00:00\" \/>\n<meta property=\"article:modified_time\" content=\"2026-01-22T19:36:18+00:00\" \/>\n<meta property=\"og:image\" content=\"http:\/\/cephas.org.br\/wp-content\/uploads\/2026\/01\/volta-aulas-cephas-2026-5.jpeg\" \/>\n\t<meta property=\"og:image:width\" content=\"940\" \/>\n\t<meta property=\"og:image:height\" content=\"627\" \/>\n\t<meta property=\"og:image:type\" content=\"image\/jpeg\" \/>\n<meta name=\"author\" content=\"Marcos Machado\" \/>\n<meta name=\"twitter:card\" content=\"summary_large_image\" \/>\n<meta name=\"twitter:label1\" content=\"Escrito por\" \/>\n\t<meta name=\"twitter:data1\" content=\"Marcos Machado\" \/>\n\t<meta name=\"twitter:label2\" content=\"Est. tempo de leitura\" \/>\n\t<meta name=\"twitter:data2\" content=\"4 minutos\" \/>\n<script type=\"application\/ld+json\" class=\"yoast-schema-graph\">{\"@context\":\"https:\/\/schema.org\",\"@graph\":[{\"@type\":\"Article\",\"@id\":\"https:\/\/cephas.org.br\/index.php\/2026\/01\/22\/cephas-recebe-alunos-com-acolhida-especial-na-volta-as-aulas\/#article\",\"isPartOf\":{\"@id\":\"https:\/\/cephas.org.br\/index.php\/2026\/01\/22\/cephas-recebe-alunos-com-acolhida-especial-na-volta-as-aulas\/\"},\"author\":{\"name\":\"Marcos Machado\",\"@id\":\"https:\/\/cephas.org.br\/#\/schema\/person\/8e6142c0b1cf31f952550aeadf0ed1b8\"},\"headline\":\"Cephas recebe alunos com acolhida especial na volta \u00e0s aulas\",\"datePublished\":\"2026-01-22T19:36:17+00:00\",\"dateModified\":\"2026-01-22T19:36:18+00:00\",\"mainEntityOfPage\":{\"@id\":\"https:\/\/cephas.org.br\/index.php\/2026\/01\/22\/cephas-recebe-alunos-com-acolhida-especial-na-volta-as-aulas\/\"},\"wordCount\":442,\"commentCount\":0,\"publisher\":{\"@id\":\"https:\/\/cephas.org.br\/#organization\"},\"image\":{\"@id\":\"https:\/\/cephas.org.br\/index.php\/2026\/01\/22\/cephas-recebe-alunos-com-acolhida-especial-na-volta-as-aulas\/#primaryimage\"},\"thumbnailUrl\":\"https:\/\/cephas.org.br\/wp-content\/uploads\/2026\/01\/volta-aulas-cephas-2026-5.jpeg\",\"articleSection\":[\"Not\u00edcias\"],\"inLanguage\":\"pt-BR\",\"potentialAction\":[{\"@type\":\"CommentAction\",\"name\":\"Comment\",\"target\":[\"https:\/\/cephas.org.br\/index.php\/2026\/01\/22\/cephas-recebe-alunos-com-acolhida-especial-na-volta-as-aulas\/#respond\"]}]},{\"@type\":\"WebPage\",\"@id\":\"https:\/\/cephas.org.br\/index.php\/2026\/01\/22\/cephas-recebe-alunos-com-acolhida-especial-na-volta-as-aulas\/\",\"url\":\"https:\/\/cephas.org.br\/index.php\/2026\/01\/22\/cephas-recebe-alunos-com-acolhida-especial-na-volta-as-aulas\/\",\"name\":\"Cephas recebe alunos com acolhida especial na volta \u00e0s aulas - CEPHAS\",\"isPartOf\":{\"@id\":\"https:\/\/cephas.org.br\/#website\"},\"primaryImageOfPage\":{\"@id\":\"https:\/\/cephas.org.br\/index.php\/2026\/01\/22\/cephas-recebe-alunos-com-acolhida-especial-na-volta-as-aulas\/#primaryimage\"},\"image\":{\"@id\":\"https:\/\/cephas.org.br\/index.php\/2026\/01\/22\/cephas-recebe-alunos-com-acolhida-especial-na-volta-as-aulas\/#primaryimage\"},\"thumbnailUrl\":\"https:\/\/cephas.org.br\/wp-content\/uploads\/2026\/01\/volta-aulas-cephas-2026-5.jpeg\",\"datePublished\":\"2026-01-22T19:36:17+00:00\",\"dateModified\":\"2026-01-22T19:36:18+00:00\",\"breadcrumb\":{\"@id\":\"https:\/\/cephas.org.br\/index.php\/2026\/01\/22\/cephas-recebe-alunos-com-acolhida-especial-na-volta-as-aulas\/#breadcrumb\"},\"inLanguage\":\"pt-BR\",\"potentialAction\":[{\"@type\":\"ReadAction\",\"target\":[\"https:\/\/cephas.org.br\/index.php\/2026\/01\/22\/cephas-recebe-alunos-com-acolhida-especial-na-volta-as-aulas\/\"]}]},{\"@type\":\"ImageObject\",\"inLanguage\":\"pt-BR\",\"@id\":\"https:\/\/cephas.org.br\/index.php\/2026\/01\/22\/cephas-recebe-alunos-com-acolhida-especial-na-volta-as-aulas\/#primaryimage\",\"url\":\"https:\/\/cephas.org.br\/wp-content\/uploads\/2026\/01\/volta-aulas-cephas-2026-5.jpeg\",\"contentUrl\":\"https:\/\/cephas.org.br\/wp-content\/uploads\/2026\/01\/volta-aulas-cephas-2026-5.jpeg\",\"width\":940,\"height\":627},{\"@type\":\"BreadcrumbList\",\"@id\":\"https:\/\/cephas.org.br\/index.php\/2026\/01\/22\/cephas-recebe-alunos-com-acolhida-especial-na-volta-as-aulas\/#breadcrumb\",\"itemListElement\":[{\"@type\":\"ListItem\",\"position\":1,\"name\":\"In\u00edcio\",\"item\":\"https:\/\/cephas.org.br\/\"},{\"@type\":\"ListItem\",\"position\":2,\"name\":\"Cephas recebe alunos com acolhida especial na volta \u00e0s aulas\"}]},{\"@type\":\"WebSite\",\"@id\":\"https:\/\/cephas.org.br\/#website\",\"url\":\"https:\/\/cephas.org.br\/\",\"name\":\"CEPHAS\",\"description\":\"\",\"publisher\":{\"@id\":\"https:\/\/cephas.org.br\/#organization\"},\"potentialAction\":[{\"@type\":\"SearchAction\",\"target\":{\"@type\":\"EntryPoint\",\"urlTemplate\":\"https:\/\/cephas.org.br\/?s={search_term_string}\"},\"query-input\":{\"@type\":\"PropertyValueSpecification\",\"valueRequired\":true,\"valueName\":\"search_term_string\"}}],\"inLanguage\":\"pt-BR\"},{\"@type\":\"Organization\",\"@id\":\"https:\/\/cephas.org.br\/#organization\",\"name\":\"CEPHAS\",\"url\":\"https:\/\/cephas.org.br\/\",\"logo\":{\"@type\":\"ImageObject\",\"inLanguage\":\"pt-BR\",\"@id\":\"https:\/\/cephas.org.br\/#\/schema\/logo\/image\/\",\"url\":\"https:\/\/cephas.org.br\/wp-content\/uploads\/2023\/10\/cropped-Assinaturas_CephasFundhas_Pref_Novo-10_Cor-small.png\",\"contentUrl\":\"https:\/\/cephas.org.br\/wp-content\/uploads\/2023\/10\/cropped-Assinaturas_CephasFundhas_Pref_Novo-10_Cor-small.png\",\"width\":812,\"height\":90,\"caption\":\"CEPHAS\"},\"image\":{\"@id\":\"https:\/\/cephas.org.br\/#\/schema\/logo\/image\/\"}},{\"@type\":\"Person\",\"@id\":\"https:\/\/cephas.org.br\/#\/schema\/person\/8e6142c0b1cf31f952550aeadf0ed1b8\",\"name\":\"Marcos Machado\",\"image\":{\"@type\":\"ImageObject\",\"inLanguage\":\"pt-BR\",\"@id\":\"https:\/\/cephas.org.br\/#\/schema\/person\/image\/\",\"url\":\"https:\/\/secure.gravatar.com\/avatar\/7c76f203cbe624b8e1512f1ff9ee41eb25e0099e56f2c7b541d114e78310c612?s=96&d=mm&r=g\",\"contentUrl\":\"https:\/\/secure.gravatar.com\/avatar\/7c76f203cbe624b8e1512f1ff9ee41eb25e0099e56f2c7b541d114e78310c612?s=96&d=mm&r=g\",\"caption\":\"Marcos Machado\"},\"url\":\"https:\/\/cephas.org.br\/index.php\/author\/marcos-machado\/\"}]}<\/script>\n<!-- \/ Yoast SEO plugin. -->","yoast_head_json":{"title":"Cephas recebe alunos com acolhida especial na volta \u00e0s aulas - CEPHAS","robots":{"index":"index","follow":"follow","max-snippet":"max-snippet:-1","max-image-preview":"max-image-preview:large","max-video-preview":"max-video-preview:-1"},"canonical":"https:\/\/cephas.org.br\/index.php\/2026\/01\/22\/cephas-recebe-alunos-com-acolhida-especial-na-volta-as-aulas\/","og_locale":"pt_BR","og_type":"article","og_title":"Cephas recebe alunos com acolhida especial na volta \u00e0s aulas - CEPHAS","og_description":"Atualizado em 22\/01\/2026 &#8211; 16:16 O in\u00edcio das aulas no Cephas foi marcado por acolhida calorosa e expectativa dos alunos, familiares e profissionais &#8211; Foto: PMSJC Henrique MacedoFundhas Uma salva de palmas de funcion\u00e1rios e professores do Cephas (Col\u00e9gio de Educa\u00e7\u00e3o Profissional H\u00e9lio Augusto de Souza) marcou a recep\u00e7\u00e3o dos alunos, entre veteranos e novatos, [&hellip;]","og_url":"https:\/\/cephas.org.br\/index.php\/2026\/01\/22\/cephas-recebe-alunos-com-acolhida-especial-na-volta-as-aulas\/","og_site_name":"CEPHAS","article_published_time":"2026-01-22T19:36:17+00:00","article_modified_time":"2026-01-22T19:36:18+00:00","og_image":[{"width":940,"height":627,"url":"http:\/\/cephas.org.br\/wp-content\/uploads\/2026\/01\/volta-aulas-cephas-2026-5.jpeg","type":"image\/jpeg"}],"author":"Marcos Machado","twitter_card":"summary_large_image","twitter_misc":{"Escrito por":"Marcos Machado","Est. tempo de leitura":"4 minutos"},"schema":{"@context":"https:\/\/schema.org","@graph":[{"@type":"Article","@id":"https:\/\/cephas.org.br\/index.php\/2026\/01\/22\/cephas-recebe-alunos-com-acolhida-especial-na-volta-as-aulas\/#article","isPartOf":{"@id":"https:\/\/cephas.org.br\/index.php\/2026\/01\/22\/cephas-recebe-alunos-com-acolhida-especial-na-volta-as-aulas\/"},"author":{"name":"Marcos Machado","@id":"https:\/\/cephas.org.br\/#\/schema\/person\/8e6142c0b1cf31f952550aeadf0ed1b8"},"headline":"Cephas recebe alunos com acolhida especial na volta \u00e0s aulas","datePublished":"2026-01-22T19:36:17+00:00","dateModified":"2026-01-22T19:36:18+00:00","mainEntityOfPage":{"@id":"https:\/\/cephas.org.br\/index.php\/2026\/01\/22\/cephas-recebe-alunos-com-acolhida-especial-na-volta-as-aulas\/"},"wordCount":442,"commentCount":0,"publisher":{"@id":"https:\/\/cephas.org.br\/#organization"},"image":{"@id":"https:\/\/cephas.org.br\/index.php\/2026\/01\/22\/cephas-recebe-alunos-com-acolhida-especial-na-volta-as-aulas\/#primaryimage"},"thumbnailUrl":"https:\/\/cephas.org.br\/wp-content\/uploads\/2026\/01\/volta-aulas-cephas-2026-5.jpeg","articleSection":["Not\u00edcias"],"inLanguage":"pt-BR","potentialAction":[{"@type":"CommentAction","name":"Comment","target":["https:\/\/cephas.org.br\/index.php\/2026\/01\/22\/cephas-recebe-alunos-com-acolhida-especial-na-volta-as-aulas\/#respond"]}]},{"@type":"WebPage","@id":"https:\/\/cephas.org.br\/index.php\/2026\/01\/22\/cephas-recebe-alunos-com-acolhida-especial-na-volta-as-aulas\/","url":"https:\/\/cephas.org.br\/index.php\/2026\/01\/22\/cephas-recebe-alunos-com-acolhida-especial-na-volta-as-aulas\/","name":"Cephas recebe alunos com acolhida especial na volta \u00e0s aulas - CEPHAS","isPartOf":{"@id":"https:\/\/cephas.org.br\/#website"},"primaryImageOfPage":{"@id":"https:\/\/cephas.org.br\/index.php\/2026\/01\/22\/cephas-recebe-alunos-com-acolhida-especial-na-volta-as-aulas\/#primaryimage"},"image":{"@id":"https:\/\/cephas.org.br\/index.php\/2026\/01\/22\/cephas-recebe-alunos-com-acolhida-especial-na-volta-as-aulas\/#primaryimage"},"thumbnailUrl":"https:\/\/cephas.org.br\/wp-content\/uploads\/2026\/01\/volta-aulas-cephas-2026-5.jpeg","datePublished":"2026-01-22T19:36:17+00:00","dateModified":"2026-01-22T19:36:18+00:00","breadcrumb":{"@id":"https:\/\/cephas.org.br\/index.php\/2026\/01\/22\/cephas-recebe-alunos-com-acolhida-especial-na-volta-as-aulas\/#breadcrumb"},"inLanguage":"pt-BR","potentialAction":[{"@type":"ReadAction","target":["https:\/\/cephas.org.br\/index.php\/2026\/01\/22\/cephas-recebe-alunos-com-acolhida-especial-na-volta-as-aulas\/"]}]},{"@type":"ImageObject","inLanguage":"pt-BR","@id":"https:\/\/cephas.org.br\/index.php\/2026\/01\/22\/cephas-recebe-alunos-com-acolhida-especial-na-volta-as-aulas\/#primaryimage","url":"https:\/\/cephas.org.br\/wp-content\/uploads\/2026\/01\/volta-aulas-cephas-2026-5.jpeg","contentUrl":"https:\/\/cephas.org.br\/wp-content\/uploads\/2026\/01\/volta-aulas-cephas-2026-5.jpeg","width":940,"height":627},{"@type":"BreadcrumbList","@id":"https:\/\/cephas.org.br\/index.php\/2026\/01\/22\/cephas-recebe-alunos-com-acolhida-especial-na-volta-as-aulas\/#breadcrumb","itemListElement":[{"@type":"ListItem","position":1,"name":"In\u00edcio","item":"https:\/\/cephas.org.br\/"},{"@type":"ListItem","position":2,"name":"Cephas recebe alunos com acolhida especial na volta \u00e0s aulas"}]},{"@type":"WebSite","@id":"https:\/\/cephas.org.br\/#website","url":"https:\/\/cephas.org.br\/","name":"CEPHAS","description":"","publisher":{"@id":"https:\/\/cephas.org.br\/#organization"},"potentialAction":[{"@type":"SearchAction","target":{"@type":"EntryPoint","urlTemplate":"https:\/\/cephas.org.br\/?s={search_term_string}"},"query-input":{"@type":"PropertyValueSpecification","valueRequired":true,"valueName":"search_term_string"}}],"inLanguage":"pt-BR"},{"@type":"Organization","@id":"https:\/\/cephas.org.br\/#organization","name":"CEPHAS","url":"https:\/\/cephas.org.br\/","logo":{"@type":"ImageObject","inLanguage":"pt-BR","@id":"https:\/\/cephas.org.br\/#\/schema\/logo\/image\/","url":"https:\/\/cephas.org.br\/wp-content\/uploads\/2023\/10\/cropped-Assinaturas_CephasFundhas_Pref_Novo-10_Cor-small.png","contentUrl":"https:\/\/cephas.org.br\/wp-content\/uploads\/2023\/10\/cropped-Assinaturas_CephasFundhas_Pref_Novo-10_Cor-small.png","width":812,"height":90,"caption":"CEPHAS"},"image":{"@id":"https:\/\/cephas.org.br\/#\/schema\/logo\/image\/"}},{"@type":"Person","@id":"https:\/\/cephas.org.br\/#\/schema\/person\/8e6142c0b1cf31f952550aeadf0ed1b8","name":"Marcos Machado","image":{"@type":"ImageObject","inLanguage":"pt-BR","@id":"https:\/\/cephas.org.br\/#\/schema\/person\/image\/","url":"https:\/\/secure.gravatar.com\/avatar\/7c76f203cbe624b8e1512f1ff9ee41eb25e0099e56f2c7b541d114e78310c612?s=96&d=mm&r=g","contentUrl":"https:\/\/secure.gravatar.com\/avatar\/7c76f203cbe624b8e1512f1ff9ee41eb25e0099e56f2c7b541d114e78310c612?s=96&d=mm&r=g","caption":"Marcos Machado"},"url":"https:\/\/cephas.org.br\/index.php\/author\/marcos-machado\/"}]}},"_links":{"self":[{"href":"https:\/\/cephas.org.br\/index.php\/wp-json\/wp\/v2\/posts\/6029","targetHints":{"allow":["GET"]}}],"collection":[{"href":"https:\/\/cephas.org.br\/index.php\/wp-json\/wp\/v2\/posts"}],"about":[{"href":"https:\/\/cephas.org.br\/index.php\/wp-json\/wp\/v2\/types\/post"}],"author":[{"embeddable":true,"href":"https:\/\/cephas.org.br\/index.php\/wp-json\/wp\/v2\/users\/24"}],"replies":[{"embeddable":true,"href":"https:\/\/cephas.org.br\/index.php\/wp-json\/wp\/v2\/comments?post=6029"}],"version-history":[{"count":1,"href":"https:\/\/cephas.org.br\/index.php\/wp-json\/wp\/v2\/posts\/6029\/revisions"}],"predecessor-version":[{"id":6031,"href":"https:\/\/cephas.org.br\/index.php\/wp-json\/wp\/v2\/posts\/6029\/revisions\/6031"}],"wp:featuredmedia":[{"embeddable":true,"href":"https:\/\/cephas.org.br\/index.php\/wp-json\/wp\/v2\/media\/6030"}],"wp:attachment":[{"href":"https:\/\/cephas.org.br\/index.php\/wp-json\/wp\/v2\/media?parent=6029"}],"wp:term":[{"taxonomy":"category","embeddable":true,"href":"https:\/\/cephas.org.br\/index.php\/wp-json\/wp\/v2\/categories?post=6029"},{"taxonomy":"post_tag","embeddable":true,"href":"https:\/\/cephas.org.br\/index.php\/wp-json\/wp\/v2\/tags?post=6029"}],"curies":[{"name":"wp","href":"https:\/\/api.w.org\/{rel}","templated":true}]}}