{"id":5924,"date":"2025-12-05T17:02:11","date_gmt":"2025-12-05T20:02:11","guid":{"rendered":"https:\/\/cephas.org.br\/?p=5924"},"modified":"2025-12-05T17:02:11","modified_gmt":"2025-12-05T20:02:11","slug":"empreenda-on-jovem-ti-encerra-turma-com-apresentacao","status":"publish","type":"post","link":"https:\/\/cephas.org.br\/index.php\/2025\/12\/05\/empreenda-on-jovem-ti-encerra-turma-com-apresentacao\/","title":{"rendered":"Empreenda ON Jovem TI encerra turma com apresenta\u00e7\u00e3o"},"content":{"rendered":"\n<p>05\/12\/2025 13:32<\/p>\n\n\n\n<p><img decoding=\"async\" src=\"https:\/\/www.sjc.sp.gov.br\/media\/jvfbceia\/empreenda-on-3.jpeg?width=940&amp;height=627&amp;v=1dc65e8c1645b70\" alt=\"Atendidos da Fundhas fizeram o curso durante seis meses\"><\/p>\n\n\n\n<p>Durante seis meses, cerca de 40 adolescentes atendidos pelo Ciem mergulharam em uma jornada de forma\u00e7\u00e3o t\u00e9cnica, oficinas pr\u00e1ticas e desenvolvimento humano com foco em tecnologia &#8211; Foto: PMSJC<\/p>\n\n\n\n<p><strong>Henrique Macedo<\/strong><br><strong>Fundhas<\/strong><\/p>\n\n\n\n<p>O Empreenda ON Jovem TI, realizado em parceria entre Fundhas\/Cephas e Parque de Inova\u00e7\u00e3o Tecnol\u00f3gica (PIT), encerrou mais uma edi\u00e7\u00e3o com celebra\u00e7\u00e3o, aprendizado e reconhecimento.<\/p>\n\n\n\n<p>Durante seis meses, cerca de 40 adolescentes atendidos pelo Ciem (Centro de Inova\u00e7\u00e3o Eug\u00eanio de Melo) mergulharam em uma jornada de forma\u00e7\u00e3o t\u00e9cnica, oficinas pr\u00e1ticas e desenvolvimento humano, com foco no universo da Tecnologia da Informa\u00e7\u00e3o e Comunica\u00e7\u00e3o. Nesta sexta-feira (5), seis grupos apresentaram os trabalhos de conclus\u00e3o.<\/p>\n\n\n\n<p>Segundo Giane Santos, coordenadora dos programas de desenvolvimento econ\u00f4mico e social do PIT, a experi\u00eancia foi completa e transformadora.&nbsp;\u201cO PIT tem esse programa chamado Empreenda ON, voltado ao desenvolvimento econ\u00f4mico e social. Nosso objetivo \u00e9 despertar talentos e promover o desenvolvimento de uma profiss\u00e3o&#8221;, contou.<\/p>\n\n\n\n<p>&#8220;Este ano, em parceria com a Fundhas e o Cephas, realizamos a segunda edi\u00e7\u00e3o do Empreenda ON Jovem TI com os jovens do Eug\u00eanio de Melo. Eles passaram seis meses conosco, acompanhados pela equipe de TI do PIT e por volunt\u00e1rios de empresas de tecnologia do parque, entendendo o que faz um profissional da \u00e1rea e vivenciando isso na pr\u00e1tica\u201d, destacou.<br><br>As atividades aconteceram semanalmente, sempre \u00e0s sextas-feiras pela manh\u00e3. Cada encontro trouxe um tema diferente relacionado \u00e0 \u00e1rea de tecnologia.<\/p>\n\n\n\n<p>\u201cEles tiveram a oportunidade de conhecer o perfil do profissional de TI, participar de oficinas pr\u00e1ticas e experimentar, de fato, como \u00e9 trabalhar com tecnologia. Hoje, eles apresentam seus trabalhos de conclus\u00e3o, avaliados por uma banca com profissionais de TI e um aluno da Unifesp. A melhor equipe ser\u00e1 premiada e, no dia 12, vamos comemorar juntos com um dia especial no Thermas do Vale\u201d, completou Giane.<\/p>\n\n\n\n<p><img fetchpriority=\"high\" decoding=\"async\" src=\"https:\/\/www.sjc.sp.gov.br\/media\/ox5iaq4z\/empreenda-on-2.jpeg?rmode=max&amp;width=500&amp;height=375\" alt=\"\" width=\"500\" height=\"375\"><br><em><sup>Isabela e os colegas da equipe vencedora | Foto: Fundhas<\/sup><\/em><\/p>\n\n\n\n<p>Entre os destaques desta edi\u00e7\u00e3o est\u00e1 a equipe vencedora, formada por adolescentes que se dedicaram intensamente ao longo do curso. Isabela Santos, 16 anos, celebrou a conquista.<\/p>\n\n\n\n<p>\u201cFoi muito legal! A gente sempre participava bastante, mas \u00e0s vezes ficava em segundo, terceiro&#8230; Ganhamos agora no final e foi uma conquista gigantesca. Aprendemos muita coisa nova, os professores explicam muito bem e temos muito a agradecer. Foi uma experi\u00eancia incr\u00edvel\u201d, contou a jovem, empolgada com o resultado.<\/p>\n","protected":false},"excerpt":{"rendered":"<p>05\/12\/2025 13:32 Durante seis meses, cerca de 40 adolescentes atendidos pelo Ciem mergulharam em uma jornada de forma\u00e7\u00e3o t\u00e9cnica, oficinas pr\u00e1ticas e desenvolvimento humano com foco em tecnologia &#8211; Foto: PMSJC Henrique MacedoFundhas O Empreenda ON Jovem TI, realizado em parceria entre Fundhas\/Cephas e Parque de Inova\u00e7\u00e3o Tecnol\u00f3gica (PIT), encerrou mais uma edi\u00e7\u00e3o com celebra\u00e7\u00e3o, [&hellip;]<\/p>\n","protected":false},"author":24,"featured_media":5925,"comment_status":"open","ping_status":"closed","sticky":false,"template":"","format":"standard","meta":{"_acf_changed":false,"_monsterinsights_skip_tracking":false,"_monsterinsights_sitenote_active":false,"_monsterinsights_sitenote_note":"","_monsterinsights_sitenote_category":0,"footnotes":""},"categories":[2],"tags":[],"class_list":{"0":"post-5924","1":"post","2":"type-post","3":"status-publish","4":"format-standard","5":"has-post-thumbnail","7":"category-noticias","8":"czr-hentry"},"acf":[],"yoast_head":"<!-- This site is optimized with the Yoast SEO plugin v26.6 - https:\/\/yoast.com\/wordpress\/plugins\/seo\/ -->\n<title>Empreenda ON Jovem TI encerra turma com apresenta\u00e7\u00e3o - CEPHAS<\/title>\n<meta name=\"robots\" content=\"index, follow, max-snippet:-1, max-image-preview:large, max-video-preview:-1\" \/>\n<link rel=\"canonical\" href=\"https:\/\/cephas.org.br\/index.php\/2025\/12\/05\/empreenda-on-jovem-ti-encerra-turma-com-apresentacao\/\" \/>\n<meta property=\"og:locale\" content=\"pt_BR\" \/>\n<meta property=\"og:type\" content=\"article\" \/>\n<meta property=\"og:title\" content=\"Empreenda ON Jovem TI encerra turma com apresenta\u00e7\u00e3o - CEPHAS\" \/>\n<meta property=\"og:description\" content=\"05\/12\/2025 13:32 Durante seis meses, cerca de 40 adolescentes atendidos pelo Ciem mergulharam em uma jornada de forma\u00e7\u00e3o t\u00e9cnica, oficinas pr\u00e1ticas e desenvolvimento humano com foco em tecnologia &#8211; Foto: PMSJC Henrique MacedoFundhas O Empreenda ON Jovem TI, realizado em parceria entre Fundhas\/Cephas e Parque de Inova\u00e7\u00e3o Tecnol\u00f3gica (PIT), encerrou mais uma edi\u00e7\u00e3o com celebra\u00e7\u00e3o, [&hellip;]\" \/>\n<meta property=\"og:url\" content=\"https:\/\/cephas.org.br\/index.php\/2025\/12\/05\/empreenda-on-jovem-ti-encerra-turma-com-apresentacao\/\" \/>\n<meta property=\"og:site_name\" content=\"CEPHAS\" \/>\n<meta property=\"article:published_time\" content=\"2025-12-05T20:02:11+00:00\" \/>\n<meta property=\"og:image\" content=\"http:\/\/cephas.org.br\/wp-content\/uploads\/2025\/12\/empreenda-on-3.jpeg\" \/>\n\t<meta property=\"og:image:width\" content=\"940\" \/>\n\t<meta property=\"og:image:height\" content=\"627\" \/>\n\t<meta property=\"og:image:type\" content=\"image\/jpeg\" \/>\n<meta name=\"author\" content=\"Marcos Machado\" \/>\n<meta name=\"twitter:card\" content=\"summary_large_image\" \/>\n<meta name=\"twitter:label1\" content=\"Escrito por\" \/>\n\t<meta name=\"twitter:data1\" content=\"Marcos Machado\" \/>\n\t<meta name=\"twitter:label2\" content=\"Est. tempo de leitura\" \/>\n\t<meta name=\"twitter:data2\" content=\"3 minutos\" \/>\n<script type=\"application\/ld+json\" class=\"yoast-schema-graph\">{\"@context\":\"https:\/\/schema.org\",\"@graph\":[{\"@type\":\"Article\",\"@id\":\"https:\/\/cephas.org.br\/index.php\/2025\/12\/05\/empreenda-on-jovem-ti-encerra-turma-com-apresentacao\/#article\",\"isPartOf\":{\"@id\":\"https:\/\/cephas.org.br\/index.php\/2025\/12\/05\/empreenda-on-jovem-ti-encerra-turma-com-apresentacao\/\"},\"author\":{\"name\":\"Marcos Machado\",\"@id\":\"https:\/\/cephas.org.br\/#\/schema\/person\/8e6142c0b1cf31f952550aeadf0ed1b8\"},\"headline\":\"Empreenda ON Jovem TI encerra turma com apresenta\u00e7\u00e3o\",\"datePublished\":\"2025-12-05T20:02:11+00:00\",\"mainEntityOfPage\":{\"@id\":\"https:\/\/cephas.org.br\/index.php\/2025\/12\/05\/empreenda-on-jovem-ti-encerra-turma-com-apresentacao\/\"},\"wordCount\":415,\"commentCount\":0,\"publisher\":{\"@id\":\"https:\/\/cephas.org.br\/#organization\"},\"image\":{\"@id\":\"https:\/\/cephas.org.br\/index.php\/2025\/12\/05\/empreenda-on-jovem-ti-encerra-turma-com-apresentacao\/#primaryimage\"},\"thumbnailUrl\":\"https:\/\/cephas.org.br\/wp-content\/uploads\/2025\/12\/empreenda-on-3.jpeg\",\"articleSection\":[\"Not\u00edcias\"],\"inLanguage\":\"pt-BR\",\"potentialAction\":[{\"@type\":\"CommentAction\",\"name\":\"Comment\",\"target\":[\"https:\/\/cephas.org.br\/index.php\/2025\/12\/05\/empreenda-on-jovem-ti-encerra-turma-com-apresentacao\/#respond\"]}]},{\"@type\":\"WebPage\",\"@id\":\"https:\/\/cephas.org.br\/index.php\/2025\/12\/05\/empreenda-on-jovem-ti-encerra-turma-com-apresentacao\/\",\"url\":\"https:\/\/cephas.org.br\/index.php\/2025\/12\/05\/empreenda-on-jovem-ti-encerra-turma-com-apresentacao\/\",\"name\":\"Empreenda ON Jovem TI encerra turma com apresenta\u00e7\u00e3o - CEPHAS\",\"isPartOf\":{\"@id\":\"https:\/\/cephas.org.br\/#website\"},\"primaryImageOfPage\":{\"@id\":\"https:\/\/cephas.org.br\/index.php\/2025\/12\/05\/empreenda-on-jovem-ti-encerra-turma-com-apresentacao\/#primaryimage\"},\"image\":{\"@id\":\"https:\/\/cephas.org.br\/index.php\/2025\/12\/05\/empreenda-on-jovem-ti-encerra-turma-com-apresentacao\/#primaryimage\"},\"thumbnailUrl\":\"https:\/\/cephas.org.br\/wp-content\/uploads\/2025\/12\/empreenda-on-3.jpeg\",\"datePublished\":\"2025-12-05T20:02:11+00:00\",\"breadcrumb\":{\"@id\":\"https:\/\/cephas.org.br\/index.php\/2025\/12\/05\/empreenda-on-jovem-ti-encerra-turma-com-apresentacao\/#breadcrumb\"},\"inLanguage\":\"pt-BR\",\"potentialAction\":[{\"@type\":\"ReadAction\",\"target\":[\"https:\/\/cephas.org.br\/index.php\/2025\/12\/05\/empreenda-on-jovem-ti-encerra-turma-com-apresentacao\/\"]}]},{\"@type\":\"ImageObject\",\"inLanguage\":\"pt-BR\",\"@id\":\"https:\/\/cephas.org.br\/index.php\/2025\/12\/05\/empreenda-on-jovem-ti-encerra-turma-com-apresentacao\/#primaryimage\",\"url\":\"https:\/\/cephas.org.br\/wp-content\/uploads\/2025\/12\/empreenda-on-3.jpeg\",\"contentUrl\":\"https:\/\/cephas.org.br\/wp-content\/uploads\/2025\/12\/empreenda-on-3.jpeg\",\"width\":940,\"height\":627},{\"@type\":\"BreadcrumbList\",\"@id\":\"https:\/\/cephas.org.br\/index.php\/2025\/12\/05\/empreenda-on-jovem-ti-encerra-turma-com-apresentacao\/#breadcrumb\",\"itemListElement\":[{\"@type\":\"ListItem\",\"position\":1,\"name\":\"In\u00edcio\",\"item\":\"https:\/\/cephas.org.br\/\"},{\"@type\":\"ListItem\",\"position\":2,\"name\":\"Empreenda ON Jovem TI encerra turma com apresenta\u00e7\u00e3o\"}]},{\"@type\":\"WebSite\",\"@id\":\"https:\/\/cephas.org.br\/#website\",\"url\":\"https:\/\/cephas.org.br\/\",\"name\":\"CEPHAS\",\"description\":\"\",\"publisher\":{\"@id\":\"https:\/\/cephas.org.br\/#organization\"},\"potentialAction\":[{\"@type\":\"SearchAction\",\"target\":{\"@type\":\"EntryPoint\",\"urlTemplate\":\"https:\/\/cephas.org.br\/?s={search_term_string}\"},\"query-input\":{\"@type\":\"PropertyValueSpecification\",\"valueRequired\":true,\"valueName\":\"search_term_string\"}}],\"inLanguage\":\"pt-BR\"},{\"@type\":\"Organization\",\"@id\":\"https:\/\/cephas.org.br\/#organization\",\"name\":\"CEPHAS\",\"url\":\"https:\/\/cephas.org.br\/\",\"logo\":{\"@type\":\"ImageObject\",\"inLanguage\":\"pt-BR\",\"@id\":\"https:\/\/cephas.org.br\/#\/schema\/logo\/image\/\",\"url\":\"https:\/\/cephas.org.br\/wp-content\/uploads\/2023\/10\/cropped-Assinaturas_CephasFundhas_Pref_Novo-10_Cor-small.png\",\"contentUrl\":\"https:\/\/cephas.org.br\/wp-content\/uploads\/2023\/10\/cropped-Assinaturas_CephasFundhas_Pref_Novo-10_Cor-small.png\",\"width\":812,\"height\":90,\"caption\":\"CEPHAS\"},\"image\":{\"@id\":\"https:\/\/cephas.org.br\/#\/schema\/logo\/image\/\"}},{\"@type\":\"Person\",\"@id\":\"https:\/\/cephas.org.br\/#\/schema\/person\/8e6142c0b1cf31f952550aeadf0ed1b8\",\"name\":\"Marcos Machado\",\"image\":{\"@type\":\"ImageObject\",\"inLanguage\":\"pt-BR\",\"@id\":\"https:\/\/cephas.org.br\/#\/schema\/person\/image\/\",\"url\":\"https:\/\/secure.gravatar.com\/avatar\/7c76f203cbe624b8e1512f1ff9ee41eb25e0099e56f2c7b541d114e78310c612?s=96&d=mm&r=g\",\"contentUrl\":\"https:\/\/secure.gravatar.com\/avatar\/7c76f203cbe624b8e1512f1ff9ee41eb25e0099e56f2c7b541d114e78310c612?s=96&d=mm&r=g\",\"caption\":\"Marcos Machado\"},\"url\":\"https:\/\/cephas.org.br\/index.php\/author\/marcos-machado\/\"}]}<\/script>\n<!-- \/ Yoast SEO plugin. -->","yoast_head_json":{"title":"Empreenda ON Jovem TI encerra turma com apresenta\u00e7\u00e3o - CEPHAS","robots":{"index":"index","follow":"follow","max-snippet":"max-snippet:-1","max-image-preview":"max-image-preview:large","max-video-preview":"max-video-preview:-1"},"canonical":"https:\/\/cephas.org.br\/index.php\/2025\/12\/05\/empreenda-on-jovem-ti-encerra-turma-com-apresentacao\/","og_locale":"pt_BR","og_type":"article","og_title":"Empreenda ON Jovem TI encerra turma com apresenta\u00e7\u00e3o - CEPHAS","og_description":"05\/12\/2025 13:32 Durante seis meses, cerca de 40 adolescentes atendidos pelo Ciem mergulharam em uma jornada de forma\u00e7\u00e3o t\u00e9cnica, oficinas pr\u00e1ticas e desenvolvimento humano com foco em tecnologia &#8211; Foto: PMSJC Henrique MacedoFundhas O Empreenda ON Jovem TI, realizado em parceria entre Fundhas\/Cephas e Parque de Inova\u00e7\u00e3o Tecnol\u00f3gica (PIT), encerrou mais uma edi\u00e7\u00e3o com celebra\u00e7\u00e3o, [&hellip;]","og_url":"https:\/\/cephas.org.br\/index.php\/2025\/12\/05\/empreenda-on-jovem-ti-encerra-turma-com-apresentacao\/","og_site_name":"CEPHAS","article_published_time":"2025-12-05T20:02:11+00:00","og_image":[{"width":940,"height":627,"url":"http:\/\/cephas.org.br\/wp-content\/uploads\/2025\/12\/empreenda-on-3.jpeg","type":"image\/jpeg"}],"author":"Marcos Machado","twitter_card":"summary_large_image","twitter_misc":{"Escrito por":"Marcos Machado","Est. tempo de leitura":"3 minutos"},"schema":{"@context":"https:\/\/schema.org","@graph":[{"@type":"Article","@id":"https:\/\/cephas.org.br\/index.php\/2025\/12\/05\/empreenda-on-jovem-ti-encerra-turma-com-apresentacao\/#article","isPartOf":{"@id":"https:\/\/cephas.org.br\/index.php\/2025\/12\/05\/empreenda-on-jovem-ti-encerra-turma-com-apresentacao\/"},"author":{"name":"Marcos Machado","@id":"https:\/\/cephas.org.br\/#\/schema\/person\/8e6142c0b1cf31f952550aeadf0ed1b8"},"headline":"Empreenda ON Jovem TI encerra turma com apresenta\u00e7\u00e3o","datePublished":"2025-12-05T20:02:11+00:00","mainEntityOfPage":{"@id":"https:\/\/cephas.org.br\/index.php\/2025\/12\/05\/empreenda-on-jovem-ti-encerra-turma-com-apresentacao\/"},"wordCount":415,"commentCount":0,"publisher":{"@id":"https:\/\/cephas.org.br\/#organization"},"image":{"@id":"https:\/\/cephas.org.br\/index.php\/2025\/12\/05\/empreenda-on-jovem-ti-encerra-turma-com-apresentacao\/#primaryimage"},"thumbnailUrl":"https:\/\/cephas.org.br\/wp-content\/uploads\/2025\/12\/empreenda-on-3.jpeg","articleSection":["Not\u00edcias"],"inLanguage":"pt-BR","potentialAction":[{"@type":"CommentAction","name":"Comment","target":["https:\/\/cephas.org.br\/index.php\/2025\/12\/05\/empreenda-on-jovem-ti-encerra-turma-com-apresentacao\/#respond"]}]},{"@type":"WebPage","@id":"https:\/\/cephas.org.br\/index.php\/2025\/12\/05\/empreenda-on-jovem-ti-encerra-turma-com-apresentacao\/","url":"https:\/\/cephas.org.br\/index.php\/2025\/12\/05\/empreenda-on-jovem-ti-encerra-turma-com-apresentacao\/","name":"Empreenda ON Jovem TI encerra turma com apresenta\u00e7\u00e3o - CEPHAS","isPartOf":{"@id":"https:\/\/cephas.org.br\/#website"},"primaryImageOfPage":{"@id":"https:\/\/cephas.org.br\/index.php\/2025\/12\/05\/empreenda-on-jovem-ti-encerra-turma-com-apresentacao\/#primaryimage"},"image":{"@id":"https:\/\/cephas.org.br\/index.php\/2025\/12\/05\/empreenda-on-jovem-ti-encerra-turma-com-apresentacao\/#primaryimage"},"thumbnailUrl":"https:\/\/cephas.org.br\/wp-content\/uploads\/2025\/12\/empreenda-on-3.jpeg","datePublished":"2025-12-05T20:02:11+00:00","breadcrumb":{"@id":"https:\/\/cephas.org.br\/index.php\/2025\/12\/05\/empreenda-on-jovem-ti-encerra-turma-com-apresentacao\/#breadcrumb"},"inLanguage":"pt-BR","potentialAction":[{"@type":"ReadAction","target":["https:\/\/cephas.org.br\/index.php\/2025\/12\/05\/empreenda-on-jovem-ti-encerra-turma-com-apresentacao\/"]}]},{"@type":"ImageObject","inLanguage":"pt-BR","@id":"https:\/\/cephas.org.br\/index.php\/2025\/12\/05\/empreenda-on-jovem-ti-encerra-turma-com-apresentacao\/#primaryimage","url":"https:\/\/cephas.org.br\/wp-content\/uploads\/2025\/12\/empreenda-on-3.jpeg","contentUrl":"https:\/\/cephas.org.br\/wp-content\/uploads\/2025\/12\/empreenda-on-3.jpeg","width":940,"height":627},{"@type":"BreadcrumbList","@id":"https:\/\/cephas.org.br\/index.php\/2025\/12\/05\/empreenda-on-jovem-ti-encerra-turma-com-apresentacao\/#breadcrumb","itemListElement":[{"@type":"ListItem","position":1,"name":"In\u00edcio","item":"https:\/\/cephas.org.br\/"},{"@type":"ListItem","position":2,"name":"Empreenda ON Jovem TI encerra turma com apresenta\u00e7\u00e3o"}]},{"@type":"WebSite","@id":"https:\/\/cephas.org.br\/#website","url":"https:\/\/cephas.org.br\/","name":"CEPHAS","description":"","publisher":{"@id":"https:\/\/cephas.org.br\/#organization"},"potentialAction":[{"@type":"SearchAction","target":{"@type":"EntryPoint","urlTemplate":"https:\/\/cephas.org.br\/?s={search_term_string}"},"query-input":{"@type":"PropertyValueSpecification","valueRequired":true,"valueName":"search_term_string"}}],"inLanguage":"pt-BR"},{"@type":"Organization","@id":"https:\/\/cephas.org.br\/#organization","name":"CEPHAS","url":"https:\/\/cephas.org.br\/","logo":{"@type":"ImageObject","inLanguage":"pt-BR","@id":"https:\/\/cephas.org.br\/#\/schema\/logo\/image\/","url":"https:\/\/cephas.org.br\/wp-content\/uploads\/2023\/10\/cropped-Assinaturas_CephasFundhas_Pref_Novo-10_Cor-small.png","contentUrl":"https:\/\/cephas.org.br\/wp-content\/uploads\/2023\/10\/cropped-Assinaturas_CephasFundhas_Pref_Novo-10_Cor-small.png","width":812,"height":90,"caption":"CEPHAS"},"image":{"@id":"https:\/\/cephas.org.br\/#\/schema\/logo\/image\/"}},{"@type":"Person","@id":"https:\/\/cephas.org.br\/#\/schema\/person\/8e6142c0b1cf31f952550aeadf0ed1b8","name":"Marcos Machado","image":{"@type":"ImageObject","inLanguage":"pt-BR","@id":"https:\/\/cephas.org.br\/#\/schema\/person\/image\/","url":"https:\/\/secure.gravatar.com\/avatar\/7c76f203cbe624b8e1512f1ff9ee41eb25e0099e56f2c7b541d114e78310c612?s=96&d=mm&r=g","contentUrl":"https:\/\/secure.gravatar.com\/avatar\/7c76f203cbe624b8e1512f1ff9ee41eb25e0099e56f2c7b541d114e78310c612?s=96&d=mm&r=g","caption":"Marcos Machado"},"url":"https:\/\/cephas.org.br\/index.php\/author\/marcos-machado\/"}]}},"_links":{"self":[{"href":"https:\/\/cephas.org.br\/index.php\/wp-json\/wp\/v2\/posts\/5924","targetHints":{"allow":["GET"]}}],"collection":[{"href":"https:\/\/cephas.org.br\/index.php\/wp-json\/wp\/v2\/posts"}],"about":[{"href":"https:\/\/cephas.org.br\/index.php\/wp-json\/wp\/v2\/types\/post"}],"author":[{"embeddable":true,"href":"https:\/\/cephas.org.br\/index.php\/wp-json\/wp\/v2\/users\/24"}],"replies":[{"embeddable":true,"href":"https:\/\/cephas.org.br\/index.php\/wp-json\/wp\/v2\/comments?post=5924"}],"version-history":[{"count":1,"href":"https:\/\/cephas.org.br\/index.php\/wp-json\/wp\/v2\/posts\/5924\/revisions"}],"predecessor-version":[{"id":5926,"href":"https:\/\/cephas.org.br\/index.php\/wp-json\/wp\/v2\/posts\/5924\/revisions\/5926"}],"wp:featuredmedia":[{"embeddable":true,"href":"https:\/\/cephas.org.br\/index.php\/wp-json\/wp\/v2\/media\/5925"}],"wp:attachment":[{"href":"https:\/\/cephas.org.br\/index.php\/wp-json\/wp\/v2\/media?parent=5924"}],"wp:term":[{"taxonomy":"category","embeddable":true,"href":"https:\/\/cephas.org.br\/index.php\/wp-json\/wp\/v2\/categories?post=5924"},{"taxonomy":"post_tag","embeddable":true,"href":"https:\/\/cephas.org.br\/index.php\/wp-json\/wp\/v2\/tags?post=5924"}],"curies":[{"name":"wp","href":"https:\/\/api.w.org\/{rel}","templated":true}]}}