{"id":5904,"date":"2025-12-04T16:42:02","date_gmt":"2025-12-04T19:42:02","guid":{"rendered":"https:\/\/cephas.org.br\/?p=5904"},"modified":"2025-12-04T16:42:03","modified_gmt":"2025-12-04T19:42:03","slug":"cephas-realiza-mostra-com-projetos-desenvolvidos-pelos-alunos","status":"publish","type":"post","link":"https:\/\/cephas.org.br\/index.php\/2025\/12\/04\/cephas-realiza-mostra-com-projetos-desenvolvidos-pelos-alunos\/","title":{"rendered":"Cephas realiza mostra com projetos desenvolvidos pelos alunos"},"content":{"rendered":"\n<p>Atualizado em 04\/12\/2025 &#8211; 16:04<\/p>\n\n\n\n<p><img decoding=\"async\" src=\"https:\/\/www.sjc.sp.gov.br\/media\/yjjasbax\/mostra_cephas-dezembro-1.jpeg?width=940&amp;height=627&amp;v=1dc6529700c6fc0\" alt=\"O evento apresenta ao p\u00fablico as solu\u00e7\u00f5es criativas que v\u00eam sendo desenvolvidas pelos alunos\"><\/p>\n\n\n\n<p>O evento apresenta ao p\u00fablico as solu\u00e7\u00f5es criativas que v\u00eam sendo desenvolvidas ao longo do ano por estudantes de cursos t\u00e9cnicos do Cephas &#8211; Foto: PMSJC<\/p>\n\n\n\n<p><strong>Henrique Macedo<\/strong><br><strong>Fundhas<\/strong><\/p>\n\n\n\n<p>O Cephas (Col\u00e9gio de Educa\u00e7\u00e3o Profissional H\u00e9lio Augusto de Souza) realizou, nesta quarta-feira (4), a Mostra Tecnol\u00f3gica 2025, com 26 projetos inovadores desenvolvidos pelos estudantes dos cursos t\u00e9cnicos de Qu\u00edmica, Mec\u00e2nica, Eletr\u00f4nica, Administra\u00e7\u00e3o e Enfermagem, al\u00e9m de trabalhos da Divis\u00e3o de Inova\u00e7\u00e3o dos cursos de Forma\u00e7\u00e3o Inicial e Continuada.<\/p>\n\n\n\n<p>O evento marcou o encerramento do ano letivo e abriu as portas da escola para que alunos e professores apresentassem ao p\u00fablico as solu\u00e7\u00f5es criativas que v\u00eam sendo desenvolvidas ao longo dos semestres.<\/p>\n\n\n\n<p><img fetchpriority=\"high\" decoding=\"async\" src=\"https:\/\/www.sjc.sp.gov.br\/media\/32dfwgqs\/mostra_cephas-dezembro-5.jpeg?rmode=max&amp;width=500&amp;height=375\" alt=\"\" width=\"500\" height=\"375\"><br><em><sup>Alunos do curso de Mec\u00e2nica com um triciclo motorizado | Foto: PMSJC<\/sup><\/em><\/p>\n\n\n\n<p>\u201c\u00c9 um dia especial porque \u00e9 o momento em que os alunos conseguem demonstrar tudo o que aprenderam. Eles articulam conhecimento, criatividade e pr\u00e1tica profissional. Estamos muito felizes em abrir a escola para essa oportunidade\u201d, afirmou Suzana Kisen, diretora do Cephas.<\/p>\n\n\n\n<h3 class=\"wp-block-heading\"><strong>Empreendedorismo e inova\u00e7\u00e3o<\/strong><\/h3>\n\n\n\n<p>Entre os trabalhos apresentados, esteve o projeto da aluna Camila Camilo Rodrigues, do curso t\u00e9cnico de Administra\u00e7\u00e3o. Ela e as colegas Maria Fernanda e Elo\u00e1 desenvolveram um creme para as m\u00e3os pensado para o dia a dia, acess\u00edvel para mulheres e homens.<\/p>\n\n\n\n<p>\u201cNosso produto \u00e9 um creminho de bolsa de 30 ml, com fragr\u00e2ncias variadas. Ele custa R$ 6,90 e foi pensado para incentivar o autocuidado. Fizemos pesquisas sobre ressecamento da pele e constatamos a import\u00e2ncia de manter as m\u00e3os hidratadas\u201d, contou Camila.<\/p>\n\n\n\n<p>O trio criou tamb\u00e9m uma identidade visual pr\u00f3pria, com a marca L\u00f3tus, que representa autocuidado, limpeza e leveza.<\/p>\n\n\n\n<p><img decoding=\"async\" src=\"https:\/\/www.sjc.sp.gov.br\/media\/ckbaugwf\/mostra_cephas-dezembro-6.jpeg?rmode=max&amp;width=500&amp;height=375\" alt=\"\" width=\"500\" height=\"375\"><br><em><sup>Grupo desenvolveu creme para as m\u00e3os | Foto: PMSJC<\/sup><\/em><\/p>\n\n\n\n<p>Outra equipe formada por alunas do curso de Qu\u00edmica \u2014 Lav\u00ednia, Maria Clara e Helo\u00edsa \u2014 apresentou um gloss labial org\u00e2nico, feito apenas com ingredientes naturais como glicerina bidestilada, cera de abelha, ess\u00eancia de morango e p\u00f3 de beterraba.<\/p>\n\n\n\n<p>\u201cO diferencial \u00e9 ser totalmente org\u00e2nico, com brilho suave e pigmenta\u00e7\u00e3o natural\u201d, explicou Lav\u00ednia.<\/p>\n\n\n\n<p><img decoding=\"async\" src=\"https:\/\/www.sjc.sp.gov.br\/media\/1hllv3p4\/mostra_cephas-dezembro-2.jpeg?rmode=max&amp;width=500&amp;height=375\" alt=\"\" width=\"500\" height=\"375\"><br><em><sup>Alunas de Qu\u00edmica e o gloss desenvolvido com ingredientes naturais | Foto: PMSJC<\/sup><\/em><\/p>\n\n\n\n<h3 class=\"wp-block-heading\"><strong>Tecnologia e acessibilidade<\/strong><\/h3>\n\n\n\n<p>O curso de Mec\u00e2nica tamb\u00e9m marcou presen\u00e7a. O aluno Paulo Henrique Fernandes, 17 anos, apresentou com sua equipe \u2014 Jo\u00e3o, Vin\u00edcius, Luciana e Marcelo \u2014 uma handbike, bicicleta adaptada para pessoas com defici\u00eancia ou limita\u00e7\u00f5es de mobilidade.<\/p>\n\n\n\n<p>\u201cA ideia surgiu da necessidade de atletas que, ap\u00f3s acidentes, perdem parte da mobilidade, mas desejam continuar praticando esporte. Criamos um modelo acess\u00edvel, com manoplas no lugar dos pedais e sistema de freio adaptado\u201d, explicou Paulo. O grupo ainda estuda a possibilidade de comercializar o prot\u00f3tipo futuramente.<\/p>\n\n\n\n<figure class=\"wp-block-image\"><img decoding=\"async\" src=\"https:\/\/www.sjc.sp.gov.br\/media\/glefodet\/mostra_cephas-dezembro-4.jpeg?rmode=max&amp;width=500&amp;height=375\" alt=\"\"\/><\/figure>\n\n\n\n<p><em><sup>Bicicleta adaptada para pessoas com defici\u00eancia | Foto: PMSJC<\/sup><\/em><\/p>\n\n\n\n<h3 class=\"wp-block-heading\"><strong>Sustentabilidade como prioridade<\/strong><\/h3>\n\n\n\n<p>Na \u00e1rea da Qu\u00edmica, o aluno Vitor Torres Coimbra apresentou um biopl\u00e1stico produzido \u00e0 base de f\u00e9cula de mandioca.&nbsp;\u201c\u00c9 um pol\u00edmero natural que se degrada em at\u00e9 40 dias, enquanto o pl\u00e1stico comum pode levar mais de 50 anos. Nosso objetivo futuro \u00e9 aprimorar a resist\u00eancia do material para substituir filmes pl\u00e1sticos derivados de petr\u00f3leo\u201d, contou.<\/p>\n\n\n\n<h3 class=\"wp-block-heading\"><strong>Aproxima\u00e7\u00e3o com o mercado<\/strong><\/h3>\n\n\n\n<p>O diretor da Assecre (Associa\u00e7\u00e3o dos Empres\u00e1rios do Ch\u00e1caras Reunidas), Wagner Siqueira, destacou a import\u00e2ncia da intera\u00e7\u00e3o entre o Cephas e as empresas da regi\u00e3o.<\/p>\n\n\n\n<p>\u201c\u00c9 fundamental aproximar quem contrata dos centros de forma\u00e7\u00e3o. Ver esses projetos motiva os jovens e permite que o mercado conhe\u00e7a o potencial deles. \u00c9 uma ponte entre o aprendizado t\u00e9cnico e as oportunidades profissionais\u201d, disse.<\/p>\n","protected":false},"excerpt":{"rendered":"<p>Atualizado em 04\/12\/2025 &#8211; 16:04 O evento apresenta ao p\u00fablico as solu\u00e7\u00f5es criativas que v\u00eam sendo desenvolvidas ao longo do ano por estudantes de cursos t\u00e9cnicos do Cephas &#8211; Foto: PMSJC Henrique MacedoFundhas O Cephas (Col\u00e9gio de Educa\u00e7\u00e3o Profissional H\u00e9lio Augusto de Souza) realizou, nesta quarta-feira (4), a Mostra Tecnol\u00f3gica 2025, com 26 projetos inovadores [&hellip;]<\/p>\n","protected":false},"author":24,"featured_media":5905,"comment_status":"open","ping_status":"closed","sticky":false,"template":"","format":"standard","meta":{"_acf_changed":false,"_monsterinsights_skip_tracking":false,"_monsterinsights_sitenote_active":false,"_monsterinsights_sitenote_note":"","_monsterinsights_sitenote_category":0,"footnotes":""},"categories":[2],"tags":[],"class_list":{"0":"post-5904","1":"post","2":"type-post","3":"status-publish","4":"format-standard","5":"has-post-thumbnail","7":"category-noticias","8":"czr-hentry"},"acf":[],"yoast_head":"<!-- This site is optimized with the Yoast SEO plugin v26.6 - https:\/\/yoast.com\/wordpress\/plugins\/seo\/ -->\n<title>Cephas realiza mostra com projetos desenvolvidos pelos alunos - CEPHAS<\/title>\n<meta name=\"robots\" content=\"index, follow, max-snippet:-1, max-image-preview:large, max-video-preview:-1\" \/>\n<link rel=\"canonical\" href=\"https:\/\/cephas.org.br\/index.php\/2025\/12\/04\/cephas-realiza-mostra-com-projetos-desenvolvidos-pelos-alunos\/\" \/>\n<meta property=\"og:locale\" content=\"pt_BR\" \/>\n<meta property=\"og:type\" content=\"article\" \/>\n<meta property=\"og:title\" content=\"Cephas realiza mostra com projetos desenvolvidos pelos alunos - CEPHAS\" \/>\n<meta property=\"og:description\" content=\"Atualizado em 04\/12\/2025 &#8211; 16:04 O evento apresenta ao p\u00fablico as solu\u00e7\u00f5es criativas que v\u00eam sendo desenvolvidas ao longo do ano por estudantes de cursos t\u00e9cnicos do Cephas &#8211; Foto: PMSJC Henrique MacedoFundhas O Cephas (Col\u00e9gio de Educa\u00e7\u00e3o Profissional H\u00e9lio Augusto de Souza) realizou, nesta quarta-feira (4), a Mostra Tecnol\u00f3gica 2025, com 26 projetos inovadores [&hellip;]\" \/>\n<meta property=\"og:url\" content=\"https:\/\/cephas.org.br\/index.php\/2025\/12\/04\/cephas-realiza-mostra-com-projetos-desenvolvidos-pelos-alunos\/\" \/>\n<meta property=\"og:site_name\" content=\"CEPHAS\" \/>\n<meta property=\"article:published_time\" content=\"2025-12-04T19:42:02+00:00\" \/>\n<meta property=\"article:modified_time\" content=\"2025-12-04T19:42:03+00:00\" \/>\n<meta property=\"og:image\" content=\"http:\/\/cephas.org.br\/wp-content\/uploads\/2025\/12\/mostra_cephas-dezembro-1.jpeg\" \/>\n\t<meta property=\"og:image:width\" content=\"940\" \/>\n\t<meta property=\"og:image:height\" content=\"627\" \/>\n\t<meta property=\"og:image:type\" content=\"image\/jpeg\" \/>\n<meta name=\"author\" content=\"Marcos Machado\" \/>\n<meta name=\"twitter:card\" content=\"summary_large_image\" \/>\n<meta name=\"twitter:label1\" content=\"Escrito por\" \/>\n\t<meta name=\"twitter:data1\" content=\"Marcos Machado\" \/>\n\t<meta name=\"twitter:label2\" content=\"Est. tempo de leitura\" \/>\n\t<meta name=\"twitter:data2\" content=\"5 minutos\" \/>\n<script type=\"application\/ld+json\" class=\"yoast-schema-graph\">{\"@context\":\"https:\/\/schema.org\",\"@graph\":[{\"@type\":\"Article\",\"@id\":\"https:\/\/cephas.org.br\/index.php\/2025\/12\/04\/cephas-realiza-mostra-com-projetos-desenvolvidos-pelos-alunos\/#article\",\"isPartOf\":{\"@id\":\"https:\/\/cephas.org.br\/index.php\/2025\/12\/04\/cephas-realiza-mostra-com-projetos-desenvolvidos-pelos-alunos\/\"},\"author\":{\"name\":\"Marcos Machado\",\"@id\":\"https:\/\/cephas.org.br\/#\/schema\/person\/8e6142c0b1cf31f952550aeadf0ed1b8\"},\"headline\":\"Cephas realiza mostra com projetos desenvolvidos pelos alunos\",\"datePublished\":\"2025-12-04T19:42:02+00:00\",\"dateModified\":\"2025-12-04T19:42:03+00:00\",\"mainEntityOfPage\":{\"@id\":\"https:\/\/cephas.org.br\/index.php\/2025\/12\/04\/cephas-realiza-mostra-com-projetos-desenvolvidos-pelos-alunos\/\"},\"wordCount\":623,\"commentCount\":0,\"publisher\":{\"@id\":\"https:\/\/cephas.org.br\/#organization\"},\"image\":{\"@id\":\"https:\/\/cephas.org.br\/index.php\/2025\/12\/04\/cephas-realiza-mostra-com-projetos-desenvolvidos-pelos-alunos\/#primaryimage\"},\"thumbnailUrl\":\"https:\/\/cephas.org.br\/wp-content\/uploads\/2025\/12\/mostra_cephas-dezembro-1.jpeg\",\"articleSection\":[\"Not\u00edcias\"],\"inLanguage\":\"pt-BR\",\"potentialAction\":[{\"@type\":\"CommentAction\",\"name\":\"Comment\",\"target\":[\"https:\/\/cephas.org.br\/index.php\/2025\/12\/04\/cephas-realiza-mostra-com-projetos-desenvolvidos-pelos-alunos\/#respond\"]}]},{\"@type\":\"WebPage\",\"@id\":\"https:\/\/cephas.org.br\/index.php\/2025\/12\/04\/cephas-realiza-mostra-com-projetos-desenvolvidos-pelos-alunos\/\",\"url\":\"https:\/\/cephas.org.br\/index.php\/2025\/12\/04\/cephas-realiza-mostra-com-projetos-desenvolvidos-pelos-alunos\/\",\"name\":\"Cephas realiza mostra com projetos desenvolvidos pelos alunos - CEPHAS\",\"isPartOf\":{\"@id\":\"https:\/\/cephas.org.br\/#website\"},\"primaryImageOfPage\":{\"@id\":\"https:\/\/cephas.org.br\/index.php\/2025\/12\/04\/cephas-realiza-mostra-com-projetos-desenvolvidos-pelos-alunos\/#primaryimage\"},\"image\":{\"@id\":\"https:\/\/cephas.org.br\/index.php\/2025\/12\/04\/cephas-realiza-mostra-com-projetos-desenvolvidos-pelos-alunos\/#primaryimage\"},\"thumbnailUrl\":\"https:\/\/cephas.org.br\/wp-content\/uploads\/2025\/12\/mostra_cephas-dezembro-1.jpeg\",\"datePublished\":\"2025-12-04T19:42:02+00:00\",\"dateModified\":\"2025-12-04T19:42:03+00:00\",\"breadcrumb\":{\"@id\":\"https:\/\/cephas.org.br\/index.php\/2025\/12\/04\/cephas-realiza-mostra-com-projetos-desenvolvidos-pelos-alunos\/#breadcrumb\"},\"inLanguage\":\"pt-BR\",\"potentialAction\":[{\"@type\":\"ReadAction\",\"target\":[\"https:\/\/cephas.org.br\/index.php\/2025\/12\/04\/cephas-realiza-mostra-com-projetos-desenvolvidos-pelos-alunos\/\"]}]},{\"@type\":\"ImageObject\",\"inLanguage\":\"pt-BR\",\"@id\":\"https:\/\/cephas.org.br\/index.php\/2025\/12\/04\/cephas-realiza-mostra-com-projetos-desenvolvidos-pelos-alunos\/#primaryimage\",\"url\":\"https:\/\/cephas.org.br\/wp-content\/uploads\/2025\/12\/mostra_cephas-dezembro-1.jpeg\",\"contentUrl\":\"https:\/\/cephas.org.br\/wp-content\/uploads\/2025\/12\/mostra_cephas-dezembro-1.jpeg\",\"width\":940,\"height\":627},{\"@type\":\"BreadcrumbList\",\"@id\":\"https:\/\/cephas.org.br\/index.php\/2025\/12\/04\/cephas-realiza-mostra-com-projetos-desenvolvidos-pelos-alunos\/#breadcrumb\",\"itemListElement\":[{\"@type\":\"ListItem\",\"position\":1,\"name\":\"In\u00edcio\",\"item\":\"https:\/\/cephas.org.br\/\"},{\"@type\":\"ListItem\",\"position\":2,\"name\":\"Cephas realiza mostra com projetos desenvolvidos pelos alunos\"}]},{\"@type\":\"WebSite\",\"@id\":\"https:\/\/cephas.org.br\/#website\",\"url\":\"https:\/\/cephas.org.br\/\",\"name\":\"CEPHAS\",\"description\":\"\",\"publisher\":{\"@id\":\"https:\/\/cephas.org.br\/#organization\"},\"potentialAction\":[{\"@type\":\"SearchAction\",\"target\":{\"@type\":\"EntryPoint\",\"urlTemplate\":\"https:\/\/cephas.org.br\/?s={search_term_string}\"},\"query-input\":{\"@type\":\"PropertyValueSpecification\",\"valueRequired\":true,\"valueName\":\"search_term_string\"}}],\"inLanguage\":\"pt-BR\"},{\"@type\":\"Organization\",\"@id\":\"https:\/\/cephas.org.br\/#organization\",\"name\":\"CEPHAS\",\"url\":\"https:\/\/cephas.org.br\/\",\"logo\":{\"@type\":\"ImageObject\",\"inLanguage\":\"pt-BR\",\"@id\":\"https:\/\/cephas.org.br\/#\/schema\/logo\/image\/\",\"url\":\"https:\/\/cephas.org.br\/wp-content\/uploads\/2023\/10\/cropped-Assinaturas_CephasFundhas_Pref_Novo-10_Cor-small.png\",\"contentUrl\":\"https:\/\/cephas.org.br\/wp-content\/uploads\/2023\/10\/cropped-Assinaturas_CephasFundhas_Pref_Novo-10_Cor-small.png\",\"width\":812,\"height\":90,\"caption\":\"CEPHAS\"},\"image\":{\"@id\":\"https:\/\/cephas.org.br\/#\/schema\/logo\/image\/\"}},{\"@type\":\"Person\",\"@id\":\"https:\/\/cephas.org.br\/#\/schema\/person\/8e6142c0b1cf31f952550aeadf0ed1b8\",\"name\":\"Marcos Machado\",\"image\":{\"@type\":\"ImageObject\",\"inLanguage\":\"pt-BR\",\"@id\":\"https:\/\/cephas.org.br\/#\/schema\/person\/image\/\",\"url\":\"https:\/\/secure.gravatar.com\/avatar\/7c76f203cbe624b8e1512f1ff9ee41eb25e0099e56f2c7b541d114e78310c612?s=96&d=mm&r=g\",\"contentUrl\":\"https:\/\/secure.gravatar.com\/avatar\/7c76f203cbe624b8e1512f1ff9ee41eb25e0099e56f2c7b541d114e78310c612?s=96&d=mm&r=g\",\"caption\":\"Marcos Machado\"},\"url\":\"https:\/\/cephas.org.br\/index.php\/author\/marcos-machado\/\"}]}<\/script>\n<!-- \/ Yoast SEO plugin. -->","yoast_head_json":{"title":"Cephas realiza mostra com projetos desenvolvidos pelos alunos - CEPHAS","robots":{"index":"index","follow":"follow","max-snippet":"max-snippet:-1","max-image-preview":"max-image-preview:large","max-video-preview":"max-video-preview:-1"},"canonical":"https:\/\/cephas.org.br\/index.php\/2025\/12\/04\/cephas-realiza-mostra-com-projetos-desenvolvidos-pelos-alunos\/","og_locale":"pt_BR","og_type":"article","og_title":"Cephas realiza mostra com projetos desenvolvidos pelos alunos - CEPHAS","og_description":"Atualizado em 04\/12\/2025 &#8211; 16:04 O evento apresenta ao p\u00fablico as solu\u00e7\u00f5es criativas que v\u00eam sendo desenvolvidas ao longo do ano por estudantes de cursos t\u00e9cnicos do Cephas &#8211; Foto: PMSJC Henrique MacedoFundhas O Cephas (Col\u00e9gio de Educa\u00e7\u00e3o Profissional H\u00e9lio Augusto de Souza) realizou, nesta quarta-feira (4), a Mostra Tecnol\u00f3gica 2025, com 26 projetos inovadores [&hellip;]","og_url":"https:\/\/cephas.org.br\/index.php\/2025\/12\/04\/cephas-realiza-mostra-com-projetos-desenvolvidos-pelos-alunos\/","og_site_name":"CEPHAS","article_published_time":"2025-12-04T19:42:02+00:00","article_modified_time":"2025-12-04T19:42:03+00:00","og_image":[{"width":940,"height":627,"url":"http:\/\/cephas.org.br\/wp-content\/uploads\/2025\/12\/mostra_cephas-dezembro-1.jpeg","type":"image\/jpeg"}],"author":"Marcos Machado","twitter_card":"summary_large_image","twitter_misc":{"Escrito por":"Marcos Machado","Est. tempo de leitura":"5 minutos"},"schema":{"@context":"https:\/\/schema.org","@graph":[{"@type":"Article","@id":"https:\/\/cephas.org.br\/index.php\/2025\/12\/04\/cephas-realiza-mostra-com-projetos-desenvolvidos-pelos-alunos\/#article","isPartOf":{"@id":"https:\/\/cephas.org.br\/index.php\/2025\/12\/04\/cephas-realiza-mostra-com-projetos-desenvolvidos-pelos-alunos\/"},"author":{"name":"Marcos Machado","@id":"https:\/\/cephas.org.br\/#\/schema\/person\/8e6142c0b1cf31f952550aeadf0ed1b8"},"headline":"Cephas realiza mostra com projetos desenvolvidos pelos alunos","datePublished":"2025-12-04T19:42:02+00:00","dateModified":"2025-12-04T19:42:03+00:00","mainEntityOfPage":{"@id":"https:\/\/cephas.org.br\/index.php\/2025\/12\/04\/cephas-realiza-mostra-com-projetos-desenvolvidos-pelos-alunos\/"},"wordCount":623,"commentCount":0,"publisher":{"@id":"https:\/\/cephas.org.br\/#organization"},"image":{"@id":"https:\/\/cephas.org.br\/index.php\/2025\/12\/04\/cephas-realiza-mostra-com-projetos-desenvolvidos-pelos-alunos\/#primaryimage"},"thumbnailUrl":"https:\/\/cephas.org.br\/wp-content\/uploads\/2025\/12\/mostra_cephas-dezembro-1.jpeg","articleSection":["Not\u00edcias"],"inLanguage":"pt-BR","potentialAction":[{"@type":"CommentAction","name":"Comment","target":["https:\/\/cephas.org.br\/index.php\/2025\/12\/04\/cephas-realiza-mostra-com-projetos-desenvolvidos-pelos-alunos\/#respond"]}]},{"@type":"WebPage","@id":"https:\/\/cephas.org.br\/index.php\/2025\/12\/04\/cephas-realiza-mostra-com-projetos-desenvolvidos-pelos-alunos\/","url":"https:\/\/cephas.org.br\/index.php\/2025\/12\/04\/cephas-realiza-mostra-com-projetos-desenvolvidos-pelos-alunos\/","name":"Cephas realiza mostra com projetos desenvolvidos pelos alunos - CEPHAS","isPartOf":{"@id":"https:\/\/cephas.org.br\/#website"},"primaryImageOfPage":{"@id":"https:\/\/cephas.org.br\/index.php\/2025\/12\/04\/cephas-realiza-mostra-com-projetos-desenvolvidos-pelos-alunos\/#primaryimage"},"image":{"@id":"https:\/\/cephas.org.br\/index.php\/2025\/12\/04\/cephas-realiza-mostra-com-projetos-desenvolvidos-pelos-alunos\/#primaryimage"},"thumbnailUrl":"https:\/\/cephas.org.br\/wp-content\/uploads\/2025\/12\/mostra_cephas-dezembro-1.jpeg","datePublished":"2025-12-04T19:42:02+00:00","dateModified":"2025-12-04T19:42:03+00:00","breadcrumb":{"@id":"https:\/\/cephas.org.br\/index.php\/2025\/12\/04\/cephas-realiza-mostra-com-projetos-desenvolvidos-pelos-alunos\/#breadcrumb"},"inLanguage":"pt-BR","potentialAction":[{"@type":"ReadAction","target":["https:\/\/cephas.org.br\/index.php\/2025\/12\/04\/cephas-realiza-mostra-com-projetos-desenvolvidos-pelos-alunos\/"]}]},{"@type":"ImageObject","inLanguage":"pt-BR","@id":"https:\/\/cephas.org.br\/index.php\/2025\/12\/04\/cephas-realiza-mostra-com-projetos-desenvolvidos-pelos-alunos\/#primaryimage","url":"https:\/\/cephas.org.br\/wp-content\/uploads\/2025\/12\/mostra_cephas-dezembro-1.jpeg","contentUrl":"https:\/\/cephas.org.br\/wp-content\/uploads\/2025\/12\/mostra_cephas-dezembro-1.jpeg","width":940,"height":627},{"@type":"BreadcrumbList","@id":"https:\/\/cephas.org.br\/index.php\/2025\/12\/04\/cephas-realiza-mostra-com-projetos-desenvolvidos-pelos-alunos\/#breadcrumb","itemListElement":[{"@type":"ListItem","position":1,"name":"In\u00edcio","item":"https:\/\/cephas.org.br\/"},{"@type":"ListItem","position":2,"name":"Cephas realiza mostra com projetos desenvolvidos pelos alunos"}]},{"@type":"WebSite","@id":"https:\/\/cephas.org.br\/#website","url":"https:\/\/cephas.org.br\/","name":"CEPHAS","description":"","publisher":{"@id":"https:\/\/cephas.org.br\/#organization"},"potentialAction":[{"@type":"SearchAction","target":{"@type":"EntryPoint","urlTemplate":"https:\/\/cephas.org.br\/?s={search_term_string}"},"query-input":{"@type":"PropertyValueSpecification","valueRequired":true,"valueName":"search_term_string"}}],"inLanguage":"pt-BR"},{"@type":"Organization","@id":"https:\/\/cephas.org.br\/#organization","name":"CEPHAS","url":"https:\/\/cephas.org.br\/","logo":{"@type":"ImageObject","inLanguage":"pt-BR","@id":"https:\/\/cephas.org.br\/#\/schema\/logo\/image\/","url":"https:\/\/cephas.org.br\/wp-content\/uploads\/2023\/10\/cropped-Assinaturas_CephasFundhas_Pref_Novo-10_Cor-small.png","contentUrl":"https:\/\/cephas.org.br\/wp-content\/uploads\/2023\/10\/cropped-Assinaturas_CephasFundhas_Pref_Novo-10_Cor-small.png","width":812,"height":90,"caption":"CEPHAS"},"image":{"@id":"https:\/\/cephas.org.br\/#\/schema\/logo\/image\/"}},{"@type":"Person","@id":"https:\/\/cephas.org.br\/#\/schema\/person\/8e6142c0b1cf31f952550aeadf0ed1b8","name":"Marcos Machado","image":{"@type":"ImageObject","inLanguage":"pt-BR","@id":"https:\/\/cephas.org.br\/#\/schema\/person\/image\/","url":"https:\/\/secure.gravatar.com\/avatar\/7c76f203cbe624b8e1512f1ff9ee41eb25e0099e56f2c7b541d114e78310c612?s=96&d=mm&r=g","contentUrl":"https:\/\/secure.gravatar.com\/avatar\/7c76f203cbe624b8e1512f1ff9ee41eb25e0099e56f2c7b541d114e78310c612?s=96&d=mm&r=g","caption":"Marcos Machado"},"url":"https:\/\/cephas.org.br\/index.php\/author\/marcos-machado\/"}]}},"_links":{"self":[{"href":"https:\/\/cephas.org.br\/index.php\/wp-json\/wp\/v2\/posts\/5904","targetHints":{"allow":["GET"]}}],"collection":[{"href":"https:\/\/cephas.org.br\/index.php\/wp-json\/wp\/v2\/posts"}],"about":[{"href":"https:\/\/cephas.org.br\/index.php\/wp-json\/wp\/v2\/types\/post"}],"author":[{"embeddable":true,"href":"https:\/\/cephas.org.br\/index.php\/wp-json\/wp\/v2\/users\/24"}],"replies":[{"embeddable":true,"href":"https:\/\/cephas.org.br\/index.php\/wp-json\/wp\/v2\/comments?post=5904"}],"version-history":[{"count":1,"href":"https:\/\/cephas.org.br\/index.php\/wp-json\/wp\/v2\/posts\/5904\/revisions"}],"predecessor-version":[{"id":5906,"href":"https:\/\/cephas.org.br\/index.php\/wp-json\/wp\/v2\/posts\/5904\/revisions\/5906"}],"wp:featuredmedia":[{"embeddable":true,"href":"https:\/\/cephas.org.br\/index.php\/wp-json\/wp\/v2\/media\/5905"}],"wp:attachment":[{"href":"https:\/\/cephas.org.br\/index.php\/wp-json\/wp\/v2\/media?parent=5904"}],"wp:term":[{"taxonomy":"category","embeddable":true,"href":"https:\/\/cephas.org.br\/index.php\/wp-json\/wp\/v2\/categories?post=5904"},{"taxonomy":"post_tag","embeddable":true,"href":"https:\/\/cephas.org.br\/index.php\/wp-json\/wp\/v2\/tags?post=5904"}],"curies":[{"name":"wp","href":"https:\/\/api.w.org\/{rel}","templated":true}]}}