{"id":5159,"date":"2025-04-28T16:59:51","date_gmt":"2025-04-28T19:59:51","guid":{"rendered":"https:\/\/cephas.org.br\/?p=5159"},"modified":"2025-04-28T16:59:52","modified_gmt":"2025-04-28T19:59:52","slug":"fundhas-faz-38-anos-com-foco-na-educacao-inclusao-e-futuro","status":"publish","type":"post","link":"https:\/\/cephas.org.br\/index.php\/2025\/04\/28\/fundhas-faz-38-anos-com-foco-na-educacao-inclusao-e-futuro\/","title":{"rendered":"Fundhas faz 38 anos com foco na educa\u00e7\u00e3o, inclus\u00e3o e futuro"},"content":{"rendered":"\n<p>28\/04\/2025 11:48<\/p>\n\n\n\n<figure class=\"wp-block-image\"><img decoding=\"async\" src=\"https:\/\/www.sjc.sp.gov.br\/media\/309257\/fundhas-38-anos-3.jpeg?anchor=center&amp;mode=crop&amp;width=940&amp;height=627&amp;rnd=133900624490000000\" alt=\"Ao longo dessas d\u00e9cadas, o maior programa social da cidade tem impactado milhares de crian\u00e7as\"\/><\/figure>\n\n\n\n<p>Mantida pela Prefeitura de S\u00e3o Jos\u00e9 dos Campos, a funda\u00e7\u00e3o \u00e9 o maior programa social do munic\u00edpio \u2013 Foto: PMSJC<\/p>\n\n\n\n<p><strong>Henrique Macedo<\/strong><br><strong>Fundhas<\/strong><\/p>\n\n\n\n<p>A Fundhas (Funda\u00e7\u00e3o H\u00e9lio Augusto de Souza) comemora 38 anos nesta segunda-feira (28), consolidando-se como uma institui\u00e7\u00e3o fundamental na promo\u00e7\u00e3o da educa\u00e7\u00e3o e inclus\u00e3o social de crian\u00e7as e adolescentes em situa\u00e7\u00e3o de vulnerabilidade em S\u00e3o Jos\u00e9 dos Campos.<\/p>\n\n\n\n<p>Desde sua cria\u00e7\u00e3o, em 1987, a Fundhas tem oferecido oportunidades de desenvolvimento por meio de atividades socioeducativas, culturais e profissionalizantes. Com o apoio da Prefeitura de S\u00e3o Jos\u00e9 dos Campos, o maior programa social da cidade tem impactado milhares de fam\u00edlias, contribuindo para a forma\u00e7\u00e3o de jovens preparados para o mercado de trabalho e para a vida em sociedade.<\/p>\n\n\n\n<p><img decoding=\"async\" src=\"https:\/\/www.sjc.sp.gov.br\/media\/309260\/fundhas-38-anos-6.jpeg?width=500&amp;height=281.57439446366783\" alt=\"\"><br>Atualmente, a Fundhas faz cerca de 20 mil atendimentos por ano, oferecendo programas que abrangem desde refor\u00e7o escolar, cursos abertos e at\u00e9 capacita\u00e7\u00f5es t\u00e9cnicas em diversas \u00e1reas. Al\u00e9m disso, a institui\u00e7\u00e3o mant\u00e9m parcerias com empresas locais para facilitar a inser\u00e7\u00e3o dos jovens no mercado de trabalho, como o programa Jovem Aprendiz.<\/p>\n\n\n\n<p><strong>Pratas da casa<\/strong><\/p>\n\n\n\n<p>O auxiliar de manuten\u00e7\u00e3o Nivaldo Piva conhece bem a Fundhas. Ele entrou na institui\u00e7\u00e3o (que \u00e0 \u00e9poca se chamava Cosemt) com sete anos de idade. Hoje, aos 57 anos, Piva tem muitas hist\u00f3rias para contar.<\/p>\n\n\n\n<p>\u201cEu fui varredor de rua, trabalhei na jardinagem, cozinha. Depois fui para a manuten\u00e7\u00e3o, hoje fa\u00e7o pintura, e passo por todas as unidades. Eu s\u00f3 tenho a agradecer \u00e0 Fundhas, tenho muito orgulho. Tenho at\u00e9 uma netinha sendo atendida na unidade Dom Bosco\u201d, disse emocionado.<br><img decoding=\"async\" src=\"https:\/\/www.sjc.sp.gov.br\/media\/309255\/fundhas-38-anos-2.jpeg?width=500&amp;height=375\" alt=\"\"><br><sup>Sr. Piva: 50 anos de dedica\u00e7\u00e3o | Foto: PMSJC<\/sup><\/p>\n\n\n\n<p>Eveli Tieko Santos est\u00e1 h\u00e1 28 anos na Fundhas. Ela \u00e9 coordenadora no setor de licita\u00e7\u00f5es e tem orgulho de colaborar com a institui\u00e7\u00e3o.<\/p>\n\n\n\n<p>\u201cSaber que a gente faz parte da hist\u00f3ria dessas crian\u00e7as e adolescentes \u00e9 muito gratificante. A Fundhas \u00e9 um lugar onde aprendo muito, espero continuar mais alguns anos\u201d, destacou.<br><img decoding=\"async\" src=\"https:\/\/www.sjc.sp.gov.br\/media\/309254\/fundhas-38-anos-1.jpeg?width=500&amp;height=375\" alt=\"\"><br><sup>Eveli tem orgulho de trabalhar na Fundhas h\u00e1 quase 30 anos | Foto: PMSJC<\/sup><\/p>\n\n\n\n<p>Ex-alunos da institui\u00e7\u00e3o ressaltam a import\u00e2ncia da Fundhas em suas vidas. \u00c9 o caso do consultor de vendas Renato Reis, que trabalha na Veibras.&nbsp;\u201cEu fiquei 10 anos na Fundhas, passei por v\u00e1rias unidades, fiz mec\u00e2nica. Foi um aprendizado muito bom, tenho meu emprego, minha fam\u00edlia. S\u00f3 tenho gratid\u00e3o pela Fundhas\u201d.<\/p>\n\n\n\n<p>Quem chegou h\u00e1 pouco tempo tamb\u00e9m sente o peso de trabalhar numa institui\u00e7\u00e3o com tanta tradi\u00e7\u00e3o, como o caso de J\u00e9ssica Freymann, educadora social que passou no concurso em 2024. \u201c\u00c9 muito gratificante fazer parte da equipe e saber que a gente pode fazer muita diferen\u00e7a na vida dessas crian\u00e7as e adolescentes que passam por situa\u00e7\u00f5es de vulnerabilidade. A gente consegue revelar talentos e, muitas vezes, fazemos os atendidos enxergarem que as oportunidades existem para todos\u201d, afirmou.&nbsp;<br><img decoding=\"async\" src=\"https:\/\/www.sjc.sp.gov.br\/media\/309259\/fundhas-38-anos-5.jpeg?width=374.99999999999994&amp;height=500\" alt=\"\">&nbsp;<br><sup><em>A educadora social J\u00e9ssica em sala de aula | Foto: PMSJC<\/em><\/sup><em>&nbsp;&nbsp;<\/em><\/p>\n\n\n\n<p><strong>Comemora\u00e7\u00e3o<\/strong><\/p>\n\n\n\n<p>Durante toda a semana, os atendidos das unidades desenvolveram atividades art\u00edsticas e culturais celebrando os 38 anos da Fundhas.&nbsp;<br><img decoding=\"async\" src=\"https:\/\/www.sjc.sp.gov.br\/media\/309269\/aniversario-38-anos.jpeg?width=500&amp;height=315\" alt=\"\"><br>Com quase quatro d\u00e9cadas de atua\u00e7\u00e3o, a Fundhas segue firme em seu prop\u00f3sito de transformar vidas, reafirmando seu papel essencial no desenvolvimento social de S\u00e3o Jos\u00e9 dos Campos. A expectativa \u00e9 de que novos projetos e parcerias ampliem ainda mais o alcance da institui\u00e7\u00e3o, garantindo um futuro promissor para as pr\u00f3ximas gera\u00e7\u00f5es.<br><img decoding=\"async\" src=\"https:\/\/www.sjc.sp.gov.br\/media\/309262\/fundhas-38-anos-8.jpeg?width=500&amp;height=376.25\" alt=\"\"><\/p>\n\n\n\n<p><strong>Moderniza\u00e7\u00e3o<\/strong><\/p>\n\n\n\n<p>A Fundhas tem investido fortemente na moderniza\u00e7\u00e3o e melhoria de suas unidades. Desde 2021, 14 unidades foram completamente reformadas e atualizadas, garantindo ambientes mais seguros, acolhedores e adequados para o desenvolvimento educacional, cultural e social das crian\u00e7as e adolescentes atendidos.<br><br><img decoding=\"async\" src=\"https:\/\/www.sjc.sp.gov.br\/media\/302217\/img_3536_claudio_vieira.jpg?width=500&amp;height=333.51063829787233\" alt=\"\"><br>As reformas inclu\u00edram melhorias na infraestrutura f\u00edsica, acessibilidade, tecnologia e espa\u00e7os pedag\u00f3gicos. A atualiza\u00e7\u00e3o das unidades tamb\u00e9m refletiu em maior qualidade no atendimento e no aumento da capacidade de acolhimento em diversas regi\u00f5es da cidade.&nbsp;<\/p>\n\n\n\n<p>Esse movimento faz parte do compromisso da Fundhas com a valoriza\u00e7\u00e3o da educa\u00e7\u00e3o e da cidadania, oferecendo \u00e0s novas gera\u00e7\u00f5es melhores oportunidades para o futuro.<\/p>\n","protected":false},"excerpt":{"rendered":"<p>28\/04\/2025 11:48 Mantida pela Prefeitura de S\u00e3o Jos\u00e9 dos Campos, a funda\u00e7\u00e3o \u00e9 o maior programa social do munic\u00edpio \u2013 Foto: PMSJC Henrique MacedoFundhas A Fundhas (Funda\u00e7\u00e3o H\u00e9lio Augusto de Souza) comemora 38 anos nesta segunda-feira (28), consolidando-se como uma institui\u00e7\u00e3o fundamental na promo\u00e7\u00e3o da educa\u00e7\u00e3o e inclus\u00e3o social de crian\u00e7as e adolescentes em situa\u00e7\u00e3o [&hellip;]<\/p>\n","protected":false},"author":24,"featured_media":5160,"comment_status":"open","ping_status":"closed","sticky":false,"template":"","format":"standard","meta":{"_acf_changed":false,"_monsterinsights_skip_tracking":false,"_monsterinsights_sitenote_active":false,"_monsterinsights_sitenote_note":"","_monsterinsights_sitenote_category":0,"footnotes":""},"categories":[2],"tags":[],"class_list":{"0":"post-5159","1":"post","2":"type-post","3":"status-publish","4":"format-standard","5":"has-post-thumbnail","7":"category-noticias","8":"czr-hentry"},"acf":[],"yoast_head":"<!-- This site is optimized with the Yoast SEO plugin v26.6 - https:\/\/yoast.com\/wordpress\/plugins\/seo\/ -->\n<title>Fundhas faz 38 anos com foco na educa\u00e7\u00e3o, inclus\u00e3o e futuro - CEPHAS<\/title>\n<meta name=\"robots\" content=\"index, follow, max-snippet:-1, max-image-preview:large, max-video-preview:-1\" \/>\n<link rel=\"canonical\" href=\"https:\/\/cephas.org.br\/index.php\/2025\/04\/28\/fundhas-faz-38-anos-com-foco-na-educacao-inclusao-e-futuro\/\" \/>\n<meta property=\"og:locale\" content=\"pt_BR\" \/>\n<meta property=\"og:type\" content=\"article\" \/>\n<meta property=\"og:title\" content=\"Fundhas faz 38 anos com foco na educa\u00e7\u00e3o, inclus\u00e3o e futuro - CEPHAS\" \/>\n<meta property=\"og:description\" content=\"28\/04\/2025 11:48 Mantida pela Prefeitura de S\u00e3o Jos\u00e9 dos Campos, a funda\u00e7\u00e3o \u00e9 o maior programa social do munic\u00edpio \u2013 Foto: PMSJC Henrique MacedoFundhas A Fundhas (Funda\u00e7\u00e3o H\u00e9lio Augusto de Souza) comemora 38 anos nesta segunda-feira (28), consolidando-se como uma institui\u00e7\u00e3o fundamental na promo\u00e7\u00e3o da educa\u00e7\u00e3o e inclus\u00e3o social de crian\u00e7as e adolescentes em situa\u00e7\u00e3o [&hellip;]\" \/>\n<meta property=\"og:url\" content=\"https:\/\/cephas.org.br\/index.php\/2025\/04\/28\/fundhas-faz-38-anos-com-foco-na-educacao-inclusao-e-futuro\/\" \/>\n<meta property=\"og:site_name\" content=\"CEPHAS\" \/>\n<meta property=\"article:published_time\" content=\"2025-04-28T19:59:51+00:00\" \/>\n<meta property=\"article:modified_time\" content=\"2025-04-28T19:59:52+00:00\" \/>\n<meta property=\"og:image\" content=\"http:\/\/cephas.org.br\/wp-content\/uploads\/2025\/04\/fundhas-38-anos-3.jpeg\" \/>\n\t<meta property=\"og:image:width\" content=\"940\" \/>\n\t<meta property=\"og:image:height\" content=\"627\" \/>\n\t<meta property=\"og:image:type\" content=\"image\/jpeg\" \/>\n<meta name=\"author\" content=\"Marcos Machado\" \/>\n<meta name=\"twitter:card\" content=\"summary_large_image\" \/>\n<meta name=\"twitter:label1\" content=\"Escrito por\" \/>\n\t<meta name=\"twitter:data1\" content=\"Marcos Machado\" \/>\n\t<meta name=\"twitter:label2\" content=\"Est. tempo de leitura\" \/>\n\t<meta name=\"twitter:data2\" content=\"6 minutos\" \/>\n<script type=\"application\/ld+json\" class=\"yoast-schema-graph\">{\"@context\":\"https:\/\/schema.org\",\"@graph\":[{\"@type\":\"Article\",\"@id\":\"https:\/\/cephas.org.br\/index.php\/2025\/04\/28\/fundhas-faz-38-anos-com-foco-na-educacao-inclusao-e-futuro\/#article\",\"isPartOf\":{\"@id\":\"https:\/\/cephas.org.br\/index.php\/2025\/04\/28\/fundhas-faz-38-anos-com-foco-na-educacao-inclusao-e-futuro\/\"},\"author\":{\"name\":\"Marcos Machado\",\"@id\":\"https:\/\/cephas.org.br\/#\/schema\/person\/8e6142c0b1cf31f952550aeadf0ed1b8\"},\"headline\":\"Fundhas faz 38 anos com foco na educa\u00e7\u00e3o, inclus\u00e3o e futuro\",\"datePublished\":\"2025-04-28T19:59:51+00:00\",\"dateModified\":\"2025-04-28T19:59:52+00:00\",\"mainEntityOfPage\":{\"@id\":\"https:\/\/cephas.org.br\/index.php\/2025\/04\/28\/fundhas-faz-38-anos-com-foco-na-educacao-inclusao-e-futuro\/\"},\"wordCount\":704,\"commentCount\":0,\"publisher\":{\"@id\":\"https:\/\/cephas.org.br\/#organization\"},\"image\":{\"@id\":\"https:\/\/cephas.org.br\/index.php\/2025\/04\/28\/fundhas-faz-38-anos-com-foco-na-educacao-inclusao-e-futuro\/#primaryimage\"},\"thumbnailUrl\":\"https:\/\/cephas.org.br\/wp-content\/uploads\/2025\/04\/fundhas-38-anos-3.jpeg\",\"articleSection\":[\"Not\u00edcias\"],\"inLanguage\":\"pt-BR\",\"potentialAction\":[{\"@type\":\"CommentAction\",\"name\":\"Comment\",\"target\":[\"https:\/\/cephas.org.br\/index.php\/2025\/04\/28\/fundhas-faz-38-anos-com-foco-na-educacao-inclusao-e-futuro\/#respond\"]}]},{\"@type\":\"WebPage\",\"@id\":\"https:\/\/cephas.org.br\/index.php\/2025\/04\/28\/fundhas-faz-38-anos-com-foco-na-educacao-inclusao-e-futuro\/\",\"url\":\"https:\/\/cephas.org.br\/index.php\/2025\/04\/28\/fundhas-faz-38-anos-com-foco-na-educacao-inclusao-e-futuro\/\",\"name\":\"Fundhas faz 38 anos com foco na educa\u00e7\u00e3o, inclus\u00e3o e futuro - CEPHAS\",\"isPartOf\":{\"@id\":\"https:\/\/cephas.org.br\/#website\"},\"primaryImageOfPage\":{\"@id\":\"https:\/\/cephas.org.br\/index.php\/2025\/04\/28\/fundhas-faz-38-anos-com-foco-na-educacao-inclusao-e-futuro\/#primaryimage\"},\"image\":{\"@id\":\"https:\/\/cephas.org.br\/index.php\/2025\/04\/28\/fundhas-faz-38-anos-com-foco-na-educacao-inclusao-e-futuro\/#primaryimage\"},\"thumbnailUrl\":\"https:\/\/cephas.org.br\/wp-content\/uploads\/2025\/04\/fundhas-38-anos-3.jpeg\",\"datePublished\":\"2025-04-28T19:59:51+00:00\",\"dateModified\":\"2025-04-28T19:59:52+00:00\",\"breadcrumb\":{\"@id\":\"https:\/\/cephas.org.br\/index.php\/2025\/04\/28\/fundhas-faz-38-anos-com-foco-na-educacao-inclusao-e-futuro\/#breadcrumb\"},\"inLanguage\":\"pt-BR\",\"potentialAction\":[{\"@type\":\"ReadAction\",\"target\":[\"https:\/\/cephas.org.br\/index.php\/2025\/04\/28\/fundhas-faz-38-anos-com-foco-na-educacao-inclusao-e-futuro\/\"]}]},{\"@type\":\"ImageObject\",\"inLanguage\":\"pt-BR\",\"@id\":\"https:\/\/cephas.org.br\/index.php\/2025\/04\/28\/fundhas-faz-38-anos-com-foco-na-educacao-inclusao-e-futuro\/#primaryimage\",\"url\":\"https:\/\/cephas.org.br\/wp-content\/uploads\/2025\/04\/fundhas-38-anos-3.jpeg\",\"contentUrl\":\"https:\/\/cephas.org.br\/wp-content\/uploads\/2025\/04\/fundhas-38-anos-3.jpeg\",\"width\":940,\"height\":627},{\"@type\":\"BreadcrumbList\",\"@id\":\"https:\/\/cephas.org.br\/index.php\/2025\/04\/28\/fundhas-faz-38-anos-com-foco-na-educacao-inclusao-e-futuro\/#breadcrumb\",\"itemListElement\":[{\"@type\":\"ListItem\",\"position\":1,\"name\":\"In\u00edcio\",\"item\":\"https:\/\/cephas.org.br\/\"},{\"@type\":\"ListItem\",\"position\":2,\"name\":\"Fundhas faz 38 anos com foco na educa\u00e7\u00e3o, inclus\u00e3o e futuro\"}]},{\"@type\":\"WebSite\",\"@id\":\"https:\/\/cephas.org.br\/#website\",\"url\":\"https:\/\/cephas.org.br\/\",\"name\":\"CEPHAS\",\"description\":\"\",\"publisher\":{\"@id\":\"https:\/\/cephas.org.br\/#organization\"},\"potentialAction\":[{\"@type\":\"SearchAction\",\"target\":{\"@type\":\"EntryPoint\",\"urlTemplate\":\"https:\/\/cephas.org.br\/?s={search_term_string}\"},\"query-input\":{\"@type\":\"PropertyValueSpecification\",\"valueRequired\":true,\"valueName\":\"search_term_string\"}}],\"inLanguage\":\"pt-BR\"},{\"@type\":\"Organization\",\"@id\":\"https:\/\/cephas.org.br\/#organization\",\"name\":\"CEPHAS\",\"url\":\"https:\/\/cephas.org.br\/\",\"logo\":{\"@type\":\"ImageObject\",\"inLanguage\":\"pt-BR\",\"@id\":\"https:\/\/cephas.org.br\/#\/schema\/logo\/image\/\",\"url\":\"https:\/\/cephas.org.br\/wp-content\/uploads\/2023\/10\/cropped-Assinaturas_CephasFundhas_Pref_Novo-10_Cor-small.png\",\"contentUrl\":\"https:\/\/cephas.org.br\/wp-content\/uploads\/2023\/10\/cropped-Assinaturas_CephasFundhas_Pref_Novo-10_Cor-small.png\",\"width\":812,\"height\":90,\"caption\":\"CEPHAS\"},\"image\":{\"@id\":\"https:\/\/cephas.org.br\/#\/schema\/logo\/image\/\"}},{\"@type\":\"Person\",\"@id\":\"https:\/\/cephas.org.br\/#\/schema\/person\/8e6142c0b1cf31f952550aeadf0ed1b8\",\"name\":\"Marcos Machado\",\"image\":{\"@type\":\"ImageObject\",\"inLanguage\":\"pt-BR\",\"@id\":\"https:\/\/cephas.org.br\/#\/schema\/person\/image\/\",\"url\":\"https:\/\/secure.gravatar.com\/avatar\/7c76f203cbe624b8e1512f1ff9ee41eb25e0099e56f2c7b541d114e78310c612?s=96&d=mm&r=g\",\"contentUrl\":\"https:\/\/secure.gravatar.com\/avatar\/7c76f203cbe624b8e1512f1ff9ee41eb25e0099e56f2c7b541d114e78310c612?s=96&d=mm&r=g\",\"caption\":\"Marcos Machado\"},\"url\":\"https:\/\/cephas.org.br\/index.php\/author\/marcos-machado\/\"}]}<\/script>\n<!-- \/ Yoast SEO plugin. -->","yoast_head_json":{"title":"Fundhas faz 38 anos com foco na educa\u00e7\u00e3o, inclus\u00e3o e futuro - CEPHAS","robots":{"index":"index","follow":"follow","max-snippet":"max-snippet:-1","max-image-preview":"max-image-preview:large","max-video-preview":"max-video-preview:-1"},"canonical":"https:\/\/cephas.org.br\/index.php\/2025\/04\/28\/fundhas-faz-38-anos-com-foco-na-educacao-inclusao-e-futuro\/","og_locale":"pt_BR","og_type":"article","og_title":"Fundhas faz 38 anos com foco na educa\u00e7\u00e3o, inclus\u00e3o e futuro - CEPHAS","og_description":"28\/04\/2025 11:48 Mantida pela Prefeitura de S\u00e3o Jos\u00e9 dos Campos, a funda\u00e7\u00e3o \u00e9 o maior programa social do munic\u00edpio \u2013 Foto: PMSJC Henrique MacedoFundhas A Fundhas (Funda\u00e7\u00e3o H\u00e9lio Augusto de Souza) comemora 38 anos nesta segunda-feira (28), consolidando-se como uma institui\u00e7\u00e3o fundamental na promo\u00e7\u00e3o da educa\u00e7\u00e3o e inclus\u00e3o social de crian\u00e7as e adolescentes em situa\u00e7\u00e3o [&hellip;]","og_url":"https:\/\/cephas.org.br\/index.php\/2025\/04\/28\/fundhas-faz-38-anos-com-foco-na-educacao-inclusao-e-futuro\/","og_site_name":"CEPHAS","article_published_time":"2025-04-28T19:59:51+00:00","article_modified_time":"2025-04-28T19:59:52+00:00","og_image":[{"width":940,"height":627,"url":"http:\/\/cephas.org.br\/wp-content\/uploads\/2025\/04\/fundhas-38-anos-3.jpeg","type":"image\/jpeg"}],"author":"Marcos Machado","twitter_card":"summary_large_image","twitter_misc":{"Escrito por":"Marcos Machado","Est. tempo de leitura":"6 minutos"},"schema":{"@context":"https:\/\/schema.org","@graph":[{"@type":"Article","@id":"https:\/\/cephas.org.br\/index.php\/2025\/04\/28\/fundhas-faz-38-anos-com-foco-na-educacao-inclusao-e-futuro\/#article","isPartOf":{"@id":"https:\/\/cephas.org.br\/index.php\/2025\/04\/28\/fundhas-faz-38-anos-com-foco-na-educacao-inclusao-e-futuro\/"},"author":{"name":"Marcos Machado","@id":"https:\/\/cephas.org.br\/#\/schema\/person\/8e6142c0b1cf31f952550aeadf0ed1b8"},"headline":"Fundhas faz 38 anos com foco na educa\u00e7\u00e3o, inclus\u00e3o e futuro","datePublished":"2025-04-28T19:59:51+00:00","dateModified":"2025-04-28T19:59:52+00:00","mainEntityOfPage":{"@id":"https:\/\/cephas.org.br\/index.php\/2025\/04\/28\/fundhas-faz-38-anos-com-foco-na-educacao-inclusao-e-futuro\/"},"wordCount":704,"commentCount":0,"publisher":{"@id":"https:\/\/cephas.org.br\/#organization"},"image":{"@id":"https:\/\/cephas.org.br\/index.php\/2025\/04\/28\/fundhas-faz-38-anos-com-foco-na-educacao-inclusao-e-futuro\/#primaryimage"},"thumbnailUrl":"https:\/\/cephas.org.br\/wp-content\/uploads\/2025\/04\/fundhas-38-anos-3.jpeg","articleSection":["Not\u00edcias"],"inLanguage":"pt-BR","potentialAction":[{"@type":"CommentAction","name":"Comment","target":["https:\/\/cephas.org.br\/index.php\/2025\/04\/28\/fundhas-faz-38-anos-com-foco-na-educacao-inclusao-e-futuro\/#respond"]}]},{"@type":"WebPage","@id":"https:\/\/cephas.org.br\/index.php\/2025\/04\/28\/fundhas-faz-38-anos-com-foco-na-educacao-inclusao-e-futuro\/","url":"https:\/\/cephas.org.br\/index.php\/2025\/04\/28\/fundhas-faz-38-anos-com-foco-na-educacao-inclusao-e-futuro\/","name":"Fundhas faz 38 anos com foco na educa\u00e7\u00e3o, inclus\u00e3o e futuro - CEPHAS","isPartOf":{"@id":"https:\/\/cephas.org.br\/#website"},"primaryImageOfPage":{"@id":"https:\/\/cephas.org.br\/index.php\/2025\/04\/28\/fundhas-faz-38-anos-com-foco-na-educacao-inclusao-e-futuro\/#primaryimage"},"image":{"@id":"https:\/\/cephas.org.br\/index.php\/2025\/04\/28\/fundhas-faz-38-anos-com-foco-na-educacao-inclusao-e-futuro\/#primaryimage"},"thumbnailUrl":"https:\/\/cephas.org.br\/wp-content\/uploads\/2025\/04\/fundhas-38-anos-3.jpeg","datePublished":"2025-04-28T19:59:51+00:00","dateModified":"2025-04-28T19:59:52+00:00","breadcrumb":{"@id":"https:\/\/cephas.org.br\/index.php\/2025\/04\/28\/fundhas-faz-38-anos-com-foco-na-educacao-inclusao-e-futuro\/#breadcrumb"},"inLanguage":"pt-BR","potentialAction":[{"@type":"ReadAction","target":["https:\/\/cephas.org.br\/index.php\/2025\/04\/28\/fundhas-faz-38-anos-com-foco-na-educacao-inclusao-e-futuro\/"]}]},{"@type":"ImageObject","inLanguage":"pt-BR","@id":"https:\/\/cephas.org.br\/index.php\/2025\/04\/28\/fundhas-faz-38-anos-com-foco-na-educacao-inclusao-e-futuro\/#primaryimage","url":"https:\/\/cephas.org.br\/wp-content\/uploads\/2025\/04\/fundhas-38-anos-3.jpeg","contentUrl":"https:\/\/cephas.org.br\/wp-content\/uploads\/2025\/04\/fundhas-38-anos-3.jpeg","width":940,"height":627},{"@type":"BreadcrumbList","@id":"https:\/\/cephas.org.br\/index.php\/2025\/04\/28\/fundhas-faz-38-anos-com-foco-na-educacao-inclusao-e-futuro\/#breadcrumb","itemListElement":[{"@type":"ListItem","position":1,"name":"In\u00edcio","item":"https:\/\/cephas.org.br\/"},{"@type":"ListItem","position":2,"name":"Fundhas faz 38 anos com foco na educa\u00e7\u00e3o, inclus\u00e3o e futuro"}]},{"@type":"WebSite","@id":"https:\/\/cephas.org.br\/#website","url":"https:\/\/cephas.org.br\/","name":"CEPHAS","description":"","publisher":{"@id":"https:\/\/cephas.org.br\/#organization"},"potentialAction":[{"@type":"SearchAction","target":{"@type":"EntryPoint","urlTemplate":"https:\/\/cephas.org.br\/?s={search_term_string}"},"query-input":{"@type":"PropertyValueSpecification","valueRequired":true,"valueName":"search_term_string"}}],"inLanguage":"pt-BR"},{"@type":"Organization","@id":"https:\/\/cephas.org.br\/#organization","name":"CEPHAS","url":"https:\/\/cephas.org.br\/","logo":{"@type":"ImageObject","inLanguage":"pt-BR","@id":"https:\/\/cephas.org.br\/#\/schema\/logo\/image\/","url":"https:\/\/cephas.org.br\/wp-content\/uploads\/2023\/10\/cropped-Assinaturas_CephasFundhas_Pref_Novo-10_Cor-small.png","contentUrl":"https:\/\/cephas.org.br\/wp-content\/uploads\/2023\/10\/cropped-Assinaturas_CephasFundhas_Pref_Novo-10_Cor-small.png","width":812,"height":90,"caption":"CEPHAS"},"image":{"@id":"https:\/\/cephas.org.br\/#\/schema\/logo\/image\/"}},{"@type":"Person","@id":"https:\/\/cephas.org.br\/#\/schema\/person\/8e6142c0b1cf31f952550aeadf0ed1b8","name":"Marcos Machado","image":{"@type":"ImageObject","inLanguage":"pt-BR","@id":"https:\/\/cephas.org.br\/#\/schema\/person\/image\/","url":"https:\/\/secure.gravatar.com\/avatar\/7c76f203cbe624b8e1512f1ff9ee41eb25e0099e56f2c7b541d114e78310c612?s=96&d=mm&r=g","contentUrl":"https:\/\/secure.gravatar.com\/avatar\/7c76f203cbe624b8e1512f1ff9ee41eb25e0099e56f2c7b541d114e78310c612?s=96&d=mm&r=g","caption":"Marcos Machado"},"url":"https:\/\/cephas.org.br\/index.php\/author\/marcos-machado\/"}]}},"_links":{"self":[{"href":"https:\/\/cephas.org.br\/index.php\/wp-json\/wp\/v2\/posts\/5159","targetHints":{"allow":["GET"]}}],"collection":[{"href":"https:\/\/cephas.org.br\/index.php\/wp-json\/wp\/v2\/posts"}],"about":[{"href":"https:\/\/cephas.org.br\/index.php\/wp-json\/wp\/v2\/types\/post"}],"author":[{"embeddable":true,"href":"https:\/\/cephas.org.br\/index.php\/wp-json\/wp\/v2\/users\/24"}],"replies":[{"embeddable":true,"href":"https:\/\/cephas.org.br\/index.php\/wp-json\/wp\/v2\/comments?post=5159"}],"version-history":[{"count":1,"href":"https:\/\/cephas.org.br\/index.php\/wp-json\/wp\/v2\/posts\/5159\/revisions"}],"predecessor-version":[{"id":5161,"href":"https:\/\/cephas.org.br\/index.php\/wp-json\/wp\/v2\/posts\/5159\/revisions\/5161"}],"wp:featuredmedia":[{"embeddable":true,"href":"https:\/\/cephas.org.br\/index.php\/wp-json\/wp\/v2\/media\/5160"}],"wp:attachment":[{"href":"https:\/\/cephas.org.br\/index.php\/wp-json\/wp\/v2\/media?parent=5159"}],"wp:term":[{"taxonomy":"category","embeddable":true,"href":"https:\/\/cephas.org.br\/index.php\/wp-json\/wp\/v2\/categories?post=5159"},{"taxonomy":"post_tag","embeddable":true,"href":"https:\/\/cephas.org.br\/index.php\/wp-json\/wp\/v2\/tags?post=5159"}],"curies":[{"name":"wp","href":"https:\/\/api.w.org\/{rel}","templated":true}]}}