{"id":4973,"date":"2025-03-07T15:50:14","date_gmt":"2025-03-07T18:50:14","guid":{"rendered":"https:\/\/cephas.org.br\/?p=4973"},"modified":"2025-03-07T15:50:14","modified_gmt":"2025-03-07T18:50:14","slug":"cursos-gratuitos-do-portas-abertas-da-fundhas-tem-36-vagas","status":"publish","type":"post","link":"https:\/\/cephas.org.br\/index.php\/2025\/03\/07\/cursos-gratuitos-do-portas-abertas-da-fundhas-tem-36-vagas\/","title":{"rendered":"Cursos gratuitos do Portas Abertas da Fundhas t\u00eam 36 vagas"},"content":{"rendered":"\n<p>Atualizado em 07\/03\/2025 &#8211; 13:26<\/p>\n\n\n\n<p><img decoding=\"async\" src=\"https:\/\/www.sjc.sp.gov.br\/media\/109469\/89330329_3027621317257390_2872395890440536064_o.jpg?anchor=center&amp;mode=crop&amp;width=940&amp;height=627&amp;rnd=133488742180000000\" alt=\"Curso de confeitaria do Primeira Chance na Fundhas\"><\/p>\n\n\n\n<p>As vagas s\u00e3o os cursos de Unhas art\u00edsticas e Produtos de confeitaria sem gl\u00faten &#8211; Foto: Divulga\u00e7\u00e3o<\/p>\n\n\n\n<p><strong>Henrique Macedo<\/strong><br><strong>Fundhas<\/strong><\/p>\n\n\n\n<p>A&nbsp; Fundhas (Funda\u00e7\u00e3o H\u00e9lio Augusto de Souza), em parceria com o Sebrae e o Senac, oferece 36 vagas para dois cursos gratuitos que integram o programa Portas Abertas. S\u00e3o 18 vagas para o curso \u201cT\u00e9cnicas para unhas art\u00edsticas&#8221; e outras 18 vagas para o curso \u201cPrepara\u00e7\u00e3o e venda de produtos de confeitaria sem gl\u00faten e lactose&#8221;.<\/p>\n\n\n\n<p>\u00c9 mais uma iniciativa da Prefeitura de S\u00e3o Jos\u00e9 para auxiliar quem busca capacita\u00e7\u00e3o profissional para inser\u00e7\u00e3o ou recoloca\u00e7\u00e3o no mercado de trabalho.<\/p>\n\n\n\n<p>As&nbsp;<strong><a href=\"https:\/\/forms.office.com\/pages\/responsepage.aspx?id=XLVgbXYlYE2uMxHfDqB5g5sk9ihKY1xCm3BYk3ZTE_JUNzVLVzVWRFJKWVpGQzA3QVdDRDRUUzkwUC4u&amp;route=shorturl\">inscri\u00e7\u00f5es para o curso<\/a><\/strong>&nbsp;de &#8220;T\u00e9cnicas para unhas art\u00edsticas&#8221; v\u00e3o at\u00e9 o dia 18 de mar\u00e7o, com in\u00edcio no dia 1\u00ba de abril.&nbsp;<\/p>\n\n\n\n<p>J\u00e1 o curso &#8220;Prepara\u00e7\u00e3o e venda de produtos de confeitaria&#8221;&nbsp;<strong><a href=\"https:\/\/forms.office.com\/pages\/responsepage.aspx?id=XLVgbXYlYE2uMxHfDqB5g5sk9ihKY1xCm3BYk3ZTE_JUQTVYUElPVUlNMElFRDc0Q1JYOERIVU04Wi4u&amp;route=shorturl\">tem inscri\u00e7\u00f5es abertas<\/a><\/strong>&nbsp;at\u00e9 o dia 10\/04 e ter\u00e1 in\u00edcio no dia 28 de abril.<\/p>\n\n\n\n<p>As aulas ser\u00e3o realizadas na sede da Fundhas (rua Santar\u00e9m, 560, no Parque Industrial, na regi\u00e3o sul). \u00c9 necess\u00e1rio ter no m\u00ednimo 18 anos e ensino fundamental completo.<\/p>\n\n\n\n<p>Ao final do curso, os participantes receber\u00e3o certificados do Sebrae e do Senac.<\/p>\n\n\n\n<p><strong>Fundhas para todos<\/strong><\/p>\n\n\n\n<p>O programa Portas Abertas foi implantado em 2021 com a finalidade de compartilhar recursos, abrindo e disponibilizando as unidades da Fundhas para mun\u00edcipes de todas as regi\u00f5es da cidade realizarem cursos de capacita\u00e7\u00e3o profissional gratuitos e de qualidade e tamb\u00e9m desenvolverem atividades de esporte, cultura e lazer, principalmente aos finais de semana e no per\u00edodo noturno.<\/p>\n","protected":false},"excerpt":{"rendered":"<p>Atualizado em 07\/03\/2025 &#8211; 13:26 As vagas s\u00e3o os cursos de Unhas art\u00edsticas e Produtos de confeitaria sem gl\u00faten &#8211; Foto: Divulga\u00e7\u00e3o Henrique MacedoFundhas A&nbsp; Fundhas (Funda\u00e7\u00e3o H\u00e9lio Augusto de Souza), em parceria com o Sebrae e o Senac, oferece 36 vagas para dois cursos gratuitos que integram o programa Portas Abertas. S\u00e3o 18 vagas [&hellip;]<\/p>\n","protected":false},"author":24,"featured_media":4974,"comment_status":"open","ping_status":"closed","sticky":false,"template":"","format":"standard","meta":{"_acf_changed":false,"_monsterinsights_skip_tracking":false,"_monsterinsights_sitenote_active":false,"_monsterinsights_sitenote_note":"","_monsterinsights_sitenote_category":0,"footnotes":""},"categories":[2],"tags":[],"class_list":{"0":"post-4973","1":"post","2":"type-post","3":"status-publish","4":"format-standard","5":"has-post-thumbnail","7":"category-noticias","8":"czr-hentry"},"acf":[],"yoast_head":"<!-- This site is optimized with the Yoast SEO plugin v26.6 - https:\/\/yoast.com\/wordpress\/plugins\/seo\/ -->\n<title>Cursos gratuitos do Portas Abertas da Fundhas t\u00eam 36 vagas - CEPHAS<\/title>\n<meta name=\"robots\" content=\"index, follow, max-snippet:-1, max-image-preview:large, max-video-preview:-1\" \/>\n<link rel=\"canonical\" href=\"https:\/\/cephas.org.br\/index.php\/2025\/03\/07\/cursos-gratuitos-do-portas-abertas-da-fundhas-tem-36-vagas\/\" \/>\n<meta property=\"og:locale\" content=\"pt_BR\" \/>\n<meta property=\"og:type\" content=\"article\" \/>\n<meta property=\"og:title\" content=\"Cursos gratuitos do Portas Abertas da Fundhas t\u00eam 36 vagas - CEPHAS\" \/>\n<meta property=\"og:description\" content=\"Atualizado em 07\/03\/2025 &#8211; 13:26 As vagas s\u00e3o os cursos de Unhas art\u00edsticas e Produtos de confeitaria sem gl\u00faten &#8211; Foto: Divulga\u00e7\u00e3o Henrique MacedoFundhas A&nbsp; Fundhas (Funda\u00e7\u00e3o H\u00e9lio Augusto de Souza), em parceria com o Sebrae e o Senac, oferece 36 vagas para dois cursos gratuitos que integram o programa Portas Abertas. S\u00e3o 18 vagas [&hellip;]\" \/>\n<meta property=\"og:url\" content=\"https:\/\/cephas.org.br\/index.php\/2025\/03\/07\/cursos-gratuitos-do-portas-abertas-da-fundhas-tem-36-vagas\/\" \/>\n<meta property=\"og:site_name\" content=\"CEPHAS\" \/>\n<meta property=\"article:published_time\" content=\"2025-03-07T18:50:14+00:00\" \/>\n<meta property=\"og:image\" content=\"http:\/\/cephas.org.br\/wp-content\/uploads\/2025\/03\/89330329_3027621317257390_2872395890440536064_o.jpg\" \/>\n\t<meta property=\"og:image:width\" content=\"940\" \/>\n\t<meta property=\"og:image:height\" content=\"627\" \/>\n\t<meta property=\"og:image:type\" content=\"image\/jpeg\" \/>\n<meta name=\"author\" content=\"Marcos Machado\" \/>\n<meta name=\"twitter:card\" content=\"summary_large_image\" \/>\n<meta name=\"twitter:label1\" content=\"Escrito por\" \/>\n\t<meta name=\"twitter:data1\" content=\"Marcos Machado\" \/>\n\t<meta name=\"twitter:label2\" content=\"Est. tempo de leitura\" \/>\n\t<meta name=\"twitter:data2\" content=\"2 minutos\" \/>\n<script type=\"application\/ld+json\" class=\"yoast-schema-graph\">{\"@context\":\"https:\/\/schema.org\",\"@graph\":[{\"@type\":\"Article\",\"@id\":\"https:\/\/cephas.org.br\/index.php\/2025\/03\/07\/cursos-gratuitos-do-portas-abertas-da-fundhas-tem-36-vagas\/#article\",\"isPartOf\":{\"@id\":\"https:\/\/cephas.org.br\/index.php\/2025\/03\/07\/cursos-gratuitos-do-portas-abertas-da-fundhas-tem-36-vagas\/\"},\"author\":{\"name\":\"Marcos Machado\",\"@id\":\"https:\/\/cephas.org.br\/#\/schema\/person\/8e6142c0b1cf31f952550aeadf0ed1b8\"},\"headline\":\"Cursos gratuitos do Portas Abertas da Fundhas t\u00eam 36 vagas\",\"datePublished\":\"2025-03-07T18:50:14+00:00\",\"mainEntityOfPage\":{\"@id\":\"https:\/\/cephas.org.br\/index.php\/2025\/03\/07\/cursos-gratuitos-do-portas-abertas-da-fundhas-tem-36-vagas\/\"},\"wordCount\":290,\"commentCount\":0,\"publisher\":{\"@id\":\"https:\/\/cephas.org.br\/#organization\"},\"image\":{\"@id\":\"https:\/\/cephas.org.br\/index.php\/2025\/03\/07\/cursos-gratuitos-do-portas-abertas-da-fundhas-tem-36-vagas\/#primaryimage\"},\"thumbnailUrl\":\"https:\/\/cephas.org.br\/wp-content\/uploads\/2025\/03\/89330329_3027621317257390_2872395890440536064_o.jpg\",\"articleSection\":[\"Not\u00edcias\"],\"inLanguage\":\"pt-BR\",\"potentialAction\":[{\"@type\":\"CommentAction\",\"name\":\"Comment\",\"target\":[\"https:\/\/cephas.org.br\/index.php\/2025\/03\/07\/cursos-gratuitos-do-portas-abertas-da-fundhas-tem-36-vagas\/#respond\"]}]},{\"@type\":\"WebPage\",\"@id\":\"https:\/\/cephas.org.br\/index.php\/2025\/03\/07\/cursos-gratuitos-do-portas-abertas-da-fundhas-tem-36-vagas\/\",\"url\":\"https:\/\/cephas.org.br\/index.php\/2025\/03\/07\/cursos-gratuitos-do-portas-abertas-da-fundhas-tem-36-vagas\/\",\"name\":\"Cursos gratuitos do Portas Abertas da Fundhas t\u00eam 36 vagas - CEPHAS\",\"isPartOf\":{\"@id\":\"https:\/\/cephas.org.br\/#website\"},\"primaryImageOfPage\":{\"@id\":\"https:\/\/cephas.org.br\/index.php\/2025\/03\/07\/cursos-gratuitos-do-portas-abertas-da-fundhas-tem-36-vagas\/#primaryimage\"},\"image\":{\"@id\":\"https:\/\/cephas.org.br\/index.php\/2025\/03\/07\/cursos-gratuitos-do-portas-abertas-da-fundhas-tem-36-vagas\/#primaryimage\"},\"thumbnailUrl\":\"https:\/\/cephas.org.br\/wp-content\/uploads\/2025\/03\/89330329_3027621317257390_2872395890440536064_o.jpg\",\"datePublished\":\"2025-03-07T18:50:14+00:00\",\"breadcrumb\":{\"@id\":\"https:\/\/cephas.org.br\/index.php\/2025\/03\/07\/cursos-gratuitos-do-portas-abertas-da-fundhas-tem-36-vagas\/#breadcrumb\"},\"inLanguage\":\"pt-BR\",\"potentialAction\":[{\"@type\":\"ReadAction\",\"target\":[\"https:\/\/cephas.org.br\/index.php\/2025\/03\/07\/cursos-gratuitos-do-portas-abertas-da-fundhas-tem-36-vagas\/\"]}]},{\"@type\":\"ImageObject\",\"inLanguage\":\"pt-BR\",\"@id\":\"https:\/\/cephas.org.br\/index.php\/2025\/03\/07\/cursos-gratuitos-do-portas-abertas-da-fundhas-tem-36-vagas\/#primaryimage\",\"url\":\"https:\/\/cephas.org.br\/wp-content\/uploads\/2025\/03\/89330329_3027621317257390_2872395890440536064_o.jpg\",\"contentUrl\":\"https:\/\/cephas.org.br\/wp-content\/uploads\/2025\/03\/89330329_3027621317257390_2872395890440536064_o.jpg\",\"width\":940,\"height\":627},{\"@type\":\"BreadcrumbList\",\"@id\":\"https:\/\/cephas.org.br\/index.php\/2025\/03\/07\/cursos-gratuitos-do-portas-abertas-da-fundhas-tem-36-vagas\/#breadcrumb\",\"itemListElement\":[{\"@type\":\"ListItem\",\"position\":1,\"name\":\"In\u00edcio\",\"item\":\"https:\/\/cephas.org.br\/\"},{\"@type\":\"ListItem\",\"position\":2,\"name\":\"Cursos gratuitos do Portas Abertas da Fundhas t\u00eam 36 vagas\"}]},{\"@type\":\"WebSite\",\"@id\":\"https:\/\/cephas.org.br\/#website\",\"url\":\"https:\/\/cephas.org.br\/\",\"name\":\"CEPHAS\",\"description\":\"\",\"publisher\":{\"@id\":\"https:\/\/cephas.org.br\/#organization\"},\"potentialAction\":[{\"@type\":\"SearchAction\",\"target\":{\"@type\":\"EntryPoint\",\"urlTemplate\":\"https:\/\/cephas.org.br\/?s={search_term_string}\"},\"query-input\":{\"@type\":\"PropertyValueSpecification\",\"valueRequired\":true,\"valueName\":\"search_term_string\"}}],\"inLanguage\":\"pt-BR\"},{\"@type\":\"Organization\",\"@id\":\"https:\/\/cephas.org.br\/#organization\",\"name\":\"CEPHAS\",\"url\":\"https:\/\/cephas.org.br\/\",\"logo\":{\"@type\":\"ImageObject\",\"inLanguage\":\"pt-BR\",\"@id\":\"https:\/\/cephas.org.br\/#\/schema\/logo\/image\/\",\"url\":\"https:\/\/cephas.org.br\/wp-content\/uploads\/2023\/10\/cropped-Assinaturas_CephasFundhas_Pref_Novo-10_Cor-small.png\",\"contentUrl\":\"https:\/\/cephas.org.br\/wp-content\/uploads\/2023\/10\/cropped-Assinaturas_CephasFundhas_Pref_Novo-10_Cor-small.png\",\"width\":812,\"height\":90,\"caption\":\"CEPHAS\"},\"image\":{\"@id\":\"https:\/\/cephas.org.br\/#\/schema\/logo\/image\/\"}},{\"@type\":\"Person\",\"@id\":\"https:\/\/cephas.org.br\/#\/schema\/person\/8e6142c0b1cf31f952550aeadf0ed1b8\",\"name\":\"Marcos Machado\",\"image\":{\"@type\":\"ImageObject\",\"inLanguage\":\"pt-BR\",\"@id\":\"https:\/\/cephas.org.br\/#\/schema\/person\/image\/\",\"url\":\"https:\/\/secure.gravatar.com\/avatar\/7c76f203cbe624b8e1512f1ff9ee41eb25e0099e56f2c7b541d114e78310c612?s=96&d=mm&r=g\",\"contentUrl\":\"https:\/\/secure.gravatar.com\/avatar\/7c76f203cbe624b8e1512f1ff9ee41eb25e0099e56f2c7b541d114e78310c612?s=96&d=mm&r=g\",\"caption\":\"Marcos Machado\"},\"url\":\"https:\/\/cephas.org.br\/index.php\/author\/marcos-machado\/\"}]}<\/script>\n<!-- \/ Yoast SEO plugin. -->","yoast_head_json":{"title":"Cursos gratuitos do Portas Abertas da Fundhas t\u00eam 36 vagas - CEPHAS","robots":{"index":"index","follow":"follow","max-snippet":"max-snippet:-1","max-image-preview":"max-image-preview:large","max-video-preview":"max-video-preview:-1"},"canonical":"https:\/\/cephas.org.br\/index.php\/2025\/03\/07\/cursos-gratuitos-do-portas-abertas-da-fundhas-tem-36-vagas\/","og_locale":"pt_BR","og_type":"article","og_title":"Cursos gratuitos do Portas Abertas da Fundhas t\u00eam 36 vagas - CEPHAS","og_description":"Atualizado em 07\/03\/2025 &#8211; 13:26 As vagas s\u00e3o os cursos de Unhas art\u00edsticas e Produtos de confeitaria sem gl\u00faten &#8211; Foto: Divulga\u00e7\u00e3o Henrique MacedoFundhas A&nbsp; Fundhas (Funda\u00e7\u00e3o H\u00e9lio Augusto de Souza), em parceria com o Sebrae e o Senac, oferece 36 vagas para dois cursos gratuitos que integram o programa Portas Abertas. S\u00e3o 18 vagas [&hellip;]","og_url":"https:\/\/cephas.org.br\/index.php\/2025\/03\/07\/cursos-gratuitos-do-portas-abertas-da-fundhas-tem-36-vagas\/","og_site_name":"CEPHAS","article_published_time":"2025-03-07T18:50:14+00:00","og_image":[{"width":940,"height":627,"url":"http:\/\/cephas.org.br\/wp-content\/uploads\/2025\/03\/89330329_3027621317257390_2872395890440536064_o.jpg","type":"image\/jpeg"}],"author":"Marcos Machado","twitter_card":"summary_large_image","twitter_misc":{"Escrito por":"Marcos Machado","Est. tempo de leitura":"2 minutos"},"schema":{"@context":"https:\/\/schema.org","@graph":[{"@type":"Article","@id":"https:\/\/cephas.org.br\/index.php\/2025\/03\/07\/cursos-gratuitos-do-portas-abertas-da-fundhas-tem-36-vagas\/#article","isPartOf":{"@id":"https:\/\/cephas.org.br\/index.php\/2025\/03\/07\/cursos-gratuitos-do-portas-abertas-da-fundhas-tem-36-vagas\/"},"author":{"name":"Marcos Machado","@id":"https:\/\/cephas.org.br\/#\/schema\/person\/8e6142c0b1cf31f952550aeadf0ed1b8"},"headline":"Cursos gratuitos do Portas Abertas da Fundhas t\u00eam 36 vagas","datePublished":"2025-03-07T18:50:14+00:00","mainEntityOfPage":{"@id":"https:\/\/cephas.org.br\/index.php\/2025\/03\/07\/cursos-gratuitos-do-portas-abertas-da-fundhas-tem-36-vagas\/"},"wordCount":290,"commentCount":0,"publisher":{"@id":"https:\/\/cephas.org.br\/#organization"},"image":{"@id":"https:\/\/cephas.org.br\/index.php\/2025\/03\/07\/cursos-gratuitos-do-portas-abertas-da-fundhas-tem-36-vagas\/#primaryimage"},"thumbnailUrl":"https:\/\/cephas.org.br\/wp-content\/uploads\/2025\/03\/89330329_3027621317257390_2872395890440536064_o.jpg","articleSection":["Not\u00edcias"],"inLanguage":"pt-BR","potentialAction":[{"@type":"CommentAction","name":"Comment","target":["https:\/\/cephas.org.br\/index.php\/2025\/03\/07\/cursos-gratuitos-do-portas-abertas-da-fundhas-tem-36-vagas\/#respond"]}]},{"@type":"WebPage","@id":"https:\/\/cephas.org.br\/index.php\/2025\/03\/07\/cursos-gratuitos-do-portas-abertas-da-fundhas-tem-36-vagas\/","url":"https:\/\/cephas.org.br\/index.php\/2025\/03\/07\/cursos-gratuitos-do-portas-abertas-da-fundhas-tem-36-vagas\/","name":"Cursos gratuitos do Portas Abertas da Fundhas t\u00eam 36 vagas - CEPHAS","isPartOf":{"@id":"https:\/\/cephas.org.br\/#website"},"primaryImageOfPage":{"@id":"https:\/\/cephas.org.br\/index.php\/2025\/03\/07\/cursos-gratuitos-do-portas-abertas-da-fundhas-tem-36-vagas\/#primaryimage"},"image":{"@id":"https:\/\/cephas.org.br\/index.php\/2025\/03\/07\/cursos-gratuitos-do-portas-abertas-da-fundhas-tem-36-vagas\/#primaryimage"},"thumbnailUrl":"https:\/\/cephas.org.br\/wp-content\/uploads\/2025\/03\/89330329_3027621317257390_2872395890440536064_o.jpg","datePublished":"2025-03-07T18:50:14+00:00","breadcrumb":{"@id":"https:\/\/cephas.org.br\/index.php\/2025\/03\/07\/cursos-gratuitos-do-portas-abertas-da-fundhas-tem-36-vagas\/#breadcrumb"},"inLanguage":"pt-BR","potentialAction":[{"@type":"ReadAction","target":["https:\/\/cephas.org.br\/index.php\/2025\/03\/07\/cursos-gratuitos-do-portas-abertas-da-fundhas-tem-36-vagas\/"]}]},{"@type":"ImageObject","inLanguage":"pt-BR","@id":"https:\/\/cephas.org.br\/index.php\/2025\/03\/07\/cursos-gratuitos-do-portas-abertas-da-fundhas-tem-36-vagas\/#primaryimage","url":"https:\/\/cephas.org.br\/wp-content\/uploads\/2025\/03\/89330329_3027621317257390_2872395890440536064_o.jpg","contentUrl":"https:\/\/cephas.org.br\/wp-content\/uploads\/2025\/03\/89330329_3027621317257390_2872395890440536064_o.jpg","width":940,"height":627},{"@type":"BreadcrumbList","@id":"https:\/\/cephas.org.br\/index.php\/2025\/03\/07\/cursos-gratuitos-do-portas-abertas-da-fundhas-tem-36-vagas\/#breadcrumb","itemListElement":[{"@type":"ListItem","position":1,"name":"In\u00edcio","item":"https:\/\/cephas.org.br\/"},{"@type":"ListItem","position":2,"name":"Cursos gratuitos do Portas Abertas da Fundhas t\u00eam 36 vagas"}]},{"@type":"WebSite","@id":"https:\/\/cephas.org.br\/#website","url":"https:\/\/cephas.org.br\/","name":"CEPHAS","description":"","publisher":{"@id":"https:\/\/cephas.org.br\/#organization"},"potentialAction":[{"@type":"SearchAction","target":{"@type":"EntryPoint","urlTemplate":"https:\/\/cephas.org.br\/?s={search_term_string}"},"query-input":{"@type":"PropertyValueSpecification","valueRequired":true,"valueName":"search_term_string"}}],"inLanguage":"pt-BR"},{"@type":"Organization","@id":"https:\/\/cephas.org.br\/#organization","name":"CEPHAS","url":"https:\/\/cephas.org.br\/","logo":{"@type":"ImageObject","inLanguage":"pt-BR","@id":"https:\/\/cephas.org.br\/#\/schema\/logo\/image\/","url":"https:\/\/cephas.org.br\/wp-content\/uploads\/2023\/10\/cropped-Assinaturas_CephasFundhas_Pref_Novo-10_Cor-small.png","contentUrl":"https:\/\/cephas.org.br\/wp-content\/uploads\/2023\/10\/cropped-Assinaturas_CephasFundhas_Pref_Novo-10_Cor-small.png","width":812,"height":90,"caption":"CEPHAS"},"image":{"@id":"https:\/\/cephas.org.br\/#\/schema\/logo\/image\/"}},{"@type":"Person","@id":"https:\/\/cephas.org.br\/#\/schema\/person\/8e6142c0b1cf31f952550aeadf0ed1b8","name":"Marcos Machado","image":{"@type":"ImageObject","inLanguage":"pt-BR","@id":"https:\/\/cephas.org.br\/#\/schema\/person\/image\/","url":"https:\/\/secure.gravatar.com\/avatar\/7c76f203cbe624b8e1512f1ff9ee41eb25e0099e56f2c7b541d114e78310c612?s=96&d=mm&r=g","contentUrl":"https:\/\/secure.gravatar.com\/avatar\/7c76f203cbe624b8e1512f1ff9ee41eb25e0099e56f2c7b541d114e78310c612?s=96&d=mm&r=g","caption":"Marcos Machado"},"url":"https:\/\/cephas.org.br\/index.php\/author\/marcos-machado\/"}]}},"_links":{"self":[{"href":"https:\/\/cephas.org.br\/index.php\/wp-json\/wp\/v2\/posts\/4973","targetHints":{"allow":["GET"]}}],"collection":[{"href":"https:\/\/cephas.org.br\/index.php\/wp-json\/wp\/v2\/posts"}],"about":[{"href":"https:\/\/cephas.org.br\/index.php\/wp-json\/wp\/v2\/types\/post"}],"author":[{"embeddable":true,"href":"https:\/\/cephas.org.br\/index.php\/wp-json\/wp\/v2\/users\/24"}],"replies":[{"embeddable":true,"href":"https:\/\/cephas.org.br\/index.php\/wp-json\/wp\/v2\/comments?post=4973"}],"version-history":[{"count":1,"href":"https:\/\/cephas.org.br\/index.php\/wp-json\/wp\/v2\/posts\/4973\/revisions"}],"predecessor-version":[{"id":4975,"href":"https:\/\/cephas.org.br\/index.php\/wp-json\/wp\/v2\/posts\/4973\/revisions\/4975"}],"wp:featuredmedia":[{"embeddable":true,"href":"https:\/\/cephas.org.br\/index.php\/wp-json\/wp\/v2\/media\/4974"}],"wp:attachment":[{"href":"https:\/\/cephas.org.br\/index.php\/wp-json\/wp\/v2\/media?parent=4973"}],"wp:term":[{"taxonomy":"category","embeddable":true,"href":"https:\/\/cephas.org.br\/index.php\/wp-json\/wp\/v2\/categories?post=4973"},{"taxonomy":"post_tag","embeddable":true,"href":"https:\/\/cephas.org.br\/index.php\/wp-json\/wp\/v2\/tags?post=4973"}],"curies":[{"name":"wp","href":"https:\/\/api.w.org\/{rel}","templated":true}]}}