{"id":4969,"date":"2025-03-07T10:24:38","date_gmt":"2025-03-07T13:24:38","guid":{"rendered":"https:\/\/cephas.org.br\/?p=4969"},"modified":"2025-03-07T15:50:43","modified_gmt":"2025-03-07T18:50:43","slug":"jovens-da-fundhas-participam-de-processo-seletivo-na-gm","status":"publish","type":"post","link":"https:\/\/cephas.org.br\/index.php\/2025\/03\/07\/jovens-da-fundhas-participam-de-processo-seletivo-na-gm\/","title":{"rendered":"Jovens da Fundhas participam de processo seletivo na GM"},"content":{"rendered":"\n<p>Atualizado em 06\/03\/2025 &#8211; 16:28<\/p>\n\n\n\n<p><img decoding=\"async\" src=\"https:\/\/www.sjc.sp.gov.br\/media\/304896\/aprendiz-gm-2.jpeg?anchor=center&amp;mode=crop&amp;width=940&amp;height=627&amp;rnd=133857437140000000\" alt=\"Jovens v\u00e3o atuar como aprendizes em empresas da cidade\"><\/p>\n\n\n\n<p>O programa Jovem Aprendiz proporciona aos jovens experi\u00eancia pr\u00e1tica atuando em empresas de S\u00e3o Jos\u00e9 dos Campos &#8211; Foto: PMSJC<\/p>\n\n\n\n<p><strong>Henrique Macedo<\/strong><br><strong>Fundhas<\/strong><\/p>\n\n\n\n<p>Jovens de unidades da Fundhas (Funda\u00e7\u00e3o H\u00e9lio Augusto de Souza) participaram de entrevistas com representantes da empresa General Motors (GM) na manh\u00e3 desta quinta-feira (6).&nbsp;Os estudantes passaram por um processo seletivo para atuar como aprendizes em empresas da cidade.<br><br>\u201cS\u00e3o 21 candidatos para nove vagas na GM,&nbsp;os estudantes, de 16 a 22 anos, ter\u00e3o registro em carteira de trabalho e direitos trabalhistas garantidos, como sal\u00e1rio m\u00ednimo hora, 13\u00ba sal\u00e1rio, FGTS, f\u00e9rias, vale alimenta\u00e7\u00e3o, vale-transporte e, um dia por semana, far\u00e3o curso te\u00f3rico no Cephas (Col\u00e9gio de Educa\u00e7\u00e3o Profissional H\u00e9lio Augusto de Souza)\u201d, explica Ailton Nascimento, gestor do programa Jovem Aprendiz.<\/p>\n\n\n\n<p>O programa contempla ainda&nbsp;entrevistas e processos de sele\u00e7\u00e3o com as empresas Embraer e Johnson &amp; Johnson.<\/p>\n\n\n\n<figure class=\"wp-block-image\"><img decoding=\"async\" src=\"https:\/\/www.sjc.sp.gov.br\/media\/304899\/aprendiz-gm-5.jpeg?width=500&amp;height=375\" alt=\"\"\/><\/figure>\n\n\n\n<p>Jo\u00e3o Tib\u00farcio, de 17 anos, estava tranquilo antes da entrevista. \u201cEstou confiante para passar, quero trabalhar na \u00e1rea administrativa, RH\u201d, disse.<br><img decoding=\"async\" src=\"https:\/\/www.sjc.sp.gov.br\/media\/304895\/aprendiz-gm-1.jpeg?width=500&amp;height=375\" alt=\"\"><br>Para Maria Eduarda, de 17 anos, ser selecionada j\u00e1 \u00e9 uma vit\u00f3ria. \u201cEu j\u00e1 fiz outras entrevistas, n\u00e3o consegui passar e agora estou bem confiante\u201d, afirmou.&nbsp;&nbsp;<br><img decoding=\"async\" src=\"https:\/\/www.sjc.sp.gov.br\/media\/304901\/aprendiz-gm.jpeg?width=500&amp;height=375\" alt=\"\"><br>Isaac Nogueira, de 17 anos, estuda no Centro de Inova\u00e7\u00e3o Norte e sonha em trabalhar na GM. \u201cFoi uma sensa\u00e7\u00e3o muito boa ter participado, acho que me sa\u00ed bem na entrevista. Consegui falar com mais flu\u00eancias, gra\u00e7as aos cursos que fiz na Fundhas\u201d, contou animado.&nbsp;<\/p>\n\n\n\n<figure class=\"wp-block-image\"><img decoding=\"async\" src=\"https:\/\/www.sjc.sp.gov.br\/media\/304900\/aprendiz-gm-6.jpeg?width=500&amp;height=375\" alt=\"\"\/><\/figure>\n\n\n\n<p><strong>Jovem Aprendiz<\/strong><\/p>\n\n\n\n<p>O Programa Jovem Aprendiz \u00e9 uma forma de contrata\u00e7\u00e3o de profissionais de 14 a 24 anos com o objetivo de estimular o primeiro emprego e a forma\u00e7\u00e3o profissional.<\/p>\n\n\n\n<p>A iniciativa \u00e9 fruto da Lei n\u00ba.10097\/2000 da Aprendizagem, que diz que todos os estabelecimentos devem empregar um n\u00famero de jovens aprendizes que corresponda de 5% a 15% do total de seus funcion\u00e1rios.&nbsp;<\/p>\n\n\n\n<p><\/p>\n","protected":false},"excerpt":{"rendered":"<p>Atualizado em 06\/03\/2025 &#8211; 16:28 O programa Jovem Aprendiz proporciona aos jovens experi\u00eancia pr\u00e1tica atuando em empresas de S\u00e3o Jos\u00e9 dos Campos &#8211; Foto: PMSJC Henrique MacedoFundhas Jovens de unidades da Fundhas (Funda\u00e7\u00e3o H\u00e9lio Augusto de Souza) participaram de entrevistas com representantes da empresa General Motors (GM) na manh\u00e3 desta quinta-feira (6).&nbsp;Os estudantes passaram por [&hellip;]<\/p>\n","protected":false},"author":24,"featured_media":4971,"comment_status":"open","ping_status":"closed","sticky":false,"template":"","format":"standard","meta":{"_acf_changed":false,"_monsterinsights_skip_tracking":false,"_monsterinsights_sitenote_active":false,"_monsterinsights_sitenote_note":"","_monsterinsights_sitenote_category":0,"footnotes":""},"categories":[2],"tags":[],"class_list":{"0":"post-4969","1":"post","2":"type-post","3":"status-publish","4":"format-standard","5":"has-post-thumbnail","7":"category-noticias","8":"czr-hentry"},"acf":[],"yoast_head":"<!-- This site is optimized with the Yoast SEO plugin v26.6 - https:\/\/yoast.com\/wordpress\/plugins\/seo\/ -->\n<title>Jovens da Fundhas participam de processo seletivo na GM - CEPHAS<\/title>\n<meta name=\"robots\" content=\"index, follow, max-snippet:-1, max-image-preview:large, max-video-preview:-1\" \/>\n<link rel=\"canonical\" href=\"https:\/\/cephas.org.br\/index.php\/2025\/03\/07\/jovens-da-fundhas-participam-de-processo-seletivo-na-gm\/\" \/>\n<meta property=\"og:locale\" content=\"pt_BR\" \/>\n<meta property=\"og:type\" content=\"article\" \/>\n<meta property=\"og:title\" content=\"Jovens da Fundhas participam de processo seletivo na GM - CEPHAS\" \/>\n<meta property=\"og:description\" content=\"Atualizado em 06\/03\/2025 &#8211; 16:28 O programa Jovem Aprendiz proporciona aos jovens experi\u00eancia pr\u00e1tica atuando em empresas de S\u00e3o Jos\u00e9 dos Campos &#8211; Foto: PMSJC Henrique MacedoFundhas Jovens de unidades da Fundhas (Funda\u00e7\u00e3o H\u00e9lio Augusto de Souza) participaram de entrevistas com representantes da empresa General Motors (GM) na manh\u00e3 desta quinta-feira (6).&nbsp;Os estudantes passaram por [&hellip;]\" \/>\n<meta property=\"og:url\" content=\"https:\/\/cephas.org.br\/index.php\/2025\/03\/07\/jovens-da-fundhas-participam-de-processo-seletivo-na-gm\/\" \/>\n<meta property=\"og:site_name\" content=\"CEPHAS\" \/>\n<meta property=\"article:published_time\" content=\"2025-03-07T13:24:38+00:00\" \/>\n<meta property=\"article:modified_time\" content=\"2025-03-07T18:50:43+00:00\" \/>\n<meta property=\"og:image\" content=\"http:\/\/cephas.org.br\/wp-content\/uploads\/2025\/03\/aprendiz-gm-2.jpeg\" \/>\n\t<meta property=\"og:image:width\" content=\"940\" \/>\n\t<meta property=\"og:image:height\" content=\"627\" \/>\n\t<meta property=\"og:image:type\" content=\"image\/jpeg\" \/>\n<meta name=\"author\" content=\"Marcos Machado\" \/>\n<meta name=\"twitter:card\" content=\"summary_large_image\" \/>\n<meta name=\"twitter:label1\" content=\"Escrito por\" \/>\n\t<meta name=\"twitter:data1\" content=\"Marcos Machado\" \/>\n\t<meta name=\"twitter:label2\" content=\"Est. tempo de leitura\" \/>\n\t<meta name=\"twitter:data2\" content=\"3 minutos\" \/>\n<script type=\"application\/ld+json\" class=\"yoast-schema-graph\">{\"@context\":\"https:\/\/schema.org\",\"@graph\":[{\"@type\":\"Article\",\"@id\":\"https:\/\/cephas.org.br\/index.php\/2025\/03\/07\/jovens-da-fundhas-participam-de-processo-seletivo-na-gm\/#article\",\"isPartOf\":{\"@id\":\"https:\/\/cephas.org.br\/index.php\/2025\/03\/07\/jovens-da-fundhas-participam-de-processo-seletivo-na-gm\/\"},\"author\":{\"name\":\"Marcos Machado\",\"@id\":\"https:\/\/cephas.org.br\/#\/schema\/person\/8e6142c0b1cf31f952550aeadf0ed1b8\"},\"headline\":\"Jovens da Fundhas participam de processo seletivo na GM\",\"datePublished\":\"2025-03-07T13:24:38+00:00\",\"dateModified\":\"2025-03-07T18:50:43+00:00\",\"mainEntityOfPage\":{\"@id\":\"https:\/\/cephas.org.br\/index.php\/2025\/03\/07\/jovens-da-fundhas-participam-de-processo-seletivo-na-gm\/\"},\"wordCount\":331,\"commentCount\":0,\"publisher\":{\"@id\":\"https:\/\/cephas.org.br\/#organization\"},\"image\":{\"@id\":\"https:\/\/cephas.org.br\/index.php\/2025\/03\/07\/jovens-da-fundhas-participam-de-processo-seletivo-na-gm\/#primaryimage\"},\"thumbnailUrl\":\"https:\/\/cephas.org.br\/wp-content\/uploads\/2025\/03\/aprendiz-gm-2.jpeg\",\"articleSection\":[\"Not\u00edcias\"],\"inLanguage\":\"pt-BR\",\"potentialAction\":[{\"@type\":\"CommentAction\",\"name\":\"Comment\",\"target\":[\"https:\/\/cephas.org.br\/index.php\/2025\/03\/07\/jovens-da-fundhas-participam-de-processo-seletivo-na-gm\/#respond\"]}]},{\"@type\":\"WebPage\",\"@id\":\"https:\/\/cephas.org.br\/index.php\/2025\/03\/07\/jovens-da-fundhas-participam-de-processo-seletivo-na-gm\/\",\"url\":\"https:\/\/cephas.org.br\/index.php\/2025\/03\/07\/jovens-da-fundhas-participam-de-processo-seletivo-na-gm\/\",\"name\":\"Jovens da Fundhas participam de processo seletivo na GM - CEPHAS\",\"isPartOf\":{\"@id\":\"https:\/\/cephas.org.br\/#website\"},\"primaryImageOfPage\":{\"@id\":\"https:\/\/cephas.org.br\/index.php\/2025\/03\/07\/jovens-da-fundhas-participam-de-processo-seletivo-na-gm\/#primaryimage\"},\"image\":{\"@id\":\"https:\/\/cephas.org.br\/index.php\/2025\/03\/07\/jovens-da-fundhas-participam-de-processo-seletivo-na-gm\/#primaryimage\"},\"thumbnailUrl\":\"https:\/\/cephas.org.br\/wp-content\/uploads\/2025\/03\/aprendiz-gm-2.jpeg\",\"datePublished\":\"2025-03-07T13:24:38+00:00\",\"dateModified\":\"2025-03-07T18:50:43+00:00\",\"breadcrumb\":{\"@id\":\"https:\/\/cephas.org.br\/index.php\/2025\/03\/07\/jovens-da-fundhas-participam-de-processo-seletivo-na-gm\/#breadcrumb\"},\"inLanguage\":\"pt-BR\",\"potentialAction\":[{\"@type\":\"ReadAction\",\"target\":[\"https:\/\/cephas.org.br\/index.php\/2025\/03\/07\/jovens-da-fundhas-participam-de-processo-seletivo-na-gm\/\"]}]},{\"@type\":\"ImageObject\",\"inLanguage\":\"pt-BR\",\"@id\":\"https:\/\/cephas.org.br\/index.php\/2025\/03\/07\/jovens-da-fundhas-participam-de-processo-seletivo-na-gm\/#primaryimage\",\"url\":\"https:\/\/cephas.org.br\/wp-content\/uploads\/2025\/03\/aprendiz-gm-2.jpeg\",\"contentUrl\":\"https:\/\/cephas.org.br\/wp-content\/uploads\/2025\/03\/aprendiz-gm-2.jpeg\",\"width\":940,\"height\":627},{\"@type\":\"BreadcrumbList\",\"@id\":\"https:\/\/cephas.org.br\/index.php\/2025\/03\/07\/jovens-da-fundhas-participam-de-processo-seletivo-na-gm\/#breadcrumb\",\"itemListElement\":[{\"@type\":\"ListItem\",\"position\":1,\"name\":\"In\u00edcio\",\"item\":\"https:\/\/cephas.org.br\/\"},{\"@type\":\"ListItem\",\"position\":2,\"name\":\"Jovens da Fundhas participam de processo seletivo na GM\"}]},{\"@type\":\"WebSite\",\"@id\":\"https:\/\/cephas.org.br\/#website\",\"url\":\"https:\/\/cephas.org.br\/\",\"name\":\"CEPHAS\",\"description\":\"\",\"publisher\":{\"@id\":\"https:\/\/cephas.org.br\/#organization\"},\"potentialAction\":[{\"@type\":\"SearchAction\",\"target\":{\"@type\":\"EntryPoint\",\"urlTemplate\":\"https:\/\/cephas.org.br\/?s={search_term_string}\"},\"query-input\":{\"@type\":\"PropertyValueSpecification\",\"valueRequired\":true,\"valueName\":\"search_term_string\"}}],\"inLanguage\":\"pt-BR\"},{\"@type\":\"Organization\",\"@id\":\"https:\/\/cephas.org.br\/#organization\",\"name\":\"CEPHAS\",\"url\":\"https:\/\/cephas.org.br\/\",\"logo\":{\"@type\":\"ImageObject\",\"inLanguage\":\"pt-BR\",\"@id\":\"https:\/\/cephas.org.br\/#\/schema\/logo\/image\/\",\"url\":\"https:\/\/cephas.org.br\/wp-content\/uploads\/2023\/10\/cropped-Assinaturas_CephasFundhas_Pref_Novo-10_Cor-small.png\",\"contentUrl\":\"https:\/\/cephas.org.br\/wp-content\/uploads\/2023\/10\/cropped-Assinaturas_CephasFundhas_Pref_Novo-10_Cor-small.png\",\"width\":812,\"height\":90,\"caption\":\"CEPHAS\"},\"image\":{\"@id\":\"https:\/\/cephas.org.br\/#\/schema\/logo\/image\/\"}},{\"@type\":\"Person\",\"@id\":\"https:\/\/cephas.org.br\/#\/schema\/person\/8e6142c0b1cf31f952550aeadf0ed1b8\",\"name\":\"Marcos Machado\",\"image\":{\"@type\":\"ImageObject\",\"inLanguage\":\"pt-BR\",\"@id\":\"https:\/\/cephas.org.br\/#\/schema\/person\/image\/\",\"url\":\"https:\/\/secure.gravatar.com\/avatar\/7c76f203cbe624b8e1512f1ff9ee41eb25e0099e56f2c7b541d114e78310c612?s=96&d=mm&r=g\",\"contentUrl\":\"https:\/\/secure.gravatar.com\/avatar\/7c76f203cbe624b8e1512f1ff9ee41eb25e0099e56f2c7b541d114e78310c612?s=96&d=mm&r=g\",\"caption\":\"Marcos Machado\"},\"url\":\"https:\/\/cephas.org.br\/index.php\/author\/marcos-machado\/\"}]}<\/script>\n<!-- \/ Yoast SEO plugin. -->","yoast_head_json":{"title":"Jovens da Fundhas participam de processo seletivo na GM - CEPHAS","robots":{"index":"index","follow":"follow","max-snippet":"max-snippet:-1","max-image-preview":"max-image-preview:large","max-video-preview":"max-video-preview:-1"},"canonical":"https:\/\/cephas.org.br\/index.php\/2025\/03\/07\/jovens-da-fundhas-participam-de-processo-seletivo-na-gm\/","og_locale":"pt_BR","og_type":"article","og_title":"Jovens da Fundhas participam de processo seletivo na GM - CEPHAS","og_description":"Atualizado em 06\/03\/2025 &#8211; 16:28 O programa Jovem Aprendiz proporciona aos jovens experi\u00eancia pr\u00e1tica atuando em empresas de S\u00e3o Jos\u00e9 dos Campos &#8211; Foto: PMSJC Henrique MacedoFundhas Jovens de unidades da Fundhas (Funda\u00e7\u00e3o H\u00e9lio Augusto de Souza) participaram de entrevistas com representantes da empresa General Motors (GM) na manh\u00e3 desta quinta-feira (6).&nbsp;Os estudantes passaram por [&hellip;]","og_url":"https:\/\/cephas.org.br\/index.php\/2025\/03\/07\/jovens-da-fundhas-participam-de-processo-seletivo-na-gm\/","og_site_name":"CEPHAS","article_published_time":"2025-03-07T13:24:38+00:00","article_modified_time":"2025-03-07T18:50:43+00:00","og_image":[{"width":940,"height":627,"url":"http:\/\/cephas.org.br\/wp-content\/uploads\/2025\/03\/aprendiz-gm-2.jpeg","type":"image\/jpeg"}],"author":"Marcos Machado","twitter_card":"summary_large_image","twitter_misc":{"Escrito por":"Marcos Machado","Est. tempo de leitura":"3 minutos"},"schema":{"@context":"https:\/\/schema.org","@graph":[{"@type":"Article","@id":"https:\/\/cephas.org.br\/index.php\/2025\/03\/07\/jovens-da-fundhas-participam-de-processo-seletivo-na-gm\/#article","isPartOf":{"@id":"https:\/\/cephas.org.br\/index.php\/2025\/03\/07\/jovens-da-fundhas-participam-de-processo-seletivo-na-gm\/"},"author":{"name":"Marcos Machado","@id":"https:\/\/cephas.org.br\/#\/schema\/person\/8e6142c0b1cf31f952550aeadf0ed1b8"},"headline":"Jovens da Fundhas participam de processo seletivo na GM","datePublished":"2025-03-07T13:24:38+00:00","dateModified":"2025-03-07T18:50:43+00:00","mainEntityOfPage":{"@id":"https:\/\/cephas.org.br\/index.php\/2025\/03\/07\/jovens-da-fundhas-participam-de-processo-seletivo-na-gm\/"},"wordCount":331,"commentCount":0,"publisher":{"@id":"https:\/\/cephas.org.br\/#organization"},"image":{"@id":"https:\/\/cephas.org.br\/index.php\/2025\/03\/07\/jovens-da-fundhas-participam-de-processo-seletivo-na-gm\/#primaryimage"},"thumbnailUrl":"https:\/\/cephas.org.br\/wp-content\/uploads\/2025\/03\/aprendiz-gm-2.jpeg","articleSection":["Not\u00edcias"],"inLanguage":"pt-BR","potentialAction":[{"@type":"CommentAction","name":"Comment","target":["https:\/\/cephas.org.br\/index.php\/2025\/03\/07\/jovens-da-fundhas-participam-de-processo-seletivo-na-gm\/#respond"]}]},{"@type":"WebPage","@id":"https:\/\/cephas.org.br\/index.php\/2025\/03\/07\/jovens-da-fundhas-participam-de-processo-seletivo-na-gm\/","url":"https:\/\/cephas.org.br\/index.php\/2025\/03\/07\/jovens-da-fundhas-participam-de-processo-seletivo-na-gm\/","name":"Jovens da Fundhas participam de processo seletivo na GM - CEPHAS","isPartOf":{"@id":"https:\/\/cephas.org.br\/#website"},"primaryImageOfPage":{"@id":"https:\/\/cephas.org.br\/index.php\/2025\/03\/07\/jovens-da-fundhas-participam-de-processo-seletivo-na-gm\/#primaryimage"},"image":{"@id":"https:\/\/cephas.org.br\/index.php\/2025\/03\/07\/jovens-da-fundhas-participam-de-processo-seletivo-na-gm\/#primaryimage"},"thumbnailUrl":"https:\/\/cephas.org.br\/wp-content\/uploads\/2025\/03\/aprendiz-gm-2.jpeg","datePublished":"2025-03-07T13:24:38+00:00","dateModified":"2025-03-07T18:50:43+00:00","breadcrumb":{"@id":"https:\/\/cephas.org.br\/index.php\/2025\/03\/07\/jovens-da-fundhas-participam-de-processo-seletivo-na-gm\/#breadcrumb"},"inLanguage":"pt-BR","potentialAction":[{"@type":"ReadAction","target":["https:\/\/cephas.org.br\/index.php\/2025\/03\/07\/jovens-da-fundhas-participam-de-processo-seletivo-na-gm\/"]}]},{"@type":"ImageObject","inLanguage":"pt-BR","@id":"https:\/\/cephas.org.br\/index.php\/2025\/03\/07\/jovens-da-fundhas-participam-de-processo-seletivo-na-gm\/#primaryimage","url":"https:\/\/cephas.org.br\/wp-content\/uploads\/2025\/03\/aprendiz-gm-2.jpeg","contentUrl":"https:\/\/cephas.org.br\/wp-content\/uploads\/2025\/03\/aprendiz-gm-2.jpeg","width":940,"height":627},{"@type":"BreadcrumbList","@id":"https:\/\/cephas.org.br\/index.php\/2025\/03\/07\/jovens-da-fundhas-participam-de-processo-seletivo-na-gm\/#breadcrumb","itemListElement":[{"@type":"ListItem","position":1,"name":"In\u00edcio","item":"https:\/\/cephas.org.br\/"},{"@type":"ListItem","position":2,"name":"Jovens da Fundhas participam de processo seletivo na GM"}]},{"@type":"WebSite","@id":"https:\/\/cephas.org.br\/#website","url":"https:\/\/cephas.org.br\/","name":"CEPHAS","description":"","publisher":{"@id":"https:\/\/cephas.org.br\/#organization"},"potentialAction":[{"@type":"SearchAction","target":{"@type":"EntryPoint","urlTemplate":"https:\/\/cephas.org.br\/?s={search_term_string}"},"query-input":{"@type":"PropertyValueSpecification","valueRequired":true,"valueName":"search_term_string"}}],"inLanguage":"pt-BR"},{"@type":"Organization","@id":"https:\/\/cephas.org.br\/#organization","name":"CEPHAS","url":"https:\/\/cephas.org.br\/","logo":{"@type":"ImageObject","inLanguage":"pt-BR","@id":"https:\/\/cephas.org.br\/#\/schema\/logo\/image\/","url":"https:\/\/cephas.org.br\/wp-content\/uploads\/2023\/10\/cropped-Assinaturas_CephasFundhas_Pref_Novo-10_Cor-small.png","contentUrl":"https:\/\/cephas.org.br\/wp-content\/uploads\/2023\/10\/cropped-Assinaturas_CephasFundhas_Pref_Novo-10_Cor-small.png","width":812,"height":90,"caption":"CEPHAS"},"image":{"@id":"https:\/\/cephas.org.br\/#\/schema\/logo\/image\/"}},{"@type":"Person","@id":"https:\/\/cephas.org.br\/#\/schema\/person\/8e6142c0b1cf31f952550aeadf0ed1b8","name":"Marcos Machado","image":{"@type":"ImageObject","inLanguage":"pt-BR","@id":"https:\/\/cephas.org.br\/#\/schema\/person\/image\/","url":"https:\/\/secure.gravatar.com\/avatar\/7c76f203cbe624b8e1512f1ff9ee41eb25e0099e56f2c7b541d114e78310c612?s=96&d=mm&r=g","contentUrl":"https:\/\/secure.gravatar.com\/avatar\/7c76f203cbe624b8e1512f1ff9ee41eb25e0099e56f2c7b541d114e78310c612?s=96&d=mm&r=g","caption":"Marcos Machado"},"url":"https:\/\/cephas.org.br\/index.php\/author\/marcos-machado\/"}]}},"_links":{"self":[{"href":"https:\/\/cephas.org.br\/index.php\/wp-json\/wp\/v2\/posts\/4969","targetHints":{"allow":["GET"]}}],"collection":[{"href":"https:\/\/cephas.org.br\/index.php\/wp-json\/wp\/v2\/posts"}],"about":[{"href":"https:\/\/cephas.org.br\/index.php\/wp-json\/wp\/v2\/types\/post"}],"author":[{"embeddable":true,"href":"https:\/\/cephas.org.br\/index.php\/wp-json\/wp\/v2\/users\/24"}],"replies":[{"embeddable":true,"href":"https:\/\/cephas.org.br\/index.php\/wp-json\/wp\/v2\/comments?post=4969"}],"version-history":[{"count":2,"href":"https:\/\/cephas.org.br\/index.php\/wp-json\/wp\/v2\/posts\/4969\/revisions"}],"predecessor-version":[{"id":4972,"href":"https:\/\/cephas.org.br\/index.php\/wp-json\/wp\/v2\/posts\/4969\/revisions\/4972"}],"wp:featuredmedia":[{"embeddable":true,"href":"https:\/\/cephas.org.br\/index.php\/wp-json\/wp\/v2\/media\/4971"}],"wp:attachment":[{"href":"https:\/\/cephas.org.br\/index.php\/wp-json\/wp\/v2\/media?parent=4969"}],"wp:term":[{"taxonomy":"category","embeddable":true,"href":"https:\/\/cephas.org.br\/index.php\/wp-json\/wp\/v2\/categories?post=4969"},{"taxonomy":"post_tag","embeddable":true,"href":"https:\/\/cephas.org.br\/index.php\/wp-json\/wp\/v2\/tags?post=4969"}],"curies":[{"name":"wp","href":"https:\/\/api.w.org\/{rel}","templated":true}]}}