{"id":4957,"date":"2025-02-04T10:13:46","date_gmt":"2025-02-04T13:13:46","guid":{"rendered":"https:\/\/cephas.org.br\/?p=4957"},"modified":"2025-03-07T15:51:53","modified_gmt":"2025-03-07T18:51:53","slug":"fundhas-entrega-unidade-modernizada-na-regiao-norte","status":"publish","type":"post","link":"https:\/\/cephas.org.br\/index.php\/2025\/02\/04\/fundhas-entrega-unidade-modernizada-na-regiao-norte\/","title":{"rendered":"Fundhas entrega unidade modernizada na regi\u00e3o norte"},"content":{"rendered":"\n<p>Atualizado em 03\/02\/2025 \u2013 18:25<\/p>\n\n\n\n<figure class=\"wp-block-image\"><img decoding=\"async\" src=\"https:\/\/www.sjc.sp.gov.br\/media\/302256\/img_4126_claudio_vieira.jpg?crop=0,0,0,0&amp;cropmode=percentage&amp;width=940&amp;height=627&amp;rnd=133830807460000000\" alt=\"FUNDHAS - Centro de Inova\u00e7\u00e3o Norte. Foto: Claudio Vieira\/PMSJC 03-02-2025\"\/><\/figure>\n\n\n\n<p>Dia de festa no Centro de Inova\u00e7\u00e3o Norte da Fundhas com entrega de ambientes reformados para melhor acolher alunos e profissionais \u2013 Foto: Claudio Vieira\/PMSJC<\/p>\n\n\n\n<p><strong>Henrique Macedo<\/strong><br><strong>Fundhas<\/strong><\/p>\n\n\n\n<p>Uma solenidade, com a presen\u00e7a de autoridades, atendidos, professores e funcion\u00e1rios, marcou a entrega da reforma e moderniza\u00e7\u00e3o do Centro de Inova\u00e7\u00e3o Norte da Fundhas (Funda\u00e7\u00e3o H\u00e9lio Augusto de Souza) na tarde desta segunda-feira (3).<\/p>\n\n\n\n<p>Foram feitas melhorias na ilumina\u00e7\u00e3o externa e interna, paisagismo, instala\u00e7\u00e3o de climatizadores, pintura da quadra, adequa\u00e7\u00e3o dos sistemas el\u00e9trico e internet, coloca\u00e7\u00e3o de grades, telas e alambrados para garantir espa\u00e7os seguros e acolhedores aos 284 atendidos da unidade.<\/p>\n\n\n\n<figure class=\"wp-block-image\"><img decoding=\"async\" src=\"https:\/\/www.sjc.sp.gov.br\/media\/302202\/reforma-centro-inovacao-norte-6.jpeg?width=500&amp;height=375\" alt=\"\"\/><\/figure>\n\n\n\n<p>Pedro Pereira, de 15 anos, aprovou a moderniza\u00e7\u00e3o. \u201cAchei bem bacana, a quadra ficou excelente, ar condicionado nas salas, ficou \u00f3timo\u201d, disse.&nbsp;<br><img decoding=\"async\" src=\"https:\/\/www.sjc.sp.gov.br\/media\/302185\/reforma-centro-de-inovacao-norte-45.jpeg?width=500&amp;height=375\" alt=\"\">&nbsp;<br>Presente no evento, Lu\u00eds Henrique de Souza, pintor, participou de todas as reformas nas unidades da Fundhas e agradeceu pelo reconhecimento do trabalho. \u201cHoje \u00e9 um dia muito feliz para a gente, as crian\u00e7as gostaram, \u00e9 bom ver tudo limpo, organizado, pintura nova. D\u00e1 gosto\u201d, disse.&nbsp;<br><img decoding=\"async\" src=\"https:\/\/www.sjc.sp.gov.br\/media\/302195\/reforma-centro-de-inovacao-norte-55.jpeg?width=500&amp;height=375\" alt=\"\"><\/p>\n\n\n\n<p><em><sup>Lu\u00eds e os colegas que trabalharam na reforma e moderniza\u00e7\u00e3o | Foto: PMSJC<\/sup><\/em><\/p>\n\n\n\n<p>\u201c\u00c9 muito bacana iniciar o ano com novidades, a unidade toda reformada, os espa\u00e7os, nossas oficinas, novos equipamentos, ver que tudo teve um salto de qualidade\u201d, comemorou Renata Alves, gestora da unidade.&nbsp;<\/p>\n\n\n\n<p><strong>Melhorias<\/strong><\/p>\n\n\n\n<p>Desde 2021, j\u00e1 foram entregues, modernizadas e reformadas, as seguintes unidades:<\/p>\n\n\n\n<p>\u2013 Sede<\/p>\n\n\n\n<p>\u2013 Cephas (Col\u00e9gio de Educa\u00e7\u00e3o Profissional H\u00e9lio Augusto de Souza)<\/p>\n\n\n\n<p>\u2013 Leste (Jardim Rodolfo)<\/p>\n\n\n\n<p>\u2013 Dom Bosco<\/p>\n\n\n\n<p>\u2013 Dom Pedro I<\/p>\n\n\n\n<p>\u2013 Centro<\/p>\n\n\n\n<p>\u2013 CDA (Centro de Desenvolvimento Art\u00edstico)<\/p>\n\n\n\n<p>\u2013 Parque Industrial<\/p>\n\n\n\n<p>\u2013 Putim<\/p>\n\n\n\n<p>\u2013 Campos de S\u00e3o Jos\u00e9<\/p>\n\n\n\n<p>\u2013 Alto da Ponte<\/p>\n\n\n\n<p>\u2013 Eug\u00eanio de Melo<\/p>\n\n\n\n<p>\u2013 Unidades Polo Sul (Centro da Juventude) e do Polo Parque de Inova\u00e7\u00e3o Tecnol\u00f3gica (regi\u00e3o leste) do Cephas<\/p>\n","protected":false},"excerpt":{"rendered":"<p>Atualizado em 03\/02\/2025 \u2013 18:25 Dia de festa no Centro de Inova\u00e7\u00e3o Norte da Fundhas com entrega de ambientes reformados para melhor acolher alunos e profissionais \u2013 Foto: Claudio Vieira\/PMSJC Henrique MacedoFundhas Uma solenidade, com a presen\u00e7a de autoridades, atendidos, professores e funcion\u00e1rios, marcou a entrega da reforma e moderniza\u00e7\u00e3o do Centro de Inova\u00e7\u00e3o Norte [&hellip;]<\/p>\n","protected":false},"author":25,"featured_media":4955,"comment_status":"open","ping_status":"closed","sticky":false,"template":"","format":"standard","meta":{"_acf_changed":false,"_monsterinsights_skip_tracking":false,"_monsterinsights_sitenote_active":false,"_monsterinsights_sitenote_note":"","_monsterinsights_sitenote_category":0,"footnotes":""},"categories":[2],"tags":[],"class_list":{"0":"post-4957","1":"post","2":"type-post","3":"status-publish","4":"format-standard","5":"has-post-thumbnail","7":"category-noticias","8":"czr-hentry"},"acf":[],"yoast_head":"<!-- This site is optimized with the Yoast SEO plugin v26.6 - https:\/\/yoast.com\/wordpress\/plugins\/seo\/ -->\n<title>Fundhas entrega unidade modernizada na regi\u00e3o norte - CEPHAS<\/title>\n<meta name=\"robots\" content=\"index, follow, max-snippet:-1, max-image-preview:large, max-video-preview:-1\" \/>\n<link rel=\"canonical\" href=\"https:\/\/cephas.org.br\/index.php\/2025\/02\/04\/fundhas-entrega-unidade-modernizada-na-regiao-norte\/\" \/>\n<meta property=\"og:locale\" content=\"pt_BR\" \/>\n<meta property=\"og:type\" content=\"article\" \/>\n<meta property=\"og:title\" content=\"Fundhas entrega unidade modernizada na regi\u00e3o norte - CEPHAS\" \/>\n<meta property=\"og:description\" content=\"Atualizado em 03\/02\/2025 \u2013 18:25 Dia de festa no Centro de Inova\u00e7\u00e3o Norte da Fundhas com entrega de ambientes reformados para melhor acolher alunos e profissionais \u2013 Foto: Claudio Vieira\/PMSJC Henrique MacedoFundhas Uma solenidade, com a presen\u00e7a de autoridades, atendidos, professores e funcion\u00e1rios, marcou a entrega da reforma e moderniza\u00e7\u00e3o do Centro de Inova\u00e7\u00e3o Norte [&hellip;]\" \/>\n<meta property=\"og:url\" content=\"https:\/\/cephas.org.br\/index.php\/2025\/02\/04\/fundhas-entrega-unidade-modernizada-na-regiao-norte\/\" \/>\n<meta property=\"og:site_name\" content=\"CEPHAS\" \/>\n<meta property=\"article:published_time\" content=\"2025-02-04T13:13:46+00:00\" \/>\n<meta property=\"article:modified_time\" content=\"2025-03-07T18:51:53+00:00\" \/>\n<meta property=\"og:image\" content=\"http:\/\/cephas.org.br\/wp-content\/uploads\/2025\/02\/img_4126_claudio_vieira.jpg\" \/>\n\t<meta property=\"og:image:width\" content=\"940\" \/>\n\t<meta property=\"og:image:height\" content=\"627\" \/>\n\t<meta property=\"og:image:type\" content=\"image\/jpeg\" \/>\n<meta name=\"author\" content=\"Pamyla Costa\" \/>\n<meta name=\"twitter:card\" content=\"summary_large_image\" \/>\n<meta name=\"twitter:label1\" content=\"Escrito por\" \/>\n\t<meta name=\"twitter:data1\" content=\"Pamyla Costa\" \/>\n\t<meta name=\"twitter:label2\" content=\"Est. tempo de leitura\" \/>\n\t<meta name=\"twitter:data2\" content=\"3 minutos\" \/>\n<script type=\"application\/ld+json\" class=\"yoast-schema-graph\">{\"@context\":\"https:\/\/schema.org\",\"@graph\":[{\"@type\":\"Article\",\"@id\":\"https:\/\/cephas.org.br\/index.php\/2025\/02\/04\/fundhas-entrega-unidade-modernizada-na-regiao-norte\/#article\",\"isPartOf\":{\"@id\":\"https:\/\/cephas.org.br\/index.php\/2025\/02\/04\/fundhas-entrega-unidade-modernizada-na-regiao-norte\/\"},\"author\":{\"name\":\"Pamyla Costa\",\"@id\":\"https:\/\/cephas.org.br\/#\/schema\/person\/bf88621f4720f50690438f24889063f3\"},\"headline\":\"Fundhas entrega unidade modernizada na regi\u00e3o norte\",\"datePublished\":\"2025-02-04T13:13:46+00:00\",\"dateModified\":\"2025-03-07T18:51:53+00:00\",\"mainEntityOfPage\":{\"@id\":\"https:\/\/cephas.org.br\/index.php\/2025\/02\/04\/fundhas-entrega-unidade-modernizada-na-regiao-norte\/\"},\"wordCount\":314,\"commentCount\":0,\"publisher\":{\"@id\":\"https:\/\/cephas.org.br\/#organization\"},\"image\":{\"@id\":\"https:\/\/cephas.org.br\/index.php\/2025\/02\/04\/fundhas-entrega-unidade-modernizada-na-regiao-norte\/#primaryimage\"},\"thumbnailUrl\":\"https:\/\/cephas.org.br\/wp-content\/uploads\/2025\/02\/img_4126_claudio_vieira.jpg\",\"articleSection\":[\"Not\u00edcias\"],\"inLanguage\":\"pt-BR\",\"potentialAction\":[{\"@type\":\"CommentAction\",\"name\":\"Comment\",\"target\":[\"https:\/\/cephas.org.br\/index.php\/2025\/02\/04\/fundhas-entrega-unidade-modernizada-na-regiao-norte\/#respond\"]}]},{\"@type\":\"WebPage\",\"@id\":\"https:\/\/cephas.org.br\/index.php\/2025\/02\/04\/fundhas-entrega-unidade-modernizada-na-regiao-norte\/\",\"url\":\"https:\/\/cephas.org.br\/index.php\/2025\/02\/04\/fundhas-entrega-unidade-modernizada-na-regiao-norte\/\",\"name\":\"Fundhas entrega unidade modernizada na regi\u00e3o norte - CEPHAS\",\"isPartOf\":{\"@id\":\"https:\/\/cephas.org.br\/#website\"},\"primaryImageOfPage\":{\"@id\":\"https:\/\/cephas.org.br\/index.php\/2025\/02\/04\/fundhas-entrega-unidade-modernizada-na-regiao-norte\/#primaryimage\"},\"image\":{\"@id\":\"https:\/\/cephas.org.br\/index.php\/2025\/02\/04\/fundhas-entrega-unidade-modernizada-na-regiao-norte\/#primaryimage\"},\"thumbnailUrl\":\"https:\/\/cephas.org.br\/wp-content\/uploads\/2025\/02\/img_4126_claudio_vieira.jpg\",\"datePublished\":\"2025-02-04T13:13:46+00:00\",\"dateModified\":\"2025-03-07T18:51:53+00:00\",\"breadcrumb\":{\"@id\":\"https:\/\/cephas.org.br\/index.php\/2025\/02\/04\/fundhas-entrega-unidade-modernizada-na-regiao-norte\/#breadcrumb\"},\"inLanguage\":\"pt-BR\",\"potentialAction\":[{\"@type\":\"ReadAction\",\"target\":[\"https:\/\/cephas.org.br\/index.php\/2025\/02\/04\/fundhas-entrega-unidade-modernizada-na-regiao-norte\/\"]}]},{\"@type\":\"ImageObject\",\"inLanguage\":\"pt-BR\",\"@id\":\"https:\/\/cephas.org.br\/index.php\/2025\/02\/04\/fundhas-entrega-unidade-modernizada-na-regiao-norte\/#primaryimage\",\"url\":\"https:\/\/cephas.org.br\/wp-content\/uploads\/2025\/02\/img_4126_claudio_vieira.jpg\",\"contentUrl\":\"https:\/\/cephas.org.br\/wp-content\/uploads\/2025\/02\/img_4126_claudio_vieira.jpg\",\"width\":940,\"height\":627},{\"@type\":\"BreadcrumbList\",\"@id\":\"https:\/\/cephas.org.br\/index.php\/2025\/02\/04\/fundhas-entrega-unidade-modernizada-na-regiao-norte\/#breadcrumb\",\"itemListElement\":[{\"@type\":\"ListItem\",\"position\":1,\"name\":\"In\u00edcio\",\"item\":\"https:\/\/cephas.org.br\/\"},{\"@type\":\"ListItem\",\"position\":2,\"name\":\"Fundhas entrega unidade modernizada na regi\u00e3o norte\"}]},{\"@type\":\"WebSite\",\"@id\":\"https:\/\/cephas.org.br\/#website\",\"url\":\"https:\/\/cephas.org.br\/\",\"name\":\"CEPHAS\",\"description\":\"\",\"publisher\":{\"@id\":\"https:\/\/cephas.org.br\/#organization\"},\"potentialAction\":[{\"@type\":\"SearchAction\",\"target\":{\"@type\":\"EntryPoint\",\"urlTemplate\":\"https:\/\/cephas.org.br\/?s={search_term_string}\"},\"query-input\":{\"@type\":\"PropertyValueSpecification\",\"valueRequired\":true,\"valueName\":\"search_term_string\"}}],\"inLanguage\":\"pt-BR\"},{\"@type\":\"Organization\",\"@id\":\"https:\/\/cephas.org.br\/#organization\",\"name\":\"CEPHAS\",\"url\":\"https:\/\/cephas.org.br\/\",\"logo\":{\"@type\":\"ImageObject\",\"inLanguage\":\"pt-BR\",\"@id\":\"https:\/\/cephas.org.br\/#\/schema\/logo\/image\/\",\"url\":\"https:\/\/cephas.org.br\/wp-content\/uploads\/2023\/10\/cropped-Assinaturas_CephasFundhas_Pref_Novo-10_Cor-small.png\",\"contentUrl\":\"https:\/\/cephas.org.br\/wp-content\/uploads\/2023\/10\/cropped-Assinaturas_CephasFundhas_Pref_Novo-10_Cor-small.png\",\"width\":812,\"height\":90,\"caption\":\"CEPHAS\"},\"image\":{\"@id\":\"https:\/\/cephas.org.br\/#\/schema\/logo\/image\/\"}},{\"@type\":\"Person\",\"@id\":\"https:\/\/cephas.org.br\/#\/schema\/person\/bf88621f4720f50690438f24889063f3\",\"name\":\"Pamyla Costa\",\"image\":{\"@type\":\"ImageObject\",\"inLanguage\":\"pt-BR\",\"@id\":\"https:\/\/cephas.org.br\/#\/schema\/person\/image\/\",\"url\":\"https:\/\/secure.gravatar.com\/avatar\/e4b4ee6c3da610484c7833975764f79e4222aac4883182ac0e4af6538c2fadf7?s=96&d=mm&r=g\",\"contentUrl\":\"https:\/\/secure.gravatar.com\/avatar\/e4b4ee6c3da610484c7833975764f79e4222aac4883182ac0e4af6538c2fadf7?s=96&d=mm&r=g\",\"caption\":\"Pamyla Costa\"},\"url\":\"https:\/\/cephas.org.br\/index.php\/author\/pamyla-costa\/\"}]}<\/script>\n<!-- \/ Yoast SEO plugin. -->","yoast_head_json":{"title":"Fundhas entrega unidade modernizada na regi\u00e3o norte - CEPHAS","robots":{"index":"index","follow":"follow","max-snippet":"max-snippet:-1","max-image-preview":"max-image-preview:large","max-video-preview":"max-video-preview:-1"},"canonical":"https:\/\/cephas.org.br\/index.php\/2025\/02\/04\/fundhas-entrega-unidade-modernizada-na-regiao-norte\/","og_locale":"pt_BR","og_type":"article","og_title":"Fundhas entrega unidade modernizada na regi\u00e3o norte - CEPHAS","og_description":"Atualizado em 03\/02\/2025 \u2013 18:25 Dia de festa no Centro de Inova\u00e7\u00e3o Norte da Fundhas com entrega de ambientes reformados para melhor acolher alunos e profissionais \u2013 Foto: Claudio Vieira\/PMSJC Henrique MacedoFundhas Uma solenidade, com a presen\u00e7a de autoridades, atendidos, professores e funcion\u00e1rios, marcou a entrega da reforma e moderniza\u00e7\u00e3o do Centro de Inova\u00e7\u00e3o Norte [&hellip;]","og_url":"https:\/\/cephas.org.br\/index.php\/2025\/02\/04\/fundhas-entrega-unidade-modernizada-na-regiao-norte\/","og_site_name":"CEPHAS","article_published_time":"2025-02-04T13:13:46+00:00","article_modified_time":"2025-03-07T18:51:53+00:00","og_image":[{"width":940,"height":627,"url":"http:\/\/cephas.org.br\/wp-content\/uploads\/2025\/02\/img_4126_claudio_vieira.jpg","type":"image\/jpeg"}],"author":"Pamyla Costa","twitter_card":"summary_large_image","twitter_misc":{"Escrito por":"Pamyla Costa","Est. tempo de leitura":"3 minutos"},"schema":{"@context":"https:\/\/schema.org","@graph":[{"@type":"Article","@id":"https:\/\/cephas.org.br\/index.php\/2025\/02\/04\/fundhas-entrega-unidade-modernizada-na-regiao-norte\/#article","isPartOf":{"@id":"https:\/\/cephas.org.br\/index.php\/2025\/02\/04\/fundhas-entrega-unidade-modernizada-na-regiao-norte\/"},"author":{"name":"Pamyla Costa","@id":"https:\/\/cephas.org.br\/#\/schema\/person\/bf88621f4720f50690438f24889063f3"},"headline":"Fundhas entrega unidade modernizada na regi\u00e3o norte","datePublished":"2025-02-04T13:13:46+00:00","dateModified":"2025-03-07T18:51:53+00:00","mainEntityOfPage":{"@id":"https:\/\/cephas.org.br\/index.php\/2025\/02\/04\/fundhas-entrega-unidade-modernizada-na-regiao-norte\/"},"wordCount":314,"commentCount":0,"publisher":{"@id":"https:\/\/cephas.org.br\/#organization"},"image":{"@id":"https:\/\/cephas.org.br\/index.php\/2025\/02\/04\/fundhas-entrega-unidade-modernizada-na-regiao-norte\/#primaryimage"},"thumbnailUrl":"https:\/\/cephas.org.br\/wp-content\/uploads\/2025\/02\/img_4126_claudio_vieira.jpg","articleSection":["Not\u00edcias"],"inLanguage":"pt-BR","potentialAction":[{"@type":"CommentAction","name":"Comment","target":["https:\/\/cephas.org.br\/index.php\/2025\/02\/04\/fundhas-entrega-unidade-modernizada-na-regiao-norte\/#respond"]}]},{"@type":"WebPage","@id":"https:\/\/cephas.org.br\/index.php\/2025\/02\/04\/fundhas-entrega-unidade-modernizada-na-regiao-norte\/","url":"https:\/\/cephas.org.br\/index.php\/2025\/02\/04\/fundhas-entrega-unidade-modernizada-na-regiao-norte\/","name":"Fundhas entrega unidade modernizada na regi\u00e3o norte - CEPHAS","isPartOf":{"@id":"https:\/\/cephas.org.br\/#website"},"primaryImageOfPage":{"@id":"https:\/\/cephas.org.br\/index.php\/2025\/02\/04\/fundhas-entrega-unidade-modernizada-na-regiao-norte\/#primaryimage"},"image":{"@id":"https:\/\/cephas.org.br\/index.php\/2025\/02\/04\/fundhas-entrega-unidade-modernizada-na-regiao-norte\/#primaryimage"},"thumbnailUrl":"https:\/\/cephas.org.br\/wp-content\/uploads\/2025\/02\/img_4126_claudio_vieira.jpg","datePublished":"2025-02-04T13:13:46+00:00","dateModified":"2025-03-07T18:51:53+00:00","breadcrumb":{"@id":"https:\/\/cephas.org.br\/index.php\/2025\/02\/04\/fundhas-entrega-unidade-modernizada-na-regiao-norte\/#breadcrumb"},"inLanguage":"pt-BR","potentialAction":[{"@type":"ReadAction","target":["https:\/\/cephas.org.br\/index.php\/2025\/02\/04\/fundhas-entrega-unidade-modernizada-na-regiao-norte\/"]}]},{"@type":"ImageObject","inLanguage":"pt-BR","@id":"https:\/\/cephas.org.br\/index.php\/2025\/02\/04\/fundhas-entrega-unidade-modernizada-na-regiao-norte\/#primaryimage","url":"https:\/\/cephas.org.br\/wp-content\/uploads\/2025\/02\/img_4126_claudio_vieira.jpg","contentUrl":"https:\/\/cephas.org.br\/wp-content\/uploads\/2025\/02\/img_4126_claudio_vieira.jpg","width":940,"height":627},{"@type":"BreadcrumbList","@id":"https:\/\/cephas.org.br\/index.php\/2025\/02\/04\/fundhas-entrega-unidade-modernizada-na-regiao-norte\/#breadcrumb","itemListElement":[{"@type":"ListItem","position":1,"name":"In\u00edcio","item":"https:\/\/cephas.org.br\/"},{"@type":"ListItem","position":2,"name":"Fundhas entrega unidade modernizada na regi\u00e3o norte"}]},{"@type":"WebSite","@id":"https:\/\/cephas.org.br\/#website","url":"https:\/\/cephas.org.br\/","name":"CEPHAS","description":"","publisher":{"@id":"https:\/\/cephas.org.br\/#organization"},"potentialAction":[{"@type":"SearchAction","target":{"@type":"EntryPoint","urlTemplate":"https:\/\/cephas.org.br\/?s={search_term_string}"},"query-input":{"@type":"PropertyValueSpecification","valueRequired":true,"valueName":"search_term_string"}}],"inLanguage":"pt-BR"},{"@type":"Organization","@id":"https:\/\/cephas.org.br\/#organization","name":"CEPHAS","url":"https:\/\/cephas.org.br\/","logo":{"@type":"ImageObject","inLanguage":"pt-BR","@id":"https:\/\/cephas.org.br\/#\/schema\/logo\/image\/","url":"https:\/\/cephas.org.br\/wp-content\/uploads\/2023\/10\/cropped-Assinaturas_CephasFundhas_Pref_Novo-10_Cor-small.png","contentUrl":"https:\/\/cephas.org.br\/wp-content\/uploads\/2023\/10\/cropped-Assinaturas_CephasFundhas_Pref_Novo-10_Cor-small.png","width":812,"height":90,"caption":"CEPHAS"},"image":{"@id":"https:\/\/cephas.org.br\/#\/schema\/logo\/image\/"}},{"@type":"Person","@id":"https:\/\/cephas.org.br\/#\/schema\/person\/bf88621f4720f50690438f24889063f3","name":"Pamyla Costa","image":{"@type":"ImageObject","inLanguage":"pt-BR","@id":"https:\/\/cephas.org.br\/#\/schema\/person\/image\/","url":"https:\/\/secure.gravatar.com\/avatar\/e4b4ee6c3da610484c7833975764f79e4222aac4883182ac0e4af6538c2fadf7?s=96&d=mm&r=g","contentUrl":"https:\/\/secure.gravatar.com\/avatar\/e4b4ee6c3da610484c7833975764f79e4222aac4883182ac0e4af6538c2fadf7?s=96&d=mm&r=g","caption":"Pamyla Costa"},"url":"https:\/\/cephas.org.br\/index.php\/author\/pamyla-costa\/"}]}},"_links":{"self":[{"href":"https:\/\/cephas.org.br\/index.php\/wp-json\/wp\/v2\/posts\/4957","targetHints":{"allow":["GET"]}}],"collection":[{"href":"https:\/\/cephas.org.br\/index.php\/wp-json\/wp\/v2\/posts"}],"about":[{"href":"https:\/\/cephas.org.br\/index.php\/wp-json\/wp\/v2\/types\/post"}],"author":[{"embeddable":true,"href":"https:\/\/cephas.org.br\/index.php\/wp-json\/wp\/v2\/users\/25"}],"replies":[{"embeddable":true,"href":"https:\/\/cephas.org.br\/index.php\/wp-json\/wp\/v2\/comments?post=4957"}],"version-history":[{"count":1,"href":"https:\/\/cephas.org.br\/index.php\/wp-json\/wp\/v2\/posts\/4957\/revisions"}],"predecessor-version":[{"id":4958,"href":"https:\/\/cephas.org.br\/index.php\/wp-json\/wp\/v2\/posts\/4957\/revisions\/4958"}],"wp:featuredmedia":[{"embeddable":true,"href":"https:\/\/cephas.org.br\/index.php\/wp-json\/wp\/v2\/media\/4955"}],"wp:attachment":[{"href":"https:\/\/cephas.org.br\/index.php\/wp-json\/wp\/v2\/media?parent=4957"}],"wp:term":[{"taxonomy":"category","embeddable":true,"href":"https:\/\/cephas.org.br\/index.php\/wp-json\/wp\/v2\/categories?post=4957"},{"taxonomy":"post_tag","embeddable":true,"href":"https:\/\/cephas.org.br\/index.php\/wp-json\/wp\/v2\/tags?post=4957"}],"curies":[{"name":"wp","href":"https:\/\/api.w.org\/{rel}","templated":true}]}}