{"id":4935,"date":"2025-01-21T10:16:54","date_gmt":"2025-01-21T13:16:54","guid":{"rendered":"https:\/\/cephas.org.br\/?p=4935"},"modified":"2025-01-21T10:16:54","modified_gmt":"2025-01-21T13:16:54","slug":"fundhas-abre-vagas-para-processo-seletivo-de-estagiarios","status":"publish","type":"post","link":"https:\/\/cephas.org.br\/index.php\/2025\/01\/21\/fundhas-abre-vagas-para-processo-seletivo-de-estagiarios\/","title":{"rendered":"Fundhas abre vagas para processo seletivo de estagi\u00e1rios"},"content":{"rendered":"\n<p>21\/01\/2025 10:00<\/p>\n\n\n\n<p><img decoding=\"async\" src=\"https:\/\/www.sjc.sp.gov.br\/media\/296601\/jovem-aprendiz-1.jpeg?anchor=center&amp;mode=crop&amp;width=940&amp;height=627&amp;rnd=133777847470000000\" alt=\"Estudantes, de 16 a 22 anos, ter\u00e3o direito a registro em carteira de trabalho e direitos trabalhistas garantidos.\"><\/p>\n\n\n\n<p>H\u00e1 oito vagas abertas para ensino superior e quatro para ensino m\u00e9dio\/t\u00e9cnico &#8211; Foto: PMSJC<\/p>\n\n\n\n<p><strong>Henrique Macedo<\/strong><br><strong>Fundhas<\/strong><\/p>\n\n\n\n<p>A Fundhas (Funda\u00e7\u00e3o H\u00e9lio Augusto de Souza) abre nesta ter\u00e7a-feira (21) as inscri\u00e7\u00f5es para o processo seletivo de estagi\u00e1rios para in\u00edcio em 2025 e forma\u00e7\u00e3o de cadastro de reserva. H\u00e1 oito vagas abertas para ensino superior e quatro para ensino m\u00e9dio\/t\u00e9cnico.<\/p>\n\n\n\n<p>Entre as vagas de curso superior, as oportunidades s\u00e3o para direito (1), administra\u00e7\u00e3o (2), educa\u00e7\u00e3o f\u00edsica (3), pedagogia (1) e comunica\u00e7\u00e3o social (1). H\u00e1 tamb\u00e9m a possibilidade de cadastro no banco de dados para os cursos de engenharia civil, inform\u00e1tica e gest\u00e3o em recursos humanos.<\/p>\n\n\n\n<p>Para n\u00edvel t\u00e9cnico, h\u00e1 vagas para t\u00e9cnico em qu\u00edmica (2) e t\u00e9cnico em mec\u00e2nica (2), al\u00e9m de cadastro para edifica\u00e7\u00f5es, inform\u00e1tica, administra\u00e7\u00e3o e eletr\u00f4nica. Tamb\u00e9m h\u00e1 cadastro de reserva para ensino m\u00e9dio (a partir do 1\u00ba ano).<\/p>\n\n\n\n<p>As vagas ser\u00e3o preenchidas conforme necessidade e demanda da institui\u00e7\u00e3o. Os interessados devem se inscrever por meio de formul\u00e1rio online no site&nbsp;<strong><a href=\"https:\/\/maisestagios.com.br\/\">Mais Est\u00e1gios.<\/a><\/strong><\/p>\n\n\n\n<p>Os candidatos devem fazer o cadastro, preenchendo as informa\u00e7\u00f5es do hist\u00f3rico escolar e dos documentos pessoais. Em seguida, precisam responder um question\u00e1rio. Ap\u00f3s o per\u00edodo de inscri\u00e7\u00f5es, a classifica\u00e7\u00e3o ficar\u00e1 dispon\u00edvel para consulta online.<\/p>\n\n\n\n<p><strong>Requisitos<\/strong><\/p>\n\n\n\n<p>Entre os requisitos exigidos, \u00e9 necess\u00e1rio ser brasileiro, morador de S\u00e3o Jos\u00e9 dos Campos, ter idade m\u00ednima de 16 anos, estar regularmente matriculado no ano letivo, n\u00e3o ter realizado est\u00e1gio por per\u00edodo igual ou superior a dois anos na Fundhas, al\u00e9m de estar cadastrado no site Mais Est\u00e1gios.<\/p>\n\n\n\n<p>O candidato tamb\u00e9m n\u00e3o pode estar prestando est\u00e1gio em entidades da administra\u00e7\u00e3o p\u00fablica, direta ou indireta, de qualquer dos poderes da Uni\u00e3o, dos estados, munic\u00edpios nem na iniciativa privada.<\/p>\n\n\n\n<p>Das oportunidades para cadastros, 10% ser\u00e3o destinadas a pessoas com defici\u00eancia. Al\u00e9m da bolsa-aux\u00edlio, a Fundhas oferece vale-transporte e vale-alimenta\u00e7\u00e3o.<\/p>\n\n\n\n<p><strong>Fundhas<\/strong><\/p>\n\n\n\n<p>Mantida pela Prefeitura ao longo dos 37 anos de exist\u00eancia, a Fundhas contribuiu com a forma\u00e7\u00e3o de mais de 30 mil crian\u00e7as e jovens, que viram a possibilidade de realizar sonhos e de obter crescimento profissional.<\/p>\n\n\n\n<p>Com atua\u00e7\u00e3o no contraturno da escola, a funda\u00e7\u00e3o oferece projetos voltados a diversas \u00e1reas \u2013 m\u00fasica, dan\u00e7a, teatro, artes, tecnologia, meio ambiente e sustentabilidade \u2013 e mant\u00e9m cuidado especial no refor\u00e7o escolar. Todos os atendidos recebem gratuitamente alimenta\u00e7\u00e3o, uniforme e transporte.<\/p>\n\n\n\n<p><strong>MAIS NOT\u00cdCIAS<\/strong><br><a href=\"https:\/\/www.sjc.sp.gov.br\/noticias\/?tema=15\">Fundhas<\/a><a href=\"javascript:void(0);\" target=\"_blank\" rel=\"noreferrer noopener\"><\/a><\/p>\n","protected":false},"excerpt":{"rendered":"<p>21\/01\/2025 10:00 H\u00e1 oito vagas abertas para ensino superior e quatro para ensino m\u00e9dio\/t\u00e9cnico &#8211; Foto: PMSJC Henrique MacedoFundhas A Fundhas (Funda\u00e7\u00e3o H\u00e9lio Augusto de Souza) abre nesta ter\u00e7a-feira (21) as inscri\u00e7\u00f5es para o processo seletivo de estagi\u00e1rios para in\u00edcio em 2025 e forma\u00e7\u00e3o de cadastro de reserva. H\u00e1 oito vagas abertas para ensino superior [&hellip;]<\/p>\n","protected":false},"author":25,"featured_media":4936,"comment_status":"open","ping_status":"closed","sticky":false,"template":"","format":"standard","meta":{"_acf_changed":false,"_monsterinsights_skip_tracking":false,"_monsterinsights_sitenote_active":false,"_monsterinsights_sitenote_note":"","_monsterinsights_sitenote_category":0,"footnotes":""},"categories":[2],"tags":[13,21,17,18,15,16,25,5],"class_list":{"0":"post-4935","1":"post","2":"type-post","3":"status-publish","4":"format-standard","5":"has-post-thumbnail","7":"category-noticias","8":"tag-alunosfundhas","9":"tag-aprendizsjc","10":"tag-cursostecnicos","11":"tag-empregabilidade","12":"tag-empregos","13":"tag-gratuito","14":"tag-prefeiturasjc","15":"tag-fundhas","16":"czr-hentry"},"acf":[],"yoast_head":"<!-- This site is optimized with the Yoast SEO plugin v26.6 - https:\/\/yoast.com\/wordpress\/plugins\/seo\/ -->\n<title>Fundhas abre vagas para processo seletivo de estagi\u00e1rios - CEPHAS<\/title>\n<meta name=\"robots\" content=\"index, follow, max-snippet:-1, max-image-preview:large, max-video-preview:-1\" \/>\n<link rel=\"canonical\" href=\"https:\/\/cephas.org.br\/index.php\/2025\/01\/21\/fundhas-abre-vagas-para-processo-seletivo-de-estagiarios\/\" \/>\n<meta property=\"og:locale\" content=\"pt_BR\" \/>\n<meta property=\"og:type\" content=\"article\" \/>\n<meta property=\"og:title\" content=\"Fundhas abre vagas para processo seletivo de estagi\u00e1rios - CEPHAS\" \/>\n<meta property=\"og:description\" content=\"21\/01\/2025 10:00 H\u00e1 oito vagas abertas para ensino superior e quatro para ensino m\u00e9dio\/t\u00e9cnico &#8211; Foto: PMSJC Henrique MacedoFundhas A Fundhas (Funda\u00e7\u00e3o H\u00e9lio Augusto de Souza) abre nesta ter\u00e7a-feira (21) as inscri\u00e7\u00f5es para o processo seletivo de estagi\u00e1rios para in\u00edcio em 2025 e forma\u00e7\u00e3o de cadastro de reserva. H\u00e1 oito vagas abertas para ensino superior [&hellip;]\" \/>\n<meta property=\"og:url\" content=\"https:\/\/cephas.org.br\/index.php\/2025\/01\/21\/fundhas-abre-vagas-para-processo-seletivo-de-estagiarios\/\" \/>\n<meta property=\"og:site_name\" content=\"CEPHAS\" \/>\n<meta property=\"article:published_time\" content=\"2025-01-21T13:16:54+00:00\" \/>\n<meta property=\"og:image\" content=\"http:\/\/cephas.org.br\/wp-content\/uploads\/2025\/01\/jovem-aprendiz-1.jpeg\" \/>\n\t<meta property=\"og:image:width\" content=\"940\" \/>\n\t<meta property=\"og:image:height\" content=\"627\" \/>\n\t<meta property=\"og:image:type\" content=\"image\/jpeg\" \/>\n<meta name=\"author\" content=\"Pamyla Costa\" \/>\n<meta name=\"twitter:card\" content=\"summary_large_image\" \/>\n<meta name=\"twitter:label1\" content=\"Escrito por\" \/>\n\t<meta name=\"twitter:data1\" content=\"Pamyla Costa\" \/>\n\t<meta name=\"twitter:label2\" content=\"Est. tempo de leitura\" \/>\n\t<meta name=\"twitter:data2\" content=\"3 minutos\" \/>\n<script type=\"application\/ld+json\" class=\"yoast-schema-graph\">{\"@context\":\"https:\/\/schema.org\",\"@graph\":[{\"@type\":\"Article\",\"@id\":\"https:\/\/cephas.org.br\/index.php\/2025\/01\/21\/fundhas-abre-vagas-para-processo-seletivo-de-estagiarios\/#article\",\"isPartOf\":{\"@id\":\"https:\/\/cephas.org.br\/index.php\/2025\/01\/21\/fundhas-abre-vagas-para-processo-seletivo-de-estagiarios\/\"},\"author\":{\"name\":\"Pamyla Costa\",\"@id\":\"https:\/\/cephas.org.br\/#\/schema\/person\/bf88621f4720f50690438f24889063f3\"},\"headline\":\"Fundhas abre vagas para processo seletivo de estagi\u00e1rios\",\"datePublished\":\"2025-01-21T13:16:54+00:00\",\"mainEntityOfPage\":{\"@id\":\"https:\/\/cephas.org.br\/index.php\/2025\/01\/21\/fundhas-abre-vagas-para-processo-seletivo-de-estagiarios\/\"},\"wordCount\":448,\"commentCount\":0,\"publisher\":{\"@id\":\"https:\/\/cephas.org.br\/#organization\"},\"image\":{\"@id\":\"https:\/\/cephas.org.br\/index.php\/2025\/01\/21\/fundhas-abre-vagas-para-processo-seletivo-de-estagiarios\/#primaryimage\"},\"thumbnailUrl\":\"https:\/\/cephas.org.br\/wp-content\/uploads\/2025\/01\/jovem-aprendiz-1.jpeg\",\"keywords\":[\"#alunosfundhas\",\"#aprendizsjc\",\"#cursostecnicos\",\"#empregabilidade\",\"#empregos\",\"#gratuito\",\"#prefeiturasjc\",\"Fundhas\"],\"articleSection\":[\"Not\u00edcias\"],\"inLanguage\":\"pt-BR\",\"potentialAction\":[{\"@type\":\"CommentAction\",\"name\":\"Comment\",\"target\":[\"https:\/\/cephas.org.br\/index.php\/2025\/01\/21\/fundhas-abre-vagas-para-processo-seletivo-de-estagiarios\/#respond\"]}]},{\"@type\":\"WebPage\",\"@id\":\"https:\/\/cephas.org.br\/index.php\/2025\/01\/21\/fundhas-abre-vagas-para-processo-seletivo-de-estagiarios\/\",\"url\":\"https:\/\/cephas.org.br\/index.php\/2025\/01\/21\/fundhas-abre-vagas-para-processo-seletivo-de-estagiarios\/\",\"name\":\"Fundhas abre vagas para processo seletivo de estagi\u00e1rios - CEPHAS\",\"isPartOf\":{\"@id\":\"https:\/\/cephas.org.br\/#website\"},\"primaryImageOfPage\":{\"@id\":\"https:\/\/cephas.org.br\/index.php\/2025\/01\/21\/fundhas-abre-vagas-para-processo-seletivo-de-estagiarios\/#primaryimage\"},\"image\":{\"@id\":\"https:\/\/cephas.org.br\/index.php\/2025\/01\/21\/fundhas-abre-vagas-para-processo-seletivo-de-estagiarios\/#primaryimage\"},\"thumbnailUrl\":\"https:\/\/cephas.org.br\/wp-content\/uploads\/2025\/01\/jovem-aprendiz-1.jpeg\",\"datePublished\":\"2025-01-21T13:16:54+00:00\",\"breadcrumb\":{\"@id\":\"https:\/\/cephas.org.br\/index.php\/2025\/01\/21\/fundhas-abre-vagas-para-processo-seletivo-de-estagiarios\/#breadcrumb\"},\"inLanguage\":\"pt-BR\",\"potentialAction\":[{\"@type\":\"ReadAction\",\"target\":[\"https:\/\/cephas.org.br\/index.php\/2025\/01\/21\/fundhas-abre-vagas-para-processo-seletivo-de-estagiarios\/\"]}]},{\"@type\":\"ImageObject\",\"inLanguage\":\"pt-BR\",\"@id\":\"https:\/\/cephas.org.br\/index.php\/2025\/01\/21\/fundhas-abre-vagas-para-processo-seletivo-de-estagiarios\/#primaryimage\",\"url\":\"https:\/\/cephas.org.br\/wp-content\/uploads\/2025\/01\/jovem-aprendiz-1.jpeg\",\"contentUrl\":\"https:\/\/cephas.org.br\/wp-content\/uploads\/2025\/01\/jovem-aprendiz-1.jpeg\",\"width\":940,\"height\":627},{\"@type\":\"BreadcrumbList\",\"@id\":\"https:\/\/cephas.org.br\/index.php\/2025\/01\/21\/fundhas-abre-vagas-para-processo-seletivo-de-estagiarios\/#breadcrumb\",\"itemListElement\":[{\"@type\":\"ListItem\",\"position\":1,\"name\":\"In\u00edcio\",\"item\":\"https:\/\/cephas.org.br\/\"},{\"@type\":\"ListItem\",\"position\":2,\"name\":\"Fundhas abre vagas para processo seletivo de estagi\u00e1rios\"}]},{\"@type\":\"WebSite\",\"@id\":\"https:\/\/cephas.org.br\/#website\",\"url\":\"https:\/\/cephas.org.br\/\",\"name\":\"CEPHAS\",\"description\":\"\",\"publisher\":{\"@id\":\"https:\/\/cephas.org.br\/#organization\"},\"potentialAction\":[{\"@type\":\"SearchAction\",\"target\":{\"@type\":\"EntryPoint\",\"urlTemplate\":\"https:\/\/cephas.org.br\/?s={search_term_string}\"},\"query-input\":{\"@type\":\"PropertyValueSpecification\",\"valueRequired\":true,\"valueName\":\"search_term_string\"}}],\"inLanguage\":\"pt-BR\"},{\"@type\":\"Organization\",\"@id\":\"https:\/\/cephas.org.br\/#organization\",\"name\":\"CEPHAS\",\"url\":\"https:\/\/cephas.org.br\/\",\"logo\":{\"@type\":\"ImageObject\",\"inLanguage\":\"pt-BR\",\"@id\":\"https:\/\/cephas.org.br\/#\/schema\/logo\/image\/\",\"url\":\"https:\/\/cephas.org.br\/wp-content\/uploads\/2023\/10\/cropped-Assinaturas_CephasFundhas_Pref_Novo-10_Cor-small.png\",\"contentUrl\":\"https:\/\/cephas.org.br\/wp-content\/uploads\/2023\/10\/cropped-Assinaturas_CephasFundhas_Pref_Novo-10_Cor-small.png\",\"width\":812,\"height\":90,\"caption\":\"CEPHAS\"},\"image\":{\"@id\":\"https:\/\/cephas.org.br\/#\/schema\/logo\/image\/\"}},{\"@type\":\"Person\",\"@id\":\"https:\/\/cephas.org.br\/#\/schema\/person\/bf88621f4720f50690438f24889063f3\",\"name\":\"Pamyla Costa\",\"image\":{\"@type\":\"ImageObject\",\"inLanguage\":\"pt-BR\",\"@id\":\"https:\/\/cephas.org.br\/#\/schema\/person\/image\/\",\"url\":\"https:\/\/secure.gravatar.com\/avatar\/e4b4ee6c3da610484c7833975764f79e4222aac4883182ac0e4af6538c2fadf7?s=96&d=mm&r=g\",\"contentUrl\":\"https:\/\/secure.gravatar.com\/avatar\/e4b4ee6c3da610484c7833975764f79e4222aac4883182ac0e4af6538c2fadf7?s=96&d=mm&r=g\",\"caption\":\"Pamyla Costa\"},\"url\":\"https:\/\/cephas.org.br\/index.php\/author\/pamyla-costa\/\"}]}<\/script>\n<!-- \/ Yoast SEO plugin. -->","yoast_head_json":{"title":"Fundhas abre vagas para processo seletivo de estagi\u00e1rios - CEPHAS","robots":{"index":"index","follow":"follow","max-snippet":"max-snippet:-1","max-image-preview":"max-image-preview:large","max-video-preview":"max-video-preview:-1"},"canonical":"https:\/\/cephas.org.br\/index.php\/2025\/01\/21\/fundhas-abre-vagas-para-processo-seletivo-de-estagiarios\/","og_locale":"pt_BR","og_type":"article","og_title":"Fundhas abre vagas para processo seletivo de estagi\u00e1rios - CEPHAS","og_description":"21\/01\/2025 10:00 H\u00e1 oito vagas abertas para ensino superior e quatro para ensino m\u00e9dio\/t\u00e9cnico &#8211; Foto: PMSJC Henrique MacedoFundhas A Fundhas (Funda\u00e7\u00e3o H\u00e9lio Augusto de Souza) abre nesta ter\u00e7a-feira (21) as inscri\u00e7\u00f5es para o processo seletivo de estagi\u00e1rios para in\u00edcio em 2025 e forma\u00e7\u00e3o de cadastro de reserva. H\u00e1 oito vagas abertas para ensino superior [&hellip;]","og_url":"https:\/\/cephas.org.br\/index.php\/2025\/01\/21\/fundhas-abre-vagas-para-processo-seletivo-de-estagiarios\/","og_site_name":"CEPHAS","article_published_time":"2025-01-21T13:16:54+00:00","og_image":[{"width":940,"height":627,"url":"http:\/\/cephas.org.br\/wp-content\/uploads\/2025\/01\/jovem-aprendiz-1.jpeg","type":"image\/jpeg"}],"author":"Pamyla Costa","twitter_card":"summary_large_image","twitter_misc":{"Escrito por":"Pamyla Costa","Est. tempo de leitura":"3 minutos"},"schema":{"@context":"https:\/\/schema.org","@graph":[{"@type":"Article","@id":"https:\/\/cephas.org.br\/index.php\/2025\/01\/21\/fundhas-abre-vagas-para-processo-seletivo-de-estagiarios\/#article","isPartOf":{"@id":"https:\/\/cephas.org.br\/index.php\/2025\/01\/21\/fundhas-abre-vagas-para-processo-seletivo-de-estagiarios\/"},"author":{"name":"Pamyla Costa","@id":"https:\/\/cephas.org.br\/#\/schema\/person\/bf88621f4720f50690438f24889063f3"},"headline":"Fundhas abre vagas para processo seletivo de estagi\u00e1rios","datePublished":"2025-01-21T13:16:54+00:00","mainEntityOfPage":{"@id":"https:\/\/cephas.org.br\/index.php\/2025\/01\/21\/fundhas-abre-vagas-para-processo-seletivo-de-estagiarios\/"},"wordCount":448,"commentCount":0,"publisher":{"@id":"https:\/\/cephas.org.br\/#organization"},"image":{"@id":"https:\/\/cephas.org.br\/index.php\/2025\/01\/21\/fundhas-abre-vagas-para-processo-seletivo-de-estagiarios\/#primaryimage"},"thumbnailUrl":"https:\/\/cephas.org.br\/wp-content\/uploads\/2025\/01\/jovem-aprendiz-1.jpeg","keywords":["#alunosfundhas","#aprendizsjc","#cursostecnicos","#empregabilidade","#empregos","#gratuito","#prefeiturasjc","Fundhas"],"articleSection":["Not\u00edcias"],"inLanguage":"pt-BR","potentialAction":[{"@type":"CommentAction","name":"Comment","target":["https:\/\/cephas.org.br\/index.php\/2025\/01\/21\/fundhas-abre-vagas-para-processo-seletivo-de-estagiarios\/#respond"]}]},{"@type":"WebPage","@id":"https:\/\/cephas.org.br\/index.php\/2025\/01\/21\/fundhas-abre-vagas-para-processo-seletivo-de-estagiarios\/","url":"https:\/\/cephas.org.br\/index.php\/2025\/01\/21\/fundhas-abre-vagas-para-processo-seletivo-de-estagiarios\/","name":"Fundhas abre vagas para processo seletivo de estagi\u00e1rios - CEPHAS","isPartOf":{"@id":"https:\/\/cephas.org.br\/#website"},"primaryImageOfPage":{"@id":"https:\/\/cephas.org.br\/index.php\/2025\/01\/21\/fundhas-abre-vagas-para-processo-seletivo-de-estagiarios\/#primaryimage"},"image":{"@id":"https:\/\/cephas.org.br\/index.php\/2025\/01\/21\/fundhas-abre-vagas-para-processo-seletivo-de-estagiarios\/#primaryimage"},"thumbnailUrl":"https:\/\/cephas.org.br\/wp-content\/uploads\/2025\/01\/jovem-aprendiz-1.jpeg","datePublished":"2025-01-21T13:16:54+00:00","breadcrumb":{"@id":"https:\/\/cephas.org.br\/index.php\/2025\/01\/21\/fundhas-abre-vagas-para-processo-seletivo-de-estagiarios\/#breadcrumb"},"inLanguage":"pt-BR","potentialAction":[{"@type":"ReadAction","target":["https:\/\/cephas.org.br\/index.php\/2025\/01\/21\/fundhas-abre-vagas-para-processo-seletivo-de-estagiarios\/"]}]},{"@type":"ImageObject","inLanguage":"pt-BR","@id":"https:\/\/cephas.org.br\/index.php\/2025\/01\/21\/fundhas-abre-vagas-para-processo-seletivo-de-estagiarios\/#primaryimage","url":"https:\/\/cephas.org.br\/wp-content\/uploads\/2025\/01\/jovem-aprendiz-1.jpeg","contentUrl":"https:\/\/cephas.org.br\/wp-content\/uploads\/2025\/01\/jovem-aprendiz-1.jpeg","width":940,"height":627},{"@type":"BreadcrumbList","@id":"https:\/\/cephas.org.br\/index.php\/2025\/01\/21\/fundhas-abre-vagas-para-processo-seletivo-de-estagiarios\/#breadcrumb","itemListElement":[{"@type":"ListItem","position":1,"name":"In\u00edcio","item":"https:\/\/cephas.org.br\/"},{"@type":"ListItem","position":2,"name":"Fundhas abre vagas para processo seletivo de estagi\u00e1rios"}]},{"@type":"WebSite","@id":"https:\/\/cephas.org.br\/#website","url":"https:\/\/cephas.org.br\/","name":"CEPHAS","description":"","publisher":{"@id":"https:\/\/cephas.org.br\/#organization"},"potentialAction":[{"@type":"SearchAction","target":{"@type":"EntryPoint","urlTemplate":"https:\/\/cephas.org.br\/?s={search_term_string}"},"query-input":{"@type":"PropertyValueSpecification","valueRequired":true,"valueName":"search_term_string"}}],"inLanguage":"pt-BR"},{"@type":"Organization","@id":"https:\/\/cephas.org.br\/#organization","name":"CEPHAS","url":"https:\/\/cephas.org.br\/","logo":{"@type":"ImageObject","inLanguage":"pt-BR","@id":"https:\/\/cephas.org.br\/#\/schema\/logo\/image\/","url":"https:\/\/cephas.org.br\/wp-content\/uploads\/2023\/10\/cropped-Assinaturas_CephasFundhas_Pref_Novo-10_Cor-small.png","contentUrl":"https:\/\/cephas.org.br\/wp-content\/uploads\/2023\/10\/cropped-Assinaturas_CephasFundhas_Pref_Novo-10_Cor-small.png","width":812,"height":90,"caption":"CEPHAS"},"image":{"@id":"https:\/\/cephas.org.br\/#\/schema\/logo\/image\/"}},{"@type":"Person","@id":"https:\/\/cephas.org.br\/#\/schema\/person\/bf88621f4720f50690438f24889063f3","name":"Pamyla Costa","image":{"@type":"ImageObject","inLanguage":"pt-BR","@id":"https:\/\/cephas.org.br\/#\/schema\/person\/image\/","url":"https:\/\/secure.gravatar.com\/avatar\/e4b4ee6c3da610484c7833975764f79e4222aac4883182ac0e4af6538c2fadf7?s=96&d=mm&r=g","contentUrl":"https:\/\/secure.gravatar.com\/avatar\/e4b4ee6c3da610484c7833975764f79e4222aac4883182ac0e4af6538c2fadf7?s=96&d=mm&r=g","caption":"Pamyla Costa"},"url":"https:\/\/cephas.org.br\/index.php\/author\/pamyla-costa\/"}]}},"_links":{"self":[{"href":"https:\/\/cephas.org.br\/index.php\/wp-json\/wp\/v2\/posts\/4935","targetHints":{"allow":["GET"]}}],"collection":[{"href":"https:\/\/cephas.org.br\/index.php\/wp-json\/wp\/v2\/posts"}],"about":[{"href":"https:\/\/cephas.org.br\/index.php\/wp-json\/wp\/v2\/types\/post"}],"author":[{"embeddable":true,"href":"https:\/\/cephas.org.br\/index.php\/wp-json\/wp\/v2\/users\/25"}],"replies":[{"embeddable":true,"href":"https:\/\/cephas.org.br\/index.php\/wp-json\/wp\/v2\/comments?post=4935"}],"version-history":[{"count":1,"href":"https:\/\/cephas.org.br\/index.php\/wp-json\/wp\/v2\/posts\/4935\/revisions"}],"predecessor-version":[{"id":4937,"href":"https:\/\/cephas.org.br\/index.php\/wp-json\/wp\/v2\/posts\/4935\/revisions\/4937"}],"wp:featuredmedia":[{"embeddable":true,"href":"https:\/\/cephas.org.br\/index.php\/wp-json\/wp\/v2\/media\/4936"}],"wp:attachment":[{"href":"https:\/\/cephas.org.br\/index.php\/wp-json\/wp\/v2\/media?parent=4935"}],"wp:term":[{"taxonomy":"category","embeddable":true,"href":"https:\/\/cephas.org.br\/index.php\/wp-json\/wp\/v2\/categories?post=4935"},{"taxonomy":"post_tag","embeddable":true,"href":"https:\/\/cephas.org.br\/index.php\/wp-json\/wp\/v2\/tags?post=4935"}],"curies":[{"name":"wp","href":"https:\/\/api.w.org\/{rel}","templated":true}]}}