{"id":4866,"date":"2024-12-05T16:24:46","date_gmt":"2024-12-05T19:24:46","guid":{"rendered":"https:\/\/cephas.org.br\/?p=4866"},"modified":"2024-12-16T15:02:02","modified_gmt":"2024-12-16T18:02:02","slug":"mostra-tecnologica-expoe-trabalhos-de-alunos-do-cephas","status":"publish","type":"post","link":"https:\/\/cephas.org.br\/index.php\/2024\/12\/05\/mostra-tecnologica-expoe-trabalhos-de-alunos-do-cephas\/","title":{"rendered":"Mostra Tecnol\u00f3gica exp\u00f5e trabalhos de alunos do Cephas"},"content":{"rendered":"\n<p>Atualizado em 05\/12\/2024 &#8211; 16:11<\/p>\n\n\n\n<p><img decoding=\"async\" src=\"https:\/\/www.sjc.sp.gov.br\/media\/296749\/mostra-cephas-7.jpeg?anchor=center&amp;mode=crop&amp;width=940&amp;height=627&amp;rnd=133778886520000000\" alt=\"Evento re\u00fane trabalhos de conclus\u00e3o dos cursos t\u00e9cnicos\"><\/p>\n\n\n\n<p>Os projetos de conclus\u00e3o dos cursos t\u00e9cnicos foram apresentados; profissionais convidados destacam qualidade da Mostra &#8211; Foto: PMSJC<\/p>\n\n\n\n<p><strong>Henrique Macedo<\/strong><br><strong>Fundhas<\/strong><\/p>\n\n\n\n<p>A abertura da 8\u00aa edi\u00e7\u00e3o da Mostra Tecnol\u00f3gica do Cephas (Col\u00e9gio de Educa\u00e7\u00e3o Profissional H\u00e9lio Augusto de Souza) reuniu trabalhos de conclus\u00e3o dos alunos dos cursos t\u00e9cnicos nesta quinta-feira (5), na sede da institui\u00e7\u00e3o.<\/p>\n\n\n\n<p><img decoding=\"async\" src=\"https:\/\/www.sjc.sp.gov.br\/media\/296788\/mostra-cephas-46.jpeg?width=500&amp;height=375\" alt=\"\"><br>Para a diretora do Cephas, Ruth Zorneta, o evento \u00e9 um momento importante para os alunos demonstrarem o resultado de todo o aprendizado. \u201cEles mostram a excel\u00eancia do trabalho de qualifica\u00e7\u00e3o profissional que desenvolvem dentro do semestre\u201d, destacou.&nbsp;<\/p>\n\n\n\n<p><strong>Inova\u00e7\u00e3o<\/strong><\/p>\n\n\n\n<p>Os alunos Marcos Oliveira, Nataly Pires e Sabrina Silva, do curso T\u00e9cnico em Mec\u00e2nica, desenvolveram um equipamento voltado para pequenos agricultores que serve para arar e semear ao mesmo tempo. Constru\u00eddo com sobras de material reciclado, a m\u00e1quina \u00e9 comandada por um r\u00e1dio controle.<br>\u201cNossa proposta \u00e9 que o equipamento seja usado para reflorestamento e agricultura familiar\u201d, explica Sabrina.<\/p>\n\n\n\n<p><br><img decoding=\"async\" src=\"https:\/\/www.sjc.sp.gov.br\/media\/296743\/mostra-cephas-1.jpeg?width=500&amp;height=375\" alt=\"\"><br><sub><em>Sabrina, Nataly e a m\u00e1quina comandada por r\u00e1dio controle | Foto: PMSJC<\/em><\/sub><\/p>\n\n\n\n<p>Na sala de Enfermagem, diversos trabalhos chamaram a aten\u00e7\u00e3o dos visitantes. \u201cFizemos um circuito com os trabalhos dos alunos na assist\u00eancia \u00e0 sa\u00fade e finalizamos com a simula\u00e7\u00e3o de um parto ces\u00e1rea, com a participa\u00e7\u00e3o ativa deles\u201d, explicou Aline Daniel, professora do curso T\u00e9cnico em Enfermagem.<\/p>\n\n\n\n<p><img decoding=\"async\" src=\"https:\/\/www.sjc.sp.gov.br\/media\/296755\/mostra-cephas-13.jpeg?width=500&amp;height=375\" alt=\"\"><br><sub><em>Equipe que simulou o parto ces\u00e1rea | Foto: PMSJC<\/em><\/sub><\/p>\n\n\n\n<p>A empresa parceira Missim apresentou um simulador que permite experi\u00eancias did\u00e1ticas imersivas, com uso de \u00f3culos de realidade virtual. \u00c9 poss\u00edvel, por exemplo, ver e manipular pe\u00e7as de uma turbina de avi\u00e3o.<\/p>\n\n\n\n<p>Francisco Roxo, vice-presidente da Aconvap (Associa\u00e7\u00e3o das Construtoras do Vale do Para\u00edba) e ex-presidente da Fundhas, prestigiou o evento. \u201cSensacional, a gente v\u00ea tanto conhecimento, tanta inova\u00e7\u00e3o, coisas novas, est\u00e3o de parab\u00e9ns\u201d, disse Roxo.&nbsp;&nbsp;<\/p>\n\n\n\n<p>\u201cA gente percebe que os alunos t\u00eam um interesse diferenciado. Eles sabem que aqui \u00e9 uma grande alternativa para a forma\u00e7\u00e3o deles e para a conquista de um espa\u00e7o no mercado de trabalho\u201d, comentou Jos\u00e9 Ant\u00f4nio Marcondes Cesar, arquiteto e membro da Aconvap.&nbsp;<\/p>\n\n\n\n<p><img decoding=\"async\" src=\"https:\/\/www.sjc.sp.gov.br\/media\/296765\/mostra-cephas-23.jpeg?width=500&amp;height=375\" alt=\"\"><br><sub><em>Alunos participaram de simula\u00e7\u00e3o com \u00f3culos de realidade virtual | Foto: PMSJC<\/em><\/sub><a href=\"javascript:void(0);\" target=\"_blank\" rel=\"noreferrer noopener\"><\/a><\/p>\n\n\n\n<p><strong>MAIS NOT\u00cdCIAS<\/strong><br><a href=\"https:\/\/www.sjc.sp.gov.br\/noticias\/?tema=15\">Fundhas<\/a><\/p>\n","protected":false},"excerpt":{"rendered":"<p>Atualizado em 05\/12\/2024 &#8211; 16:11 Os projetos de conclus\u00e3o dos cursos t\u00e9cnicos foram apresentados; profissionais convidados destacam qualidade da Mostra &#8211; Foto: PMSJC Henrique MacedoFundhas A abertura da 8\u00aa edi\u00e7\u00e3o da Mostra Tecnol\u00f3gica do Cephas (Col\u00e9gio de Educa\u00e7\u00e3o Profissional H\u00e9lio Augusto de Souza) reuniu trabalhos de conclus\u00e3o dos alunos dos cursos t\u00e9cnicos nesta quinta-feira (5), [&hellip;]<\/p>\n","protected":false},"author":25,"featured_media":4883,"comment_status":"open","ping_status":"closed","sticky":false,"template":"","format":"standard","meta":{"_acf_changed":false,"_monsterinsights_skip_tracking":false,"_monsterinsights_sitenote_active":false,"_monsterinsights_sitenote_note":"","_monsterinsights_sitenote_category":0,"footnotes":""},"categories":[2],"tags":[13,21,17,18,15,16,25],"class_list":{"0":"post-4866","1":"post","2":"type-post","3":"status-publish","4":"format-standard","5":"has-post-thumbnail","7":"category-noticias","8":"tag-alunosfundhas","9":"tag-aprendizsjc","10":"tag-cursostecnicos","11":"tag-empregabilidade","12":"tag-empregos","13":"tag-gratuito","14":"tag-prefeiturasjc","15":"czr-hentry"},"acf":[],"yoast_head":"<!-- This site is optimized with the Yoast SEO plugin v26.6 - https:\/\/yoast.com\/wordpress\/plugins\/seo\/ -->\n<title>Mostra Tecnol\u00f3gica exp\u00f5e trabalhos de alunos do Cephas - CEPHAS<\/title>\n<meta name=\"robots\" content=\"index, follow, max-snippet:-1, max-image-preview:large, max-video-preview:-1\" \/>\n<link rel=\"canonical\" href=\"https:\/\/cephas.org.br\/index.php\/2024\/12\/05\/mostra-tecnologica-expoe-trabalhos-de-alunos-do-cephas\/\" \/>\n<meta property=\"og:locale\" content=\"pt_BR\" \/>\n<meta property=\"og:type\" content=\"article\" \/>\n<meta property=\"og:title\" content=\"Mostra Tecnol\u00f3gica exp\u00f5e trabalhos de alunos do Cephas - CEPHAS\" \/>\n<meta property=\"og:description\" content=\"Atualizado em 05\/12\/2024 &#8211; 16:11 Os projetos de conclus\u00e3o dos cursos t\u00e9cnicos foram apresentados; profissionais convidados destacam qualidade da Mostra &#8211; Foto: PMSJC Henrique MacedoFundhas A abertura da 8\u00aa edi\u00e7\u00e3o da Mostra Tecnol\u00f3gica do Cephas (Col\u00e9gio de Educa\u00e7\u00e3o Profissional H\u00e9lio Augusto de Souza) reuniu trabalhos de conclus\u00e3o dos alunos dos cursos t\u00e9cnicos nesta quinta-feira (5), [&hellip;]\" \/>\n<meta property=\"og:url\" content=\"https:\/\/cephas.org.br\/index.php\/2024\/12\/05\/mostra-tecnologica-expoe-trabalhos-de-alunos-do-cephas\/\" \/>\n<meta property=\"og:site_name\" content=\"CEPHAS\" \/>\n<meta property=\"article:published_time\" content=\"2024-12-05T19:24:46+00:00\" \/>\n<meta property=\"article:modified_time\" content=\"2024-12-16T18:02:02+00:00\" \/>\n<meta property=\"og:image\" content=\"http:\/\/cephas.org.br\/wp-content\/uploads\/2024\/12\/mostra-cephas-7.jpeg\" \/>\n\t<meta property=\"og:image:width\" content=\"940\" \/>\n\t<meta property=\"og:image:height\" content=\"627\" \/>\n\t<meta property=\"og:image:type\" content=\"image\/jpeg\" \/>\n<meta name=\"author\" content=\"Pamyla Costa\" \/>\n<meta name=\"twitter:card\" content=\"summary_large_image\" \/>\n<meta name=\"twitter:label1\" content=\"Escrito por\" \/>\n\t<meta name=\"twitter:data1\" content=\"Pamyla Costa\" \/>\n\t<meta name=\"twitter:label2\" content=\"Est. tempo de leitura\" \/>\n\t<meta name=\"twitter:data2\" content=\"4 minutos\" \/>\n<script type=\"application\/ld+json\" class=\"yoast-schema-graph\">{\"@context\":\"https:\/\/schema.org\",\"@graph\":[{\"@type\":\"Article\",\"@id\":\"https:\/\/cephas.org.br\/index.php\/2024\/12\/05\/mostra-tecnologica-expoe-trabalhos-de-alunos-do-cephas\/#article\",\"isPartOf\":{\"@id\":\"https:\/\/cephas.org.br\/index.php\/2024\/12\/05\/mostra-tecnologica-expoe-trabalhos-de-alunos-do-cephas\/\"},\"author\":{\"name\":\"Pamyla Costa\",\"@id\":\"https:\/\/cephas.org.br\/#\/schema\/person\/bf88621f4720f50690438f24889063f3\"},\"headline\":\"Mostra Tecnol\u00f3gica exp\u00f5e trabalhos de alunos do Cephas\",\"datePublished\":\"2024-12-05T19:24:46+00:00\",\"dateModified\":\"2024-12-16T18:02:02+00:00\",\"mainEntityOfPage\":{\"@id\":\"https:\/\/cephas.org.br\/index.php\/2024\/12\/05\/mostra-tecnologica-expoe-trabalhos-de-alunos-do-cephas\/\"},\"wordCount\":394,\"commentCount\":0,\"publisher\":{\"@id\":\"https:\/\/cephas.org.br\/#organization\"},\"image\":{\"@id\":\"https:\/\/cephas.org.br\/index.php\/2024\/12\/05\/mostra-tecnologica-expoe-trabalhos-de-alunos-do-cephas\/#primaryimage\"},\"thumbnailUrl\":\"https:\/\/cephas.org.br\/wp-content\/uploads\/2024\/12\/mostra-cephas-7.jpeg\",\"keywords\":[\"#alunosfundhas\",\"#aprendizsjc\",\"#cursostecnicos\",\"#empregabilidade\",\"#empregos\",\"#gratuito\",\"#prefeiturasjc\"],\"articleSection\":[\"Not\u00edcias\"],\"inLanguage\":\"pt-BR\",\"potentialAction\":[{\"@type\":\"CommentAction\",\"name\":\"Comment\",\"target\":[\"https:\/\/cephas.org.br\/index.php\/2024\/12\/05\/mostra-tecnologica-expoe-trabalhos-de-alunos-do-cephas\/#respond\"]}]},{\"@type\":\"WebPage\",\"@id\":\"https:\/\/cephas.org.br\/index.php\/2024\/12\/05\/mostra-tecnologica-expoe-trabalhos-de-alunos-do-cephas\/\",\"url\":\"https:\/\/cephas.org.br\/index.php\/2024\/12\/05\/mostra-tecnologica-expoe-trabalhos-de-alunos-do-cephas\/\",\"name\":\"Mostra Tecnol\u00f3gica exp\u00f5e trabalhos de alunos do Cephas - CEPHAS\",\"isPartOf\":{\"@id\":\"https:\/\/cephas.org.br\/#website\"},\"primaryImageOfPage\":{\"@id\":\"https:\/\/cephas.org.br\/index.php\/2024\/12\/05\/mostra-tecnologica-expoe-trabalhos-de-alunos-do-cephas\/#primaryimage\"},\"image\":{\"@id\":\"https:\/\/cephas.org.br\/index.php\/2024\/12\/05\/mostra-tecnologica-expoe-trabalhos-de-alunos-do-cephas\/#primaryimage\"},\"thumbnailUrl\":\"https:\/\/cephas.org.br\/wp-content\/uploads\/2024\/12\/mostra-cephas-7.jpeg\",\"datePublished\":\"2024-12-05T19:24:46+00:00\",\"dateModified\":\"2024-12-16T18:02:02+00:00\",\"breadcrumb\":{\"@id\":\"https:\/\/cephas.org.br\/index.php\/2024\/12\/05\/mostra-tecnologica-expoe-trabalhos-de-alunos-do-cephas\/#breadcrumb\"},\"inLanguage\":\"pt-BR\",\"potentialAction\":[{\"@type\":\"ReadAction\",\"target\":[\"https:\/\/cephas.org.br\/index.php\/2024\/12\/05\/mostra-tecnologica-expoe-trabalhos-de-alunos-do-cephas\/\"]}]},{\"@type\":\"ImageObject\",\"inLanguage\":\"pt-BR\",\"@id\":\"https:\/\/cephas.org.br\/index.php\/2024\/12\/05\/mostra-tecnologica-expoe-trabalhos-de-alunos-do-cephas\/#primaryimage\",\"url\":\"https:\/\/cephas.org.br\/wp-content\/uploads\/2024\/12\/mostra-cephas-7.jpeg\",\"contentUrl\":\"https:\/\/cephas.org.br\/wp-content\/uploads\/2024\/12\/mostra-cephas-7.jpeg\",\"width\":940,\"height\":627},{\"@type\":\"BreadcrumbList\",\"@id\":\"https:\/\/cephas.org.br\/index.php\/2024\/12\/05\/mostra-tecnologica-expoe-trabalhos-de-alunos-do-cephas\/#breadcrumb\",\"itemListElement\":[{\"@type\":\"ListItem\",\"position\":1,\"name\":\"In\u00edcio\",\"item\":\"https:\/\/cephas.org.br\/\"},{\"@type\":\"ListItem\",\"position\":2,\"name\":\"Mostra Tecnol\u00f3gica exp\u00f5e trabalhos de alunos do Cephas\"}]},{\"@type\":\"WebSite\",\"@id\":\"https:\/\/cephas.org.br\/#website\",\"url\":\"https:\/\/cephas.org.br\/\",\"name\":\"CEPHAS\",\"description\":\"\",\"publisher\":{\"@id\":\"https:\/\/cephas.org.br\/#organization\"},\"potentialAction\":[{\"@type\":\"SearchAction\",\"target\":{\"@type\":\"EntryPoint\",\"urlTemplate\":\"https:\/\/cephas.org.br\/?s={search_term_string}\"},\"query-input\":{\"@type\":\"PropertyValueSpecification\",\"valueRequired\":true,\"valueName\":\"search_term_string\"}}],\"inLanguage\":\"pt-BR\"},{\"@type\":\"Organization\",\"@id\":\"https:\/\/cephas.org.br\/#organization\",\"name\":\"CEPHAS\",\"url\":\"https:\/\/cephas.org.br\/\",\"logo\":{\"@type\":\"ImageObject\",\"inLanguage\":\"pt-BR\",\"@id\":\"https:\/\/cephas.org.br\/#\/schema\/logo\/image\/\",\"url\":\"https:\/\/cephas.org.br\/wp-content\/uploads\/2023\/10\/cropped-Assinaturas_CephasFundhas_Pref_Novo-10_Cor-small.png\",\"contentUrl\":\"https:\/\/cephas.org.br\/wp-content\/uploads\/2023\/10\/cropped-Assinaturas_CephasFundhas_Pref_Novo-10_Cor-small.png\",\"width\":812,\"height\":90,\"caption\":\"CEPHAS\"},\"image\":{\"@id\":\"https:\/\/cephas.org.br\/#\/schema\/logo\/image\/\"}},{\"@type\":\"Person\",\"@id\":\"https:\/\/cephas.org.br\/#\/schema\/person\/bf88621f4720f50690438f24889063f3\",\"name\":\"Pamyla Costa\",\"image\":{\"@type\":\"ImageObject\",\"inLanguage\":\"pt-BR\",\"@id\":\"https:\/\/cephas.org.br\/#\/schema\/person\/image\/\",\"url\":\"https:\/\/secure.gravatar.com\/avatar\/e4b4ee6c3da610484c7833975764f79e4222aac4883182ac0e4af6538c2fadf7?s=96&d=mm&r=g\",\"contentUrl\":\"https:\/\/secure.gravatar.com\/avatar\/e4b4ee6c3da610484c7833975764f79e4222aac4883182ac0e4af6538c2fadf7?s=96&d=mm&r=g\",\"caption\":\"Pamyla Costa\"},\"url\":\"https:\/\/cephas.org.br\/index.php\/author\/pamyla-costa\/\"}]}<\/script>\n<!-- \/ Yoast SEO plugin. -->","yoast_head_json":{"title":"Mostra Tecnol\u00f3gica exp\u00f5e trabalhos de alunos do Cephas - CEPHAS","robots":{"index":"index","follow":"follow","max-snippet":"max-snippet:-1","max-image-preview":"max-image-preview:large","max-video-preview":"max-video-preview:-1"},"canonical":"https:\/\/cephas.org.br\/index.php\/2024\/12\/05\/mostra-tecnologica-expoe-trabalhos-de-alunos-do-cephas\/","og_locale":"pt_BR","og_type":"article","og_title":"Mostra Tecnol\u00f3gica exp\u00f5e trabalhos de alunos do Cephas - CEPHAS","og_description":"Atualizado em 05\/12\/2024 &#8211; 16:11 Os projetos de conclus\u00e3o dos cursos t\u00e9cnicos foram apresentados; profissionais convidados destacam qualidade da Mostra &#8211; Foto: PMSJC Henrique MacedoFundhas A abertura da 8\u00aa edi\u00e7\u00e3o da Mostra Tecnol\u00f3gica do Cephas (Col\u00e9gio de Educa\u00e7\u00e3o Profissional H\u00e9lio Augusto de Souza) reuniu trabalhos de conclus\u00e3o dos alunos dos cursos t\u00e9cnicos nesta quinta-feira (5), [&hellip;]","og_url":"https:\/\/cephas.org.br\/index.php\/2024\/12\/05\/mostra-tecnologica-expoe-trabalhos-de-alunos-do-cephas\/","og_site_name":"CEPHAS","article_published_time":"2024-12-05T19:24:46+00:00","article_modified_time":"2024-12-16T18:02:02+00:00","og_image":[{"width":940,"height":627,"url":"http:\/\/cephas.org.br\/wp-content\/uploads\/2024\/12\/mostra-cephas-7.jpeg","type":"image\/jpeg"}],"author":"Pamyla Costa","twitter_card":"summary_large_image","twitter_misc":{"Escrito por":"Pamyla Costa","Est. tempo de leitura":"4 minutos"},"schema":{"@context":"https:\/\/schema.org","@graph":[{"@type":"Article","@id":"https:\/\/cephas.org.br\/index.php\/2024\/12\/05\/mostra-tecnologica-expoe-trabalhos-de-alunos-do-cephas\/#article","isPartOf":{"@id":"https:\/\/cephas.org.br\/index.php\/2024\/12\/05\/mostra-tecnologica-expoe-trabalhos-de-alunos-do-cephas\/"},"author":{"name":"Pamyla Costa","@id":"https:\/\/cephas.org.br\/#\/schema\/person\/bf88621f4720f50690438f24889063f3"},"headline":"Mostra Tecnol\u00f3gica exp\u00f5e trabalhos de alunos do Cephas","datePublished":"2024-12-05T19:24:46+00:00","dateModified":"2024-12-16T18:02:02+00:00","mainEntityOfPage":{"@id":"https:\/\/cephas.org.br\/index.php\/2024\/12\/05\/mostra-tecnologica-expoe-trabalhos-de-alunos-do-cephas\/"},"wordCount":394,"commentCount":0,"publisher":{"@id":"https:\/\/cephas.org.br\/#organization"},"image":{"@id":"https:\/\/cephas.org.br\/index.php\/2024\/12\/05\/mostra-tecnologica-expoe-trabalhos-de-alunos-do-cephas\/#primaryimage"},"thumbnailUrl":"https:\/\/cephas.org.br\/wp-content\/uploads\/2024\/12\/mostra-cephas-7.jpeg","keywords":["#alunosfundhas","#aprendizsjc","#cursostecnicos","#empregabilidade","#empregos","#gratuito","#prefeiturasjc"],"articleSection":["Not\u00edcias"],"inLanguage":"pt-BR","potentialAction":[{"@type":"CommentAction","name":"Comment","target":["https:\/\/cephas.org.br\/index.php\/2024\/12\/05\/mostra-tecnologica-expoe-trabalhos-de-alunos-do-cephas\/#respond"]}]},{"@type":"WebPage","@id":"https:\/\/cephas.org.br\/index.php\/2024\/12\/05\/mostra-tecnologica-expoe-trabalhos-de-alunos-do-cephas\/","url":"https:\/\/cephas.org.br\/index.php\/2024\/12\/05\/mostra-tecnologica-expoe-trabalhos-de-alunos-do-cephas\/","name":"Mostra Tecnol\u00f3gica exp\u00f5e trabalhos de alunos do Cephas - CEPHAS","isPartOf":{"@id":"https:\/\/cephas.org.br\/#website"},"primaryImageOfPage":{"@id":"https:\/\/cephas.org.br\/index.php\/2024\/12\/05\/mostra-tecnologica-expoe-trabalhos-de-alunos-do-cephas\/#primaryimage"},"image":{"@id":"https:\/\/cephas.org.br\/index.php\/2024\/12\/05\/mostra-tecnologica-expoe-trabalhos-de-alunos-do-cephas\/#primaryimage"},"thumbnailUrl":"https:\/\/cephas.org.br\/wp-content\/uploads\/2024\/12\/mostra-cephas-7.jpeg","datePublished":"2024-12-05T19:24:46+00:00","dateModified":"2024-12-16T18:02:02+00:00","breadcrumb":{"@id":"https:\/\/cephas.org.br\/index.php\/2024\/12\/05\/mostra-tecnologica-expoe-trabalhos-de-alunos-do-cephas\/#breadcrumb"},"inLanguage":"pt-BR","potentialAction":[{"@type":"ReadAction","target":["https:\/\/cephas.org.br\/index.php\/2024\/12\/05\/mostra-tecnologica-expoe-trabalhos-de-alunos-do-cephas\/"]}]},{"@type":"ImageObject","inLanguage":"pt-BR","@id":"https:\/\/cephas.org.br\/index.php\/2024\/12\/05\/mostra-tecnologica-expoe-trabalhos-de-alunos-do-cephas\/#primaryimage","url":"https:\/\/cephas.org.br\/wp-content\/uploads\/2024\/12\/mostra-cephas-7.jpeg","contentUrl":"https:\/\/cephas.org.br\/wp-content\/uploads\/2024\/12\/mostra-cephas-7.jpeg","width":940,"height":627},{"@type":"BreadcrumbList","@id":"https:\/\/cephas.org.br\/index.php\/2024\/12\/05\/mostra-tecnologica-expoe-trabalhos-de-alunos-do-cephas\/#breadcrumb","itemListElement":[{"@type":"ListItem","position":1,"name":"In\u00edcio","item":"https:\/\/cephas.org.br\/"},{"@type":"ListItem","position":2,"name":"Mostra Tecnol\u00f3gica exp\u00f5e trabalhos de alunos do Cephas"}]},{"@type":"WebSite","@id":"https:\/\/cephas.org.br\/#website","url":"https:\/\/cephas.org.br\/","name":"CEPHAS","description":"","publisher":{"@id":"https:\/\/cephas.org.br\/#organization"},"potentialAction":[{"@type":"SearchAction","target":{"@type":"EntryPoint","urlTemplate":"https:\/\/cephas.org.br\/?s={search_term_string}"},"query-input":{"@type":"PropertyValueSpecification","valueRequired":true,"valueName":"search_term_string"}}],"inLanguage":"pt-BR"},{"@type":"Organization","@id":"https:\/\/cephas.org.br\/#organization","name":"CEPHAS","url":"https:\/\/cephas.org.br\/","logo":{"@type":"ImageObject","inLanguage":"pt-BR","@id":"https:\/\/cephas.org.br\/#\/schema\/logo\/image\/","url":"https:\/\/cephas.org.br\/wp-content\/uploads\/2023\/10\/cropped-Assinaturas_CephasFundhas_Pref_Novo-10_Cor-small.png","contentUrl":"https:\/\/cephas.org.br\/wp-content\/uploads\/2023\/10\/cropped-Assinaturas_CephasFundhas_Pref_Novo-10_Cor-small.png","width":812,"height":90,"caption":"CEPHAS"},"image":{"@id":"https:\/\/cephas.org.br\/#\/schema\/logo\/image\/"}},{"@type":"Person","@id":"https:\/\/cephas.org.br\/#\/schema\/person\/bf88621f4720f50690438f24889063f3","name":"Pamyla Costa","image":{"@type":"ImageObject","inLanguage":"pt-BR","@id":"https:\/\/cephas.org.br\/#\/schema\/person\/image\/","url":"https:\/\/secure.gravatar.com\/avatar\/e4b4ee6c3da610484c7833975764f79e4222aac4883182ac0e4af6538c2fadf7?s=96&d=mm&r=g","contentUrl":"https:\/\/secure.gravatar.com\/avatar\/e4b4ee6c3da610484c7833975764f79e4222aac4883182ac0e4af6538c2fadf7?s=96&d=mm&r=g","caption":"Pamyla Costa"},"url":"https:\/\/cephas.org.br\/index.php\/author\/pamyla-costa\/"}]}},"_links":{"self":[{"href":"https:\/\/cephas.org.br\/index.php\/wp-json\/wp\/v2\/posts\/4866","targetHints":{"allow":["GET"]}}],"collection":[{"href":"https:\/\/cephas.org.br\/index.php\/wp-json\/wp\/v2\/posts"}],"about":[{"href":"https:\/\/cephas.org.br\/index.php\/wp-json\/wp\/v2\/types\/post"}],"author":[{"embeddable":true,"href":"https:\/\/cephas.org.br\/index.php\/wp-json\/wp\/v2\/users\/25"}],"replies":[{"embeddable":true,"href":"https:\/\/cephas.org.br\/index.php\/wp-json\/wp\/v2\/comments?post=4866"}],"version-history":[{"count":1,"href":"https:\/\/cephas.org.br\/index.php\/wp-json\/wp\/v2\/posts\/4866\/revisions"}],"predecessor-version":[{"id":4867,"href":"https:\/\/cephas.org.br\/index.php\/wp-json\/wp\/v2\/posts\/4866\/revisions\/4867"}],"wp:featuredmedia":[{"embeddable":true,"href":"https:\/\/cephas.org.br\/index.php\/wp-json\/wp\/v2\/media\/4883"}],"wp:attachment":[{"href":"https:\/\/cephas.org.br\/index.php\/wp-json\/wp\/v2\/media?parent=4866"}],"wp:term":[{"taxonomy":"category","embeddable":true,"href":"https:\/\/cephas.org.br\/index.php\/wp-json\/wp\/v2\/categories?post=4866"},{"taxonomy":"post_tag","embeddable":true,"href":"https:\/\/cephas.org.br\/index.php\/wp-json\/wp\/v2\/tags?post=4866"}],"curies":[{"name":"wp","href":"https:\/\/api.w.org\/{rel}","templated":true}]}}