{"id":4831,"date":"2024-12-04T14:47:42","date_gmt":"2024-12-04T17:47:42","guid":{"rendered":"https:\/\/cephas.org.br\/?p=4831"},"modified":"2024-12-04T14:47:42","modified_gmt":"2024-12-04T17:47:42","slug":"fundhas-inicia-processo-de-contratacao-do-jovem-aprendiz","status":"publish","type":"post","link":"https:\/\/cephas.org.br\/index.php\/2024\/12\/04\/fundhas-inicia-processo-de-contratacao-do-jovem-aprendiz\/","title":{"rendered":"Fundhas inicia processo de contrata\u00e7\u00e3o do Jovem Aprendiz"},"content":{"rendered":"\n<p>Atualizado em 04\/12\/2024 &#8211; 12:21<\/p>\n\n\n\n<p><img decoding=\"async\" src=\"https:\/\/www.sjc.sp.gov.br\/media\/296603\/jovem-aprendiz-3.jpeg?center=0.69333333333333336,0.33333333333333331&amp;mode=crop&amp;width=940&amp;height=627&amp;rnd=133777888280000000\" alt=\"Estudantes, de 16 a 22 anos, ter\u00e3o direito a registro em carteira de trabalho e direitos trabalhistas garantidos.\"><\/p>\n\n\n\n<p>Estudantes, de 16 a 22 anos ter\u00e3o registro em carteira de trabalho e direitos trabalhistas garantidos e curso te\u00f3rico no Cephas &#8211; Foto: PMSJC<\/p>\n\n\n\n<p><strong>Henrique Macedo<\/strong><br><strong>Fundhas<\/strong><\/p>\n\n\n\n<p>A Fundhas (Funda\u00e7\u00e3o H\u00e9lio Augusto de Souza) em parceria com empresas de S\u00e3o Jos\u00e9 dos Campos iniciou nesta quarta-feira o processo de contrata\u00e7\u00e3o do Programa Jovem Aprendiz destinado aos alunos da institui\u00e7\u00e3o.<\/p>\n\n\n\n<p>Por meio do programa, os estudantes, de 16 a 22 anos ter\u00e3o registro em carteira de trabalho e direitos trabalhistas garantidos, como sal\u00e1rio m\u00ednimo hora, 13\u00ba sal\u00e1rio, FGTS, f\u00e9rias, vale-alimenta\u00e7\u00e3o,&nbsp; vale-transporte e um dia por semana de curso te\u00f3rico no Cephas (Col\u00e9gio de Educa\u00e7\u00e3o Profissional H\u00e9lio Augusto de Souza).&nbsp;<\/p>\n\n\n\n<figure class=\"wp-block-image\"><img decoding=\"async\" src=\"https:\/\/www.sjc.sp.gov.br\/media\/296601\/jovem-aprendiz-1.jpeg?width=500&amp;height=375\" alt=\"\"\/><\/figure>\n\n\n\n<p>Para Jos\u00e9 Carlos da Costa, esta \u00e9 uma \u00f3tima oportunidade para a filha Giovana, que foi contratada pela Johnson &amp; Johnson. \u201c\u00c9 muito gratificante ver que ela vai iniciar nesta empresa, s\u00f3 tenho a agradecer\u201d, disse orgulhoso.<\/p>\n\n\n\n<p>Giovana Costa, de 18 anos, cursou T\u00e9cnico em Qu\u00edmica no Cephas e se semte animada com o desafio. \u201cEstou muito feliz com essa nova oportunidade, vou ter minha primeira experi\u00eancia de trabalho\u201d, afirmou.&nbsp;<br><img decoding=\"async\" src=\"https:\/\/www.sjc.sp.gov.br\/media\/296605\/jovem-aprendiz-5.jpeg?width=500&amp;height=375\" alt=\"\">&nbsp;<\/p>\n\n\n\n<p><br>Iago de Barros tem 16 anos e faz o curso de Administra\u00e7\u00e3o no Cephas, ele j\u00e1 havia tentado uma vaga, mas n\u00e3o conseguiu, por\u00e9m agora, o resultado foi diferente. \u201cEm outubro fiz uma entrevista e n\u00e3o passei, tentei de novo e agora consegui na Johnson como assistente administrativo. Estou muito feliz&#8221;, contou.&nbsp;<\/p>\n\n\n\n<figure class=\"wp-block-image\"><img decoding=\"async\" src=\"https:\/\/www.sjc.sp.gov.br\/media\/296606\/jovem-aprendiz-6.jpeg?width=500&amp;height=375\" alt=\"\"\/><\/figure>\n\n\n\n<p><strong>Programa de Aprendizagem<\/strong><\/p>\n\n\n\n<p>O Programa Jovem Aprendiz \u00e9 uma forma de contrata\u00e7\u00e3o de profissionais de 14 a 24 anos com o objetivo de estimular o primeiro emprego e a forma\u00e7\u00e3o profissional.<\/p>\n\n\n\n<p>A iniciativa \u00e9 fruto da Lei n\u00ba.10097\/2000 da Aprendizagem, que diz que todos os estabelecimentos devem empregar um n\u00famero de jovens aprendizes que corresponda de 5% a 15% do total de seus funcion\u00e1rios.&nbsp;<\/p>\n\n\n\n<p><strong>MAIS NOT\u00cdCIAS<\/strong><br><a href=\"https:\/\/www.sjc.sp.gov.br\/noticias\/?tema=15\">Fundhas<\/a><a href=\"javascript:void(0);\" target=\"_blank\" rel=\"noreferrer noopener\"><\/a><\/p>\n","protected":false},"excerpt":{"rendered":"<p>Atualizado em 04\/12\/2024 &#8211; 12:21 Estudantes, de 16 a 22 anos ter\u00e3o registro em carteira de trabalho e direitos trabalhistas garantidos e curso te\u00f3rico no Cephas &#8211; Foto: PMSJC Henrique MacedoFundhas A Fundhas (Funda\u00e7\u00e3o H\u00e9lio Augusto de Souza) em parceria com empresas de S\u00e3o Jos\u00e9 dos Campos iniciou nesta quarta-feira o processo de contrata\u00e7\u00e3o do [&hellip;]<\/p>\n","protected":false},"author":25,"featured_media":4832,"comment_status":"open","ping_status":"closed","sticky":false,"template":"","format":"standard","meta":{"_acf_changed":false,"_monsterinsights_skip_tracking":false,"_monsterinsights_sitenote_active":false,"_monsterinsights_sitenote_note":"","_monsterinsights_sitenote_category":0,"footnotes":""},"categories":[1],"tags":[],"class_list":{"0":"post-4831","1":"post","2":"type-post","3":"status-publish","4":"format-standard","5":"has-post-thumbnail","7":"category-uncategorized","8":"czr-hentry"},"acf":[],"yoast_head":"<!-- This site is optimized with the Yoast SEO plugin v26.6 - https:\/\/yoast.com\/wordpress\/plugins\/seo\/ -->\n<title>Fundhas inicia processo de contrata\u00e7\u00e3o do Jovem Aprendiz - CEPHAS<\/title>\n<meta name=\"robots\" content=\"index, follow, max-snippet:-1, max-image-preview:large, max-video-preview:-1\" \/>\n<link rel=\"canonical\" href=\"https:\/\/cephas.org.br\/index.php\/2024\/12\/04\/fundhas-inicia-processo-de-contratacao-do-jovem-aprendiz\/\" \/>\n<meta property=\"og:locale\" content=\"pt_BR\" \/>\n<meta property=\"og:type\" content=\"article\" \/>\n<meta property=\"og:title\" content=\"Fundhas inicia processo de contrata\u00e7\u00e3o do Jovem Aprendiz - CEPHAS\" \/>\n<meta property=\"og:description\" content=\"Atualizado em 04\/12\/2024 &#8211; 12:21 Estudantes, de 16 a 22 anos ter\u00e3o registro em carteira de trabalho e direitos trabalhistas garantidos e curso te\u00f3rico no Cephas &#8211; Foto: PMSJC Henrique MacedoFundhas A Fundhas (Funda\u00e7\u00e3o H\u00e9lio Augusto de Souza) em parceria com empresas de S\u00e3o Jos\u00e9 dos Campos iniciou nesta quarta-feira o processo de contrata\u00e7\u00e3o do [&hellip;]\" \/>\n<meta property=\"og:url\" content=\"https:\/\/cephas.org.br\/index.php\/2024\/12\/04\/fundhas-inicia-processo-de-contratacao-do-jovem-aprendiz\/\" \/>\n<meta property=\"og:site_name\" content=\"CEPHAS\" \/>\n<meta property=\"article:published_time\" content=\"2024-12-04T17:47:42+00:00\" \/>\n<meta property=\"og:image\" content=\"http:\/\/cephas.org.br\/wp-content\/uploads\/2024\/12\/jovem-aprendiz-3.jpeg\" \/>\n\t<meta property=\"og:image:width\" content=\"940\" \/>\n\t<meta property=\"og:image:height\" content=\"627\" \/>\n\t<meta property=\"og:image:type\" content=\"image\/jpeg\" \/>\n<meta name=\"author\" content=\"Pamyla Costa\" \/>\n<meta name=\"twitter:card\" content=\"summary_large_image\" \/>\n<meta name=\"twitter:label1\" content=\"Escrito por\" \/>\n\t<meta name=\"twitter:data1\" content=\"Pamyla Costa\" \/>\n\t<meta name=\"twitter:label2\" content=\"Est. tempo de leitura\" \/>\n\t<meta name=\"twitter:data2\" content=\"3 minutos\" \/>\n<script type=\"application\/ld+json\" class=\"yoast-schema-graph\">{\"@context\":\"https:\/\/schema.org\",\"@graph\":[{\"@type\":\"Article\",\"@id\":\"https:\/\/cephas.org.br\/index.php\/2024\/12\/04\/fundhas-inicia-processo-de-contratacao-do-jovem-aprendiz\/#article\",\"isPartOf\":{\"@id\":\"https:\/\/cephas.org.br\/index.php\/2024\/12\/04\/fundhas-inicia-processo-de-contratacao-do-jovem-aprendiz\/\"},\"author\":{\"name\":\"Pamyla Costa\",\"@id\":\"https:\/\/cephas.org.br\/#\/schema\/person\/bf88621f4720f50690438f24889063f3\"},\"headline\":\"Fundhas inicia processo de contrata\u00e7\u00e3o do Jovem Aprendiz\",\"datePublished\":\"2024-12-04T17:47:42+00:00\",\"mainEntityOfPage\":{\"@id\":\"https:\/\/cephas.org.br\/index.php\/2024\/12\/04\/fundhas-inicia-processo-de-contratacao-do-jovem-aprendiz\/\"},\"wordCount\":329,\"commentCount\":0,\"publisher\":{\"@id\":\"https:\/\/cephas.org.br\/#organization\"},\"image\":{\"@id\":\"https:\/\/cephas.org.br\/index.php\/2024\/12\/04\/fundhas-inicia-processo-de-contratacao-do-jovem-aprendiz\/#primaryimage\"},\"thumbnailUrl\":\"https:\/\/cephas.org.br\/wp-content\/uploads\/2024\/12\/jovem-aprendiz-3.jpeg\",\"articleSection\":[\"Uncategorized\"],\"inLanguage\":\"pt-BR\",\"potentialAction\":[{\"@type\":\"CommentAction\",\"name\":\"Comment\",\"target\":[\"https:\/\/cephas.org.br\/index.php\/2024\/12\/04\/fundhas-inicia-processo-de-contratacao-do-jovem-aprendiz\/#respond\"]}]},{\"@type\":\"WebPage\",\"@id\":\"https:\/\/cephas.org.br\/index.php\/2024\/12\/04\/fundhas-inicia-processo-de-contratacao-do-jovem-aprendiz\/\",\"url\":\"https:\/\/cephas.org.br\/index.php\/2024\/12\/04\/fundhas-inicia-processo-de-contratacao-do-jovem-aprendiz\/\",\"name\":\"Fundhas inicia processo de contrata\u00e7\u00e3o do Jovem Aprendiz - CEPHAS\",\"isPartOf\":{\"@id\":\"https:\/\/cephas.org.br\/#website\"},\"primaryImageOfPage\":{\"@id\":\"https:\/\/cephas.org.br\/index.php\/2024\/12\/04\/fundhas-inicia-processo-de-contratacao-do-jovem-aprendiz\/#primaryimage\"},\"image\":{\"@id\":\"https:\/\/cephas.org.br\/index.php\/2024\/12\/04\/fundhas-inicia-processo-de-contratacao-do-jovem-aprendiz\/#primaryimage\"},\"thumbnailUrl\":\"https:\/\/cephas.org.br\/wp-content\/uploads\/2024\/12\/jovem-aprendiz-3.jpeg\",\"datePublished\":\"2024-12-04T17:47:42+00:00\",\"breadcrumb\":{\"@id\":\"https:\/\/cephas.org.br\/index.php\/2024\/12\/04\/fundhas-inicia-processo-de-contratacao-do-jovem-aprendiz\/#breadcrumb\"},\"inLanguage\":\"pt-BR\",\"potentialAction\":[{\"@type\":\"ReadAction\",\"target\":[\"https:\/\/cephas.org.br\/index.php\/2024\/12\/04\/fundhas-inicia-processo-de-contratacao-do-jovem-aprendiz\/\"]}]},{\"@type\":\"ImageObject\",\"inLanguage\":\"pt-BR\",\"@id\":\"https:\/\/cephas.org.br\/index.php\/2024\/12\/04\/fundhas-inicia-processo-de-contratacao-do-jovem-aprendiz\/#primaryimage\",\"url\":\"https:\/\/cephas.org.br\/wp-content\/uploads\/2024\/12\/jovem-aprendiz-3.jpeg\",\"contentUrl\":\"https:\/\/cephas.org.br\/wp-content\/uploads\/2024\/12\/jovem-aprendiz-3.jpeg\",\"width\":940,\"height\":627},{\"@type\":\"BreadcrumbList\",\"@id\":\"https:\/\/cephas.org.br\/index.php\/2024\/12\/04\/fundhas-inicia-processo-de-contratacao-do-jovem-aprendiz\/#breadcrumb\",\"itemListElement\":[{\"@type\":\"ListItem\",\"position\":1,\"name\":\"In\u00edcio\",\"item\":\"https:\/\/cephas.org.br\/\"},{\"@type\":\"ListItem\",\"position\":2,\"name\":\"Fundhas inicia processo de contrata\u00e7\u00e3o do Jovem Aprendiz\"}]},{\"@type\":\"WebSite\",\"@id\":\"https:\/\/cephas.org.br\/#website\",\"url\":\"https:\/\/cephas.org.br\/\",\"name\":\"CEPHAS\",\"description\":\"\",\"publisher\":{\"@id\":\"https:\/\/cephas.org.br\/#organization\"},\"potentialAction\":[{\"@type\":\"SearchAction\",\"target\":{\"@type\":\"EntryPoint\",\"urlTemplate\":\"https:\/\/cephas.org.br\/?s={search_term_string}\"},\"query-input\":{\"@type\":\"PropertyValueSpecification\",\"valueRequired\":true,\"valueName\":\"search_term_string\"}}],\"inLanguage\":\"pt-BR\"},{\"@type\":\"Organization\",\"@id\":\"https:\/\/cephas.org.br\/#organization\",\"name\":\"CEPHAS\",\"url\":\"https:\/\/cephas.org.br\/\",\"logo\":{\"@type\":\"ImageObject\",\"inLanguage\":\"pt-BR\",\"@id\":\"https:\/\/cephas.org.br\/#\/schema\/logo\/image\/\",\"url\":\"https:\/\/cephas.org.br\/wp-content\/uploads\/2023\/10\/cropped-Assinaturas_CephasFundhas_Pref_Novo-10_Cor-small.png\",\"contentUrl\":\"https:\/\/cephas.org.br\/wp-content\/uploads\/2023\/10\/cropped-Assinaturas_CephasFundhas_Pref_Novo-10_Cor-small.png\",\"width\":812,\"height\":90,\"caption\":\"CEPHAS\"},\"image\":{\"@id\":\"https:\/\/cephas.org.br\/#\/schema\/logo\/image\/\"}},{\"@type\":\"Person\",\"@id\":\"https:\/\/cephas.org.br\/#\/schema\/person\/bf88621f4720f50690438f24889063f3\",\"name\":\"Pamyla Costa\",\"image\":{\"@type\":\"ImageObject\",\"inLanguage\":\"pt-BR\",\"@id\":\"https:\/\/cephas.org.br\/#\/schema\/person\/image\/\",\"url\":\"https:\/\/secure.gravatar.com\/avatar\/e4b4ee6c3da610484c7833975764f79e4222aac4883182ac0e4af6538c2fadf7?s=96&d=mm&r=g\",\"contentUrl\":\"https:\/\/secure.gravatar.com\/avatar\/e4b4ee6c3da610484c7833975764f79e4222aac4883182ac0e4af6538c2fadf7?s=96&d=mm&r=g\",\"caption\":\"Pamyla Costa\"},\"url\":\"https:\/\/cephas.org.br\/index.php\/author\/pamyla-costa\/\"}]}<\/script>\n<!-- \/ Yoast SEO plugin. -->","yoast_head_json":{"title":"Fundhas inicia processo de contrata\u00e7\u00e3o do Jovem Aprendiz - CEPHAS","robots":{"index":"index","follow":"follow","max-snippet":"max-snippet:-1","max-image-preview":"max-image-preview:large","max-video-preview":"max-video-preview:-1"},"canonical":"https:\/\/cephas.org.br\/index.php\/2024\/12\/04\/fundhas-inicia-processo-de-contratacao-do-jovem-aprendiz\/","og_locale":"pt_BR","og_type":"article","og_title":"Fundhas inicia processo de contrata\u00e7\u00e3o do Jovem Aprendiz - CEPHAS","og_description":"Atualizado em 04\/12\/2024 &#8211; 12:21 Estudantes, de 16 a 22 anos ter\u00e3o registro em carteira de trabalho e direitos trabalhistas garantidos e curso te\u00f3rico no Cephas &#8211; Foto: PMSJC Henrique MacedoFundhas A Fundhas (Funda\u00e7\u00e3o H\u00e9lio Augusto de Souza) em parceria com empresas de S\u00e3o Jos\u00e9 dos Campos iniciou nesta quarta-feira o processo de contrata\u00e7\u00e3o do [&hellip;]","og_url":"https:\/\/cephas.org.br\/index.php\/2024\/12\/04\/fundhas-inicia-processo-de-contratacao-do-jovem-aprendiz\/","og_site_name":"CEPHAS","article_published_time":"2024-12-04T17:47:42+00:00","og_image":[{"width":940,"height":627,"url":"http:\/\/cephas.org.br\/wp-content\/uploads\/2024\/12\/jovem-aprendiz-3.jpeg","type":"image\/jpeg"}],"author":"Pamyla Costa","twitter_card":"summary_large_image","twitter_misc":{"Escrito por":"Pamyla Costa","Est. tempo de leitura":"3 minutos"},"schema":{"@context":"https:\/\/schema.org","@graph":[{"@type":"Article","@id":"https:\/\/cephas.org.br\/index.php\/2024\/12\/04\/fundhas-inicia-processo-de-contratacao-do-jovem-aprendiz\/#article","isPartOf":{"@id":"https:\/\/cephas.org.br\/index.php\/2024\/12\/04\/fundhas-inicia-processo-de-contratacao-do-jovem-aprendiz\/"},"author":{"name":"Pamyla Costa","@id":"https:\/\/cephas.org.br\/#\/schema\/person\/bf88621f4720f50690438f24889063f3"},"headline":"Fundhas inicia processo de contrata\u00e7\u00e3o do Jovem Aprendiz","datePublished":"2024-12-04T17:47:42+00:00","mainEntityOfPage":{"@id":"https:\/\/cephas.org.br\/index.php\/2024\/12\/04\/fundhas-inicia-processo-de-contratacao-do-jovem-aprendiz\/"},"wordCount":329,"commentCount":0,"publisher":{"@id":"https:\/\/cephas.org.br\/#organization"},"image":{"@id":"https:\/\/cephas.org.br\/index.php\/2024\/12\/04\/fundhas-inicia-processo-de-contratacao-do-jovem-aprendiz\/#primaryimage"},"thumbnailUrl":"https:\/\/cephas.org.br\/wp-content\/uploads\/2024\/12\/jovem-aprendiz-3.jpeg","articleSection":["Uncategorized"],"inLanguage":"pt-BR","potentialAction":[{"@type":"CommentAction","name":"Comment","target":["https:\/\/cephas.org.br\/index.php\/2024\/12\/04\/fundhas-inicia-processo-de-contratacao-do-jovem-aprendiz\/#respond"]}]},{"@type":"WebPage","@id":"https:\/\/cephas.org.br\/index.php\/2024\/12\/04\/fundhas-inicia-processo-de-contratacao-do-jovem-aprendiz\/","url":"https:\/\/cephas.org.br\/index.php\/2024\/12\/04\/fundhas-inicia-processo-de-contratacao-do-jovem-aprendiz\/","name":"Fundhas inicia processo de contrata\u00e7\u00e3o do Jovem Aprendiz - CEPHAS","isPartOf":{"@id":"https:\/\/cephas.org.br\/#website"},"primaryImageOfPage":{"@id":"https:\/\/cephas.org.br\/index.php\/2024\/12\/04\/fundhas-inicia-processo-de-contratacao-do-jovem-aprendiz\/#primaryimage"},"image":{"@id":"https:\/\/cephas.org.br\/index.php\/2024\/12\/04\/fundhas-inicia-processo-de-contratacao-do-jovem-aprendiz\/#primaryimage"},"thumbnailUrl":"https:\/\/cephas.org.br\/wp-content\/uploads\/2024\/12\/jovem-aprendiz-3.jpeg","datePublished":"2024-12-04T17:47:42+00:00","breadcrumb":{"@id":"https:\/\/cephas.org.br\/index.php\/2024\/12\/04\/fundhas-inicia-processo-de-contratacao-do-jovem-aprendiz\/#breadcrumb"},"inLanguage":"pt-BR","potentialAction":[{"@type":"ReadAction","target":["https:\/\/cephas.org.br\/index.php\/2024\/12\/04\/fundhas-inicia-processo-de-contratacao-do-jovem-aprendiz\/"]}]},{"@type":"ImageObject","inLanguage":"pt-BR","@id":"https:\/\/cephas.org.br\/index.php\/2024\/12\/04\/fundhas-inicia-processo-de-contratacao-do-jovem-aprendiz\/#primaryimage","url":"https:\/\/cephas.org.br\/wp-content\/uploads\/2024\/12\/jovem-aprendiz-3.jpeg","contentUrl":"https:\/\/cephas.org.br\/wp-content\/uploads\/2024\/12\/jovem-aprendiz-3.jpeg","width":940,"height":627},{"@type":"BreadcrumbList","@id":"https:\/\/cephas.org.br\/index.php\/2024\/12\/04\/fundhas-inicia-processo-de-contratacao-do-jovem-aprendiz\/#breadcrumb","itemListElement":[{"@type":"ListItem","position":1,"name":"In\u00edcio","item":"https:\/\/cephas.org.br\/"},{"@type":"ListItem","position":2,"name":"Fundhas inicia processo de contrata\u00e7\u00e3o do Jovem Aprendiz"}]},{"@type":"WebSite","@id":"https:\/\/cephas.org.br\/#website","url":"https:\/\/cephas.org.br\/","name":"CEPHAS","description":"","publisher":{"@id":"https:\/\/cephas.org.br\/#organization"},"potentialAction":[{"@type":"SearchAction","target":{"@type":"EntryPoint","urlTemplate":"https:\/\/cephas.org.br\/?s={search_term_string}"},"query-input":{"@type":"PropertyValueSpecification","valueRequired":true,"valueName":"search_term_string"}}],"inLanguage":"pt-BR"},{"@type":"Organization","@id":"https:\/\/cephas.org.br\/#organization","name":"CEPHAS","url":"https:\/\/cephas.org.br\/","logo":{"@type":"ImageObject","inLanguage":"pt-BR","@id":"https:\/\/cephas.org.br\/#\/schema\/logo\/image\/","url":"https:\/\/cephas.org.br\/wp-content\/uploads\/2023\/10\/cropped-Assinaturas_CephasFundhas_Pref_Novo-10_Cor-small.png","contentUrl":"https:\/\/cephas.org.br\/wp-content\/uploads\/2023\/10\/cropped-Assinaturas_CephasFundhas_Pref_Novo-10_Cor-small.png","width":812,"height":90,"caption":"CEPHAS"},"image":{"@id":"https:\/\/cephas.org.br\/#\/schema\/logo\/image\/"}},{"@type":"Person","@id":"https:\/\/cephas.org.br\/#\/schema\/person\/bf88621f4720f50690438f24889063f3","name":"Pamyla Costa","image":{"@type":"ImageObject","inLanguage":"pt-BR","@id":"https:\/\/cephas.org.br\/#\/schema\/person\/image\/","url":"https:\/\/secure.gravatar.com\/avatar\/e4b4ee6c3da610484c7833975764f79e4222aac4883182ac0e4af6538c2fadf7?s=96&d=mm&r=g","contentUrl":"https:\/\/secure.gravatar.com\/avatar\/e4b4ee6c3da610484c7833975764f79e4222aac4883182ac0e4af6538c2fadf7?s=96&d=mm&r=g","caption":"Pamyla Costa"},"url":"https:\/\/cephas.org.br\/index.php\/author\/pamyla-costa\/"}]}},"_links":{"self":[{"href":"https:\/\/cephas.org.br\/index.php\/wp-json\/wp\/v2\/posts\/4831","targetHints":{"allow":["GET"]}}],"collection":[{"href":"https:\/\/cephas.org.br\/index.php\/wp-json\/wp\/v2\/posts"}],"about":[{"href":"https:\/\/cephas.org.br\/index.php\/wp-json\/wp\/v2\/types\/post"}],"author":[{"embeddable":true,"href":"https:\/\/cephas.org.br\/index.php\/wp-json\/wp\/v2\/users\/25"}],"replies":[{"embeddable":true,"href":"https:\/\/cephas.org.br\/index.php\/wp-json\/wp\/v2\/comments?post=4831"}],"version-history":[{"count":1,"href":"https:\/\/cephas.org.br\/index.php\/wp-json\/wp\/v2\/posts\/4831\/revisions"}],"predecessor-version":[{"id":4833,"href":"https:\/\/cephas.org.br\/index.php\/wp-json\/wp\/v2\/posts\/4831\/revisions\/4833"}],"wp:featuredmedia":[{"embeddable":true,"href":"https:\/\/cephas.org.br\/index.php\/wp-json\/wp\/v2\/media\/4832"}],"wp:attachment":[{"href":"https:\/\/cephas.org.br\/index.php\/wp-json\/wp\/v2\/media?parent=4831"}],"wp:term":[{"taxonomy":"category","embeddable":true,"href":"https:\/\/cephas.org.br\/index.php\/wp-json\/wp\/v2\/categories?post=4831"},{"taxonomy":"post_tag","embeddable":true,"href":"https:\/\/cephas.org.br\/index.php\/wp-json\/wp\/v2\/tags?post=4831"}],"curies":[{"name":"wp","href":"https:\/\/api.w.org\/{rel}","templated":true}]}}