{"id":4031,"date":"2024-10-29T12:10:15","date_gmt":"2024-10-29T15:10:15","guid":{"rendered":"https:\/\/cephas.org.br\/?p=4031"},"modified":"2024-10-29T12:10:15","modified_gmt":"2024-10-29T15:10:15","slug":"cephas-convoca-os-aprovados-na-2a-chamada-para-fazer-a-matricula","status":"publish","type":"post","link":"https:\/\/cephas.org.br\/index.php\/2024\/10\/29\/cephas-convoca-os-aprovados-na-2a-chamada-para-fazer-a-matricula\/","title":{"rendered":"Cephas convoca os aprovados na 2\u00aa chamada para fazer a matr\u00edcula"},"content":{"rendered":"\n<p>Atualizado em 27\/11\/2023 &#8211; 15:21<\/p>\n\n\n\n<p><img decoding=\"async\" src=\"https:\/\/sjc.sp.gov.br\/media\/256880\/cephas-fachada.jpeg?anchor=center&amp;mode=crop&amp;width=940&amp;height=627&amp;rnd=133421891340000000\" alt=\"As inscri\u00e7\u00f5es para o Vestibulinho estar\u00e3o abertas at\u00e9 11 de outubro\"><\/p>\n\n\n\n<p>In\u00edcio das aulas dos cursos t\u00e9cnicos est\u00e1 previsto para 25 de janeiro &#8211; Foto: PMSJC<\/p>\n\n\n\n<p><strong>Henrique Macedo<\/strong><br><strong>Fundhas<\/strong><\/p>\n\n\n\n<p>A partir desta segunda-feira (27), os convocados da 2\u00aa chamada do vestibulinho do Cephas (Centro de Educa\u00e7\u00e3o Profissional H\u00e9lio Augusto de Souza) podem fazer a matr\u00edcula para os cursos t\u00e9cnicos do 1\u00ba semestre de 2024. Elas devem ser feitas presencialmente at\u00e9 quinta-feira (30).<\/p>\n\n\n\n<p>Os candidatos aprovados receber\u00e3o por e-mail o link para envio dos documentos necess\u00e1rios. S\u00e3o eles: RG, CPF, certificado e hist\u00f3rico escolar ou declara\u00e7\u00e3o de matr\u00edcula no 2\u00ba ou 3\u00ba ano do ensino m\u00e9dio, atestado de alistamento militar, t\u00edtulo de eleitor, comprovante de resid\u00eancia em S\u00e3o Jos\u00e9 dos Campos atual e de dois anos atr\u00e1s.<\/p>\n\n\n\n<p>Os documentos devem ser apresentados em arquivo \u00fanico, exclusivamente no formato PDF ou JPEG, conforme especificado no&nbsp;<a rel=\"noreferrer noopener\" href=\"https:\/\/arquivo.rhsconsult.com.br\/arquivos\/00087\/1701086330_vestibulinho%20cephas%2012024%20convocacao%20e%20agendamento%20para%202%20chamada.pdf\" target=\"_blank\">edital<\/a>, onde est\u00e3o dispon\u00edveis outras informa\u00e7\u00f5es, como convoca\u00e7\u00f5es e lista de espera. As aulas est\u00e3o previstas para come\u00e7ar em 25 de janeiro.<\/p>\n\n\n\n<p><strong>MAIS NOT\u00cdCIAS<\/strong><br><a href=\"https:\/\/sjc.sp.gov.br\/noticias\/?tema=15\">Fundhas<\/a><\/p>\n\n\n\n<p><a href=\"void(0);\" target=\"_blank\" rel=\"noreferrer noopener\"><\/a><\/p>\n","protected":false},"excerpt":{"rendered":"<p>Atualizado em 27\/11\/2023 &#8211; 15:21 In\u00edcio das aulas dos cursos t\u00e9cnicos est\u00e1 previsto para 25 de janeiro &#8211; Foto: PMSJC Henrique MacedoFundhas A partir desta segunda-feira (27), os convocados da 2\u00aa chamada do vestibulinho do Cephas (Centro de Educa\u00e7\u00e3o Profissional H\u00e9lio Augusto de Souza) podem fazer a matr\u00edcula para os cursos t\u00e9cnicos do 1\u00ba semestre [&hellip;]<\/p>\n","protected":false},"author":25,"featured_media":4032,"comment_status":"open","ping_status":"closed","sticky":false,"template":"","format":"standard","meta":{"_acf_changed":false,"_monsterinsights_skip_tracking":false,"_monsterinsights_sitenote_active":false,"_monsterinsights_sitenote_note":"","_monsterinsights_sitenote_category":0,"footnotes":""},"categories":[2],"tags":[13,17,18,15,16,25,6,5],"class_list":{"0":"post-4031","1":"post","2":"type-post","3":"status-publish","4":"format-standard","5":"has-post-thumbnail","7":"category-noticias","8":"tag-alunosfundhas","9":"tag-cursostecnicos","10":"tag-empregabilidade","11":"tag-empregos","12":"tag-gratuito","13":"tag-prefeiturasjc","14":"tag-cephas","15":"tag-fundhas","16":"czr-hentry"},"acf":[],"yoast_head":"<!-- This site is optimized with the Yoast SEO plugin v26.6 - https:\/\/yoast.com\/wordpress\/plugins\/seo\/ -->\n<title>Cephas convoca os aprovados na 2\u00aa chamada para fazer a matr\u00edcula - CEPHAS<\/title>\n<meta name=\"robots\" content=\"index, follow, max-snippet:-1, max-image-preview:large, max-video-preview:-1\" \/>\n<link rel=\"canonical\" href=\"https:\/\/cephas.org.br\/index.php\/2024\/10\/29\/cephas-convoca-os-aprovados-na-2a-chamada-para-fazer-a-matricula\/\" \/>\n<meta property=\"og:locale\" content=\"pt_BR\" \/>\n<meta property=\"og:type\" content=\"article\" \/>\n<meta property=\"og:title\" content=\"Cephas convoca os aprovados na 2\u00aa chamada para fazer a matr\u00edcula - CEPHAS\" \/>\n<meta property=\"og:description\" content=\"Atualizado em 27\/11\/2023 &#8211; 15:21 In\u00edcio das aulas dos cursos t\u00e9cnicos est\u00e1 previsto para 25 de janeiro &#8211; Foto: PMSJC Henrique MacedoFundhas A partir desta segunda-feira (27), os convocados da 2\u00aa chamada do vestibulinho do Cephas (Centro de Educa\u00e7\u00e3o Profissional H\u00e9lio Augusto de Souza) podem fazer a matr\u00edcula para os cursos t\u00e9cnicos do 1\u00ba semestre [&hellip;]\" \/>\n<meta property=\"og:url\" content=\"https:\/\/cephas.org.br\/index.php\/2024\/10\/29\/cephas-convoca-os-aprovados-na-2a-chamada-para-fazer-a-matricula\/\" \/>\n<meta property=\"og:site_name\" content=\"CEPHAS\" \/>\n<meta property=\"article:published_time\" content=\"2024-10-29T15:10:15+00:00\" \/>\n<meta property=\"og:image\" content=\"http:\/\/cephas.org.br\/wp-content\/uploads\/2023\/11\/cephas-fachada.jpeg\" \/>\n\t<meta property=\"og:image:width\" content=\"940\" \/>\n\t<meta property=\"og:image:height\" content=\"627\" \/>\n\t<meta property=\"og:image:type\" content=\"image\/jpeg\" \/>\n<meta name=\"author\" content=\"Pamyla Costa\" \/>\n<meta name=\"twitter:card\" content=\"summary_large_image\" \/>\n<meta name=\"twitter:label1\" content=\"Escrito por\" \/>\n\t<meta name=\"twitter:data1\" content=\"Pamyla Costa\" \/>\n\t<meta name=\"twitter:label2\" content=\"Est. tempo de leitura\" \/>\n\t<meta name=\"twitter:data2\" content=\"2 minutos\" \/>\n<script type=\"application\/ld+json\" class=\"yoast-schema-graph\">{\"@context\":\"https:\/\/schema.org\",\"@graph\":[{\"@type\":\"Article\",\"@id\":\"https:\/\/cephas.org.br\/index.php\/2024\/10\/29\/cephas-convoca-os-aprovados-na-2a-chamada-para-fazer-a-matricula\/#article\",\"isPartOf\":{\"@id\":\"https:\/\/cephas.org.br\/index.php\/2024\/10\/29\/cephas-convoca-os-aprovados-na-2a-chamada-para-fazer-a-matricula\/\"},\"author\":{\"name\":\"Pamyla Costa\",\"@id\":\"https:\/\/cephas.org.br\/#\/schema\/person\/bf88621f4720f50690438f24889063f3\"},\"headline\":\"Cephas convoca os aprovados na 2\u00aa chamada para fazer a matr\u00edcula\",\"datePublished\":\"2024-10-29T15:10:15+00:00\",\"mainEntityOfPage\":{\"@id\":\"https:\/\/cephas.org.br\/index.php\/2024\/10\/29\/cephas-convoca-os-aprovados-na-2a-chamada-para-fazer-a-matricula\/\"},\"wordCount\":187,\"commentCount\":0,\"publisher\":{\"@id\":\"https:\/\/cephas.org.br\/#organization\"},\"image\":{\"@id\":\"https:\/\/cephas.org.br\/index.php\/2024\/10\/29\/cephas-convoca-os-aprovados-na-2a-chamada-para-fazer-a-matricula\/#primaryimage\"},\"thumbnailUrl\":\"https:\/\/cephas.org.br\/wp-content\/uploads\/2023\/11\/cephas-fachada.jpeg\",\"keywords\":[\"#alunosfundhas\",\"#cursostecnicos\",\"#empregabilidade\",\"#empregos\",\"#gratuito\",\"#prefeiturasjc\",\"Cephas\",\"Fundhas\"],\"articleSection\":[\"Not\u00edcias\"],\"inLanguage\":\"pt-BR\",\"potentialAction\":[{\"@type\":\"CommentAction\",\"name\":\"Comment\",\"target\":[\"https:\/\/cephas.org.br\/index.php\/2024\/10\/29\/cephas-convoca-os-aprovados-na-2a-chamada-para-fazer-a-matricula\/#respond\"]}]},{\"@type\":\"WebPage\",\"@id\":\"https:\/\/cephas.org.br\/index.php\/2024\/10\/29\/cephas-convoca-os-aprovados-na-2a-chamada-para-fazer-a-matricula\/\",\"url\":\"https:\/\/cephas.org.br\/index.php\/2024\/10\/29\/cephas-convoca-os-aprovados-na-2a-chamada-para-fazer-a-matricula\/\",\"name\":\"Cephas convoca os aprovados na 2\u00aa chamada para fazer a matr\u00edcula - CEPHAS\",\"isPartOf\":{\"@id\":\"https:\/\/cephas.org.br\/#website\"},\"primaryImageOfPage\":{\"@id\":\"https:\/\/cephas.org.br\/index.php\/2024\/10\/29\/cephas-convoca-os-aprovados-na-2a-chamada-para-fazer-a-matricula\/#primaryimage\"},\"image\":{\"@id\":\"https:\/\/cephas.org.br\/index.php\/2024\/10\/29\/cephas-convoca-os-aprovados-na-2a-chamada-para-fazer-a-matricula\/#primaryimage\"},\"thumbnailUrl\":\"https:\/\/cephas.org.br\/wp-content\/uploads\/2023\/11\/cephas-fachada.jpeg\",\"datePublished\":\"2024-10-29T15:10:15+00:00\",\"breadcrumb\":{\"@id\":\"https:\/\/cephas.org.br\/index.php\/2024\/10\/29\/cephas-convoca-os-aprovados-na-2a-chamada-para-fazer-a-matricula\/#breadcrumb\"},\"inLanguage\":\"pt-BR\",\"potentialAction\":[{\"@type\":\"ReadAction\",\"target\":[\"https:\/\/cephas.org.br\/index.php\/2024\/10\/29\/cephas-convoca-os-aprovados-na-2a-chamada-para-fazer-a-matricula\/\"]}]},{\"@type\":\"ImageObject\",\"inLanguage\":\"pt-BR\",\"@id\":\"https:\/\/cephas.org.br\/index.php\/2024\/10\/29\/cephas-convoca-os-aprovados-na-2a-chamada-para-fazer-a-matricula\/#primaryimage\",\"url\":\"https:\/\/cephas.org.br\/wp-content\/uploads\/2023\/11\/cephas-fachada.jpeg\",\"contentUrl\":\"https:\/\/cephas.org.br\/wp-content\/uploads\/2023\/11\/cephas-fachada.jpeg\",\"width\":940,\"height\":627},{\"@type\":\"BreadcrumbList\",\"@id\":\"https:\/\/cephas.org.br\/index.php\/2024\/10\/29\/cephas-convoca-os-aprovados-na-2a-chamada-para-fazer-a-matricula\/#breadcrumb\",\"itemListElement\":[{\"@type\":\"ListItem\",\"position\":1,\"name\":\"In\u00edcio\",\"item\":\"https:\/\/cephas.org.br\/\"},{\"@type\":\"ListItem\",\"position\":2,\"name\":\"Cephas convoca os aprovados na 2\u00aa chamada para fazer a matr\u00edcula\"}]},{\"@type\":\"WebSite\",\"@id\":\"https:\/\/cephas.org.br\/#website\",\"url\":\"https:\/\/cephas.org.br\/\",\"name\":\"CEPHAS\",\"description\":\"\",\"publisher\":{\"@id\":\"https:\/\/cephas.org.br\/#organization\"},\"potentialAction\":[{\"@type\":\"SearchAction\",\"target\":{\"@type\":\"EntryPoint\",\"urlTemplate\":\"https:\/\/cephas.org.br\/?s={search_term_string}\"},\"query-input\":{\"@type\":\"PropertyValueSpecification\",\"valueRequired\":true,\"valueName\":\"search_term_string\"}}],\"inLanguage\":\"pt-BR\"},{\"@type\":\"Organization\",\"@id\":\"https:\/\/cephas.org.br\/#organization\",\"name\":\"CEPHAS\",\"url\":\"https:\/\/cephas.org.br\/\",\"logo\":{\"@type\":\"ImageObject\",\"inLanguage\":\"pt-BR\",\"@id\":\"https:\/\/cephas.org.br\/#\/schema\/logo\/image\/\",\"url\":\"https:\/\/cephas.org.br\/wp-content\/uploads\/2023\/10\/cropped-Assinaturas_CephasFundhas_Pref_Novo-10_Cor-small.png\",\"contentUrl\":\"https:\/\/cephas.org.br\/wp-content\/uploads\/2023\/10\/cropped-Assinaturas_CephasFundhas_Pref_Novo-10_Cor-small.png\",\"width\":812,\"height\":90,\"caption\":\"CEPHAS\"},\"image\":{\"@id\":\"https:\/\/cephas.org.br\/#\/schema\/logo\/image\/\"}},{\"@type\":\"Person\",\"@id\":\"https:\/\/cephas.org.br\/#\/schema\/person\/bf88621f4720f50690438f24889063f3\",\"name\":\"Pamyla Costa\",\"image\":{\"@type\":\"ImageObject\",\"inLanguage\":\"pt-BR\",\"@id\":\"https:\/\/cephas.org.br\/#\/schema\/person\/image\/\",\"url\":\"https:\/\/secure.gravatar.com\/avatar\/e4b4ee6c3da610484c7833975764f79e4222aac4883182ac0e4af6538c2fadf7?s=96&d=mm&r=g\",\"contentUrl\":\"https:\/\/secure.gravatar.com\/avatar\/e4b4ee6c3da610484c7833975764f79e4222aac4883182ac0e4af6538c2fadf7?s=96&d=mm&r=g\",\"caption\":\"Pamyla Costa\"},\"url\":\"https:\/\/cephas.org.br\/index.php\/author\/pamyla-costa\/\"}]}<\/script>\n<!-- \/ Yoast SEO plugin. -->","yoast_head_json":{"title":"Cephas convoca os aprovados na 2\u00aa chamada para fazer a matr\u00edcula - CEPHAS","robots":{"index":"index","follow":"follow","max-snippet":"max-snippet:-1","max-image-preview":"max-image-preview:large","max-video-preview":"max-video-preview:-1"},"canonical":"https:\/\/cephas.org.br\/index.php\/2024\/10\/29\/cephas-convoca-os-aprovados-na-2a-chamada-para-fazer-a-matricula\/","og_locale":"pt_BR","og_type":"article","og_title":"Cephas convoca os aprovados na 2\u00aa chamada para fazer a matr\u00edcula - CEPHAS","og_description":"Atualizado em 27\/11\/2023 &#8211; 15:21 In\u00edcio das aulas dos cursos t\u00e9cnicos est\u00e1 previsto para 25 de janeiro &#8211; Foto: PMSJC Henrique MacedoFundhas A partir desta segunda-feira (27), os convocados da 2\u00aa chamada do vestibulinho do Cephas (Centro de Educa\u00e7\u00e3o Profissional H\u00e9lio Augusto de Souza) podem fazer a matr\u00edcula para os cursos t\u00e9cnicos do 1\u00ba semestre [&hellip;]","og_url":"https:\/\/cephas.org.br\/index.php\/2024\/10\/29\/cephas-convoca-os-aprovados-na-2a-chamada-para-fazer-a-matricula\/","og_site_name":"CEPHAS","article_published_time":"2024-10-29T15:10:15+00:00","og_image":[{"width":940,"height":627,"url":"http:\/\/cephas.org.br\/wp-content\/uploads\/2023\/11\/cephas-fachada.jpeg","type":"image\/jpeg"}],"author":"Pamyla Costa","twitter_card":"summary_large_image","twitter_misc":{"Escrito por":"Pamyla Costa","Est. tempo de leitura":"2 minutos"},"schema":{"@context":"https:\/\/schema.org","@graph":[{"@type":"Article","@id":"https:\/\/cephas.org.br\/index.php\/2024\/10\/29\/cephas-convoca-os-aprovados-na-2a-chamada-para-fazer-a-matricula\/#article","isPartOf":{"@id":"https:\/\/cephas.org.br\/index.php\/2024\/10\/29\/cephas-convoca-os-aprovados-na-2a-chamada-para-fazer-a-matricula\/"},"author":{"name":"Pamyla Costa","@id":"https:\/\/cephas.org.br\/#\/schema\/person\/bf88621f4720f50690438f24889063f3"},"headline":"Cephas convoca os aprovados na 2\u00aa chamada para fazer a matr\u00edcula","datePublished":"2024-10-29T15:10:15+00:00","mainEntityOfPage":{"@id":"https:\/\/cephas.org.br\/index.php\/2024\/10\/29\/cephas-convoca-os-aprovados-na-2a-chamada-para-fazer-a-matricula\/"},"wordCount":187,"commentCount":0,"publisher":{"@id":"https:\/\/cephas.org.br\/#organization"},"image":{"@id":"https:\/\/cephas.org.br\/index.php\/2024\/10\/29\/cephas-convoca-os-aprovados-na-2a-chamada-para-fazer-a-matricula\/#primaryimage"},"thumbnailUrl":"https:\/\/cephas.org.br\/wp-content\/uploads\/2023\/11\/cephas-fachada.jpeg","keywords":["#alunosfundhas","#cursostecnicos","#empregabilidade","#empregos","#gratuito","#prefeiturasjc","Cephas","Fundhas"],"articleSection":["Not\u00edcias"],"inLanguage":"pt-BR","potentialAction":[{"@type":"CommentAction","name":"Comment","target":["https:\/\/cephas.org.br\/index.php\/2024\/10\/29\/cephas-convoca-os-aprovados-na-2a-chamada-para-fazer-a-matricula\/#respond"]}]},{"@type":"WebPage","@id":"https:\/\/cephas.org.br\/index.php\/2024\/10\/29\/cephas-convoca-os-aprovados-na-2a-chamada-para-fazer-a-matricula\/","url":"https:\/\/cephas.org.br\/index.php\/2024\/10\/29\/cephas-convoca-os-aprovados-na-2a-chamada-para-fazer-a-matricula\/","name":"Cephas convoca os aprovados na 2\u00aa chamada para fazer a matr\u00edcula - CEPHAS","isPartOf":{"@id":"https:\/\/cephas.org.br\/#website"},"primaryImageOfPage":{"@id":"https:\/\/cephas.org.br\/index.php\/2024\/10\/29\/cephas-convoca-os-aprovados-na-2a-chamada-para-fazer-a-matricula\/#primaryimage"},"image":{"@id":"https:\/\/cephas.org.br\/index.php\/2024\/10\/29\/cephas-convoca-os-aprovados-na-2a-chamada-para-fazer-a-matricula\/#primaryimage"},"thumbnailUrl":"https:\/\/cephas.org.br\/wp-content\/uploads\/2023\/11\/cephas-fachada.jpeg","datePublished":"2024-10-29T15:10:15+00:00","breadcrumb":{"@id":"https:\/\/cephas.org.br\/index.php\/2024\/10\/29\/cephas-convoca-os-aprovados-na-2a-chamada-para-fazer-a-matricula\/#breadcrumb"},"inLanguage":"pt-BR","potentialAction":[{"@type":"ReadAction","target":["https:\/\/cephas.org.br\/index.php\/2024\/10\/29\/cephas-convoca-os-aprovados-na-2a-chamada-para-fazer-a-matricula\/"]}]},{"@type":"ImageObject","inLanguage":"pt-BR","@id":"https:\/\/cephas.org.br\/index.php\/2024\/10\/29\/cephas-convoca-os-aprovados-na-2a-chamada-para-fazer-a-matricula\/#primaryimage","url":"https:\/\/cephas.org.br\/wp-content\/uploads\/2023\/11\/cephas-fachada.jpeg","contentUrl":"https:\/\/cephas.org.br\/wp-content\/uploads\/2023\/11\/cephas-fachada.jpeg","width":940,"height":627},{"@type":"BreadcrumbList","@id":"https:\/\/cephas.org.br\/index.php\/2024\/10\/29\/cephas-convoca-os-aprovados-na-2a-chamada-para-fazer-a-matricula\/#breadcrumb","itemListElement":[{"@type":"ListItem","position":1,"name":"In\u00edcio","item":"https:\/\/cephas.org.br\/"},{"@type":"ListItem","position":2,"name":"Cephas convoca os aprovados na 2\u00aa chamada para fazer a matr\u00edcula"}]},{"@type":"WebSite","@id":"https:\/\/cephas.org.br\/#website","url":"https:\/\/cephas.org.br\/","name":"CEPHAS","description":"","publisher":{"@id":"https:\/\/cephas.org.br\/#organization"},"potentialAction":[{"@type":"SearchAction","target":{"@type":"EntryPoint","urlTemplate":"https:\/\/cephas.org.br\/?s={search_term_string}"},"query-input":{"@type":"PropertyValueSpecification","valueRequired":true,"valueName":"search_term_string"}}],"inLanguage":"pt-BR"},{"@type":"Organization","@id":"https:\/\/cephas.org.br\/#organization","name":"CEPHAS","url":"https:\/\/cephas.org.br\/","logo":{"@type":"ImageObject","inLanguage":"pt-BR","@id":"https:\/\/cephas.org.br\/#\/schema\/logo\/image\/","url":"https:\/\/cephas.org.br\/wp-content\/uploads\/2023\/10\/cropped-Assinaturas_CephasFundhas_Pref_Novo-10_Cor-small.png","contentUrl":"https:\/\/cephas.org.br\/wp-content\/uploads\/2023\/10\/cropped-Assinaturas_CephasFundhas_Pref_Novo-10_Cor-small.png","width":812,"height":90,"caption":"CEPHAS"},"image":{"@id":"https:\/\/cephas.org.br\/#\/schema\/logo\/image\/"}},{"@type":"Person","@id":"https:\/\/cephas.org.br\/#\/schema\/person\/bf88621f4720f50690438f24889063f3","name":"Pamyla Costa","image":{"@type":"ImageObject","inLanguage":"pt-BR","@id":"https:\/\/cephas.org.br\/#\/schema\/person\/image\/","url":"https:\/\/secure.gravatar.com\/avatar\/e4b4ee6c3da610484c7833975764f79e4222aac4883182ac0e4af6538c2fadf7?s=96&d=mm&r=g","contentUrl":"https:\/\/secure.gravatar.com\/avatar\/e4b4ee6c3da610484c7833975764f79e4222aac4883182ac0e4af6538c2fadf7?s=96&d=mm&r=g","caption":"Pamyla Costa"},"url":"https:\/\/cephas.org.br\/index.php\/author\/pamyla-costa\/"}]}},"_links":{"self":[{"href":"https:\/\/cephas.org.br\/index.php\/wp-json\/wp\/v2\/posts\/4031","targetHints":{"allow":["GET"]}}],"collection":[{"href":"https:\/\/cephas.org.br\/index.php\/wp-json\/wp\/v2\/posts"}],"about":[{"href":"https:\/\/cephas.org.br\/index.php\/wp-json\/wp\/v2\/types\/post"}],"author":[{"embeddable":true,"href":"https:\/\/cephas.org.br\/index.php\/wp-json\/wp\/v2\/users\/25"}],"replies":[{"embeddable":true,"href":"https:\/\/cephas.org.br\/index.php\/wp-json\/wp\/v2\/comments?post=4031"}],"version-history":[{"count":1,"href":"https:\/\/cephas.org.br\/index.php\/wp-json\/wp\/v2\/posts\/4031\/revisions"}],"predecessor-version":[{"id":4033,"href":"https:\/\/cephas.org.br\/index.php\/wp-json\/wp\/v2\/posts\/4031\/revisions\/4033"}],"wp:featuredmedia":[{"embeddable":true,"href":"https:\/\/cephas.org.br\/index.php\/wp-json\/wp\/v2\/media\/4032"}],"wp:attachment":[{"href":"https:\/\/cephas.org.br\/index.php\/wp-json\/wp\/v2\/media?parent=4031"}],"wp:term":[{"taxonomy":"category","embeddable":true,"href":"https:\/\/cephas.org.br\/index.php\/wp-json\/wp\/v2\/categories?post=4031"},{"taxonomy":"post_tag","embeddable":true,"href":"https:\/\/cephas.org.br\/index.php\/wp-json\/wp\/v2\/tags?post=4031"}],"curies":[{"name":"wp","href":"https:\/\/api.w.org\/{rel}","templated":true}]}}