{"id":3914,"date":"2024-10-29T12:11:15","date_gmt":"2024-10-29T15:11:15","guid":{"rendered":"https:\/\/cephas.org.br\/?p=3914"},"modified":"2024-10-29T12:11:15","modified_gmt":"2024-10-29T15:11:15","slug":"jovem-aprendiz-insere-estudantes-no-mercado-de-trabalho","status":"publish","type":"post","link":"https:\/\/cephas.org.br\/index.php\/2024\/10\/29\/jovem-aprendiz-insere-estudantes-no-mercado-de-trabalho\/","title":{"rendered":"Jovem Aprendiz insere estudantes no mercado de trabalho"},"content":{"rendered":"\n<p>20\/09\/2023 14:55<\/p>\n\n\n\n<p><img decoding=\"async\" src=\"https:\/\/sjc.sp.gov.br\/media\/257374\/jovem-aprendiz-set-23-4.jpeg?anchor=center&amp;mode=crop&amp;width=940&amp;height=627&amp;rnd=133396953770000000\" alt=\"Estudantes, de 16 a 22 anos, ter\u00e3o direito a registro em carteira de trabalho e direitos trabalhistas garantidos\"><\/p>\n\n\n\n<p>Estudantes ter\u00e3o direito a registro em carteira de trabalho e direitos trabalhistas garantidos &#8211; Foto: PMSJC<\/p>\n\n\n\n<p><strong>Henrique Macedo<\/strong><br><strong>Fundhas<\/strong><\/p>\n\n\n\n<p>Alunos da&nbsp;<a href=\"https:\/\/fundhas.org.br\/\">Fundhas<\/a>&nbsp;(Funda\u00e7\u00e3o H\u00e9lio Augusto de Souza) e de cursos t\u00e9cnicos do&nbsp;<a href=\"https:\/\/cephas.org.br\/\">Cephas<\/a>&nbsp;(Col\u00e9gio de Educa\u00e7\u00e3o Profissional H\u00e9lio Augusto de Souza) assinaram, nesta semana, os contratos de trabalho de um ano com 21 empresas parceiras de S\u00e3o Jos\u00e9 dos Campos por meio do programa Jovem Aprendiz.<\/p>\n\n\n\n<p>Nesta quarta-feira (20), cerca de 50 jovens estiveram na sede da Fundhas para formalizar os contratos. Essa \u00e9 a terceira admiss\u00e3o do programa Jovem Aprendiz em 2023, com 110 jovens inseridos no mercado de trabalho.<\/p>\n\n\n\n<p>Os estudantes, de 16 a 22 anos, ter\u00e3o direito a registro em carteira de trabalho e direitos trabalhistas garantidos, como sal\u00e1rio m\u00ednimo hora, 13\u00ba sal\u00e1rio, FGTS (Fundo de Garantia por Tempo de Servi\u00e7o), f\u00e9rias, aux\u00edlio alimenta\u00e7\u00e3o e aux\u00edlio transporte, al\u00e9m de certifica\u00e7\u00f5es em todos os cursos que frequentarem durante a vig\u00eancia dos contratos.<\/p>\n\n\n\n<p>Desde 2017, o programa Jovem Aprendiz da Fundhas j\u00e1 beneficiou 2.138 adolescentes e jovens de todas as regi\u00f5es de S\u00e3o Jos\u00e9 com vagas de emprego em 45 empresas parceiras.<\/p>\n\n\n\n<p><strong>Emo\u00e7\u00e3o do primeiro emprego<\/strong><\/p>\n\n\n\n<p>Ana Beatriz Rodrigues, de 17 anos, cursa a Fundhas desde os 14 anos. Ela estava muito emocionada. &#8220;N\u00e3o dormi de tanta emo\u00e7\u00e3o de come\u00e7ar o primeiro emprego. Pra mim vai ser um desafio, vou aprender bastante, ter experi\u00eancia&#8221;, comemorou.<\/p>\n\n\n\n<p><img decoding=\"async\" src=\"https:\/\/sjc.sp.gov.br\/media\/257381\/jovem-aprendiz-set-23-11.jpeg?width=500&amp;height=375\" alt=\"\"><br><em><sup>Ana Beatriz e a m\u00e3e: &#8220;N\u00e3o dormi de tanta emo\u00e7\u00e3o&#8221;. Foto: PMSJC<\/sup><\/em><\/p>\n\n\n\n<p>&#8220;Acho maravilhoso, eles ficam naquela expectativa de conseguir o primeiro emprego, acham que ningu\u00e9m vai dar oportunidade. A\u00ed, a prefeitura d\u00e1 esse cr\u00e9dito para eles. Isso \u00e9 muito bom. No meu tempo n\u00e3o existia. Espero que nunca acaba isso na Prefeitura de S\u00e3o Jos\u00e9 dos Campos&#8221;, disse Cristina Rodrigues, m\u00e3e da Ana Beatriz.<\/p>\n\n\n\n<p>La\u00eds Silva, de 18 anos, cursa t\u00e9cnico em administra\u00e7\u00e3o no Cephas. &#8220;Estou muito feliz por ter come\u00e7ado agora, vou trabalhar na Leroy Merlin. Me receberam muito bem l\u00e1&#8221;.<\/p>\n\n\n\n<p><img decoding=\"async\" src=\"https:\/\/sjc.sp.gov.br\/media\/257378\/jovem-aprendiz-set-23-8.jpeg?width=500&amp;height=375\" alt=\"\"><br><em><sup>La\u00eds Silva foi bem recebida na Leroy Merlin &#8211; Foto: PMSJC<\/sup><\/em><\/p>\n\n\n\n<p>Vin\u00edcius dos Santos, de 16 anos, vai trabalhar no Cephas, na \u00e1rea administrativa. &#8220;Estou bem alegre com esse novo aprendizado, essa nova etapa da minha vida&#8221;, disse. A m\u00e3e dele \u00e9 diarista e comemorou a vit\u00f3ria do filho. &#8220;Pra mim \u00e9 uma satisfa\u00e7\u00e3o, uma alegria. Ele vai poder me ajudar. A Fundhas estar oferecendo isso pra ele me deixa muito feliz&#8221;.<\/p>\n\n\n\n<p><img decoding=\"async\" src=\"https:\/\/sjc.sp.gov.br\/media\/257376\/jovem-aprendiz-set-23-6.jpeg?width=500&amp;height=375\" alt=\"\"><br><em><sup>Vin\u00edcius dos Santos vai trabalhar na \u00e1rea administrativa &#8211; Foto: PMSJC<\/sup><\/em><\/p>\n\n\n\n<p><strong>Vestibulinho no Cephas<\/strong><\/p>\n\n\n\n<p>As inscri\u00e7\u00f5es para o Vestibulinho do Cephas estar\u00e3o abertas at\u00e9 11 de outubro. Ao todo, ser\u00e3o oferecidas 520 vagas em sete cursos t\u00e9cnicos gratuitos: Administra\u00e7\u00e3o, Com\u00e9rcio, Enfermagem, Mec\u00e2nica, Eletr\u00f4nica, Qu\u00edmica e Edifica\u00e7\u00f5es.<\/p>\n\n\n\n<p>Um dos principais requisitos \u00e9 comprovar que mora em S\u00e3o Jos\u00e9 h\u00e1 pelo menos dois anos.<\/p>\n\n\n\n<p>Os interessados devem se inscrever pelo site da empresa&nbsp;<a href=\"https:\/\/concursos.rhsconsult.com.br\/concursos\/\">www.rhsconsult.com.br<\/a>&nbsp;, organizadora do Vestibulinho, mediante o pagamento de taxa de R$ 19 por meio de boleto gerado automaticamente no ato da inscri\u00e7\u00e3o.<\/p>\n\n\n\n<p><strong>MAIS NOT\u00cdCIAS<\/strong><br><a href=\"https:\/\/sjc.sp.gov.br\/noticias\/?tema=15\">Fundhas<\/a><\/p>\n","protected":false},"excerpt":{"rendered":"<p>20\/09\/2023 14:55 Estudantes ter\u00e3o direito a registro em carteira de trabalho e direitos trabalhistas garantidos &#8211; Foto: PMSJC Henrique MacedoFundhas Alunos da&nbsp;Fundhas&nbsp;(Funda\u00e7\u00e3o H\u00e9lio Augusto de Souza) e de cursos t\u00e9cnicos do&nbsp;Cephas&nbsp;(Col\u00e9gio de Educa\u00e7\u00e3o Profissional H\u00e9lio Augusto de Souza) assinaram, nesta semana, os contratos de trabalho de um ano com 21 empresas parceiras de S\u00e3o Jos\u00e9 [&hellip;]<\/p>\n","protected":false},"author":25,"featured_media":3915,"comment_status":"open","ping_status":"closed","sticky":false,"template":"","format":"standard","meta":{"_acf_changed":false,"_monsterinsights_skip_tracking":false,"_monsterinsights_sitenote_active":false,"_monsterinsights_sitenote_note":"","_monsterinsights_sitenote_category":0,"footnotes":""},"categories":[2],"tags":[13,17,18,15,16,25,6,5],"class_list":{"0":"post-3914","1":"post","2":"type-post","3":"status-publish","4":"format-standard","5":"has-post-thumbnail","7":"category-noticias","8":"tag-alunosfundhas","9":"tag-cursostecnicos","10":"tag-empregabilidade","11":"tag-empregos","12":"tag-gratuito","13":"tag-prefeiturasjc","14":"tag-cephas","15":"tag-fundhas","16":"czr-hentry"},"acf":[],"yoast_head":"<!-- This site is optimized with the Yoast SEO plugin v26.6 - https:\/\/yoast.com\/wordpress\/plugins\/seo\/ -->\n<title>Jovem Aprendiz insere estudantes no mercado de trabalho - CEPHAS<\/title>\n<meta name=\"robots\" content=\"index, follow, max-snippet:-1, max-image-preview:large, max-video-preview:-1\" \/>\n<link rel=\"canonical\" href=\"https:\/\/cephas.org.br\/index.php\/2024\/10\/29\/jovem-aprendiz-insere-estudantes-no-mercado-de-trabalho\/\" \/>\n<meta property=\"og:locale\" content=\"pt_BR\" \/>\n<meta property=\"og:type\" content=\"article\" \/>\n<meta property=\"og:title\" content=\"Jovem Aprendiz insere estudantes no mercado de trabalho - CEPHAS\" \/>\n<meta property=\"og:description\" content=\"20\/09\/2023 14:55 Estudantes ter\u00e3o direito a registro em carteira de trabalho e direitos trabalhistas garantidos &#8211; Foto: PMSJC Henrique MacedoFundhas Alunos da&nbsp;Fundhas&nbsp;(Funda\u00e7\u00e3o H\u00e9lio Augusto de Souza) e de cursos t\u00e9cnicos do&nbsp;Cephas&nbsp;(Col\u00e9gio de Educa\u00e7\u00e3o Profissional H\u00e9lio Augusto de Souza) assinaram, nesta semana, os contratos de trabalho de um ano com 21 empresas parceiras de S\u00e3o Jos\u00e9 [&hellip;]\" \/>\n<meta property=\"og:url\" content=\"https:\/\/cephas.org.br\/index.php\/2024\/10\/29\/jovem-aprendiz-insere-estudantes-no-mercado-de-trabalho\/\" \/>\n<meta property=\"og:site_name\" content=\"CEPHAS\" \/>\n<meta property=\"article:published_time\" content=\"2024-10-29T15:11:15+00:00\" \/>\n<meta property=\"og:image\" content=\"http:\/\/cephas.org.br\/wp-content\/uploads\/2023\/09\/jovem-aprendiz-set-23-4.jpeg\" \/>\n\t<meta property=\"og:image:width\" content=\"940\" \/>\n\t<meta property=\"og:image:height\" content=\"627\" \/>\n\t<meta property=\"og:image:type\" content=\"image\/jpeg\" \/>\n<meta name=\"author\" content=\"Pamyla Costa\" \/>\n<meta name=\"twitter:card\" content=\"summary_large_image\" \/>\n<meta name=\"twitter:label1\" content=\"Escrito por\" \/>\n\t<meta name=\"twitter:data1\" content=\"Pamyla Costa\" \/>\n\t<meta name=\"twitter:label2\" content=\"Est. tempo de leitura\" \/>\n\t<meta name=\"twitter:data2\" content=\"4 minutos\" \/>\n<script type=\"application\/ld+json\" class=\"yoast-schema-graph\">{\"@context\":\"https:\/\/schema.org\",\"@graph\":[{\"@type\":\"Article\",\"@id\":\"https:\/\/cephas.org.br\/index.php\/2024\/10\/29\/jovem-aprendiz-insere-estudantes-no-mercado-de-trabalho\/#article\",\"isPartOf\":{\"@id\":\"https:\/\/cephas.org.br\/index.php\/2024\/10\/29\/jovem-aprendiz-insere-estudantes-no-mercado-de-trabalho\/\"},\"author\":{\"name\":\"Pamyla Costa\",\"@id\":\"https:\/\/cephas.org.br\/#\/schema\/person\/bf88621f4720f50690438f24889063f3\"},\"headline\":\"Jovem Aprendiz insere estudantes no mercado de trabalho\",\"datePublished\":\"2024-10-29T15:11:15+00:00\",\"mainEntityOfPage\":{\"@id\":\"https:\/\/cephas.org.br\/index.php\/2024\/10\/29\/jovem-aprendiz-insere-estudantes-no-mercado-de-trabalho\/\"},\"wordCount\":540,\"commentCount\":0,\"publisher\":{\"@id\":\"https:\/\/cephas.org.br\/#organization\"},\"image\":{\"@id\":\"https:\/\/cephas.org.br\/index.php\/2024\/10\/29\/jovem-aprendiz-insere-estudantes-no-mercado-de-trabalho\/#primaryimage\"},\"thumbnailUrl\":\"https:\/\/cephas.org.br\/wp-content\/uploads\/2023\/09\/jovem-aprendiz-set-23-4.jpeg\",\"keywords\":[\"#alunosfundhas\",\"#cursostecnicos\",\"#empregabilidade\",\"#empregos\",\"#gratuito\",\"#prefeiturasjc\",\"Cephas\",\"Fundhas\"],\"articleSection\":[\"Not\u00edcias\"],\"inLanguage\":\"pt-BR\",\"potentialAction\":[{\"@type\":\"CommentAction\",\"name\":\"Comment\",\"target\":[\"https:\/\/cephas.org.br\/index.php\/2024\/10\/29\/jovem-aprendiz-insere-estudantes-no-mercado-de-trabalho\/#respond\"]}]},{\"@type\":\"WebPage\",\"@id\":\"https:\/\/cephas.org.br\/index.php\/2024\/10\/29\/jovem-aprendiz-insere-estudantes-no-mercado-de-trabalho\/\",\"url\":\"https:\/\/cephas.org.br\/index.php\/2024\/10\/29\/jovem-aprendiz-insere-estudantes-no-mercado-de-trabalho\/\",\"name\":\"Jovem Aprendiz insere estudantes no mercado de trabalho - CEPHAS\",\"isPartOf\":{\"@id\":\"https:\/\/cephas.org.br\/#website\"},\"primaryImageOfPage\":{\"@id\":\"https:\/\/cephas.org.br\/index.php\/2024\/10\/29\/jovem-aprendiz-insere-estudantes-no-mercado-de-trabalho\/#primaryimage\"},\"image\":{\"@id\":\"https:\/\/cephas.org.br\/index.php\/2024\/10\/29\/jovem-aprendiz-insere-estudantes-no-mercado-de-trabalho\/#primaryimage\"},\"thumbnailUrl\":\"https:\/\/cephas.org.br\/wp-content\/uploads\/2023\/09\/jovem-aprendiz-set-23-4.jpeg\",\"datePublished\":\"2024-10-29T15:11:15+00:00\",\"breadcrumb\":{\"@id\":\"https:\/\/cephas.org.br\/index.php\/2024\/10\/29\/jovem-aprendiz-insere-estudantes-no-mercado-de-trabalho\/#breadcrumb\"},\"inLanguage\":\"pt-BR\",\"potentialAction\":[{\"@type\":\"ReadAction\",\"target\":[\"https:\/\/cephas.org.br\/index.php\/2024\/10\/29\/jovem-aprendiz-insere-estudantes-no-mercado-de-trabalho\/\"]}]},{\"@type\":\"ImageObject\",\"inLanguage\":\"pt-BR\",\"@id\":\"https:\/\/cephas.org.br\/index.php\/2024\/10\/29\/jovem-aprendiz-insere-estudantes-no-mercado-de-trabalho\/#primaryimage\",\"url\":\"https:\/\/cephas.org.br\/wp-content\/uploads\/2023\/09\/jovem-aprendiz-set-23-4.jpeg\",\"contentUrl\":\"https:\/\/cephas.org.br\/wp-content\/uploads\/2023\/09\/jovem-aprendiz-set-23-4.jpeg\",\"width\":940,\"height\":627},{\"@type\":\"BreadcrumbList\",\"@id\":\"https:\/\/cephas.org.br\/index.php\/2024\/10\/29\/jovem-aprendiz-insere-estudantes-no-mercado-de-trabalho\/#breadcrumb\",\"itemListElement\":[{\"@type\":\"ListItem\",\"position\":1,\"name\":\"In\u00edcio\",\"item\":\"https:\/\/cephas.org.br\/\"},{\"@type\":\"ListItem\",\"position\":2,\"name\":\"Jovem Aprendiz insere estudantes no mercado de trabalho\"}]},{\"@type\":\"WebSite\",\"@id\":\"https:\/\/cephas.org.br\/#website\",\"url\":\"https:\/\/cephas.org.br\/\",\"name\":\"CEPHAS\",\"description\":\"\",\"publisher\":{\"@id\":\"https:\/\/cephas.org.br\/#organization\"},\"potentialAction\":[{\"@type\":\"SearchAction\",\"target\":{\"@type\":\"EntryPoint\",\"urlTemplate\":\"https:\/\/cephas.org.br\/?s={search_term_string}\"},\"query-input\":{\"@type\":\"PropertyValueSpecification\",\"valueRequired\":true,\"valueName\":\"search_term_string\"}}],\"inLanguage\":\"pt-BR\"},{\"@type\":\"Organization\",\"@id\":\"https:\/\/cephas.org.br\/#organization\",\"name\":\"CEPHAS\",\"url\":\"https:\/\/cephas.org.br\/\",\"logo\":{\"@type\":\"ImageObject\",\"inLanguage\":\"pt-BR\",\"@id\":\"https:\/\/cephas.org.br\/#\/schema\/logo\/image\/\",\"url\":\"https:\/\/cephas.org.br\/wp-content\/uploads\/2023\/10\/cropped-Assinaturas_CephasFundhas_Pref_Novo-10_Cor-small.png\",\"contentUrl\":\"https:\/\/cephas.org.br\/wp-content\/uploads\/2023\/10\/cropped-Assinaturas_CephasFundhas_Pref_Novo-10_Cor-small.png\",\"width\":812,\"height\":90,\"caption\":\"CEPHAS\"},\"image\":{\"@id\":\"https:\/\/cephas.org.br\/#\/schema\/logo\/image\/\"}},{\"@type\":\"Person\",\"@id\":\"https:\/\/cephas.org.br\/#\/schema\/person\/bf88621f4720f50690438f24889063f3\",\"name\":\"Pamyla Costa\",\"image\":{\"@type\":\"ImageObject\",\"inLanguage\":\"pt-BR\",\"@id\":\"https:\/\/cephas.org.br\/#\/schema\/person\/image\/\",\"url\":\"https:\/\/secure.gravatar.com\/avatar\/e4b4ee6c3da610484c7833975764f79e4222aac4883182ac0e4af6538c2fadf7?s=96&d=mm&r=g\",\"contentUrl\":\"https:\/\/secure.gravatar.com\/avatar\/e4b4ee6c3da610484c7833975764f79e4222aac4883182ac0e4af6538c2fadf7?s=96&d=mm&r=g\",\"caption\":\"Pamyla Costa\"},\"url\":\"https:\/\/cephas.org.br\/index.php\/author\/pamyla-costa\/\"}]}<\/script>\n<!-- \/ Yoast SEO plugin. -->","yoast_head_json":{"title":"Jovem Aprendiz insere estudantes no mercado de trabalho - CEPHAS","robots":{"index":"index","follow":"follow","max-snippet":"max-snippet:-1","max-image-preview":"max-image-preview:large","max-video-preview":"max-video-preview:-1"},"canonical":"https:\/\/cephas.org.br\/index.php\/2024\/10\/29\/jovem-aprendiz-insere-estudantes-no-mercado-de-trabalho\/","og_locale":"pt_BR","og_type":"article","og_title":"Jovem Aprendiz insere estudantes no mercado de trabalho - CEPHAS","og_description":"20\/09\/2023 14:55 Estudantes ter\u00e3o direito a registro em carteira de trabalho e direitos trabalhistas garantidos &#8211; Foto: PMSJC Henrique MacedoFundhas Alunos da&nbsp;Fundhas&nbsp;(Funda\u00e7\u00e3o H\u00e9lio Augusto de Souza) e de cursos t\u00e9cnicos do&nbsp;Cephas&nbsp;(Col\u00e9gio de Educa\u00e7\u00e3o Profissional H\u00e9lio Augusto de Souza) assinaram, nesta semana, os contratos de trabalho de um ano com 21 empresas parceiras de S\u00e3o Jos\u00e9 [&hellip;]","og_url":"https:\/\/cephas.org.br\/index.php\/2024\/10\/29\/jovem-aprendiz-insere-estudantes-no-mercado-de-trabalho\/","og_site_name":"CEPHAS","article_published_time":"2024-10-29T15:11:15+00:00","og_image":[{"width":940,"height":627,"url":"http:\/\/cephas.org.br\/wp-content\/uploads\/2023\/09\/jovem-aprendiz-set-23-4.jpeg","type":"image\/jpeg"}],"author":"Pamyla Costa","twitter_card":"summary_large_image","twitter_misc":{"Escrito por":"Pamyla Costa","Est. tempo de leitura":"4 minutos"},"schema":{"@context":"https:\/\/schema.org","@graph":[{"@type":"Article","@id":"https:\/\/cephas.org.br\/index.php\/2024\/10\/29\/jovem-aprendiz-insere-estudantes-no-mercado-de-trabalho\/#article","isPartOf":{"@id":"https:\/\/cephas.org.br\/index.php\/2024\/10\/29\/jovem-aprendiz-insere-estudantes-no-mercado-de-trabalho\/"},"author":{"name":"Pamyla Costa","@id":"https:\/\/cephas.org.br\/#\/schema\/person\/bf88621f4720f50690438f24889063f3"},"headline":"Jovem Aprendiz insere estudantes no mercado de trabalho","datePublished":"2024-10-29T15:11:15+00:00","mainEntityOfPage":{"@id":"https:\/\/cephas.org.br\/index.php\/2024\/10\/29\/jovem-aprendiz-insere-estudantes-no-mercado-de-trabalho\/"},"wordCount":540,"commentCount":0,"publisher":{"@id":"https:\/\/cephas.org.br\/#organization"},"image":{"@id":"https:\/\/cephas.org.br\/index.php\/2024\/10\/29\/jovem-aprendiz-insere-estudantes-no-mercado-de-trabalho\/#primaryimage"},"thumbnailUrl":"https:\/\/cephas.org.br\/wp-content\/uploads\/2023\/09\/jovem-aprendiz-set-23-4.jpeg","keywords":["#alunosfundhas","#cursostecnicos","#empregabilidade","#empregos","#gratuito","#prefeiturasjc","Cephas","Fundhas"],"articleSection":["Not\u00edcias"],"inLanguage":"pt-BR","potentialAction":[{"@type":"CommentAction","name":"Comment","target":["https:\/\/cephas.org.br\/index.php\/2024\/10\/29\/jovem-aprendiz-insere-estudantes-no-mercado-de-trabalho\/#respond"]}]},{"@type":"WebPage","@id":"https:\/\/cephas.org.br\/index.php\/2024\/10\/29\/jovem-aprendiz-insere-estudantes-no-mercado-de-trabalho\/","url":"https:\/\/cephas.org.br\/index.php\/2024\/10\/29\/jovem-aprendiz-insere-estudantes-no-mercado-de-trabalho\/","name":"Jovem Aprendiz insere estudantes no mercado de trabalho - CEPHAS","isPartOf":{"@id":"https:\/\/cephas.org.br\/#website"},"primaryImageOfPage":{"@id":"https:\/\/cephas.org.br\/index.php\/2024\/10\/29\/jovem-aprendiz-insere-estudantes-no-mercado-de-trabalho\/#primaryimage"},"image":{"@id":"https:\/\/cephas.org.br\/index.php\/2024\/10\/29\/jovem-aprendiz-insere-estudantes-no-mercado-de-trabalho\/#primaryimage"},"thumbnailUrl":"https:\/\/cephas.org.br\/wp-content\/uploads\/2023\/09\/jovem-aprendiz-set-23-4.jpeg","datePublished":"2024-10-29T15:11:15+00:00","breadcrumb":{"@id":"https:\/\/cephas.org.br\/index.php\/2024\/10\/29\/jovem-aprendiz-insere-estudantes-no-mercado-de-trabalho\/#breadcrumb"},"inLanguage":"pt-BR","potentialAction":[{"@type":"ReadAction","target":["https:\/\/cephas.org.br\/index.php\/2024\/10\/29\/jovem-aprendiz-insere-estudantes-no-mercado-de-trabalho\/"]}]},{"@type":"ImageObject","inLanguage":"pt-BR","@id":"https:\/\/cephas.org.br\/index.php\/2024\/10\/29\/jovem-aprendiz-insere-estudantes-no-mercado-de-trabalho\/#primaryimage","url":"https:\/\/cephas.org.br\/wp-content\/uploads\/2023\/09\/jovem-aprendiz-set-23-4.jpeg","contentUrl":"https:\/\/cephas.org.br\/wp-content\/uploads\/2023\/09\/jovem-aprendiz-set-23-4.jpeg","width":940,"height":627},{"@type":"BreadcrumbList","@id":"https:\/\/cephas.org.br\/index.php\/2024\/10\/29\/jovem-aprendiz-insere-estudantes-no-mercado-de-trabalho\/#breadcrumb","itemListElement":[{"@type":"ListItem","position":1,"name":"In\u00edcio","item":"https:\/\/cephas.org.br\/"},{"@type":"ListItem","position":2,"name":"Jovem Aprendiz insere estudantes no mercado de trabalho"}]},{"@type":"WebSite","@id":"https:\/\/cephas.org.br\/#website","url":"https:\/\/cephas.org.br\/","name":"CEPHAS","description":"","publisher":{"@id":"https:\/\/cephas.org.br\/#organization"},"potentialAction":[{"@type":"SearchAction","target":{"@type":"EntryPoint","urlTemplate":"https:\/\/cephas.org.br\/?s={search_term_string}"},"query-input":{"@type":"PropertyValueSpecification","valueRequired":true,"valueName":"search_term_string"}}],"inLanguage":"pt-BR"},{"@type":"Organization","@id":"https:\/\/cephas.org.br\/#organization","name":"CEPHAS","url":"https:\/\/cephas.org.br\/","logo":{"@type":"ImageObject","inLanguage":"pt-BR","@id":"https:\/\/cephas.org.br\/#\/schema\/logo\/image\/","url":"https:\/\/cephas.org.br\/wp-content\/uploads\/2023\/10\/cropped-Assinaturas_CephasFundhas_Pref_Novo-10_Cor-small.png","contentUrl":"https:\/\/cephas.org.br\/wp-content\/uploads\/2023\/10\/cropped-Assinaturas_CephasFundhas_Pref_Novo-10_Cor-small.png","width":812,"height":90,"caption":"CEPHAS"},"image":{"@id":"https:\/\/cephas.org.br\/#\/schema\/logo\/image\/"}},{"@type":"Person","@id":"https:\/\/cephas.org.br\/#\/schema\/person\/bf88621f4720f50690438f24889063f3","name":"Pamyla Costa","image":{"@type":"ImageObject","inLanguage":"pt-BR","@id":"https:\/\/cephas.org.br\/#\/schema\/person\/image\/","url":"https:\/\/secure.gravatar.com\/avatar\/e4b4ee6c3da610484c7833975764f79e4222aac4883182ac0e4af6538c2fadf7?s=96&d=mm&r=g","contentUrl":"https:\/\/secure.gravatar.com\/avatar\/e4b4ee6c3da610484c7833975764f79e4222aac4883182ac0e4af6538c2fadf7?s=96&d=mm&r=g","caption":"Pamyla Costa"},"url":"https:\/\/cephas.org.br\/index.php\/author\/pamyla-costa\/"}]}},"_links":{"self":[{"href":"https:\/\/cephas.org.br\/index.php\/wp-json\/wp\/v2\/posts\/3914","targetHints":{"allow":["GET"]}}],"collection":[{"href":"https:\/\/cephas.org.br\/index.php\/wp-json\/wp\/v2\/posts"}],"about":[{"href":"https:\/\/cephas.org.br\/index.php\/wp-json\/wp\/v2\/types\/post"}],"author":[{"embeddable":true,"href":"https:\/\/cephas.org.br\/index.php\/wp-json\/wp\/v2\/users\/25"}],"replies":[{"embeddable":true,"href":"https:\/\/cephas.org.br\/index.php\/wp-json\/wp\/v2\/comments?post=3914"}],"version-history":[{"count":1,"href":"https:\/\/cephas.org.br\/index.php\/wp-json\/wp\/v2\/posts\/3914\/revisions"}],"predecessor-version":[{"id":3916,"href":"https:\/\/cephas.org.br\/index.php\/wp-json\/wp\/v2\/posts\/3914\/revisions\/3916"}],"wp:featuredmedia":[{"embeddable":true,"href":"https:\/\/cephas.org.br\/index.php\/wp-json\/wp\/v2\/media\/3915"}],"wp:attachment":[{"href":"https:\/\/cephas.org.br\/index.php\/wp-json\/wp\/v2\/media?parent=3914"}],"wp:term":[{"taxonomy":"category","embeddable":true,"href":"https:\/\/cephas.org.br\/index.php\/wp-json\/wp\/v2\/categories?post=3914"},{"taxonomy":"post_tag","embeddable":true,"href":"https:\/\/cephas.org.br\/index.php\/wp-json\/wp\/v2\/tags?post=3914"}],"curies":[{"name":"wp","href":"https:\/\/api.w.org\/{rel}","templated":true}]}}