{"id":3805,"date":"2024-10-29T12:11:58","date_gmt":"2024-10-29T15:11:58","guid":{"rendered":"https:\/\/cephas.org.br\/?p=3805"},"modified":"2024-10-29T12:11:58","modified_gmt":"2024-10-29T15:11:58","slug":"jovens-do-agente-cidadao-ganham-experiencia-no-programa","status":"publish","type":"post","link":"https:\/\/cephas.org.br\/index.php\/2024\/10\/29\/jovens-do-agente-cidadao-ganham-experiencia-no-programa\/","title":{"rendered":"Jovens do Agente Cidad\u00e3o ganham experi\u00eancia no programa"},"content":{"rendered":"\n<p>Atualizado em 14\/08\/2023 &#8211; 17:21<\/p>\n\n\n\n<p><img decoding=\"async\" src=\"https:\/\/sjc.sp.gov.br\/media\/251003\/img_0980.jpg?anchor=center&amp;mode=crop&amp;width=940&amp;height=627&amp;format=webp&amp;quality=80&amp;rnd=133365009970000000\" alt=\"Programa deve abrir mais 300 vagas para a pr\u00f3xima edi\u00e7\u00e3o\"><\/p>\n\n\n\n<p>Essa edi\u00e7\u00e3o do Agente Cidad\u00e3o terminou com 60 jovens &#8211; Foto: Divulga\u00e7\u00e3o<\/p>\n\n\n\n<p><strong>Henrique Macedo<\/strong><br><strong>Fundhas<\/strong><\/p>\n\n\n\n<p>A<a href=\"https:\/\/fundhas.org.br\/\">&nbsp;Fundhas<\/a>&nbsp;(Funda\u00e7\u00e3o H\u00e9lio Augusto de Souza) recebeu nesta segunda-feira (14) os jovens que passaram pela segunda edi\u00e7\u00e3o do Programa Agente Cidad\u00e3o. O encontro, no audit\u00f3rio da Fundhas, teve tamb\u00e9m a presen\u00e7a de parentes dos jovens, representantes do PAT (Posto de Atendimento ao Trabalhador) e servidores da Prefeitura de S\u00e3o Jos\u00e9 dos Campos.<\/p>\n\n\n\n<p><strong>Experi\u00eancia<br><br><\/strong>A alegria de terem trabalhado em \u00f3rg\u00e3os da administra\u00e7\u00e3o municipal estava estampada em cada rosto. Manuela dos Santos, de 16 anos, trabalhou na \u00e1rea de transportes do Pa\u00e7o Municipal. &#8220;Foi uma experi\u00eancia muito legal, foi meu primeiro servi\u00e7o. Consegui aprender muito sobre o trabalho, como se portar. Vai ser importante para o meu futuro&#8221;, contou.<br><br>A m\u00e3e dela, M\u00e1rcia de Oliveira, comemorou tamb\u00e9m. &#8220;Foi muito importante para eles, porque \u00e9 muito dif\u00edcil um primeiro emprego por falta de experi\u00eancia. Ent\u00e3o \u00e9 uma oportunidade que o curso d\u00e1 para eles terem um direcionamento&#8221;.<\/p>\n\n\n\n<p><img decoding=\"async\" src=\"https:\/\/sjc.sp.gov.br\/media\/251004\/img_0983.jpg?width=500&amp;height=333.33333333333337\" alt=\"\"><br><em><sub>Manuela e a m\u00e3e, M\u00e1rcia, aprovaram o Programa Agente Cidad\u00e3o &#8211; Foto: Divulga\u00e7\u00e3o<\/sub><\/em><br><br>Guilherme Macedo, de 18 anos, passou pelo PAT (Posto de Atendimento ao Trabalhador). Uma experi\u00eancia que vai levar para sempre. &#8220;Aprendi bastante l\u00e1. Eu ajudei nos setores administrativos do Programa Qualifica e ganhei bastante experi\u00eancia.&#8221;<br><br><strong>Saldo positivo<br><br><\/strong>Essa edi\u00e7\u00e3o do Agente Cidad\u00e3o terminou com 60 jovens. Desses, 18 est\u00e3o empregados, tr\u00eas est\u00e3o fazendo est\u00e1gios, outros tr\u00eas passaram na faculdade e dois foram para o programa Jovem Aprendiz. Para o pr\u00f3ximo Programa Agente Cidad\u00e3o ser\u00e3o abertas 300 vagas.<\/p>\n\n\n\n<p><img decoding=\"async\" src=\"https:\/\/sjc.sp.gov.br\/media\/251001\/img_0972.jpg?width=500&amp;height=333.33333333333337\" alt=\"\"><br><br><strong>Capacita\u00e7\u00e3o<\/strong><br><br>Implantado em julho de 2022, o programa Agente Cidad\u00e3o \u00e9 mais um um compromisso cumprido do Plano de Gest\u00e3o 2021-2024.<br><br>O objetivo do programa \u00e9 auxiliar na inser\u00e7\u00e3o de adolescentes e jovens de 16 a 19 anos em atividades pr\u00e1ticas de apoio \u00e0s \u00e1reas de recursos humanos, finan\u00e7as, compras, comunica\u00e7\u00e3o e campanhas p\u00fablicas nos \u00f3rg\u00e3os da administra\u00e7\u00e3o municipal.<br><br>A dura\u00e7\u00e3o de cada turma \u00e9 de seis meses. Entre as possibilidades para o desenvolvimento profissional, est\u00e3o previstas atividades durante quatro dias da semana por quatro horas.<br><br>Uma vez por semana, haver\u00e1 qualifica\u00e7\u00e3o profissional do Cephas (Centro de Educa\u00e7\u00e3o Profissional H\u00e9lio Augusto de Souza) na modalidade ensino a dist\u00e2ncia, com carga hor\u00e1ria de 160 horas.<br>Para todo o apoio necess\u00e1rio, o programa prev\u00ea contrapartida financeira no valor de R$ 400 por m\u00eas, vale-transporte e uniforme.<\/p>\n\n\n\n<p><strong>MAIS NOT\u00cdCIAS<\/strong><br><a href=\"https:\/\/sjc.sp.gov.br\/noticias\/?tema=15\">Fundhas<\/a><\/p>\n\n\n\n<p><a href=\"javascript:void(0);\"><\/a><\/p>\n","protected":false},"excerpt":{"rendered":"<p>Atualizado em 14\/08\/2023 &#8211; 17:21 Essa edi\u00e7\u00e3o do Agente Cidad\u00e3o terminou com 60 jovens &#8211; Foto: Divulga\u00e7\u00e3o Henrique MacedoFundhas A&nbsp;Fundhas&nbsp;(Funda\u00e7\u00e3o H\u00e9lio Augusto de Souza) recebeu nesta segunda-feira (14) os jovens que passaram pela segunda edi\u00e7\u00e3o do Programa Agente Cidad\u00e3o. O encontro, no audit\u00f3rio da Fundhas, teve tamb\u00e9m a presen\u00e7a de parentes dos jovens, representantes do [&hellip;]<\/p>\n","protected":false},"author":25,"featured_media":3806,"comment_status":"open","ping_status":"closed","sticky":false,"template":"","format":"standard","meta":{"_acf_changed":false,"_monsterinsights_skip_tracking":false,"_monsterinsights_sitenote_active":false,"_monsterinsights_sitenote_note":"","_monsterinsights_sitenote_category":0,"footnotes":""},"categories":[2],"tags":[13,17,18,15,16,25,6,5],"class_list":{"0":"post-3805","1":"post","2":"type-post","3":"status-publish","4":"format-standard","5":"has-post-thumbnail","7":"category-noticias","8":"tag-alunosfundhas","9":"tag-cursostecnicos","10":"tag-empregabilidade","11":"tag-empregos","12":"tag-gratuito","13":"tag-prefeiturasjc","14":"tag-cephas","15":"tag-fundhas","16":"czr-hentry"},"acf":[],"yoast_head":"<!-- This site is optimized with the Yoast SEO plugin v26.6 - https:\/\/yoast.com\/wordpress\/plugins\/seo\/ -->\n<title>Jovens do Agente Cidad\u00e3o ganham experi\u00eancia no programa - CEPHAS<\/title>\n<meta name=\"robots\" content=\"index, follow, max-snippet:-1, max-image-preview:large, max-video-preview:-1\" \/>\n<link rel=\"canonical\" href=\"https:\/\/cephas.org.br\/index.php\/2024\/10\/29\/jovens-do-agente-cidadao-ganham-experiencia-no-programa\/\" \/>\n<meta property=\"og:locale\" content=\"pt_BR\" \/>\n<meta property=\"og:type\" content=\"article\" \/>\n<meta property=\"og:title\" content=\"Jovens do Agente Cidad\u00e3o ganham experi\u00eancia no programa - CEPHAS\" \/>\n<meta property=\"og:description\" content=\"Atualizado em 14\/08\/2023 &#8211; 17:21 Essa edi\u00e7\u00e3o do Agente Cidad\u00e3o terminou com 60 jovens &#8211; Foto: Divulga\u00e7\u00e3o Henrique MacedoFundhas A&nbsp;Fundhas&nbsp;(Funda\u00e7\u00e3o H\u00e9lio Augusto de Souza) recebeu nesta segunda-feira (14) os jovens que passaram pela segunda edi\u00e7\u00e3o do Programa Agente Cidad\u00e3o. O encontro, no audit\u00f3rio da Fundhas, teve tamb\u00e9m a presen\u00e7a de parentes dos jovens, representantes do [&hellip;]\" \/>\n<meta property=\"og:url\" content=\"https:\/\/cephas.org.br\/index.php\/2024\/10\/29\/jovens-do-agente-cidadao-ganham-experiencia-no-programa\/\" \/>\n<meta property=\"og:site_name\" content=\"CEPHAS\" \/>\n<meta property=\"article:published_time\" content=\"2024-10-29T15:11:58+00:00\" \/>\n<meta property=\"og:image\" content=\"http:\/\/cephas.org.br\/wp-content\/uploads\/2023\/08\/img_0980.webp\" \/>\n\t<meta property=\"og:image:width\" content=\"940\" \/>\n\t<meta property=\"og:image:height\" content=\"627\" \/>\n\t<meta property=\"og:image:type\" content=\"image\/webp\" \/>\n<meta name=\"author\" content=\"Pamyla Costa\" \/>\n<meta name=\"twitter:card\" content=\"summary_large_image\" \/>\n<meta name=\"twitter:label1\" content=\"Escrito por\" \/>\n\t<meta name=\"twitter:data1\" content=\"Pamyla Costa\" \/>\n\t<meta name=\"twitter:label2\" content=\"Est. tempo de leitura\" \/>\n\t<meta name=\"twitter:data2\" content=\"3 minutos\" \/>\n<script type=\"application\/ld+json\" class=\"yoast-schema-graph\">{\"@context\":\"https:\/\/schema.org\",\"@graph\":[{\"@type\":\"Article\",\"@id\":\"https:\/\/cephas.org.br\/index.php\/2024\/10\/29\/jovens-do-agente-cidadao-ganham-experiencia-no-programa\/#article\",\"isPartOf\":{\"@id\":\"https:\/\/cephas.org.br\/index.php\/2024\/10\/29\/jovens-do-agente-cidadao-ganham-experiencia-no-programa\/\"},\"author\":{\"name\":\"Pamyla Costa\",\"@id\":\"https:\/\/cephas.org.br\/#\/schema\/person\/bf88621f4720f50690438f24889063f3\"},\"headline\":\"Jovens do Agente Cidad\u00e3o ganham experi\u00eancia no programa\",\"datePublished\":\"2024-10-29T15:11:58+00:00\",\"mainEntityOfPage\":{\"@id\":\"https:\/\/cephas.org.br\/index.php\/2024\/10\/29\/jovens-do-agente-cidadao-ganham-experiencia-no-programa\/\"},\"wordCount\":445,\"commentCount\":0,\"publisher\":{\"@id\":\"https:\/\/cephas.org.br\/#organization\"},\"image\":{\"@id\":\"https:\/\/cephas.org.br\/index.php\/2024\/10\/29\/jovens-do-agente-cidadao-ganham-experiencia-no-programa\/#primaryimage\"},\"thumbnailUrl\":\"https:\/\/cephas.org.br\/wp-content\/uploads\/2023\/08\/img_0980.webp\",\"keywords\":[\"#alunosfundhas\",\"#cursostecnicos\",\"#empregabilidade\",\"#empregos\",\"#gratuito\",\"#prefeiturasjc\",\"Cephas\",\"Fundhas\"],\"articleSection\":[\"Not\u00edcias\"],\"inLanguage\":\"pt-BR\",\"potentialAction\":[{\"@type\":\"CommentAction\",\"name\":\"Comment\",\"target\":[\"https:\/\/cephas.org.br\/index.php\/2024\/10\/29\/jovens-do-agente-cidadao-ganham-experiencia-no-programa\/#respond\"]}]},{\"@type\":\"WebPage\",\"@id\":\"https:\/\/cephas.org.br\/index.php\/2024\/10\/29\/jovens-do-agente-cidadao-ganham-experiencia-no-programa\/\",\"url\":\"https:\/\/cephas.org.br\/index.php\/2024\/10\/29\/jovens-do-agente-cidadao-ganham-experiencia-no-programa\/\",\"name\":\"Jovens do Agente Cidad\u00e3o ganham experi\u00eancia no programa - CEPHAS\",\"isPartOf\":{\"@id\":\"https:\/\/cephas.org.br\/#website\"},\"primaryImageOfPage\":{\"@id\":\"https:\/\/cephas.org.br\/index.php\/2024\/10\/29\/jovens-do-agente-cidadao-ganham-experiencia-no-programa\/#primaryimage\"},\"image\":{\"@id\":\"https:\/\/cephas.org.br\/index.php\/2024\/10\/29\/jovens-do-agente-cidadao-ganham-experiencia-no-programa\/#primaryimage\"},\"thumbnailUrl\":\"https:\/\/cephas.org.br\/wp-content\/uploads\/2023\/08\/img_0980.webp\",\"datePublished\":\"2024-10-29T15:11:58+00:00\",\"breadcrumb\":{\"@id\":\"https:\/\/cephas.org.br\/index.php\/2024\/10\/29\/jovens-do-agente-cidadao-ganham-experiencia-no-programa\/#breadcrumb\"},\"inLanguage\":\"pt-BR\",\"potentialAction\":[{\"@type\":\"ReadAction\",\"target\":[\"https:\/\/cephas.org.br\/index.php\/2024\/10\/29\/jovens-do-agente-cidadao-ganham-experiencia-no-programa\/\"]}]},{\"@type\":\"ImageObject\",\"inLanguage\":\"pt-BR\",\"@id\":\"https:\/\/cephas.org.br\/index.php\/2024\/10\/29\/jovens-do-agente-cidadao-ganham-experiencia-no-programa\/#primaryimage\",\"url\":\"https:\/\/cephas.org.br\/wp-content\/uploads\/2023\/08\/img_0980.webp\",\"contentUrl\":\"https:\/\/cephas.org.br\/wp-content\/uploads\/2023\/08\/img_0980.webp\",\"width\":940,\"height\":627},{\"@type\":\"BreadcrumbList\",\"@id\":\"https:\/\/cephas.org.br\/index.php\/2024\/10\/29\/jovens-do-agente-cidadao-ganham-experiencia-no-programa\/#breadcrumb\",\"itemListElement\":[{\"@type\":\"ListItem\",\"position\":1,\"name\":\"In\u00edcio\",\"item\":\"https:\/\/cephas.org.br\/\"},{\"@type\":\"ListItem\",\"position\":2,\"name\":\"Jovens do Agente Cidad\u00e3o ganham experi\u00eancia no programa\"}]},{\"@type\":\"WebSite\",\"@id\":\"https:\/\/cephas.org.br\/#website\",\"url\":\"https:\/\/cephas.org.br\/\",\"name\":\"CEPHAS\",\"description\":\"\",\"publisher\":{\"@id\":\"https:\/\/cephas.org.br\/#organization\"},\"potentialAction\":[{\"@type\":\"SearchAction\",\"target\":{\"@type\":\"EntryPoint\",\"urlTemplate\":\"https:\/\/cephas.org.br\/?s={search_term_string}\"},\"query-input\":{\"@type\":\"PropertyValueSpecification\",\"valueRequired\":true,\"valueName\":\"search_term_string\"}}],\"inLanguage\":\"pt-BR\"},{\"@type\":\"Organization\",\"@id\":\"https:\/\/cephas.org.br\/#organization\",\"name\":\"CEPHAS\",\"url\":\"https:\/\/cephas.org.br\/\",\"logo\":{\"@type\":\"ImageObject\",\"inLanguage\":\"pt-BR\",\"@id\":\"https:\/\/cephas.org.br\/#\/schema\/logo\/image\/\",\"url\":\"https:\/\/cephas.org.br\/wp-content\/uploads\/2023\/10\/cropped-Assinaturas_CephasFundhas_Pref_Novo-10_Cor-small.png\",\"contentUrl\":\"https:\/\/cephas.org.br\/wp-content\/uploads\/2023\/10\/cropped-Assinaturas_CephasFundhas_Pref_Novo-10_Cor-small.png\",\"width\":812,\"height\":90,\"caption\":\"CEPHAS\"},\"image\":{\"@id\":\"https:\/\/cephas.org.br\/#\/schema\/logo\/image\/\"}},{\"@type\":\"Person\",\"@id\":\"https:\/\/cephas.org.br\/#\/schema\/person\/bf88621f4720f50690438f24889063f3\",\"name\":\"Pamyla Costa\",\"image\":{\"@type\":\"ImageObject\",\"inLanguage\":\"pt-BR\",\"@id\":\"https:\/\/cephas.org.br\/#\/schema\/person\/image\/\",\"url\":\"https:\/\/secure.gravatar.com\/avatar\/e4b4ee6c3da610484c7833975764f79e4222aac4883182ac0e4af6538c2fadf7?s=96&d=mm&r=g\",\"contentUrl\":\"https:\/\/secure.gravatar.com\/avatar\/e4b4ee6c3da610484c7833975764f79e4222aac4883182ac0e4af6538c2fadf7?s=96&d=mm&r=g\",\"caption\":\"Pamyla Costa\"},\"url\":\"https:\/\/cephas.org.br\/index.php\/author\/pamyla-costa\/\"}]}<\/script>\n<!-- \/ Yoast SEO plugin. -->","yoast_head_json":{"title":"Jovens do Agente Cidad\u00e3o ganham experi\u00eancia no programa - CEPHAS","robots":{"index":"index","follow":"follow","max-snippet":"max-snippet:-1","max-image-preview":"max-image-preview:large","max-video-preview":"max-video-preview:-1"},"canonical":"https:\/\/cephas.org.br\/index.php\/2024\/10\/29\/jovens-do-agente-cidadao-ganham-experiencia-no-programa\/","og_locale":"pt_BR","og_type":"article","og_title":"Jovens do Agente Cidad\u00e3o ganham experi\u00eancia no programa - CEPHAS","og_description":"Atualizado em 14\/08\/2023 &#8211; 17:21 Essa edi\u00e7\u00e3o do Agente Cidad\u00e3o terminou com 60 jovens &#8211; Foto: Divulga\u00e7\u00e3o Henrique MacedoFundhas A&nbsp;Fundhas&nbsp;(Funda\u00e7\u00e3o H\u00e9lio Augusto de Souza) recebeu nesta segunda-feira (14) os jovens que passaram pela segunda edi\u00e7\u00e3o do Programa Agente Cidad\u00e3o. O encontro, no audit\u00f3rio da Fundhas, teve tamb\u00e9m a presen\u00e7a de parentes dos jovens, representantes do [&hellip;]","og_url":"https:\/\/cephas.org.br\/index.php\/2024\/10\/29\/jovens-do-agente-cidadao-ganham-experiencia-no-programa\/","og_site_name":"CEPHAS","article_published_time":"2024-10-29T15:11:58+00:00","og_image":[{"width":940,"height":627,"url":"http:\/\/cephas.org.br\/wp-content\/uploads\/2023\/08\/img_0980.webp","type":"image\/webp"}],"author":"Pamyla Costa","twitter_card":"summary_large_image","twitter_misc":{"Escrito por":"Pamyla Costa","Est. tempo de leitura":"3 minutos"},"schema":{"@context":"https:\/\/schema.org","@graph":[{"@type":"Article","@id":"https:\/\/cephas.org.br\/index.php\/2024\/10\/29\/jovens-do-agente-cidadao-ganham-experiencia-no-programa\/#article","isPartOf":{"@id":"https:\/\/cephas.org.br\/index.php\/2024\/10\/29\/jovens-do-agente-cidadao-ganham-experiencia-no-programa\/"},"author":{"name":"Pamyla Costa","@id":"https:\/\/cephas.org.br\/#\/schema\/person\/bf88621f4720f50690438f24889063f3"},"headline":"Jovens do Agente Cidad\u00e3o ganham experi\u00eancia no programa","datePublished":"2024-10-29T15:11:58+00:00","mainEntityOfPage":{"@id":"https:\/\/cephas.org.br\/index.php\/2024\/10\/29\/jovens-do-agente-cidadao-ganham-experiencia-no-programa\/"},"wordCount":445,"commentCount":0,"publisher":{"@id":"https:\/\/cephas.org.br\/#organization"},"image":{"@id":"https:\/\/cephas.org.br\/index.php\/2024\/10\/29\/jovens-do-agente-cidadao-ganham-experiencia-no-programa\/#primaryimage"},"thumbnailUrl":"https:\/\/cephas.org.br\/wp-content\/uploads\/2023\/08\/img_0980.webp","keywords":["#alunosfundhas","#cursostecnicos","#empregabilidade","#empregos","#gratuito","#prefeiturasjc","Cephas","Fundhas"],"articleSection":["Not\u00edcias"],"inLanguage":"pt-BR","potentialAction":[{"@type":"CommentAction","name":"Comment","target":["https:\/\/cephas.org.br\/index.php\/2024\/10\/29\/jovens-do-agente-cidadao-ganham-experiencia-no-programa\/#respond"]}]},{"@type":"WebPage","@id":"https:\/\/cephas.org.br\/index.php\/2024\/10\/29\/jovens-do-agente-cidadao-ganham-experiencia-no-programa\/","url":"https:\/\/cephas.org.br\/index.php\/2024\/10\/29\/jovens-do-agente-cidadao-ganham-experiencia-no-programa\/","name":"Jovens do Agente Cidad\u00e3o ganham experi\u00eancia no programa - CEPHAS","isPartOf":{"@id":"https:\/\/cephas.org.br\/#website"},"primaryImageOfPage":{"@id":"https:\/\/cephas.org.br\/index.php\/2024\/10\/29\/jovens-do-agente-cidadao-ganham-experiencia-no-programa\/#primaryimage"},"image":{"@id":"https:\/\/cephas.org.br\/index.php\/2024\/10\/29\/jovens-do-agente-cidadao-ganham-experiencia-no-programa\/#primaryimage"},"thumbnailUrl":"https:\/\/cephas.org.br\/wp-content\/uploads\/2023\/08\/img_0980.webp","datePublished":"2024-10-29T15:11:58+00:00","breadcrumb":{"@id":"https:\/\/cephas.org.br\/index.php\/2024\/10\/29\/jovens-do-agente-cidadao-ganham-experiencia-no-programa\/#breadcrumb"},"inLanguage":"pt-BR","potentialAction":[{"@type":"ReadAction","target":["https:\/\/cephas.org.br\/index.php\/2024\/10\/29\/jovens-do-agente-cidadao-ganham-experiencia-no-programa\/"]}]},{"@type":"ImageObject","inLanguage":"pt-BR","@id":"https:\/\/cephas.org.br\/index.php\/2024\/10\/29\/jovens-do-agente-cidadao-ganham-experiencia-no-programa\/#primaryimage","url":"https:\/\/cephas.org.br\/wp-content\/uploads\/2023\/08\/img_0980.webp","contentUrl":"https:\/\/cephas.org.br\/wp-content\/uploads\/2023\/08\/img_0980.webp","width":940,"height":627},{"@type":"BreadcrumbList","@id":"https:\/\/cephas.org.br\/index.php\/2024\/10\/29\/jovens-do-agente-cidadao-ganham-experiencia-no-programa\/#breadcrumb","itemListElement":[{"@type":"ListItem","position":1,"name":"In\u00edcio","item":"https:\/\/cephas.org.br\/"},{"@type":"ListItem","position":2,"name":"Jovens do Agente Cidad\u00e3o ganham experi\u00eancia no programa"}]},{"@type":"WebSite","@id":"https:\/\/cephas.org.br\/#website","url":"https:\/\/cephas.org.br\/","name":"CEPHAS","description":"","publisher":{"@id":"https:\/\/cephas.org.br\/#organization"},"potentialAction":[{"@type":"SearchAction","target":{"@type":"EntryPoint","urlTemplate":"https:\/\/cephas.org.br\/?s={search_term_string}"},"query-input":{"@type":"PropertyValueSpecification","valueRequired":true,"valueName":"search_term_string"}}],"inLanguage":"pt-BR"},{"@type":"Organization","@id":"https:\/\/cephas.org.br\/#organization","name":"CEPHAS","url":"https:\/\/cephas.org.br\/","logo":{"@type":"ImageObject","inLanguage":"pt-BR","@id":"https:\/\/cephas.org.br\/#\/schema\/logo\/image\/","url":"https:\/\/cephas.org.br\/wp-content\/uploads\/2023\/10\/cropped-Assinaturas_CephasFundhas_Pref_Novo-10_Cor-small.png","contentUrl":"https:\/\/cephas.org.br\/wp-content\/uploads\/2023\/10\/cropped-Assinaturas_CephasFundhas_Pref_Novo-10_Cor-small.png","width":812,"height":90,"caption":"CEPHAS"},"image":{"@id":"https:\/\/cephas.org.br\/#\/schema\/logo\/image\/"}},{"@type":"Person","@id":"https:\/\/cephas.org.br\/#\/schema\/person\/bf88621f4720f50690438f24889063f3","name":"Pamyla Costa","image":{"@type":"ImageObject","inLanguage":"pt-BR","@id":"https:\/\/cephas.org.br\/#\/schema\/person\/image\/","url":"https:\/\/secure.gravatar.com\/avatar\/e4b4ee6c3da610484c7833975764f79e4222aac4883182ac0e4af6538c2fadf7?s=96&d=mm&r=g","contentUrl":"https:\/\/secure.gravatar.com\/avatar\/e4b4ee6c3da610484c7833975764f79e4222aac4883182ac0e4af6538c2fadf7?s=96&d=mm&r=g","caption":"Pamyla Costa"},"url":"https:\/\/cephas.org.br\/index.php\/author\/pamyla-costa\/"}]}},"_links":{"self":[{"href":"https:\/\/cephas.org.br\/index.php\/wp-json\/wp\/v2\/posts\/3805","targetHints":{"allow":["GET"]}}],"collection":[{"href":"https:\/\/cephas.org.br\/index.php\/wp-json\/wp\/v2\/posts"}],"about":[{"href":"https:\/\/cephas.org.br\/index.php\/wp-json\/wp\/v2\/types\/post"}],"author":[{"embeddable":true,"href":"https:\/\/cephas.org.br\/index.php\/wp-json\/wp\/v2\/users\/25"}],"replies":[{"embeddable":true,"href":"https:\/\/cephas.org.br\/index.php\/wp-json\/wp\/v2\/comments?post=3805"}],"version-history":[{"count":1,"href":"https:\/\/cephas.org.br\/index.php\/wp-json\/wp\/v2\/posts\/3805\/revisions"}],"predecessor-version":[{"id":3807,"href":"https:\/\/cephas.org.br\/index.php\/wp-json\/wp\/v2\/posts\/3805\/revisions\/3807"}],"wp:featuredmedia":[{"embeddable":true,"href":"https:\/\/cephas.org.br\/index.php\/wp-json\/wp\/v2\/media\/3806"}],"wp:attachment":[{"href":"https:\/\/cephas.org.br\/index.php\/wp-json\/wp\/v2\/media?parent=3805"}],"wp:term":[{"taxonomy":"category","embeddable":true,"href":"https:\/\/cephas.org.br\/index.php\/wp-json\/wp\/v2\/categories?post=3805"},{"taxonomy":"post_tag","embeddable":true,"href":"https:\/\/cephas.org.br\/index.php\/wp-json\/wp\/v2\/tags?post=3805"}],"curies":[{"name":"wp","href":"https:\/\/api.w.org\/{rel}","templated":true}]}}