{"id":3719,"date":"2024-10-29T12:11:59","date_gmt":"2024-10-29T15:11:59","guid":{"rendered":"https:\/\/cephas.org.br\/?p=3719"},"modified":"2024-10-29T12:11:59","modified_gmt":"2024-10-29T15:11:59","slug":"ferias-na-fundhas-oficina-de-dj-termina-com-convidado-especial","status":"publish","type":"post","link":"https:\/\/cephas.org.br\/index.php\/2024\/10\/29\/ferias-na-fundhas-oficina-de-dj-termina-com-convidado-especial\/","title":{"rendered":"F\u00e9rias na Fundhas: oficina de DJ termina com convidado especial"},"content":{"rendered":"\n<figure class=\"wp-block-image size-full\"><img fetchpriority=\"high\" decoding=\"async\" width=\"940\" height=\"627\" src=\"http:\/\/cephas.org.br\/wp-content\/uploads\/2023\/07\/geral_dj.jpeg\" alt=\"\" class=\"wp-image-3720\" srcset=\"https:\/\/cephas.org.br\/wp-content\/uploads\/2023\/07\/geral_dj.jpeg 940w, https:\/\/cephas.org.br\/wp-content\/uploads\/2023\/07\/geral_dj-300x200.jpeg 300w, https:\/\/cephas.org.br\/wp-content\/uploads\/2023\/07\/geral_dj-768x512.jpeg 768w\" sizes=\"(max-width: 940px) 100vw, 940px\" \/><figcaption class=\"wp-element-caption\">DJ Oca durante encerramento da oficina &#8211; Foto: Divulga\u00e7\u00e3o<\/figcaption><\/figure>\n\n\n\n<p><strong>Henrique Macedo<\/strong><br><strong>Fundhas<\/strong><\/p>\n\n\n\n<p>Um dos mais conhecidos e experientes DJ&#8217;s de S\u00e3o Jos\u00e9 dos Campos e regi\u00e3o foi a estrela do encerramento do projeto F\u00e9rias na Fundhas, nesta sexta-feira (21). O DJ Oca mostrou um pouco da sua vasta experi\u00eancia para os jovens que participaram da oficina na unidade Polo Cephas Sul, no Centro da Juventude.<\/p>\n\n\n\n<p>Durante cinco dias, jovens de diferentes unidades da&nbsp;<a href=\"https:\/\/fundhas.org.br\/\">Fundhas<\/a>&nbsp;puderam vivenciar todos os ensinamentos do professor Dalmo durante o curso.<\/p>\n\n\n\n<p>V\u00edctor de S\u00e1, de 16 anos, \u00e9 atendido no Centro de Inova\u00e7\u00e3o Norte. Para ele, o curso foi uma oportunidade de descobrir uma futura profiss\u00e3o. &#8220;No come\u00e7o achei que ia ser s\u00f3 para distrair. Depois, descobri que tenho um dom. Vou compor minhas pr\u00f3prias m\u00fasicas e seguir carreira.&#8221;<\/p>\n\n\n\n<figure class=\"wp-block-image size-full\"><img decoding=\"async\" width=\"500\" height=\"375\" src=\"http:\/\/cephas.org.br\/wp-content\/uploads\/2023\/07\/oficina-de-dj-2.jpeg\" alt=\"\" class=\"wp-image-3721\" srcset=\"https:\/\/cephas.org.br\/wp-content\/uploads\/2023\/07\/oficina-de-dj-2.jpeg 500w, https:\/\/cephas.org.br\/wp-content\/uploads\/2023\/07\/oficina-de-dj-2-300x225.jpeg 300w\" sizes=\"(max-width: 500px) 100vw, 500px\" \/><\/figure>\n\n\n\n<p>J\u00e1 Nataly Silva, de 17 anos, foi a surpresa da tarde festiva. Ela cantou e &#8216;encantou&#8217; a todos com sua voz afinad\u00edssima. &#8220;Eu gosto muito de m\u00fasica. Foi uma forma de dar um passo a mais na minha carreira futura. Pretendo trabalhar nessa \u00e1rea. Eu tenho um grupo de dan\u00e7a, escrevo m\u00fasicas.&#8221;<\/p>\n\n\n\n<figure class=\"wp-block-image size-full\"><img decoding=\"async\" width=\"500\" height=\"375\" src=\"http:\/\/cephas.org.br\/wp-content\/uploads\/2023\/07\/nataly.jpeg\" alt=\"\" class=\"wp-image-3722\" srcset=\"https:\/\/cephas.org.br\/wp-content\/uploads\/2023\/07\/nataly.jpeg 500w, https:\/\/cephas.org.br\/wp-content\/uploads\/2023\/07\/nataly-300x225.jpeg 300w\" sizes=\"(max-width: 500px) 100vw, 500px\" \/><\/figure>\n\n\n\n<p><strong>Carreira<\/strong><\/p>\n\n\n\n<p>Para o DJ Oca, mais de 30 anos de profiss\u00e3o, esse tipo de iniciativa \u00e9 uma excelente forma de atrair jovens para desenvolverem suas voca\u00e7\u00f5es art\u00edsticas.<\/p>\n\n\n\n<p>&#8220;Hoje, muitas pessoas vivem deste trabalho, apesar dele n\u00e3o estar formalmente regularizado. Tem uma lei no Senado ainda sendo apreciada para se tornar uma profiss\u00e3o. O mercado \u00e9 interessante, voc\u00ea pode trabalhar numa r\u00e1dio, em eventos corporativos, empresas de som, ou na pr\u00f3pria noite, em bares e festas.&#8221;<\/p>\n\n\n\n<p><strong>Fundhas<\/strong><\/p>\n\n\n\n<p>Mantida pela Prefeitura ao longo dos 36 anos de exist\u00eancia, a Fundhas contribuiu com a forma\u00e7\u00e3o de mais de 30 mil crian\u00e7as e jovens, que viram a possibilidade de realizar sonhos e de obter crescimento profissional.<\/p>\n\n\n\n<p>Com atua\u00e7\u00e3o no contraturno da escola, a funda\u00e7\u00e3o oferece projetos voltados a diversas \u00e1reas \u2013 m\u00fasica, dan\u00e7a, teatro, artes, tecnologia, meio ambiente e sustentabilidade \u2013 e mant\u00e9m cuidado especial no refor\u00e7o escolar. Todos os atendidos recebem gratuitamente alimenta\u00e7\u00e3o, uniforme e transporte.<\/p>\n","protected":false},"excerpt":{"rendered":"<p>Henrique MacedoFundhas Um dos mais conhecidos e experientes DJ&#8217;s de S\u00e3o Jos\u00e9 dos Campos e regi\u00e3o foi a estrela do encerramento do projeto F\u00e9rias na Fundhas, nesta sexta-feira (21). O DJ Oca mostrou um pouco da sua vasta experi\u00eancia para os jovens que participaram da oficina na unidade Polo Cephas Sul, no Centro da Juventude. [&hellip;]<\/p>\n","protected":false},"author":25,"featured_media":3720,"comment_status":"open","ping_status":"closed","sticky":false,"template":"","format":"standard","meta":{"_acf_changed":false,"_monsterinsights_skip_tracking":false,"_monsterinsights_sitenote_active":false,"_monsterinsights_sitenote_note":"","_monsterinsights_sitenote_category":0,"footnotes":""},"categories":[1],"tags":[],"class_list":{"0":"post-3719","1":"post","2":"type-post","3":"status-publish","4":"format-standard","5":"has-post-thumbnail","7":"category-uncategorized","8":"czr-hentry"},"acf":[],"yoast_head":"<!-- This site is optimized with the Yoast SEO plugin v26.6 - https:\/\/yoast.com\/wordpress\/plugins\/seo\/ -->\n<title>F\u00e9rias na Fundhas: oficina de DJ termina com convidado especial - CEPHAS<\/title>\n<meta name=\"robots\" content=\"index, follow, max-snippet:-1, max-image-preview:large, max-video-preview:-1\" \/>\n<link rel=\"canonical\" href=\"https:\/\/cephas.org.br\/index.php\/2024\/10\/29\/ferias-na-fundhas-oficina-de-dj-termina-com-convidado-especial\/\" \/>\n<meta property=\"og:locale\" content=\"pt_BR\" \/>\n<meta property=\"og:type\" content=\"article\" \/>\n<meta property=\"og:title\" content=\"F\u00e9rias na Fundhas: oficina de DJ termina com convidado especial - CEPHAS\" \/>\n<meta property=\"og:description\" content=\"Henrique MacedoFundhas Um dos mais conhecidos e experientes DJ&#8217;s de S\u00e3o Jos\u00e9 dos Campos e regi\u00e3o foi a estrela do encerramento do projeto F\u00e9rias na Fundhas, nesta sexta-feira (21). O DJ Oca mostrou um pouco da sua vasta experi\u00eancia para os jovens que participaram da oficina na unidade Polo Cephas Sul, no Centro da Juventude. [&hellip;]\" \/>\n<meta property=\"og:url\" content=\"https:\/\/cephas.org.br\/index.php\/2024\/10\/29\/ferias-na-fundhas-oficina-de-dj-termina-com-convidado-especial\/\" \/>\n<meta property=\"og:site_name\" content=\"CEPHAS\" \/>\n<meta property=\"article:published_time\" content=\"2024-10-29T15:11:59+00:00\" \/>\n<meta property=\"og:image\" content=\"http:\/\/cephas.org.br\/wp-content\/uploads\/2023\/07\/geral_dj.jpeg\" \/>\n\t<meta property=\"og:image:width\" content=\"940\" \/>\n\t<meta property=\"og:image:height\" content=\"627\" \/>\n\t<meta property=\"og:image:type\" content=\"image\/jpeg\" \/>\n<meta name=\"author\" content=\"Pamyla Costa\" \/>\n<meta name=\"twitter:card\" content=\"summary_large_image\" \/>\n<meta name=\"twitter:label1\" content=\"Escrito por\" \/>\n\t<meta name=\"twitter:data1\" content=\"Pamyla Costa\" \/>\n\t<meta name=\"twitter:label2\" content=\"Est. tempo de leitura\" \/>\n\t<meta name=\"twitter:data2\" content=\"3 minutos\" \/>\n<script type=\"application\/ld+json\" class=\"yoast-schema-graph\">{\"@context\":\"https:\/\/schema.org\",\"@graph\":[{\"@type\":\"Article\",\"@id\":\"https:\/\/cephas.org.br\/index.php\/2024\/10\/29\/ferias-na-fundhas-oficina-de-dj-termina-com-convidado-especial\/#article\",\"isPartOf\":{\"@id\":\"https:\/\/cephas.org.br\/index.php\/2024\/10\/29\/ferias-na-fundhas-oficina-de-dj-termina-com-convidado-especial\/\"},\"author\":{\"name\":\"Pamyla Costa\",\"@id\":\"https:\/\/cephas.org.br\/#\/schema\/person\/bf88621f4720f50690438f24889063f3\"},\"headline\":\"F\u00e9rias na Fundhas: oficina de DJ termina com convidado especial\",\"datePublished\":\"2024-10-29T15:11:59+00:00\",\"mainEntityOfPage\":{\"@id\":\"https:\/\/cephas.org.br\/index.php\/2024\/10\/29\/ferias-na-fundhas-oficina-de-dj-termina-com-convidado-especial\/\"},\"wordCount\":372,\"commentCount\":0,\"publisher\":{\"@id\":\"https:\/\/cephas.org.br\/#organization\"},\"image\":{\"@id\":\"https:\/\/cephas.org.br\/index.php\/2024\/10\/29\/ferias-na-fundhas-oficina-de-dj-termina-com-convidado-especial\/#primaryimage\"},\"thumbnailUrl\":\"https:\/\/cephas.org.br\/wp-content\/uploads\/2023\/07\/geral_dj.jpeg\",\"articleSection\":[\"Uncategorized\"],\"inLanguage\":\"pt-BR\",\"potentialAction\":[{\"@type\":\"CommentAction\",\"name\":\"Comment\",\"target\":[\"https:\/\/cephas.org.br\/index.php\/2024\/10\/29\/ferias-na-fundhas-oficina-de-dj-termina-com-convidado-especial\/#respond\"]}]},{\"@type\":\"WebPage\",\"@id\":\"https:\/\/cephas.org.br\/index.php\/2024\/10\/29\/ferias-na-fundhas-oficina-de-dj-termina-com-convidado-especial\/\",\"url\":\"https:\/\/cephas.org.br\/index.php\/2024\/10\/29\/ferias-na-fundhas-oficina-de-dj-termina-com-convidado-especial\/\",\"name\":\"F\u00e9rias na Fundhas: oficina de DJ termina com convidado especial - CEPHAS\",\"isPartOf\":{\"@id\":\"https:\/\/cephas.org.br\/#website\"},\"primaryImageOfPage\":{\"@id\":\"https:\/\/cephas.org.br\/index.php\/2024\/10\/29\/ferias-na-fundhas-oficina-de-dj-termina-com-convidado-especial\/#primaryimage\"},\"image\":{\"@id\":\"https:\/\/cephas.org.br\/index.php\/2024\/10\/29\/ferias-na-fundhas-oficina-de-dj-termina-com-convidado-especial\/#primaryimage\"},\"thumbnailUrl\":\"https:\/\/cephas.org.br\/wp-content\/uploads\/2023\/07\/geral_dj.jpeg\",\"datePublished\":\"2024-10-29T15:11:59+00:00\",\"breadcrumb\":{\"@id\":\"https:\/\/cephas.org.br\/index.php\/2024\/10\/29\/ferias-na-fundhas-oficina-de-dj-termina-com-convidado-especial\/#breadcrumb\"},\"inLanguage\":\"pt-BR\",\"potentialAction\":[{\"@type\":\"ReadAction\",\"target\":[\"https:\/\/cephas.org.br\/index.php\/2024\/10\/29\/ferias-na-fundhas-oficina-de-dj-termina-com-convidado-especial\/\"]}]},{\"@type\":\"ImageObject\",\"inLanguage\":\"pt-BR\",\"@id\":\"https:\/\/cephas.org.br\/index.php\/2024\/10\/29\/ferias-na-fundhas-oficina-de-dj-termina-com-convidado-especial\/#primaryimage\",\"url\":\"https:\/\/cephas.org.br\/wp-content\/uploads\/2023\/07\/geral_dj.jpeg\",\"contentUrl\":\"https:\/\/cephas.org.br\/wp-content\/uploads\/2023\/07\/geral_dj.jpeg\",\"width\":940,\"height\":627},{\"@type\":\"BreadcrumbList\",\"@id\":\"https:\/\/cephas.org.br\/index.php\/2024\/10\/29\/ferias-na-fundhas-oficina-de-dj-termina-com-convidado-especial\/#breadcrumb\",\"itemListElement\":[{\"@type\":\"ListItem\",\"position\":1,\"name\":\"In\u00edcio\",\"item\":\"https:\/\/cephas.org.br\/\"},{\"@type\":\"ListItem\",\"position\":2,\"name\":\"F\u00e9rias na Fundhas: oficina de DJ termina com convidado especial\"}]},{\"@type\":\"WebSite\",\"@id\":\"https:\/\/cephas.org.br\/#website\",\"url\":\"https:\/\/cephas.org.br\/\",\"name\":\"CEPHAS\",\"description\":\"\",\"publisher\":{\"@id\":\"https:\/\/cephas.org.br\/#organization\"},\"potentialAction\":[{\"@type\":\"SearchAction\",\"target\":{\"@type\":\"EntryPoint\",\"urlTemplate\":\"https:\/\/cephas.org.br\/?s={search_term_string}\"},\"query-input\":{\"@type\":\"PropertyValueSpecification\",\"valueRequired\":true,\"valueName\":\"search_term_string\"}}],\"inLanguage\":\"pt-BR\"},{\"@type\":\"Organization\",\"@id\":\"https:\/\/cephas.org.br\/#organization\",\"name\":\"CEPHAS\",\"url\":\"https:\/\/cephas.org.br\/\",\"logo\":{\"@type\":\"ImageObject\",\"inLanguage\":\"pt-BR\",\"@id\":\"https:\/\/cephas.org.br\/#\/schema\/logo\/image\/\",\"url\":\"https:\/\/cephas.org.br\/wp-content\/uploads\/2023\/10\/cropped-Assinaturas_CephasFundhas_Pref_Novo-10_Cor-small.png\",\"contentUrl\":\"https:\/\/cephas.org.br\/wp-content\/uploads\/2023\/10\/cropped-Assinaturas_CephasFundhas_Pref_Novo-10_Cor-small.png\",\"width\":812,\"height\":90,\"caption\":\"CEPHAS\"},\"image\":{\"@id\":\"https:\/\/cephas.org.br\/#\/schema\/logo\/image\/\"}},{\"@type\":\"Person\",\"@id\":\"https:\/\/cephas.org.br\/#\/schema\/person\/bf88621f4720f50690438f24889063f3\",\"name\":\"Pamyla Costa\",\"image\":{\"@type\":\"ImageObject\",\"inLanguage\":\"pt-BR\",\"@id\":\"https:\/\/cephas.org.br\/#\/schema\/person\/image\/\",\"url\":\"https:\/\/secure.gravatar.com\/avatar\/e4b4ee6c3da610484c7833975764f79e4222aac4883182ac0e4af6538c2fadf7?s=96&d=mm&r=g\",\"contentUrl\":\"https:\/\/secure.gravatar.com\/avatar\/e4b4ee6c3da610484c7833975764f79e4222aac4883182ac0e4af6538c2fadf7?s=96&d=mm&r=g\",\"caption\":\"Pamyla Costa\"},\"url\":\"https:\/\/cephas.org.br\/index.php\/author\/pamyla-costa\/\"}]}<\/script>\n<!-- \/ Yoast SEO plugin. -->","yoast_head_json":{"title":"F\u00e9rias na Fundhas: oficina de DJ termina com convidado especial - CEPHAS","robots":{"index":"index","follow":"follow","max-snippet":"max-snippet:-1","max-image-preview":"max-image-preview:large","max-video-preview":"max-video-preview:-1"},"canonical":"https:\/\/cephas.org.br\/index.php\/2024\/10\/29\/ferias-na-fundhas-oficina-de-dj-termina-com-convidado-especial\/","og_locale":"pt_BR","og_type":"article","og_title":"F\u00e9rias na Fundhas: oficina de DJ termina com convidado especial - CEPHAS","og_description":"Henrique MacedoFundhas Um dos mais conhecidos e experientes DJ&#8217;s de S\u00e3o Jos\u00e9 dos Campos e regi\u00e3o foi a estrela do encerramento do projeto F\u00e9rias na Fundhas, nesta sexta-feira (21). O DJ Oca mostrou um pouco da sua vasta experi\u00eancia para os jovens que participaram da oficina na unidade Polo Cephas Sul, no Centro da Juventude. [&hellip;]","og_url":"https:\/\/cephas.org.br\/index.php\/2024\/10\/29\/ferias-na-fundhas-oficina-de-dj-termina-com-convidado-especial\/","og_site_name":"CEPHAS","article_published_time":"2024-10-29T15:11:59+00:00","og_image":[{"width":940,"height":627,"url":"http:\/\/cephas.org.br\/wp-content\/uploads\/2023\/07\/geral_dj.jpeg","type":"image\/jpeg"}],"author":"Pamyla Costa","twitter_card":"summary_large_image","twitter_misc":{"Escrito por":"Pamyla Costa","Est. tempo de leitura":"3 minutos"},"schema":{"@context":"https:\/\/schema.org","@graph":[{"@type":"Article","@id":"https:\/\/cephas.org.br\/index.php\/2024\/10\/29\/ferias-na-fundhas-oficina-de-dj-termina-com-convidado-especial\/#article","isPartOf":{"@id":"https:\/\/cephas.org.br\/index.php\/2024\/10\/29\/ferias-na-fundhas-oficina-de-dj-termina-com-convidado-especial\/"},"author":{"name":"Pamyla Costa","@id":"https:\/\/cephas.org.br\/#\/schema\/person\/bf88621f4720f50690438f24889063f3"},"headline":"F\u00e9rias na Fundhas: oficina de DJ termina com convidado especial","datePublished":"2024-10-29T15:11:59+00:00","mainEntityOfPage":{"@id":"https:\/\/cephas.org.br\/index.php\/2024\/10\/29\/ferias-na-fundhas-oficina-de-dj-termina-com-convidado-especial\/"},"wordCount":372,"commentCount":0,"publisher":{"@id":"https:\/\/cephas.org.br\/#organization"},"image":{"@id":"https:\/\/cephas.org.br\/index.php\/2024\/10\/29\/ferias-na-fundhas-oficina-de-dj-termina-com-convidado-especial\/#primaryimage"},"thumbnailUrl":"https:\/\/cephas.org.br\/wp-content\/uploads\/2023\/07\/geral_dj.jpeg","articleSection":["Uncategorized"],"inLanguage":"pt-BR","potentialAction":[{"@type":"CommentAction","name":"Comment","target":["https:\/\/cephas.org.br\/index.php\/2024\/10\/29\/ferias-na-fundhas-oficina-de-dj-termina-com-convidado-especial\/#respond"]}]},{"@type":"WebPage","@id":"https:\/\/cephas.org.br\/index.php\/2024\/10\/29\/ferias-na-fundhas-oficina-de-dj-termina-com-convidado-especial\/","url":"https:\/\/cephas.org.br\/index.php\/2024\/10\/29\/ferias-na-fundhas-oficina-de-dj-termina-com-convidado-especial\/","name":"F\u00e9rias na Fundhas: oficina de DJ termina com convidado especial - CEPHAS","isPartOf":{"@id":"https:\/\/cephas.org.br\/#website"},"primaryImageOfPage":{"@id":"https:\/\/cephas.org.br\/index.php\/2024\/10\/29\/ferias-na-fundhas-oficina-de-dj-termina-com-convidado-especial\/#primaryimage"},"image":{"@id":"https:\/\/cephas.org.br\/index.php\/2024\/10\/29\/ferias-na-fundhas-oficina-de-dj-termina-com-convidado-especial\/#primaryimage"},"thumbnailUrl":"https:\/\/cephas.org.br\/wp-content\/uploads\/2023\/07\/geral_dj.jpeg","datePublished":"2024-10-29T15:11:59+00:00","breadcrumb":{"@id":"https:\/\/cephas.org.br\/index.php\/2024\/10\/29\/ferias-na-fundhas-oficina-de-dj-termina-com-convidado-especial\/#breadcrumb"},"inLanguage":"pt-BR","potentialAction":[{"@type":"ReadAction","target":["https:\/\/cephas.org.br\/index.php\/2024\/10\/29\/ferias-na-fundhas-oficina-de-dj-termina-com-convidado-especial\/"]}]},{"@type":"ImageObject","inLanguage":"pt-BR","@id":"https:\/\/cephas.org.br\/index.php\/2024\/10\/29\/ferias-na-fundhas-oficina-de-dj-termina-com-convidado-especial\/#primaryimage","url":"https:\/\/cephas.org.br\/wp-content\/uploads\/2023\/07\/geral_dj.jpeg","contentUrl":"https:\/\/cephas.org.br\/wp-content\/uploads\/2023\/07\/geral_dj.jpeg","width":940,"height":627},{"@type":"BreadcrumbList","@id":"https:\/\/cephas.org.br\/index.php\/2024\/10\/29\/ferias-na-fundhas-oficina-de-dj-termina-com-convidado-especial\/#breadcrumb","itemListElement":[{"@type":"ListItem","position":1,"name":"In\u00edcio","item":"https:\/\/cephas.org.br\/"},{"@type":"ListItem","position":2,"name":"F\u00e9rias na Fundhas: oficina de DJ termina com convidado especial"}]},{"@type":"WebSite","@id":"https:\/\/cephas.org.br\/#website","url":"https:\/\/cephas.org.br\/","name":"CEPHAS","description":"","publisher":{"@id":"https:\/\/cephas.org.br\/#organization"},"potentialAction":[{"@type":"SearchAction","target":{"@type":"EntryPoint","urlTemplate":"https:\/\/cephas.org.br\/?s={search_term_string}"},"query-input":{"@type":"PropertyValueSpecification","valueRequired":true,"valueName":"search_term_string"}}],"inLanguage":"pt-BR"},{"@type":"Organization","@id":"https:\/\/cephas.org.br\/#organization","name":"CEPHAS","url":"https:\/\/cephas.org.br\/","logo":{"@type":"ImageObject","inLanguage":"pt-BR","@id":"https:\/\/cephas.org.br\/#\/schema\/logo\/image\/","url":"https:\/\/cephas.org.br\/wp-content\/uploads\/2023\/10\/cropped-Assinaturas_CephasFundhas_Pref_Novo-10_Cor-small.png","contentUrl":"https:\/\/cephas.org.br\/wp-content\/uploads\/2023\/10\/cropped-Assinaturas_CephasFundhas_Pref_Novo-10_Cor-small.png","width":812,"height":90,"caption":"CEPHAS"},"image":{"@id":"https:\/\/cephas.org.br\/#\/schema\/logo\/image\/"}},{"@type":"Person","@id":"https:\/\/cephas.org.br\/#\/schema\/person\/bf88621f4720f50690438f24889063f3","name":"Pamyla Costa","image":{"@type":"ImageObject","inLanguage":"pt-BR","@id":"https:\/\/cephas.org.br\/#\/schema\/person\/image\/","url":"https:\/\/secure.gravatar.com\/avatar\/e4b4ee6c3da610484c7833975764f79e4222aac4883182ac0e4af6538c2fadf7?s=96&d=mm&r=g","contentUrl":"https:\/\/secure.gravatar.com\/avatar\/e4b4ee6c3da610484c7833975764f79e4222aac4883182ac0e4af6538c2fadf7?s=96&d=mm&r=g","caption":"Pamyla Costa"},"url":"https:\/\/cephas.org.br\/index.php\/author\/pamyla-costa\/"}]}},"_links":{"self":[{"href":"https:\/\/cephas.org.br\/index.php\/wp-json\/wp\/v2\/posts\/3719","targetHints":{"allow":["GET"]}}],"collection":[{"href":"https:\/\/cephas.org.br\/index.php\/wp-json\/wp\/v2\/posts"}],"about":[{"href":"https:\/\/cephas.org.br\/index.php\/wp-json\/wp\/v2\/types\/post"}],"author":[{"embeddable":true,"href":"https:\/\/cephas.org.br\/index.php\/wp-json\/wp\/v2\/users\/25"}],"replies":[{"embeddable":true,"href":"https:\/\/cephas.org.br\/index.php\/wp-json\/wp\/v2\/comments?post=3719"}],"version-history":[{"count":1,"href":"https:\/\/cephas.org.br\/index.php\/wp-json\/wp\/v2\/posts\/3719\/revisions"}],"predecessor-version":[{"id":3723,"href":"https:\/\/cephas.org.br\/index.php\/wp-json\/wp\/v2\/posts\/3719\/revisions\/3723"}],"wp:featuredmedia":[{"embeddable":true,"href":"https:\/\/cephas.org.br\/index.php\/wp-json\/wp\/v2\/media\/3720"}],"wp:attachment":[{"href":"https:\/\/cephas.org.br\/index.php\/wp-json\/wp\/v2\/media?parent=3719"}],"wp:term":[{"taxonomy":"category","embeddable":true,"href":"https:\/\/cephas.org.br\/index.php\/wp-json\/wp\/v2\/categories?post=3719"},{"taxonomy":"post_tag","embeddable":true,"href":"https:\/\/cephas.org.br\/index.php\/wp-json\/wp\/v2\/tags?post=3719"}],"curies":[{"name":"wp","href":"https:\/\/api.w.org\/{rel}","templated":true}]}}