{"id":371,"date":"2024-10-29T12:15:30","date_gmt":"2024-10-29T15:15:30","guid":{"rendered":"http:\/\/cephas.org.br\/?p=371"},"modified":"2024-10-29T12:15:30","modified_gmt":"2024-10-29T15:15:30","slug":"campeonato-italiano-de-boxe-tera-participacao-de-aluno-do-cephas","status":"publish","type":"post","link":"https:\/\/cephas.org.br\/index.php\/2024\/10\/29\/campeonato-italiano-de-boxe-tera-participacao-de-aluno-do-cephas\/","title":{"rendered":"Campeonato italiano de boxe ter\u00e1 participa\u00e7\u00e3o de aluno do Cephas"},"content":{"rendered":"\n<p>Neste s\u00e1bado (20), o aluno do curso t\u00e9cnico de mec\u00e2nica industrial do\u00a0Cephas\u00a0 (Centro de Educa\u00e7\u00e3o Profissional H\u00e9lio de Souza), Gabriel Jo\u00e1s Sanches, 17, viaja para a It\u00e1lia \u00a0onde participar\u00e1 de\u00a0 um campeonato de boxe de alto n\u00edvel, a convite da Federa\u00e7\u00e3o de Boxe Italiana. O Brasil estar\u00e1 representado por atletas de S\u00e3o Paulo e do Rio de Janeiro.<\/p>\n\n\n\n<p>Para o atleta, que retornar\u00e1 dia 13\nde novembro, essa \u00e9 a oportunidade que ter\u00e1 de&nbsp;\nlutar com os melhores do mundo e aprimorar o seu desempenho no ringue .\nEle disputar\u00e1 campeonatos nas cidades de Roma e Bolonha.<\/p>\n\n\n\n<figure class=\"wp-block-image\"><img fetchpriority=\"high\" decoding=\"async\" width=\"940\" height=\"627\" src=\"http:\/\/cephas.org.br\/wp-content\/uploads\/2018\/10\/unnamed-1.jpg\" alt=\"\" class=\"wp-image-372\" srcset=\"https:\/\/cephas.org.br\/wp-content\/uploads\/2018\/10\/unnamed-1.jpg 940w, https:\/\/cephas.org.br\/wp-content\/uploads\/2018\/10\/unnamed-1-300x200.jpg 300w, https:\/\/cephas.org.br\/wp-content\/uploads\/2018\/10\/unnamed-1-768x512.jpg 768w\" sizes=\"(max-width: 940px) 100vw, 940px\" \/><figcaption>Foto: PMSJC<\/figcaption><\/figure>\n\n\n\n<p>\u201cSer\u00e1 a oportunidade de eu mostrar\npara o mundo todo o meu potencial, todo o trabalho que desenvolvi at\u00e9 aqui e\numa oportunidade mais pr\u00f3xima para que eu possa realizar o meu sonho que \u00e9 o de\nentrar para a Sele\u00e7\u00e3o Brasileira de Boxe\u201d, conta animado.<\/p>\n\n\n\n<p>Outra op\u00e7\u00e3o \u00e9 seguir a carreira de\natleta militar do Ex\u00e9rcito ou da Marinha brasileiros.&nbsp; Para que uma dessas possibilidades se torne\nposs\u00edvel Gabriel &nbsp;&nbsp;precisa ficar entre os tr\u00eas primeiros lugares,\nna disputa&nbsp; pelo Campeonato Brasileiro\nque acontecer\u00e1 em novembro pr\u00f3ximo.<\/p>\n\n\n\n<p>\u201cEu j\u00e1 fui campe\u00e3o brasileiro em\nminha categoria, no ano passado e se eu mantiver este resultado, meu sonho\nestar\u00e1 mais perto\u201d, diz Gabriel. <\/p>\n\n\n\n<p>Sobre o Atleta<\/p>\n\n\n\n<p>Gabriel est\u00e1 no \u00faltimo m\u00f3dulo do\ncurso de mec\u00e2nica e faz parte da equipe de boxe do&nbsp;<a href=\"http:\/\/www.sjc.sp.gov.br\/servicos\/esporte-e-qualidade-de-vida\/categorias-de-base\/\" target=\"_blank\" rel=\"noreferrer noopener\">programa Atleta Cidad\u00e3o<\/a>, da Prefeitura de S\u00e3o Jos\u00e9 dos Campos. H\u00e1 seis anos, ele treina no\nPoliesportivo do Campo dos Alem\u00e3es.<\/p>\n\n\n\n<p>T\u00edtulos de Gabriel Sanches<\/p>\n\n\n\n<ul class=\"wp-block-list\"><li>Campe\u00e3o brasileiro (2017)<\/li><li>Hexacampe\u00e3o paulista (2012 a 2015 e\n2017 a 2018)<\/li><li>Campe\u00e3o paulista no Kid Jofre (2015)<\/li><li>Bicampe\u00e3o do Torneio Galo de Ouro\nInfantil (2013 e 2014)<\/li><\/ul>\n","protected":false},"excerpt":{"rendered":"<p>Neste s\u00e1bado (20), o aluno do curso t\u00e9cnico de mec\u00e2nica industrial do\u00a0Cephas\u00a0 (Centro de Educa\u00e7\u00e3o Profissional H\u00e9lio de Souza), Gabriel Jo\u00e1s Sanches, 17, viaja para a It\u00e1lia \u00a0onde participar\u00e1 de\u00a0 um campeonato de boxe de alto n\u00edvel, a convite da Federa\u00e7\u00e3o de Boxe Italiana. O Brasil estar\u00e1 representado por atletas de S\u00e3o Paulo e do [&hellip;]<\/p>\n","protected":false},"author":3,"featured_media":0,"comment_status":"open","ping_status":"closed","sticky":false,"template":"","format":"standard","meta":{"_acf_changed":false,"_monsterinsights_skip_tracking":false,"_monsterinsights_sitenote_active":false,"_monsterinsights_sitenote_note":"","_monsterinsights_sitenote_category":0,"footnotes":""},"categories":[1],"tags":[],"class_list":{"0":"post-371","1":"post","2":"type-post","3":"status-publish","4":"format-standard","6":"category-uncategorized","7":"czr-hentry"},"acf":[],"yoast_head":"<!-- This site is optimized with the Yoast SEO plugin v26.6 - https:\/\/yoast.com\/wordpress\/plugins\/seo\/ -->\n<title>Campeonato italiano de boxe ter\u00e1 participa\u00e7\u00e3o de aluno do Cephas - CEPHAS<\/title>\n<meta name=\"robots\" content=\"index, follow, max-snippet:-1, max-image-preview:large, max-video-preview:-1\" \/>\n<link rel=\"canonical\" href=\"https:\/\/cephas.org.br\/index.php\/2024\/10\/29\/campeonato-italiano-de-boxe-tera-participacao-de-aluno-do-cephas\/\" \/>\n<meta property=\"og:locale\" content=\"pt_BR\" \/>\n<meta property=\"og:type\" content=\"article\" \/>\n<meta property=\"og:title\" content=\"Campeonato italiano de boxe ter\u00e1 participa\u00e7\u00e3o de aluno do Cephas - CEPHAS\" \/>\n<meta property=\"og:description\" content=\"Neste s\u00e1bado (20), o aluno do curso t\u00e9cnico de mec\u00e2nica industrial do\u00a0Cephas\u00a0 (Centro de Educa\u00e7\u00e3o Profissional H\u00e9lio de Souza), Gabriel Jo\u00e1s Sanches, 17, viaja para a It\u00e1lia \u00a0onde participar\u00e1 de\u00a0 um campeonato de boxe de alto n\u00edvel, a convite da Federa\u00e7\u00e3o de Boxe Italiana. O Brasil estar\u00e1 representado por atletas de S\u00e3o Paulo e do [&hellip;]\" \/>\n<meta property=\"og:url\" content=\"https:\/\/cephas.org.br\/index.php\/2024\/10\/29\/campeonato-italiano-de-boxe-tera-participacao-de-aluno-do-cephas\/\" \/>\n<meta property=\"og:site_name\" content=\"CEPHAS\" \/>\n<meta property=\"article:published_time\" content=\"2024-10-29T15:15:30+00:00\" \/>\n<meta property=\"og:image\" content=\"https:\/\/cephas.org.br\/wp-content\/uploads\/2018\/10\/unnamed-1.jpg\" \/>\n\t<meta property=\"og:image:width\" content=\"940\" \/>\n\t<meta property=\"og:image:height\" content=\"627\" \/>\n\t<meta property=\"og:image:type\" content=\"image\/jpeg\" \/>\n<meta name=\"author\" content=\"Quiteria Melo\" \/>\n<meta name=\"twitter:card\" content=\"summary_large_image\" \/>\n<meta name=\"twitter:label1\" content=\"Escrito por\" \/>\n\t<meta name=\"twitter:data1\" content=\"Quiteria Melo\" \/>\n\t<meta name=\"twitter:label2\" content=\"Est. tempo de leitura\" \/>\n\t<meta name=\"twitter:data2\" content=\"2 minutos\" \/>\n<script type=\"application\/ld+json\" class=\"yoast-schema-graph\">{\"@context\":\"https:\/\/schema.org\",\"@graph\":[{\"@type\":\"Article\",\"@id\":\"https:\/\/cephas.org.br\/index.php\/2024\/10\/29\/campeonato-italiano-de-boxe-tera-participacao-de-aluno-do-cephas\/#article\",\"isPartOf\":{\"@id\":\"https:\/\/cephas.org.br\/index.php\/2024\/10\/29\/campeonato-italiano-de-boxe-tera-participacao-de-aluno-do-cephas\/\"},\"author\":{\"name\":\"Quiteria Melo\",\"@id\":\"https:\/\/cephas.org.br\/#\/schema\/person\/cb32b2dfaabafa805d7a78897d6fc055\"},\"headline\":\"Campeonato italiano de boxe ter\u00e1 participa\u00e7\u00e3o de aluno do Cephas\",\"datePublished\":\"2024-10-29T15:15:30+00:00\",\"mainEntityOfPage\":{\"@id\":\"https:\/\/cephas.org.br\/index.php\/2024\/10\/29\/campeonato-italiano-de-boxe-tera-participacao-de-aluno-do-cephas\/\"},\"wordCount\":314,\"commentCount\":0,\"publisher\":{\"@id\":\"https:\/\/cephas.org.br\/#organization\"},\"image\":{\"@id\":\"https:\/\/cephas.org.br\/index.php\/2024\/10\/29\/campeonato-italiano-de-boxe-tera-participacao-de-aluno-do-cephas\/#primaryimage\"},\"thumbnailUrl\":\"http:\/\/cephas.org.br\/wp-content\/uploads\/2018\/10\/unnamed-1.jpg\",\"articleSection\":[\"Uncategorized\"],\"inLanguage\":\"pt-BR\",\"potentialAction\":[{\"@type\":\"CommentAction\",\"name\":\"Comment\",\"target\":[\"https:\/\/cephas.org.br\/index.php\/2024\/10\/29\/campeonato-italiano-de-boxe-tera-participacao-de-aluno-do-cephas\/#respond\"]}]},{\"@type\":\"WebPage\",\"@id\":\"https:\/\/cephas.org.br\/index.php\/2024\/10\/29\/campeonato-italiano-de-boxe-tera-participacao-de-aluno-do-cephas\/\",\"url\":\"https:\/\/cephas.org.br\/index.php\/2024\/10\/29\/campeonato-italiano-de-boxe-tera-participacao-de-aluno-do-cephas\/\",\"name\":\"Campeonato italiano de boxe ter\u00e1 participa\u00e7\u00e3o de aluno do Cephas - CEPHAS\",\"isPartOf\":{\"@id\":\"https:\/\/cephas.org.br\/#website\"},\"primaryImageOfPage\":{\"@id\":\"https:\/\/cephas.org.br\/index.php\/2024\/10\/29\/campeonato-italiano-de-boxe-tera-participacao-de-aluno-do-cephas\/#primaryimage\"},\"image\":{\"@id\":\"https:\/\/cephas.org.br\/index.php\/2024\/10\/29\/campeonato-italiano-de-boxe-tera-participacao-de-aluno-do-cephas\/#primaryimage\"},\"thumbnailUrl\":\"http:\/\/cephas.org.br\/wp-content\/uploads\/2018\/10\/unnamed-1.jpg\",\"datePublished\":\"2024-10-29T15:15:30+00:00\",\"breadcrumb\":{\"@id\":\"https:\/\/cephas.org.br\/index.php\/2024\/10\/29\/campeonato-italiano-de-boxe-tera-participacao-de-aluno-do-cephas\/#breadcrumb\"},\"inLanguage\":\"pt-BR\",\"potentialAction\":[{\"@type\":\"ReadAction\",\"target\":[\"https:\/\/cephas.org.br\/index.php\/2024\/10\/29\/campeonato-italiano-de-boxe-tera-participacao-de-aluno-do-cephas\/\"]}]},{\"@type\":\"ImageObject\",\"inLanguage\":\"pt-BR\",\"@id\":\"https:\/\/cephas.org.br\/index.php\/2024\/10\/29\/campeonato-italiano-de-boxe-tera-participacao-de-aluno-do-cephas\/#primaryimage\",\"url\":\"http:\/\/cephas.org.br\/wp-content\/uploads\/2018\/10\/unnamed-1.jpg\",\"contentUrl\":\"http:\/\/cephas.org.br\/wp-content\/uploads\/2018\/10\/unnamed-1.jpg\"},{\"@type\":\"BreadcrumbList\",\"@id\":\"https:\/\/cephas.org.br\/index.php\/2024\/10\/29\/campeonato-italiano-de-boxe-tera-participacao-de-aluno-do-cephas\/#breadcrumb\",\"itemListElement\":[{\"@type\":\"ListItem\",\"position\":1,\"name\":\"In\u00edcio\",\"item\":\"https:\/\/cephas.org.br\/\"},{\"@type\":\"ListItem\",\"position\":2,\"name\":\"Campeonato italiano de boxe ter\u00e1 participa\u00e7\u00e3o de aluno do Cephas\"}]},{\"@type\":\"WebSite\",\"@id\":\"https:\/\/cephas.org.br\/#website\",\"url\":\"https:\/\/cephas.org.br\/\",\"name\":\"CEPHAS\",\"description\":\"\",\"publisher\":{\"@id\":\"https:\/\/cephas.org.br\/#organization\"},\"potentialAction\":[{\"@type\":\"SearchAction\",\"target\":{\"@type\":\"EntryPoint\",\"urlTemplate\":\"https:\/\/cephas.org.br\/?s={search_term_string}\"},\"query-input\":{\"@type\":\"PropertyValueSpecification\",\"valueRequired\":true,\"valueName\":\"search_term_string\"}}],\"inLanguage\":\"pt-BR\"},{\"@type\":\"Organization\",\"@id\":\"https:\/\/cephas.org.br\/#organization\",\"name\":\"CEPHAS\",\"url\":\"https:\/\/cephas.org.br\/\",\"logo\":{\"@type\":\"ImageObject\",\"inLanguage\":\"pt-BR\",\"@id\":\"https:\/\/cephas.org.br\/#\/schema\/logo\/image\/\",\"url\":\"https:\/\/cephas.org.br\/wp-content\/uploads\/2023\/10\/cropped-Assinaturas_CephasFundhas_Pref_Novo-10_Cor-small.png\",\"contentUrl\":\"https:\/\/cephas.org.br\/wp-content\/uploads\/2023\/10\/cropped-Assinaturas_CephasFundhas_Pref_Novo-10_Cor-small.png\",\"width\":812,\"height\":90,\"caption\":\"CEPHAS\"},\"image\":{\"@id\":\"https:\/\/cephas.org.br\/#\/schema\/logo\/image\/\"}},{\"@type\":\"Person\",\"@id\":\"https:\/\/cephas.org.br\/#\/schema\/person\/cb32b2dfaabafa805d7a78897d6fc055\",\"name\":\"Quiteria Melo\",\"image\":{\"@type\":\"ImageObject\",\"inLanguage\":\"pt-BR\",\"@id\":\"https:\/\/cephas.org.br\/#\/schema\/person\/image\/\",\"url\":\"https:\/\/secure.gravatar.com\/avatar\/44a498cce9dc713233f6cf64937b12e0071cc16cdc6aa1e4e41bdde1494dceaf?s=96&d=mm&r=g\",\"contentUrl\":\"https:\/\/secure.gravatar.com\/avatar\/44a498cce9dc713233f6cf64937b12e0071cc16cdc6aa1e4e41bdde1494dceaf?s=96&d=mm&r=g\",\"caption\":\"Quiteria Melo\"},\"url\":\"https:\/\/cephas.org.br\/index.php\/author\/quiteria-melo\/\"}]}<\/script>\n<!-- \/ Yoast SEO plugin. -->","yoast_head_json":{"title":"Campeonato italiano de boxe ter\u00e1 participa\u00e7\u00e3o de aluno do Cephas - CEPHAS","robots":{"index":"index","follow":"follow","max-snippet":"max-snippet:-1","max-image-preview":"max-image-preview:large","max-video-preview":"max-video-preview:-1"},"canonical":"https:\/\/cephas.org.br\/index.php\/2024\/10\/29\/campeonato-italiano-de-boxe-tera-participacao-de-aluno-do-cephas\/","og_locale":"pt_BR","og_type":"article","og_title":"Campeonato italiano de boxe ter\u00e1 participa\u00e7\u00e3o de aluno do Cephas - CEPHAS","og_description":"Neste s\u00e1bado (20), o aluno do curso t\u00e9cnico de mec\u00e2nica industrial do\u00a0Cephas\u00a0 (Centro de Educa\u00e7\u00e3o Profissional H\u00e9lio de Souza), Gabriel Jo\u00e1s Sanches, 17, viaja para a It\u00e1lia \u00a0onde participar\u00e1 de\u00a0 um campeonato de boxe de alto n\u00edvel, a convite da Federa\u00e7\u00e3o de Boxe Italiana. O Brasil estar\u00e1 representado por atletas de S\u00e3o Paulo e do [&hellip;]","og_url":"https:\/\/cephas.org.br\/index.php\/2024\/10\/29\/campeonato-italiano-de-boxe-tera-participacao-de-aluno-do-cephas\/","og_site_name":"CEPHAS","article_published_time":"2024-10-29T15:15:30+00:00","og_image":[{"width":940,"height":627,"url":"https:\/\/cephas.org.br\/wp-content\/uploads\/2018\/10\/unnamed-1.jpg","type":"image\/jpeg"}],"author":"Quiteria Melo","twitter_card":"summary_large_image","twitter_misc":{"Escrito por":"Quiteria Melo","Est. tempo de leitura":"2 minutos"},"schema":{"@context":"https:\/\/schema.org","@graph":[{"@type":"Article","@id":"https:\/\/cephas.org.br\/index.php\/2024\/10\/29\/campeonato-italiano-de-boxe-tera-participacao-de-aluno-do-cephas\/#article","isPartOf":{"@id":"https:\/\/cephas.org.br\/index.php\/2024\/10\/29\/campeonato-italiano-de-boxe-tera-participacao-de-aluno-do-cephas\/"},"author":{"name":"Quiteria Melo","@id":"https:\/\/cephas.org.br\/#\/schema\/person\/cb32b2dfaabafa805d7a78897d6fc055"},"headline":"Campeonato italiano de boxe ter\u00e1 participa\u00e7\u00e3o de aluno do Cephas","datePublished":"2024-10-29T15:15:30+00:00","mainEntityOfPage":{"@id":"https:\/\/cephas.org.br\/index.php\/2024\/10\/29\/campeonato-italiano-de-boxe-tera-participacao-de-aluno-do-cephas\/"},"wordCount":314,"commentCount":0,"publisher":{"@id":"https:\/\/cephas.org.br\/#organization"},"image":{"@id":"https:\/\/cephas.org.br\/index.php\/2024\/10\/29\/campeonato-italiano-de-boxe-tera-participacao-de-aluno-do-cephas\/#primaryimage"},"thumbnailUrl":"http:\/\/cephas.org.br\/wp-content\/uploads\/2018\/10\/unnamed-1.jpg","articleSection":["Uncategorized"],"inLanguage":"pt-BR","potentialAction":[{"@type":"CommentAction","name":"Comment","target":["https:\/\/cephas.org.br\/index.php\/2024\/10\/29\/campeonato-italiano-de-boxe-tera-participacao-de-aluno-do-cephas\/#respond"]}]},{"@type":"WebPage","@id":"https:\/\/cephas.org.br\/index.php\/2024\/10\/29\/campeonato-italiano-de-boxe-tera-participacao-de-aluno-do-cephas\/","url":"https:\/\/cephas.org.br\/index.php\/2024\/10\/29\/campeonato-italiano-de-boxe-tera-participacao-de-aluno-do-cephas\/","name":"Campeonato italiano de boxe ter\u00e1 participa\u00e7\u00e3o de aluno do Cephas - CEPHAS","isPartOf":{"@id":"https:\/\/cephas.org.br\/#website"},"primaryImageOfPage":{"@id":"https:\/\/cephas.org.br\/index.php\/2024\/10\/29\/campeonato-italiano-de-boxe-tera-participacao-de-aluno-do-cephas\/#primaryimage"},"image":{"@id":"https:\/\/cephas.org.br\/index.php\/2024\/10\/29\/campeonato-italiano-de-boxe-tera-participacao-de-aluno-do-cephas\/#primaryimage"},"thumbnailUrl":"http:\/\/cephas.org.br\/wp-content\/uploads\/2018\/10\/unnamed-1.jpg","datePublished":"2024-10-29T15:15:30+00:00","breadcrumb":{"@id":"https:\/\/cephas.org.br\/index.php\/2024\/10\/29\/campeonato-italiano-de-boxe-tera-participacao-de-aluno-do-cephas\/#breadcrumb"},"inLanguage":"pt-BR","potentialAction":[{"@type":"ReadAction","target":["https:\/\/cephas.org.br\/index.php\/2024\/10\/29\/campeonato-italiano-de-boxe-tera-participacao-de-aluno-do-cephas\/"]}]},{"@type":"ImageObject","inLanguage":"pt-BR","@id":"https:\/\/cephas.org.br\/index.php\/2024\/10\/29\/campeonato-italiano-de-boxe-tera-participacao-de-aluno-do-cephas\/#primaryimage","url":"http:\/\/cephas.org.br\/wp-content\/uploads\/2018\/10\/unnamed-1.jpg","contentUrl":"http:\/\/cephas.org.br\/wp-content\/uploads\/2018\/10\/unnamed-1.jpg"},{"@type":"BreadcrumbList","@id":"https:\/\/cephas.org.br\/index.php\/2024\/10\/29\/campeonato-italiano-de-boxe-tera-participacao-de-aluno-do-cephas\/#breadcrumb","itemListElement":[{"@type":"ListItem","position":1,"name":"In\u00edcio","item":"https:\/\/cephas.org.br\/"},{"@type":"ListItem","position":2,"name":"Campeonato italiano de boxe ter\u00e1 participa\u00e7\u00e3o de aluno do Cephas"}]},{"@type":"WebSite","@id":"https:\/\/cephas.org.br\/#website","url":"https:\/\/cephas.org.br\/","name":"CEPHAS","description":"","publisher":{"@id":"https:\/\/cephas.org.br\/#organization"},"potentialAction":[{"@type":"SearchAction","target":{"@type":"EntryPoint","urlTemplate":"https:\/\/cephas.org.br\/?s={search_term_string}"},"query-input":{"@type":"PropertyValueSpecification","valueRequired":true,"valueName":"search_term_string"}}],"inLanguage":"pt-BR"},{"@type":"Organization","@id":"https:\/\/cephas.org.br\/#organization","name":"CEPHAS","url":"https:\/\/cephas.org.br\/","logo":{"@type":"ImageObject","inLanguage":"pt-BR","@id":"https:\/\/cephas.org.br\/#\/schema\/logo\/image\/","url":"https:\/\/cephas.org.br\/wp-content\/uploads\/2023\/10\/cropped-Assinaturas_CephasFundhas_Pref_Novo-10_Cor-small.png","contentUrl":"https:\/\/cephas.org.br\/wp-content\/uploads\/2023\/10\/cropped-Assinaturas_CephasFundhas_Pref_Novo-10_Cor-small.png","width":812,"height":90,"caption":"CEPHAS"},"image":{"@id":"https:\/\/cephas.org.br\/#\/schema\/logo\/image\/"}},{"@type":"Person","@id":"https:\/\/cephas.org.br\/#\/schema\/person\/cb32b2dfaabafa805d7a78897d6fc055","name":"Quiteria Melo","image":{"@type":"ImageObject","inLanguage":"pt-BR","@id":"https:\/\/cephas.org.br\/#\/schema\/person\/image\/","url":"https:\/\/secure.gravatar.com\/avatar\/44a498cce9dc713233f6cf64937b12e0071cc16cdc6aa1e4e41bdde1494dceaf?s=96&d=mm&r=g","contentUrl":"https:\/\/secure.gravatar.com\/avatar\/44a498cce9dc713233f6cf64937b12e0071cc16cdc6aa1e4e41bdde1494dceaf?s=96&d=mm&r=g","caption":"Quiteria Melo"},"url":"https:\/\/cephas.org.br\/index.php\/author\/quiteria-melo\/"}]}},"_links":{"self":[{"href":"https:\/\/cephas.org.br\/index.php\/wp-json\/wp\/v2\/posts\/371","targetHints":{"allow":["GET"]}}],"collection":[{"href":"https:\/\/cephas.org.br\/index.php\/wp-json\/wp\/v2\/posts"}],"about":[{"href":"https:\/\/cephas.org.br\/index.php\/wp-json\/wp\/v2\/types\/post"}],"author":[{"embeddable":true,"href":"https:\/\/cephas.org.br\/index.php\/wp-json\/wp\/v2\/users\/3"}],"replies":[{"embeddable":true,"href":"https:\/\/cephas.org.br\/index.php\/wp-json\/wp\/v2\/comments?post=371"}],"version-history":[{"count":1,"href":"https:\/\/cephas.org.br\/index.php\/wp-json\/wp\/v2\/posts\/371\/revisions"}],"predecessor-version":[{"id":373,"href":"https:\/\/cephas.org.br\/index.php\/wp-json\/wp\/v2\/posts\/371\/revisions\/373"}],"wp:attachment":[{"href":"https:\/\/cephas.org.br\/index.php\/wp-json\/wp\/v2\/media?parent=371"}],"wp:term":[{"taxonomy":"category","embeddable":true,"href":"https:\/\/cephas.org.br\/index.php\/wp-json\/wp\/v2\/categories?post=371"},{"taxonomy":"post_tag","embeddable":true,"href":"https:\/\/cephas.org.br\/index.php\/wp-json\/wp\/v2\/tags?post=371"}],"curies":[{"name":"wp","href":"https:\/\/api.w.org\/{rel}","templated":true}]}}