{"id":3576,"date":"2024-10-29T12:12:15","date_gmt":"2024-10-29T15:12:15","guid":{"rendered":"https:\/\/cephas.org.br\/?p=3576"},"modified":"2024-10-29T12:12:15","modified_gmt":"2024-10-29T15:12:15","slug":"cursos-do-programa-portas-abertas-ampliam-oportunidades","status":"publish","type":"post","link":"https:\/\/cephas.org.br\/index.php\/2024\/10\/29\/cursos-do-programa-portas-abertas-ampliam-oportunidades\/","title":{"rendered":"Cursos do programa Portas Abertas ampliam oportunidades"},"content":{"rendered":"\n<p><img decoding=\"async\" src=\"https:\/\/sjc.sp.gov.br\/media\/237111\/cursoautocad11.jpeg?anchor=center&amp;mode=crop&amp;width=940&amp;height=627&amp;rnd=133298337580000000\" alt=\"Curso programa Portas Abertas - No\u00e7\u00f5es B\u00e1sicas de CAD para Constru\u00e7\u00e3o Civil \"><\/p>\n\n\n\n<p>Alunos na primeira aula do curso de no\u00e7\u00f5es B\u00e1sica de CAD para Constru\u00e7\u00e3o Civil, oferecido pela Prefeitura por meio do programa Portas Abertas &#8211; Foto: PMSJC<\/p>\n\n\n\n<p><strong>Cl\u00e1udio Souza<\/strong><br><strong>Fundhas<\/strong><\/p>\n\n\n\n<p>Aos 67 anos, o economista aposentado C\u00edcero Morais de Ara\u00fajo continua em busca de novos conhecimentos e oportunidades profissionais.<\/p>\n\n\n\n<p>Nesta segunda-feira (29), ele iniciou o curso presencial gratuito No\u00e7\u00f5es B\u00e1sicas de CAD para a Constru\u00e7\u00e3o Civil, em que aprender\u00e1 a desenvolver desenhos e projetos no computador, entre outras modernidades.<\/p>\n\n\n\n<p>\u00c9 mais um curso do programa Portas Abertas, oferecido pela&nbsp;<a rel=\"noreferrer noopener\" href=\"https:\/\/fundhas.org.br\/\" target=\"_blank\">Fundhas<\/a>&nbsp;(Funda\u00e7\u00e3o H\u00e9lio Augusto de Souza) e pelo&nbsp;<a rel=\"noreferrer noopener\" href=\"https:\/\/cephas.org.br\/\" target=\"_blank\">Cephas<\/a>&nbsp;(Col\u00e9gio de Educa\u00e7\u00e3o Profissional H\u00e9lio Augusto de Souza), mantidos pela Prefeitura de S\u00e3o Jos\u00e9 dos Campos.<\/p>\n\n\n\n<figure class=\"wp-block-image\"><img decoding=\"async\" src=\"https:\/\/sjc.sp.gov.br\/media\/237102\/cursoautocad2.jpeg?width=500&amp;height=333.125\" alt=\"\"\/><\/figure>\n\n\n\n<p><sup><strong>Novos rumos.<\/strong>&nbsp;Economista aposentado, C\u00edcero quer ser empreiteiro de obras.&nbsp;<strong>Foto:<\/strong>&nbsp;PMSJC<\/sup><\/p>\n\n\n\n<p><strong>Fundhas para todos<\/strong><\/p>\n\n\n\n<p>A iniciativa foi implantada em 2021 com a finalidade de compartilhar recursos, abrindo e disponibilizando as unidades da Fundhas para mun\u00edcipes de todas as regi\u00f5es da cidade realizarem cursos de capacita\u00e7\u00e3o profissional gratuitos e de qualidade e desenvolverem atividades de esporte, cultura e lazer, principalmente aos finais de semana e durante as noites.<\/p>\n\n\n\n<p>Neste ano, j\u00e1 foram oferecidas 260 vagas em 18 cursos gratuitos presenciais. Em 2021 e 2022, no total foram abertas 1.301 vagas em 26 cursos gratuitos em parceria com o Cephas, Senac (Servi\u00e7o Nacional de Aprendizagem Comercial) e Senai (Servi\u00e7o Nacional de Aprendizagem Industrial).<\/p>\n\n\n\n<p>\u00c9 mais uma a\u00e7\u00e3o da Prefeitura para auxiliar quem busca capacita\u00e7\u00e3o profissional para inser\u00e7\u00e3o ou recoloca\u00e7\u00e3o no mercado de trabalho, al\u00e9m de realizar o sonho de empreender e abrir seu pr\u00f3prio neg\u00f3cio.&nbsp;<\/p>\n\n\n\n<p>A manuten\u00e7\u00e3o e amplia\u00e7\u00e3o da oferta de novos cursos no Cephas \u00e9 mais um compromisso cumprido do Plano de Gest\u00e3o 2021-2024.<\/p>\n\n\n\n<figure class=\"wp-block-image\"><img decoding=\"async\" src=\"https:\/\/sjc.sp.gov.br\/media\/237113\/cursoautocad13.jpeg?width=500&amp;height=333.125\" alt=\"\"\/><\/figure>\n\n\n\n<p><sup><strong>Modernidade.<\/strong>&nbsp;Curso de CAD \u00e9 um dos diferenciais do Portas Abertas.&nbsp;<strong>Foto:<\/strong>&nbsp;PMSJC&nbsp;<\/sup><\/p>\n\n\n\n<p><strong>Horizontes ampliados<\/strong><\/p>\n\n\n\n<p>O curso de No\u00e7\u00f5es B\u00e1sicas de CAD para a Constru\u00e7\u00e3o Civil tem 15 alunos, com aulas sempre \u00e0s segundas e quintas-feiras, das 8h \u00e0s 11h30, no Centro de Inova\u00e7\u00e3o Sul, na sede da Fundhas (rua Santar\u00e9m, 560, no Parque Industrial, na regi\u00e3o sul).&nbsp;<\/p>\n\n\n\n<p>No primeiro dia, C\u00edcero j\u00e1 se animou. Ele est\u00e1 empolgado com a perspectiva de novos horizontes profissionais.<\/p>\n\n\n\n<p>\u201cAp\u00f3s um acidente recente, tive minha capacidade de locomo\u00e7\u00e3o reduzida e decidi trabalhar de casa. Para n\u00e3o ficar parado, resolvi fazer este curso de CAD\u201d, disse C\u00edcero, que mora no Jardim das Ind\u00fastrias, na regi\u00e3o oeste.<\/p>\n\n\n\n<p>\u201cHoje \u00e9 apenas o primeiro dia de aula, mas j\u00e1 gostei. Estou animado porque, com os conhecimentos que vou adquirir, poderei ser um empreiteiro de obras aut\u00f4nomo, desenvolvendo pelo computador projetos da constru\u00e7\u00e3o civil\u201d, completou.&nbsp;<\/p>\n\n\n\n<p><strong>Mais cursos<\/strong><\/p>\n\n\n\n<p>Tamb\u00e9m no Centro de Inova\u00e7\u00e3o Sul da Fundhas, nesta quarta-feira (31) ter\u00e3o in\u00edcio mais tr\u00eas cursos do programa Portas Abertas: Ingl\u00eas B\u00e1sico; Inicia\u00e7\u00e3o de Mec\u00e2nica de Bicicleta; e T\u00e9cnicas de Hidrata\u00e7\u00e3o e Escova\u00e7\u00e3o de Cabelos.<\/p>\n\n\n\n<p>As aulas destes cursos e do de No\u00e7\u00f5es B\u00e1sicas de CAD para a Constru\u00e7\u00e3o Civil&nbsp; prosseguem at\u00e9 o final de junho.<\/p>\n","protected":false},"excerpt":{"rendered":"<p>Alunos na primeira aula do curso de no\u00e7\u00f5es B\u00e1sica de CAD para Constru\u00e7\u00e3o Civil, oferecido pela Prefeitura por meio do programa Portas Abertas &#8211; Foto: PMSJC Cl\u00e1udio SouzaFundhas Aos 67 anos, o economista aposentado C\u00edcero Morais de Ara\u00fajo continua em busca de novos conhecimentos e oportunidades profissionais. Nesta segunda-feira (29), ele iniciou o curso presencial [&hellip;]<\/p>\n","protected":false},"author":25,"featured_media":3577,"comment_status":"open","ping_status":"closed","sticky":false,"template":"","format":"standard","meta":{"_acf_changed":false,"_monsterinsights_skip_tracking":false,"_monsterinsights_sitenote_active":false,"_monsterinsights_sitenote_note":"","_monsterinsights_sitenote_category":0,"footnotes":""},"categories":[2],"tags":[13,17,18,15,16,25,6,5],"class_list":{"0":"post-3576","1":"post","2":"type-post","3":"status-publish","4":"format-standard","5":"has-post-thumbnail","7":"category-noticias","8":"tag-alunosfundhas","9":"tag-cursostecnicos","10":"tag-empregabilidade","11":"tag-empregos","12":"tag-gratuito","13":"tag-prefeiturasjc","14":"tag-cephas","15":"tag-fundhas","16":"czr-hentry"},"acf":[],"yoast_head":"<!-- This site is optimized with the Yoast SEO plugin v26.6 - https:\/\/yoast.com\/wordpress\/plugins\/seo\/ -->\n<title>Cursos do programa Portas Abertas ampliam oportunidades - CEPHAS<\/title>\n<meta name=\"robots\" content=\"index, follow, max-snippet:-1, max-image-preview:large, max-video-preview:-1\" \/>\n<link rel=\"canonical\" href=\"https:\/\/cephas.org.br\/index.php\/2024\/10\/29\/cursos-do-programa-portas-abertas-ampliam-oportunidades\/\" \/>\n<meta property=\"og:locale\" content=\"pt_BR\" \/>\n<meta property=\"og:type\" content=\"article\" \/>\n<meta property=\"og:title\" content=\"Cursos do programa Portas Abertas ampliam oportunidades - CEPHAS\" \/>\n<meta property=\"og:description\" content=\"Alunos na primeira aula do curso de no\u00e7\u00f5es B\u00e1sica de CAD para Constru\u00e7\u00e3o Civil, oferecido pela Prefeitura por meio do programa Portas Abertas &#8211; Foto: PMSJC Cl\u00e1udio SouzaFundhas Aos 67 anos, o economista aposentado C\u00edcero Morais de Ara\u00fajo continua em busca de novos conhecimentos e oportunidades profissionais. Nesta segunda-feira (29), ele iniciou o curso presencial [&hellip;]\" \/>\n<meta property=\"og:url\" content=\"https:\/\/cephas.org.br\/index.php\/2024\/10\/29\/cursos-do-programa-portas-abertas-ampliam-oportunidades\/\" \/>\n<meta property=\"og:site_name\" content=\"CEPHAS\" \/>\n<meta property=\"article:published_time\" content=\"2024-10-29T15:12:15+00:00\" \/>\n<meta property=\"og:image\" content=\"http:\/\/cephas.org.br\/wp-content\/uploads\/2023\/05\/cursoautocad11.jpeg\" \/>\n\t<meta property=\"og:image:width\" content=\"940\" \/>\n\t<meta property=\"og:image:height\" content=\"627\" \/>\n\t<meta property=\"og:image:type\" content=\"image\/jpeg\" \/>\n<meta name=\"author\" content=\"Pamyla Costa\" \/>\n<meta name=\"twitter:card\" content=\"summary_large_image\" \/>\n<meta name=\"twitter:label1\" content=\"Escrito por\" \/>\n\t<meta name=\"twitter:data1\" content=\"Pamyla Costa\" \/>\n\t<meta name=\"twitter:label2\" content=\"Est. tempo de leitura\" \/>\n\t<meta name=\"twitter:data2\" content=\"4 minutos\" \/>\n<script type=\"application\/ld+json\" class=\"yoast-schema-graph\">{\"@context\":\"https:\/\/schema.org\",\"@graph\":[{\"@type\":\"Article\",\"@id\":\"https:\/\/cephas.org.br\/index.php\/2024\/10\/29\/cursos-do-programa-portas-abertas-ampliam-oportunidades\/#article\",\"isPartOf\":{\"@id\":\"https:\/\/cephas.org.br\/index.php\/2024\/10\/29\/cursos-do-programa-portas-abertas-ampliam-oportunidades\/\"},\"author\":{\"name\":\"Pamyla Costa\",\"@id\":\"https:\/\/cephas.org.br\/#\/schema\/person\/bf88621f4720f50690438f24889063f3\"},\"headline\":\"Cursos do programa Portas Abertas ampliam oportunidades\",\"datePublished\":\"2024-10-29T15:12:15+00:00\",\"mainEntityOfPage\":{\"@id\":\"https:\/\/cephas.org.br\/index.php\/2024\/10\/29\/cursos-do-programa-portas-abertas-ampliam-oportunidades\/\"},\"wordCount\":548,\"commentCount\":0,\"publisher\":{\"@id\":\"https:\/\/cephas.org.br\/#organization\"},\"image\":{\"@id\":\"https:\/\/cephas.org.br\/index.php\/2024\/10\/29\/cursos-do-programa-portas-abertas-ampliam-oportunidades\/#primaryimage\"},\"thumbnailUrl\":\"https:\/\/cephas.org.br\/wp-content\/uploads\/2023\/05\/cursoautocad11.jpeg\",\"keywords\":[\"#alunosfundhas\",\"#cursostecnicos\",\"#empregabilidade\",\"#empregos\",\"#gratuito\",\"#prefeiturasjc\",\"Cephas\",\"Fundhas\"],\"articleSection\":[\"Not\u00edcias\"],\"inLanguage\":\"pt-BR\",\"potentialAction\":[{\"@type\":\"CommentAction\",\"name\":\"Comment\",\"target\":[\"https:\/\/cephas.org.br\/index.php\/2024\/10\/29\/cursos-do-programa-portas-abertas-ampliam-oportunidades\/#respond\"]}]},{\"@type\":\"WebPage\",\"@id\":\"https:\/\/cephas.org.br\/index.php\/2024\/10\/29\/cursos-do-programa-portas-abertas-ampliam-oportunidades\/\",\"url\":\"https:\/\/cephas.org.br\/index.php\/2024\/10\/29\/cursos-do-programa-portas-abertas-ampliam-oportunidades\/\",\"name\":\"Cursos do programa Portas Abertas ampliam oportunidades - CEPHAS\",\"isPartOf\":{\"@id\":\"https:\/\/cephas.org.br\/#website\"},\"primaryImageOfPage\":{\"@id\":\"https:\/\/cephas.org.br\/index.php\/2024\/10\/29\/cursos-do-programa-portas-abertas-ampliam-oportunidades\/#primaryimage\"},\"image\":{\"@id\":\"https:\/\/cephas.org.br\/index.php\/2024\/10\/29\/cursos-do-programa-portas-abertas-ampliam-oportunidades\/#primaryimage\"},\"thumbnailUrl\":\"https:\/\/cephas.org.br\/wp-content\/uploads\/2023\/05\/cursoautocad11.jpeg\",\"datePublished\":\"2024-10-29T15:12:15+00:00\",\"breadcrumb\":{\"@id\":\"https:\/\/cephas.org.br\/index.php\/2024\/10\/29\/cursos-do-programa-portas-abertas-ampliam-oportunidades\/#breadcrumb\"},\"inLanguage\":\"pt-BR\",\"potentialAction\":[{\"@type\":\"ReadAction\",\"target\":[\"https:\/\/cephas.org.br\/index.php\/2024\/10\/29\/cursos-do-programa-portas-abertas-ampliam-oportunidades\/\"]}]},{\"@type\":\"ImageObject\",\"inLanguage\":\"pt-BR\",\"@id\":\"https:\/\/cephas.org.br\/index.php\/2024\/10\/29\/cursos-do-programa-portas-abertas-ampliam-oportunidades\/#primaryimage\",\"url\":\"https:\/\/cephas.org.br\/wp-content\/uploads\/2023\/05\/cursoautocad11.jpeg\",\"contentUrl\":\"https:\/\/cephas.org.br\/wp-content\/uploads\/2023\/05\/cursoautocad11.jpeg\",\"width\":940,\"height\":627},{\"@type\":\"BreadcrumbList\",\"@id\":\"https:\/\/cephas.org.br\/index.php\/2024\/10\/29\/cursos-do-programa-portas-abertas-ampliam-oportunidades\/#breadcrumb\",\"itemListElement\":[{\"@type\":\"ListItem\",\"position\":1,\"name\":\"In\u00edcio\",\"item\":\"https:\/\/cephas.org.br\/\"},{\"@type\":\"ListItem\",\"position\":2,\"name\":\"Cursos do programa Portas Abertas ampliam oportunidades\"}]},{\"@type\":\"WebSite\",\"@id\":\"https:\/\/cephas.org.br\/#website\",\"url\":\"https:\/\/cephas.org.br\/\",\"name\":\"CEPHAS\",\"description\":\"\",\"publisher\":{\"@id\":\"https:\/\/cephas.org.br\/#organization\"},\"potentialAction\":[{\"@type\":\"SearchAction\",\"target\":{\"@type\":\"EntryPoint\",\"urlTemplate\":\"https:\/\/cephas.org.br\/?s={search_term_string}\"},\"query-input\":{\"@type\":\"PropertyValueSpecification\",\"valueRequired\":true,\"valueName\":\"search_term_string\"}}],\"inLanguage\":\"pt-BR\"},{\"@type\":\"Organization\",\"@id\":\"https:\/\/cephas.org.br\/#organization\",\"name\":\"CEPHAS\",\"url\":\"https:\/\/cephas.org.br\/\",\"logo\":{\"@type\":\"ImageObject\",\"inLanguage\":\"pt-BR\",\"@id\":\"https:\/\/cephas.org.br\/#\/schema\/logo\/image\/\",\"url\":\"https:\/\/cephas.org.br\/wp-content\/uploads\/2023\/10\/cropped-Assinaturas_CephasFundhas_Pref_Novo-10_Cor-small.png\",\"contentUrl\":\"https:\/\/cephas.org.br\/wp-content\/uploads\/2023\/10\/cropped-Assinaturas_CephasFundhas_Pref_Novo-10_Cor-small.png\",\"width\":812,\"height\":90,\"caption\":\"CEPHAS\"},\"image\":{\"@id\":\"https:\/\/cephas.org.br\/#\/schema\/logo\/image\/\"}},{\"@type\":\"Person\",\"@id\":\"https:\/\/cephas.org.br\/#\/schema\/person\/bf88621f4720f50690438f24889063f3\",\"name\":\"Pamyla Costa\",\"image\":{\"@type\":\"ImageObject\",\"inLanguage\":\"pt-BR\",\"@id\":\"https:\/\/cephas.org.br\/#\/schema\/person\/image\/\",\"url\":\"https:\/\/secure.gravatar.com\/avatar\/e4b4ee6c3da610484c7833975764f79e4222aac4883182ac0e4af6538c2fadf7?s=96&d=mm&r=g\",\"contentUrl\":\"https:\/\/secure.gravatar.com\/avatar\/e4b4ee6c3da610484c7833975764f79e4222aac4883182ac0e4af6538c2fadf7?s=96&d=mm&r=g\",\"caption\":\"Pamyla Costa\"},\"url\":\"https:\/\/cephas.org.br\/index.php\/author\/pamyla-costa\/\"}]}<\/script>\n<!-- \/ Yoast SEO plugin. -->","yoast_head_json":{"title":"Cursos do programa Portas Abertas ampliam oportunidades - CEPHAS","robots":{"index":"index","follow":"follow","max-snippet":"max-snippet:-1","max-image-preview":"max-image-preview:large","max-video-preview":"max-video-preview:-1"},"canonical":"https:\/\/cephas.org.br\/index.php\/2024\/10\/29\/cursos-do-programa-portas-abertas-ampliam-oportunidades\/","og_locale":"pt_BR","og_type":"article","og_title":"Cursos do programa Portas Abertas ampliam oportunidades - CEPHAS","og_description":"Alunos na primeira aula do curso de no\u00e7\u00f5es B\u00e1sica de CAD para Constru\u00e7\u00e3o Civil, oferecido pela Prefeitura por meio do programa Portas Abertas &#8211; Foto: PMSJC Cl\u00e1udio SouzaFundhas Aos 67 anos, o economista aposentado C\u00edcero Morais de Ara\u00fajo continua em busca de novos conhecimentos e oportunidades profissionais. Nesta segunda-feira (29), ele iniciou o curso presencial [&hellip;]","og_url":"https:\/\/cephas.org.br\/index.php\/2024\/10\/29\/cursos-do-programa-portas-abertas-ampliam-oportunidades\/","og_site_name":"CEPHAS","article_published_time":"2024-10-29T15:12:15+00:00","og_image":[{"width":940,"height":627,"url":"http:\/\/cephas.org.br\/wp-content\/uploads\/2023\/05\/cursoautocad11.jpeg","type":"image\/jpeg"}],"author":"Pamyla Costa","twitter_card":"summary_large_image","twitter_misc":{"Escrito por":"Pamyla Costa","Est. tempo de leitura":"4 minutos"},"schema":{"@context":"https:\/\/schema.org","@graph":[{"@type":"Article","@id":"https:\/\/cephas.org.br\/index.php\/2024\/10\/29\/cursos-do-programa-portas-abertas-ampliam-oportunidades\/#article","isPartOf":{"@id":"https:\/\/cephas.org.br\/index.php\/2024\/10\/29\/cursos-do-programa-portas-abertas-ampliam-oportunidades\/"},"author":{"name":"Pamyla Costa","@id":"https:\/\/cephas.org.br\/#\/schema\/person\/bf88621f4720f50690438f24889063f3"},"headline":"Cursos do programa Portas Abertas ampliam oportunidades","datePublished":"2024-10-29T15:12:15+00:00","mainEntityOfPage":{"@id":"https:\/\/cephas.org.br\/index.php\/2024\/10\/29\/cursos-do-programa-portas-abertas-ampliam-oportunidades\/"},"wordCount":548,"commentCount":0,"publisher":{"@id":"https:\/\/cephas.org.br\/#organization"},"image":{"@id":"https:\/\/cephas.org.br\/index.php\/2024\/10\/29\/cursos-do-programa-portas-abertas-ampliam-oportunidades\/#primaryimage"},"thumbnailUrl":"https:\/\/cephas.org.br\/wp-content\/uploads\/2023\/05\/cursoautocad11.jpeg","keywords":["#alunosfundhas","#cursostecnicos","#empregabilidade","#empregos","#gratuito","#prefeiturasjc","Cephas","Fundhas"],"articleSection":["Not\u00edcias"],"inLanguage":"pt-BR","potentialAction":[{"@type":"CommentAction","name":"Comment","target":["https:\/\/cephas.org.br\/index.php\/2024\/10\/29\/cursos-do-programa-portas-abertas-ampliam-oportunidades\/#respond"]}]},{"@type":"WebPage","@id":"https:\/\/cephas.org.br\/index.php\/2024\/10\/29\/cursos-do-programa-portas-abertas-ampliam-oportunidades\/","url":"https:\/\/cephas.org.br\/index.php\/2024\/10\/29\/cursos-do-programa-portas-abertas-ampliam-oportunidades\/","name":"Cursos do programa Portas Abertas ampliam oportunidades - CEPHAS","isPartOf":{"@id":"https:\/\/cephas.org.br\/#website"},"primaryImageOfPage":{"@id":"https:\/\/cephas.org.br\/index.php\/2024\/10\/29\/cursos-do-programa-portas-abertas-ampliam-oportunidades\/#primaryimage"},"image":{"@id":"https:\/\/cephas.org.br\/index.php\/2024\/10\/29\/cursos-do-programa-portas-abertas-ampliam-oportunidades\/#primaryimage"},"thumbnailUrl":"https:\/\/cephas.org.br\/wp-content\/uploads\/2023\/05\/cursoautocad11.jpeg","datePublished":"2024-10-29T15:12:15+00:00","breadcrumb":{"@id":"https:\/\/cephas.org.br\/index.php\/2024\/10\/29\/cursos-do-programa-portas-abertas-ampliam-oportunidades\/#breadcrumb"},"inLanguage":"pt-BR","potentialAction":[{"@type":"ReadAction","target":["https:\/\/cephas.org.br\/index.php\/2024\/10\/29\/cursos-do-programa-portas-abertas-ampliam-oportunidades\/"]}]},{"@type":"ImageObject","inLanguage":"pt-BR","@id":"https:\/\/cephas.org.br\/index.php\/2024\/10\/29\/cursos-do-programa-portas-abertas-ampliam-oportunidades\/#primaryimage","url":"https:\/\/cephas.org.br\/wp-content\/uploads\/2023\/05\/cursoautocad11.jpeg","contentUrl":"https:\/\/cephas.org.br\/wp-content\/uploads\/2023\/05\/cursoautocad11.jpeg","width":940,"height":627},{"@type":"BreadcrumbList","@id":"https:\/\/cephas.org.br\/index.php\/2024\/10\/29\/cursos-do-programa-portas-abertas-ampliam-oportunidades\/#breadcrumb","itemListElement":[{"@type":"ListItem","position":1,"name":"In\u00edcio","item":"https:\/\/cephas.org.br\/"},{"@type":"ListItem","position":2,"name":"Cursos do programa Portas Abertas ampliam oportunidades"}]},{"@type":"WebSite","@id":"https:\/\/cephas.org.br\/#website","url":"https:\/\/cephas.org.br\/","name":"CEPHAS","description":"","publisher":{"@id":"https:\/\/cephas.org.br\/#organization"},"potentialAction":[{"@type":"SearchAction","target":{"@type":"EntryPoint","urlTemplate":"https:\/\/cephas.org.br\/?s={search_term_string}"},"query-input":{"@type":"PropertyValueSpecification","valueRequired":true,"valueName":"search_term_string"}}],"inLanguage":"pt-BR"},{"@type":"Organization","@id":"https:\/\/cephas.org.br\/#organization","name":"CEPHAS","url":"https:\/\/cephas.org.br\/","logo":{"@type":"ImageObject","inLanguage":"pt-BR","@id":"https:\/\/cephas.org.br\/#\/schema\/logo\/image\/","url":"https:\/\/cephas.org.br\/wp-content\/uploads\/2023\/10\/cropped-Assinaturas_CephasFundhas_Pref_Novo-10_Cor-small.png","contentUrl":"https:\/\/cephas.org.br\/wp-content\/uploads\/2023\/10\/cropped-Assinaturas_CephasFundhas_Pref_Novo-10_Cor-small.png","width":812,"height":90,"caption":"CEPHAS"},"image":{"@id":"https:\/\/cephas.org.br\/#\/schema\/logo\/image\/"}},{"@type":"Person","@id":"https:\/\/cephas.org.br\/#\/schema\/person\/bf88621f4720f50690438f24889063f3","name":"Pamyla Costa","image":{"@type":"ImageObject","inLanguage":"pt-BR","@id":"https:\/\/cephas.org.br\/#\/schema\/person\/image\/","url":"https:\/\/secure.gravatar.com\/avatar\/e4b4ee6c3da610484c7833975764f79e4222aac4883182ac0e4af6538c2fadf7?s=96&d=mm&r=g","contentUrl":"https:\/\/secure.gravatar.com\/avatar\/e4b4ee6c3da610484c7833975764f79e4222aac4883182ac0e4af6538c2fadf7?s=96&d=mm&r=g","caption":"Pamyla Costa"},"url":"https:\/\/cephas.org.br\/index.php\/author\/pamyla-costa\/"}]}},"_links":{"self":[{"href":"https:\/\/cephas.org.br\/index.php\/wp-json\/wp\/v2\/posts\/3576","targetHints":{"allow":["GET"]}}],"collection":[{"href":"https:\/\/cephas.org.br\/index.php\/wp-json\/wp\/v2\/posts"}],"about":[{"href":"https:\/\/cephas.org.br\/index.php\/wp-json\/wp\/v2\/types\/post"}],"author":[{"embeddable":true,"href":"https:\/\/cephas.org.br\/index.php\/wp-json\/wp\/v2\/users\/25"}],"replies":[{"embeddable":true,"href":"https:\/\/cephas.org.br\/index.php\/wp-json\/wp\/v2\/comments?post=3576"}],"version-history":[{"count":1,"href":"https:\/\/cephas.org.br\/index.php\/wp-json\/wp\/v2\/posts\/3576\/revisions"}],"predecessor-version":[{"id":3578,"href":"https:\/\/cephas.org.br\/index.php\/wp-json\/wp\/v2\/posts\/3576\/revisions\/3578"}],"wp:featuredmedia":[{"embeddable":true,"href":"https:\/\/cephas.org.br\/index.php\/wp-json\/wp\/v2\/media\/3577"}],"wp:attachment":[{"href":"https:\/\/cephas.org.br\/index.php\/wp-json\/wp\/v2\/media?parent=3576"}],"wp:term":[{"taxonomy":"category","embeddable":true,"href":"https:\/\/cephas.org.br\/index.php\/wp-json\/wp\/v2\/categories?post=3576"},{"taxonomy":"post_tag","embeddable":true,"href":"https:\/\/cephas.org.br\/index.php\/wp-json\/wp\/v2\/tags?post=3576"}],"curies":[{"name":"wp","href":"https:\/\/api.w.org\/{rel}","templated":true}]}}