{"id":3479,"date":"2024-10-29T12:12:26","date_gmt":"2024-10-29T15:12:26","guid":{"rendered":"https:\/\/cephas.org.br\/?p=3479"},"modified":"2024-10-29T12:12:26","modified_gmt":"2024-10-29T15:12:26","slug":"programa-portas-abertas-amplia-oportunidades-de-trabalho","status":"publish","type":"post","link":"https:\/\/cephas.org.br\/index.php\/2024\/10\/29\/programa-portas-abertas-amplia-oportunidades-de-trabalho\/","title":{"rendered":"Programa Portas Abertas amplia oportunidades de trabalho"},"content":{"rendered":"\n<p><img decoding=\"async\" src=\"https:\/\/sjc.sp.gov.br\/media\/231514\/portasabertas101.jpeg?anchor=center&amp;mode=crop&amp;width=940&amp;height=627&amp;rnd=133270668590000000\" alt=\"Programa Portas Abertas - Primeiro semestre de 2023\"><\/p>\n\n\n\n<p>Novas turmas estar\u00e3o com inscri\u00e7\u00f5es abertas a partir de 10 de maio &#8211; Foto: PMSJC<\/p>\n\n\n\n<p><strong>Cl\u00e1udio Souza<\/strong><br><strong>Fundhas<\/strong><\/p>\n\n\n\n<p>A aut\u00f4noma Eliane Barbosa Gon\u00e7alves, que tem 37 anos e mora no bairro Dom Pedro 2\u00ba, na regi\u00e3o sul de S\u00e3o Jos\u00e9 dos Campos, iniciou 2023 com o desejo de empreender e abrir um sal\u00e3o de beleza.<\/p>\n\n\n\n<p>Para alcan\u00e7ar o objetivo, ela n\u00e3o poupa esfor\u00e7os. Nesta semana, iniciou dois cursos que a ajudar\u00e3o a concretizar o sonho de mudan\u00e7a de vida e emancipa\u00e7\u00e3o social e financeira: escova e hidrata\u00e7\u00e3o de cabelos e cortes b\u00e1sicos masculinos.<\/p>\n\n\n\n<p>Eles integram lista de nove cursos gratuitos presenciais do programa Portas Abertas, com aulas de manh\u00e3 at\u00e9 o final de maio na sede da&nbsp;<a rel=\"noreferrer noopener\" href=\"https:\/\/fundhas.org.br\/\" target=\"_blank\">Fundhas<\/a>&nbsp;(Funda\u00e7\u00e3o H\u00e9lio Augusto de Souza), no Parque Industrial.&nbsp;S\u00e3o 135 vagas oferecidas pela institui\u00e7\u00e3o para mun\u00edcipes de todas as regi\u00f5es da cidade. As aulas s\u00e3o ministradas por professores do&nbsp;<a rel=\"noreferrer noopener\" href=\"https:\/\/cephas.org.br\/\" target=\"_blank\">Cephas<\/a>&nbsp;(Col\u00e9gio de Educa\u00e7\u00e3o Profissional H\u00e9lio Augusto de Souza).<\/p>\n\n\n\n<p>\u00c9 mais uma iniciativa da Prefeitura para auxiliar quem busca capacita\u00e7\u00e3o profissional para inser\u00e7\u00e3o ou recoloca\u00e7\u00e3o no mercado de trabalho.&nbsp;A manuten\u00e7\u00e3o e amplia\u00e7\u00e3o da oferta de novos cursos no Cephas \u00e9 mais um compromisso cumprido do Plano de Gest\u00e3o 2021-2024.<\/p>\n\n\n\n<figure class=\"wp-block-image\"><img decoding=\"async\" src=\"https:\/\/sjc.sp.gov.br\/media\/231513\/portasabertas100.jpeg?width=500&amp;height=375\" alt=\"\"\/><\/figure>\n\n\n\n<p><em><sup>Elis\u00e2ngela (de verde) optou por se aperfei\u00e7oar em inform\u00e1tica |&nbsp;<strong>Foto:<\/strong>&nbsp;PMSJC<\/sup><\/em><\/p>\n\n\n\n<p><strong>Horizontes<\/strong><\/p>\n\n\n\n<p>Eliane, que atualmente trabalha na coleta de reciclagem, acredita que os conhecimentos que vai adquirir a ajudar\u00e3o a abrir o sal\u00e3o de beleza.&nbsp;\u201cEstou muito motivada e acredito que vou aprender bastante. Assim que vi a lista de cursos oferecidos, me inscrevi nos dois que ir\u00e3o me ajudar a realizar meu sonho. Espero abrir meu sal\u00e3o de beleza em breve.\u201d<\/p>\n\n\n\n<p>Quem tamb\u00e9m est\u00e1 otimista em conseguir ampliar os horizontes profissionais \u00e9 a divulgadora comercial Elis\u00e2ngela Alves Gril, que tem 50 anos e mora no Parque Industrial.&nbsp;Com a experi\u00eancia de quem j\u00e1 trabalhou com a venda de cursos, ela n\u00e3o tem d\u00favida de que o de inform\u00e1tica b\u00e1sica, que come\u00e7ou nesta semana na sede da Fundhas, ser\u00e1 fundamental para a recoloca\u00e7\u00e3o no mercado de trabalho.<\/p>\n\n\n\n<p>\u201cVendia cursos, mas atualmente estou desempregada. Resolvi me inscrever no curso de inform\u00e1tica b\u00e1sica porque \u00e9 uma \u00e1rea fundamental e que ir\u00e1 agregar muito na minha vida, abrindo novas perspectivas e possibilidades de trabalho\u201d, disse ela.<\/p>\n\n\n\n<p><strong>Transforma\u00e7\u00e3o<\/strong><\/p>\n\n\n\n<p>Implantado em 2021, o Portas Abertas tem como principal objetivo disponibilizar os ambientes da Fundhas para a realiza\u00e7\u00e3o de cursos e desenvolvimento de atividades de esporte, cultura e lazer.<\/p>\n\n\n\n<p>Neste ano, o programa j\u00e1 abriu 215 vagas em 13 cursos gratuitos presenciais. Outras 45 ser\u00e3o abertas em maio, com inscri\u00e7\u00f5es a partir da pr\u00f3xima quarta-feira (3).<\/p>\n\n\n\n<p>Em 2021 e 2022, foram oferecidas 1.301 vagas em 26 cursos gratuitos em parceria com o Cephas, Senac (Servi\u00e7o Nacional de Aprendizagem Comercial) e Senai (Servi\u00e7o Nacional de Aprendizagem Industrial).<\/p>\n\n\n\n<p><strong>MAIS NOT\u00cdCIAS<\/strong><br><a href=\"https:\/\/sjc.sp.gov.br\/noticias\/?tema=15\">Fundhas<\/a><\/p>\n","protected":false},"excerpt":{"rendered":"<p>Novas turmas estar\u00e3o com inscri\u00e7\u00f5es abertas a partir de 10 de maio &#8211; Foto: PMSJC Cl\u00e1udio SouzaFundhas A aut\u00f4noma Eliane Barbosa Gon\u00e7alves, que tem 37 anos e mora no bairro Dom Pedro 2\u00ba, na regi\u00e3o sul de S\u00e3o Jos\u00e9 dos Campos, iniciou 2023 com o desejo de empreender e abrir um sal\u00e3o de beleza. Para [&hellip;]<\/p>\n","protected":false},"author":25,"featured_media":3480,"comment_status":"open","ping_status":"closed","sticky":false,"template":"","format":"standard","meta":{"_acf_changed":false,"_monsterinsights_skip_tracking":false,"_monsterinsights_sitenote_active":false,"_monsterinsights_sitenote_note":"","_monsterinsights_sitenote_category":0,"footnotes":""},"categories":[2],"tags":[13,17,18,15,16,36,25,35,6,5],"class_list":{"0":"post-3479","1":"post","2":"type-post","3":"status-publish","4":"format-standard","5":"has-post-thumbnail","7":"category-noticias","8":"tag-alunosfundhas","9":"tag-cursostecnicos","10":"tag-empregabilidade","11":"tag-empregos","12":"tag-gratuito","13":"tag-portasabertas","14":"tag-prefeiturasjc","15":"tag-qualificasj","16":"tag-cephas","17":"tag-fundhas","18":"czr-hentry"},"acf":[],"yoast_head":"<!-- This site is optimized with the Yoast SEO plugin v26.6 - https:\/\/yoast.com\/wordpress\/plugins\/seo\/ -->\n<title>Programa Portas Abertas amplia oportunidades de trabalho - CEPHAS<\/title>\n<meta name=\"robots\" content=\"index, follow, max-snippet:-1, max-image-preview:large, max-video-preview:-1\" \/>\n<link rel=\"canonical\" href=\"https:\/\/cephas.org.br\/index.php\/2024\/10\/29\/programa-portas-abertas-amplia-oportunidades-de-trabalho\/\" \/>\n<meta property=\"og:locale\" content=\"pt_BR\" \/>\n<meta property=\"og:type\" content=\"article\" \/>\n<meta property=\"og:title\" content=\"Programa Portas Abertas amplia oportunidades de trabalho - CEPHAS\" \/>\n<meta property=\"og:description\" content=\"Novas turmas estar\u00e3o com inscri\u00e7\u00f5es abertas a partir de 10 de maio &#8211; Foto: PMSJC Cl\u00e1udio SouzaFundhas A aut\u00f4noma Eliane Barbosa Gon\u00e7alves, que tem 37 anos e mora no bairro Dom Pedro 2\u00ba, na regi\u00e3o sul de S\u00e3o Jos\u00e9 dos Campos, iniciou 2023 com o desejo de empreender e abrir um sal\u00e3o de beleza. Para [&hellip;]\" \/>\n<meta property=\"og:url\" content=\"https:\/\/cephas.org.br\/index.php\/2024\/10\/29\/programa-portas-abertas-amplia-oportunidades-de-trabalho\/\" \/>\n<meta property=\"og:site_name\" content=\"CEPHAS\" \/>\n<meta property=\"article:published_time\" content=\"2024-10-29T15:12:26+00:00\" \/>\n<meta property=\"og:image\" content=\"http:\/\/cephas.org.br\/wp-content\/uploads\/2023\/04\/portasabertas101.jpeg\" \/>\n\t<meta property=\"og:image:width\" content=\"940\" \/>\n\t<meta property=\"og:image:height\" content=\"627\" \/>\n\t<meta property=\"og:image:type\" content=\"image\/jpeg\" \/>\n<meta name=\"author\" content=\"Pamyla Costa\" \/>\n<meta name=\"twitter:card\" content=\"summary_large_image\" \/>\n<meta name=\"twitter:label1\" content=\"Escrito por\" \/>\n\t<meta name=\"twitter:data1\" content=\"Pamyla Costa\" \/>\n\t<meta name=\"twitter:label2\" content=\"Est. tempo de leitura\" \/>\n\t<meta name=\"twitter:data2\" content=\"3 minutos\" \/>\n<script type=\"application\/ld+json\" class=\"yoast-schema-graph\">{\"@context\":\"https:\/\/schema.org\",\"@graph\":[{\"@type\":\"Article\",\"@id\":\"https:\/\/cephas.org.br\/index.php\/2024\/10\/29\/programa-portas-abertas-amplia-oportunidades-de-trabalho\/#article\",\"isPartOf\":{\"@id\":\"https:\/\/cephas.org.br\/index.php\/2024\/10\/29\/programa-portas-abertas-amplia-oportunidades-de-trabalho\/\"},\"author\":{\"name\":\"Pamyla Costa\",\"@id\":\"https:\/\/cephas.org.br\/#\/schema\/person\/bf88621f4720f50690438f24889063f3\"},\"headline\":\"Programa Portas Abertas amplia oportunidades de trabalho\",\"datePublished\":\"2024-10-29T15:12:26+00:00\",\"mainEntityOfPage\":{\"@id\":\"https:\/\/cephas.org.br\/index.php\/2024\/10\/29\/programa-portas-abertas-amplia-oportunidades-de-trabalho\/\"},\"wordCount\":516,\"commentCount\":0,\"publisher\":{\"@id\":\"https:\/\/cephas.org.br\/#organization\"},\"image\":{\"@id\":\"https:\/\/cephas.org.br\/index.php\/2024\/10\/29\/programa-portas-abertas-amplia-oportunidades-de-trabalho\/#primaryimage\"},\"thumbnailUrl\":\"https:\/\/cephas.org.br\/wp-content\/uploads\/2023\/04\/portasabertas101.jpeg\",\"keywords\":[\"#alunosfundhas\",\"#cursostecnicos\",\"#empregabilidade\",\"#empregos\",\"#gratuito\",\"#portasabertas\",\"#prefeiturasjc\",\"#qualificasj\",\"Cephas\",\"Fundhas\"],\"articleSection\":[\"Not\u00edcias\"],\"inLanguage\":\"pt-BR\",\"potentialAction\":[{\"@type\":\"CommentAction\",\"name\":\"Comment\",\"target\":[\"https:\/\/cephas.org.br\/index.php\/2024\/10\/29\/programa-portas-abertas-amplia-oportunidades-de-trabalho\/#respond\"]}]},{\"@type\":\"WebPage\",\"@id\":\"https:\/\/cephas.org.br\/index.php\/2024\/10\/29\/programa-portas-abertas-amplia-oportunidades-de-trabalho\/\",\"url\":\"https:\/\/cephas.org.br\/index.php\/2024\/10\/29\/programa-portas-abertas-amplia-oportunidades-de-trabalho\/\",\"name\":\"Programa Portas Abertas amplia oportunidades de trabalho - CEPHAS\",\"isPartOf\":{\"@id\":\"https:\/\/cephas.org.br\/#website\"},\"primaryImageOfPage\":{\"@id\":\"https:\/\/cephas.org.br\/index.php\/2024\/10\/29\/programa-portas-abertas-amplia-oportunidades-de-trabalho\/#primaryimage\"},\"image\":{\"@id\":\"https:\/\/cephas.org.br\/index.php\/2024\/10\/29\/programa-portas-abertas-amplia-oportunidades-de-trabalho\/#primaryimage\"},\"thumbnailUrl\":\"https:\/\/cephas.org.br\/wp-content\/uploads\/2023\/04\/portasabertas101.jpeg\",\"datePublished\":\"2024-10-29T15:12:26+00:00\",\"breadcrumb\":{\"@id\":\"https:\/\/cephas.org.br\/index.php\/2024\/10\/29\/programa-portas-abertas-amplia-oportunidades-de-trabalho\/#breadcrumb\"},\"inLanguage\":\"pt-BR\",\"potentialAction\":[{\"@type\":\"ReadAction\",\"target\":[\"https:\/\/cephas.org.br\/index.php\/2024\/10\/29\/programa-portas-abertas-amplia-oportunidades-de-trabalho\/\"]}]},{\"@type\":\"ImageObject\",\"inLanguage\":\"pt-BR\",\"@id\":\"https:\/\/cephas.org.br\/index.php\/2024\/10\/29\/programa-portas-abertas-amplia-oportunidades-de-trabalho\/#primaryimage\",\"url\":\"https:\/\/cephas.org.br\/wp-content\/uploads\/2023\/04\/portasabertas101.jpeg\",\"contentUrl\":\"https:\/\/cephas.org.br\/wp-content\/uploads\/2023\/04\/portasabertas101.jpeg\",\"width\":940,\"height\":627},{\"@type\":\"BreadcrumbList\",\"@id\":\"https:\/\/cephas.org.br\/index.php\/2024\/10\/29\/programa-portas-abertas-amplia-oportunidades-de-trabalho\/#breadcrumb\",\"itemListElement\":[{\"@type\":\"ListItem\",\"position\":1,\"name\":\"In\u00edcio\",\"item\":\"https:\/\/cephas.org.br\/\"},{\"@type\":\"ListItem\",\"position\":2,\"name\":\"Programa Portas Abertas amplia oportunidades de trabalho\"}]},{\"@type\":\"WebSite\",\"@id\":\"https:\/\/cephas.org.br\/#website\",\"url\":\"https:\/\/cephas.org.br\/\",\"name\":\"CEPHAS\",\"description\":\"\",\"publisher\":{\"@id\":\"https:\/\/cephas.org.br\/#organization\"},\"potentialAction\":[{\"@type\":\"SearchAction\",\"target\":{\"@type\":\"EntryPoint\",\"urlTemplate\":\"https:\/\/cephas.org.br\/?s={search_term_string}\"},\"query-input\":{\"@type\":\"PropertyValueSpecification\",\"valueRequired\":true,\"valueName\":\"search_term_string\"}}],\"inLanguage\":\"pt-BR\"},{\"@type\":\"Organization\",\"@id\":\"https:\/\/cephas.org.br\/#organization\",\"name\":\"CEPHAS\",\"url\":\"https:\/\/cephas.org.br\/\",\"logo\":{\"@type\":\"ImageObject\",\"inLanguage\":\"pt-BR\",\"@id\":\"https:\/\/cephas.org.br\/#\/schema\/logo\/image\/\",\"url\":\"https:\/\/cephas.org.br\/wp-content\/uploads\/2023\/10\/cropped-Assinaturas_CephasFundhas_Pref_Novo-10_Cor-small.png\",\"contentUrl\":\"https:\/\/cephas.org.br\/wp-content\/uploads\/2023\/10\/cropped-Assinaturas_CephasFundhas_Pref_Novo-10_Cor-small.png\",\"width\":812,\"height\":90,\"caption\":\"CEPHAS\"},\"image\":{\"@id\":\"https:\/\/cephas.org.br\/#\/schema\/logo\/image\/\"}},{\"@type\":\"Person\",\"@id\":\"https:\/\/cephas.org.br\/#\/schema\/person\/bf88621f4720f50690438f24889063f3\",\"name\":\"Pamyla Costa\",\"image\":{\"@type\":\"ImageObject\",\"inLanguage\":\"pt-BR\",\"@id\":\"https:\/\/cephas.org.br\/#\/schema\/person\/image\/\",\"url\":\"https:\/\/secure.gravatar.com\/avatar\/e4b4ee6c3da610484c7833975764f79e4222aac4883182ac0e4af6538c2fadf7?s=96&d=mm&r=g\",\"contentUrl\":\"https:\/\/secure.gravatar.com\/avatar\/e4b4ee6c3da610484c7833975764f79e4222aac4883182ac0e4af6538c2fadf7?s=96&d=mm&r=g\",\"caption\":\"Pamyla Costa\"},\"url\":\"https:\/\/cephas.org.br\/index.php\/author\/pamyla-costa\/\"}]}<\/script>\n<!-- \/ Yoast SEO plugin. -->","yoast_head_json":{"title":"Programa Portas Abertas amplia oportunidades de trabalho - CEPHAS","robots":{"index":"index","follow":"follow","max-snippet":"max-snippet:-1","max-image-preview":"max-image-preview:large","max-video-preview":"max-video-preview:-1"},"canonical":"https:\/\/cephas.org.br\/index.php\/2024\/10\/29\/programa-portas-abertas-amplia-oportunidades-de-trabalho\/","og_locale":"pt_BR","og_type":"article","og_title":"Programa Portas Abertas amplia oportunidades de trabalho - CEPHAS","og_description":"Novas turmas estar\u00e3o com inscri\u00e7\u00f5es abertas a partir de 10 de maio &#8211; Foto: PMSJC Cl\u00e1udio SouzaFundhas A aut\u00f4noma Eliane Barbosa Gon\u00e7alves, que tem 37 anos e mora no bairro Dom Pedro 2\u00ba, na regi\u00e3o sul de S\u00e3o Jos\u00e9 dos Campos, iniciou 2023 com o desejo de empreender e abrir um sal\u00e3o de beleza. Para [&hellip;]","og_url":"https:\/\/cephas.org.br\/index.php\/2024\/10\/29\/programa-portas-abertas-amplia-oportunidades-de-trabalho\/","og_site_name":"CEPHAS","article_published_time":"2024-10-29T15:12:26+00:00","og_image":[{"width":940,"height":627,"url":"http:\/\/cephas.org.br\/wp-content\/uploads\/2023\/04\/portasabertas101.jpeg","type":"image\/jpeg"}],"author":"Pamyla Costa","twitter_card":"summary_large_image","twitter_misc":{"Escrito por":"Pamyla Costa","Est. tempo de leitura":"3 minutos"},"schema":{"@context":"https:\/\/schema.org","@graph":[{"@type":"Article","@id":"https:\/\/cephas.org.br\/index.php\/2024\/10\/29\/programa-portas-abertas-amplia-oportunidades-de-trabalho\/#article","isPartOf":{"@id":"https:\/\/cephas.org.br\/index.php\/2024\/10\/29\/programa-portas-abertas-amplia-oportunidades-de-trabalho\/"},"author":{"name":"Pamyla Costa","@id":"https:\/\/cephas.org.br\/#\/schema\/person\/bf88621f4720f50690438f24889063f3"},"headline":"Programa Portas Abertas amplia oportunidades de trabalho","datePublished":"2024-10-29T15:12:26+00:00","mainEntityOfPage":{"@id":"https:\/\/cephas.org.br\/index.php\/2024\/10\/29\/programa-portas-abertas-amplia-oportunidades-de-trabalho\/"},"wordCount":516,"commentCount":0,"publisher":{"@id":"https:\/\/cephas.org.br\/#organization"},"image":{"@id":"https:\/\/cephas.org.br\/index.php\/2024\/10\/29\/programa-portas-abertas-amplia-oportunidades-de-trabalho\/#primaryimage"},"thumbnailUrl":"https:\/\/cephas.org.br\/wp-content\/uploads\/2023\/04\/portasabertas101.jpeg","keywords":["#alunosfundhas","#cursostecnicos","#empregabilidade","#empregos","#gratuito","#portasabertas","#prefeiturasjc","#qualificasj","Cephas","Fundhas"],"articleSection":["Not\u00edcias"],"inLanguage":"pt-BR","potentialAction":[{"@type":"CommentAction","name":"Comment","target":["https:\/\/cephas.org.br\/index.php\/2024\/10\/29\/programa-portas-abertas-amplia-oportunidades-de-trabalho\/#respond"]}]},{"@type":"WebPage","@id":"https:\/\/cephas.org.br\/index.php\/2024\/10\/29\/programa-portas-abertas-amplia-oportunidades-de-trabalho\/","url":"https:\/\/cephas.org.br\/index.php\/2024\/10\/29\/programa-portas-abertas-amplia-oportunidades-de-trabalho\/","name":"Programa Portas Abertas amplia oportunidades de trabalho - CEPHAS","isPartOf":{"@id":"https:\/\/cephas.org.br\/#website"},"primaryImageOfPage":{"@id":"https:\/\/cephas.org.br\/index.php\/2024\/10\/29\/programa-portas-abertas-amplia-oportunidades-de-trabalho\/#primaryimage"},"image":{"@id":"https:\/\/cephas.org.br\/index.php\/2024\/10\/29\/programa-portas-abertas-amplia-oportunidades-de-trabalho\/#primaryimage"},"thumbnailUrl":"https:\/\/cephas.org.br\/wp-content\/uploads\/2023\/04\/portasabertas101.jpeg","datePublished":"2024-10-29T15:12:26+00:00","breadcrumb":{"@id":"https:\/\/cephas.org.br\/index.php\/2024\/10\/29\/programa-portas-abertas-amplia-oportunidades-de-trabalho\/#breadcrumb"},"inLanguage":"pt-BR","potentialAction":[{"@type":"ReadAction","target":["https:\/\/cephas.org.br\/index.php\/2024\/10\/29\/programa-portas-abertas-amplia-oportunidades-de-trabalho\/"]}]},{"@type":"ImageObject","inLanguage":"pt-BR","@id":"https:\/\/cephas.org.br\/index.php\/2024\/10\/29\/programa-portas-abertas-amplia-oportunidades-de-trabalho\/#primaryimage","url":"https:\/\/cephas.org.br\/wp-content\/uploads\/2023\/04\/portasabertas101.jpeg","contentUrl":"https:\/\/cephas.org.br\/wp-content\/uploads\/2023\/04\/portasabertas101.jpeg","width":940,"height":627},{"@type":"BreadcrumbList","@id":"https:\/\/cephas.org.br\/index.php\/2024\/10\/29\/programa-portas-abertas-amplia-oportunidades-de-trabalho\/#breadcrumb","itemListElement":[{"@type":"ListItem","position":1,"name":"In\u00edcio","item":"https:\/\/cephas.org.br\/"},{"@type":"ListItem","position":2,"name":"Programa Portas Abertas amplia oportunidades de trabalho"}]},{"@type":"WebSite","@id":"https:\/\/cephas.org.br\/#website","url":"https:\/\/cephas.org.br\/","name":"CEPHAS","description":"","publisher":{"@id":"https:\/\/cephas.org.br\/#organization"},"potentialAction":[{"@type":"SearchAction","target":{"@type":"EntryPoint","urlTemplate":"https:\/\/cephas.org.br\/?s={search_term_string}"},"query-input":{"@type":"PropertyValueSpecification","valueRequired":true,"valueName":"search_term_string"}}],"inLanguage":"pt-BR"},{"@type":"Organization","@id":"https:\/\/cephas.org.br\/#organization","name":"CEPHAS","url":"https:\/\/cephas.org.br\/","logo":{"@type":"ImageObject","inLanguage":"pt-BR","@id":"https:\/\/cephas.org.br\/#\/schema\/logo\/image\/","url":"https:\/\/cephas.org.br\/wp-content\/uploads\/2023\/10\/cropped-Assinaturas_CephasFundhas_Pref_Novo-10_Cor-small.png","contentUrl":"https:\/\/cephas.org.br\/wp-content\/uploads\/2023\/10\/cropped-Assinaturas_CephasFundhas_Pref_Novo-10_Cor-small.png","width":812,"height":90,"caption":"CEPHAS"},"image":{"@id":"https:\/\/cephas.org.br\/#\/schema\/logo\/image\/"}},{"@type":"Person","@id":"https:\/\/cephas.org.br\/#\/schema\/person\/bf88621f4720f50690438f24889063f3","name":"Pamyla Costa","image":{"@type":"ImageObject","inLanguage":"pt-BR","@id":"https:\/\/cephas.org.br\/#\/schema\/person\/image\/","url":"https:\/\/secure.gravatar.com\/avatar\/e4b4ee6c3da610484c7833975764f79e4222aac4883182ac0e4af6538c2fadf7?s=96&d=mm&r=g","contentUrl":"https:\/\/secure.gravatar.com\/avatar\/e4b4ee6c3da610484c7833975764f79e4222aac4883182ac0e4af6538c2fadf7?s=96&d=mm&r=g","caption":"Pamyla Costa"},"url":"https:\/\/cephas.org.br\/index.php\/author\/pamyla-costa\/"}]}},"_links":{"self":[{"href":"https:\/\/cephas.org.br\/index.php\/wp-json\/wp\/v2\/posts\/3479","targetHints":{"allow":["GET"]}}],"collection":[{"href":"https:\/\/cephas.org.br\/index.php\/wp-json\/wp\/v2\/posts"}],"about":[{"href":"https:\/\/cephas.org.br\/index.php\/wp-json\/wp\/v2\/types\/post"}],"author":[{"embeddable":true,"href":"https:\/\/cephas.org.br\/index.php\/wp-json\/wp\/v2\/users\/25"}],"replies":[{"embeddable":true,"href":"https:\/\/cephas.org.br\/index.php\/wp-json\/wp\/v2\/comments?post=3479"}],"version-history":[{"count":1,"href":"https:\/\/cephas.org.br\/index.php\/wp-json\/wp\/v2\/posts\/3479\/revisions"}],"predecessor-version":[{"id":3481,"href":"https:\/\/cephas.org.br\/index.php\/wp-json\/wp\/v2\/posts\/3479\/revisions\/3481"}],"wp:featuredmedia":[{"embeddable":true,"href":"https:\/\/cephas.org.br\/index.php\/wp-json\/wp\/v2\/media\/3480"}],"wp:attachment":[{"href":"https:\/\/cephas.org.br\/index.php\/wp-json\/wp\/v2\/media?parent=3479"}],"wp:term":[{"taxonomy":"category","embeddable":true,"href":"https:\/\/cephas.org.br\/index.php\/wp-json\/wp\/v2\/categories?post=3479"},{"taxonomy":"post_tag","embeddable":true,"href":"https:\/\/cephas.org.br\/index.php\/wp-json\/wp\/v2\/tags?post=3479"}],"curies":[{"name":"wp","href":"https:\/\/api.w.org\/{rel}","templated":true}]}}