{"id":3428,"date":"2024-10-29T12:12:27","date_gmt":"2024-10-29T15:12:27","guid":{"rendered":"https:\/\/cephas.org.br\/?p=3428"},"modified":"2024-10-29T12:12:27","modified_gmt":"2024-10-29T15:12:27","slug":"ex-aluna-do-cephas-motiva-jovens-do-programa-primeira-chance","status":"publish","type":"post","link":"https:\/\/cephas.org.br\/index.php\/2024\/10\/29\/ex-aluna-do-cephas-motiva-jovens-do-programa-primeira-chance\/","title":{"rendered":"Ex-aluna do Cephas motiva jovens do programa Primeira Chance"},"content":{"rendered":"\n<p><img decoding=\"async\" src=\"https:\/\/sjc.sp.gov.br\/media\/230146\/programaprimeirachance12.jpeg?anchor=center&amp;mode=crop&amp;width=940&amp;height=627&amp;rnd=133258839990000000\" alt=\"Programa Primeira Chance - M\u00f3dulo &quot;Profissionais para a Ind\u00fastria do Futuro&quot;\"><\/p>\n\n\n\n<p>Jovens do programa Primeira Chance, funcion\u00e1rios da Gerdau e empres\u00e1rios da Assecre; troca de experi\u00eancias e conhecimentos &#8211; Foto: PMSJC<\/p>\n\n\n\n<p><strong>Cl\u00e1udio Souza<\/strong><br><strong>Fundhas<\/strong><\/p>\n\n\n\n<p>T\u00e9cnica em Mec\u00e2nica formada pelo Cephas (Col\u00e9gio de Educa\u00e7\u00e3o Profissional H\u00e9lio Augusto de Souza) em 2019 e ex-jovem aprendiz da Fundhas (Funda\u00e7\u00e3o H\u00e9lio Augusto de Souza), Raiane Rodrigues Negr\u00e3o, de 22 anos, viveu momentos especiais nesta quinta-feira (13).<\/p>\n\n\n\n<p>Junto com quatro colegas da f\u00e1brica da Gerdau em S\u00e3o Jos\u00e9 dos Campos, onde atuou por um ano como jovem aprendiz e hoje \u00e9 estagi\u00e1ria universit\u00e1ria da \u00e1rea de produ\u00e7\u00e3o, ela esteve no audit\u00f3rio da sede da Fundhas, no Parque Industrial, na regi\u00e3o sul, para motivar os 40 jovens da atual edi\u00e7\u00e3o do programa Primeira Chance na busca pelo primeiro emprego e por novos horizontes profissionais.<\/p>\n\n\n\n<p>Os funcion\u00e1rios das \u00e1reas administrativa e de produ\u00e7\u00e3o Gerdau foram os convidados especiais do m\u00f3dulo \u201cProfissionais para a Ind\u00fastria do Futuro\u201d, organizado pela Assecre (Associa\u00e7\u00e3o das Empresas do Vale do Para\u00edba).<\/p>\n\n\n\n<p>Eles compartilharam com os jovens suas experi\u00eancias profissionais, falaram sobre a Gerdau e deram orienta\u00e7\u00f5es de como se preparar para o mercado de trabalho e aproveitar as oportunidades profissionais para o desenvolvimento de diversas carreiras.<\/p>\n\n\n\n<p>A manuten\u00e7\u00e3o e amplia\u00e7\u00e3o do atendimento dos jovens na capacita\u00e7\u00e3o para o primeiro emprego atrav\u00e9s do programa Primeira Chance integra o Plano de Gest\u00e3o 2021-2024.<\/p>\n\n\n\n<figure class=\"wp-block-image\"><img decoding=\"async\" src=\"https:\/\/sjc.sp.gov.br\/media\/230139\/programaprimeirachance5.jpeg?width=500&amp;height=333.125\" alt=\"\"\/><\/figure>\n\n\n\n<p><sup><strong>Solidariedade.<\/strong>&nbsp;Raiane quer ajudar jovens na conquista de empregos.&nbsp;<strong>Foto:<\/strong>&nbsp;PMSJC<\/sup><\/p>\n\n\n\n<p><strong>Compartilhando conhecimentos<\/strong><\/p>\n\n\n\n<p>Um dos pontos altos da aula desta quinta foi o depoimento de Raiane.<\/p>\n\n\n\n<p>\u201cJ\u00e1 estive no lugar destes jovens na busca pelo primeiro emprego e por capacita\u00e7\u00e3o profissional. Espero que meu depoimento seja \u00fatil e os motive para que tamb\u00e9m possam progredir cada vez mais\u201d, afirmou a ex- aluna do Cephas.<\/p>\n\n\n\n<p>\u201cO Cephas me ajudou muito. E ter sido jovem aprendiz na Gerdau foi fundamental na minha vida, abrindo as portas para que eu esteja na empresa at\u00e9 hoje\u201d, completou.<\/p>\n\n\n\n<figure class=\"wp-block-image\"><img decoding=\"async\" src=\"https:\/\/sjc.sp.gov.br\/media\/230140\/programaprimeirachance6.jpeg?width=500&amp;height=333.125\" alt=\"\"\/><\/figure>\n\n\n\n<p><sup><strong>Motiva\u00e7\u00e3o.<\/strong>&nbsp;Yuri est\u00e1 motivado para aprender e al\u00e7ar voos mais altos.&nbsp;<strong>Foto:<\/strong>&nbsp;PMSJC<\/sup><\/p>\n\n\n\n<p><strong>Novos horizontes<\/strong><\/p>\n\n\n\n<p>As experi\u00eancias profissionais e os conhecimentos compartilhados por Raiane, pelos funcion\u00e1rios da Gerdau e por empres\u00e1rios da Assecre motivaram os benefici\u00e1rios do Primeira Chance.<\/p>\n\n\n\n<p>\u201cEstou muito feliz por participar do programa e muito motivado. Atualmente trabalho como ajudante de caminhoneiro, mas acredito que os conhecimentos que vou adquirir me ajudar\u00e3o a ampliar meus horizontes profissionais\u201d, disse Yuri Kajyama Aquino, que tem 18 anos e mora no Jardim Sat\u00e9lite, na regi\u00e3o sul.<\/p>\n\n\n\n<figure class=\"wp-block-image\"><img decoding=\"async\" src=\"https:\/\/sjc.sp.gov.br\/media\/230136\/programaprimeirachance2.jpeg?width=500&amp;height=333.125\" alt=\"\"\/><\/figure>\n\n\n\n<p><sup><strong>Portas abertas.<\/strong>&nbsp;Para Wagner, diretor da Assecre, programa abre portas.&nbsp;<strong>Foto:<\/strong>&nbsp;PMSJC&nbsp;<\/sup><\/p>\n\n\n\n<p><strong>Despertando talentos<\/strong><\/p>\n\n\n\n<p>Diretor executivo da Assecre, o empres\u00e1rio Wagner Siqueira destacou a import\u00e2ncia do programa Primeira Chance.<\/p>\n\n\n\n<p>\u201c\u00c9 um programa muito importante para despertar estes jovens, mostrando a eles que \u00e9 poss\u00edvel encontrar novas perspectivas de trabalho\u201d, disse Siqueira.<\/p>\n\n\n\n<p>\u201cO Primeira Chance \u00e9 a porta de entrada para quem se prepara e aproveita as oportunidades\u201d.<\/p>\n\n\n\n<figure class=\"wp-block-image\"><img decoding=\"async\" src=\"https:\/\/sjc.sp.gov.br\/media\/230151\/programaprimeirachance17.jpeg?width=500&amp;height=375\" alt=\"\"\/><\/figure>\n\n\n\n<p><sup><strong>Mercado.<\/strong>&nbsp;Equipe da Gerdau falou sobre perspectivas de trabalho.<strong>&nbsp;Foto:<\/strong>&nbsp;PMSJC<\/sup><\/p>\n\n\n\n<p><strong>Capacita\u00e7\u00e3o profissional<\/strong><\/p>\n\n\n\n<p>At\u00e9 27 de abril, ser\u00e3o realizados mais quatro m\u00f3dulos do programa Primeira Chance. Os jovens que conclu\u00edrem os cursos com 100% de frequ\u00eancia receber\u00e3o uma contrapartida financeira de R$ 400.<\/p>\n\n\n\n<p>Ao final da jornada presencial, eles ter\u00e3o tamb\u00e9m a oportunidade de continuar a capacita\u00e7\u00e3o profissional com a realiza\u00e7\u00e3o de um curso gratuito na modalidade EAD oferecido pelo Cephas.<\/p>\n\n\n\n<p>Implantado em 2017, o programa \u00e9 uma iniciativa da Prefeitura de S\u00e3o Jos\u00e9, em parceria com a Fundhas e o Cephas e entidades como Assecre, ACI (Associa\u00e7\u00e3o Comercial e Industrial) de S\u00e3o Jos\u00e9, Senai (Servi\u00e7o Nacional da Ind\u00fastria), Senac (Servi\u00e7o Nacional do Com\u00e9rcio) e CIEE (Centro de Integra\u00e7\u00e3o Empresa-Escola), entre outras, e com empres\u00e1rios volunt\u00e1rios.<\/p>\n\n\n\n<p>O objetivo \u00e9 propiciar novas chances de empregabilidade e empreendedorismo para jovens de 18 a 29 anos de todas as regi\u00f5es de S\u00e3o Jos\u00e9.<\/p>\n\n\n\n<p><strong>Conhe\u00e7a mais sobre a<\/strong>&nbsp;<a rel=\"noreferrer noopener\" href=\"https:\/\/fundhas.org.br\/\" target=\"_blank\">Fundhas<\/a>.<\/p>\n\n\n\n<p><strong>Conhe\u00e7a mais sobre o<\/strong>&nbsp;<a rel=\"noreferrer noopener\" href=\"https:\/\/cephas.org.br\/\" target=\"_blank\">Cephas<\/a>.<\/p>\n","protected":false},"excerpt":{"rendered":"<p>Jovens do programa Primeira Chance, funcion\u00e1rios da Gerdau e empres\u00e1rios da Assecre; troca de experi\u00eancias e conhecimentos &#8211; Foto: PMSJC Cl\u00e1udio SouzaFundhas T\u00e9cnica em Mec\u00e2nica formada pelo Cephas (Col\u00e9gio de Educa\u00e7\u00e3o Profissional H\u00e9lio Augusto de Souza) em 2019 e ex-jovem aprendiz da Fundhas (Funda\u00e7\u00e3o H\u00e9lio Augusto de Souza), Raiane Rodrigues Negr\u00e3o, de 22 anos, viveu [&hellip;]<\/p>\n","protected":false},"author":25,"featured_media":3429,"comment_status":"open","ping_status":"closed","sticky":false,"template":"","format":"standard","meta":{"_acf_changed":false,"_monsterinsights_skip_tracking":false,"_monsterinsights_sitenote_active":false,"_monsterinsights_sitenote_note":"","_monsterinsights_sitenote_category":0,"footnotes":""},"categories":[2],"tags":[13,17,18,15,16,25,6,5],"class_list":{"0":"post-3428","1":"post","2":"type-post","3":"status-publish","4":"format-standard","5":"has-post-thumbnail","7":"category-noticias","8":"tag-alunosfundhas","9":"tag-cursostecnicos","10":"tag-empregabilidade","11":"tag-empregos","12":"tag-gratuito","13":"tag-prefeiturasjc","14":"tag-cephas","15":"tag-fundhas","16":"czr-hentry"},"acf":[],"yoast_head":"<!-- This site is optimized with the Yoast SEO plugin v26.6 - https:\/\/yoast.com\/wordpress\/plugins\/seo\/ -->\n<title>Ex-aluna do Cephas motiva jovens do programa Primeira Chance - CEPHAS<\/title>\n<meta name=\"robots\" content=\"index, follow, max-snippet:-1, max-image-preview:large, max-video-preview:-1\" \/>\n<link rel=\"canonical\" href=\"https:\/\/cephas.org.br\/index.php\/2024\/10\/29\/ex-aluna-do-cephas-motiva-jovens-do-programa-primeira-chance\/\" \/>\n<meta property=\"og:locale\" content=\"pt_BR\" \/>\n<meta property=\"og:type\" content=\"article\" \/>\n<meta property=\"og:title\" content=\"Ex-aluna do Cephas motiva jovens do programa Primeira Chance - CEPHAS\" \/>\n<meta property=\"og:description\" content=\"Jovens do programa Primeira Chance, funcion\u00e1rios da Gerdau e empres\u00e1rios da Assecre; troca de experi\u00eancias e conhecimentos &#8211; Foto: PMSJC Cl\u00e1udio SouzaFundhas T\u00e9cnica em Mec\u00e2nica formada pelo Cephas (Col\u00e9gio de Educa\u00e7\u00e3o Profissional H\u00e9lio Augusto de Souza) em 2019 e ex-jovem aprendiz da Fundhas (Funda\u00e7\u00e3o H\u00e9lio Augusto de Souza), Raiane Rodrigues Negr\u00e3o, de 22 anos, viveu [&hellip;]\" \/>\n<meta property=\"og:url\" content=\"https:\/\/cephas.org.br\/index.php\/2024\/10\/29\/ex-aluna-do-cephas-motiva-jovens-do-programa-primeira-chance\/\" \/>\n<meta property=\"og:site_name\" content=\"CEPHAS\" \/>\n<meta property=\"article:published_time\" content=\"2024-10-29T15:12:27+00:00\" \/>\n<meta property=\"og:image\" content=\"http:\/\/cephas.org.br\/wp-content\/uploads\/2023\/04\/programaprimeirachance12.jpeg\" \/>\n\t<meta property=\"og:image:width\" content=\"940\" \/>\n\t<meta property=\"og:image:height\" content=\"627\" \/>\n\t<meta property=\"og:image:type\" content=\"image\/jpeg\" \/>\n<meta name=\"author\" content=\"Pamyla Costa\" \/>\n<meta name=\"twitter:card\" content=\"summary_large_image\" \/>\n<meta name=\"twitter:label1\" content=\"Escrito por\" \/>\n\t<meta name=\"twitter:data1\" content=\"Pamyla Costa\" \/>\n\t<meta name=\"twitter:label2\" content=\"Est. tempo de leitura\" \/>\n\t<meta name=\"twitter:data2\" content=\"5 minutos\" \/>\n<script type=\"application\/ld+json\" class=\"yoast-schema-graph\">{\"@context\":\"https:\/\/schema.org\",\"@graph\":[{\"@type\":\"Article\",\"@id\":\"https:\/\/cephas.org.br\/index.php\/2024\/10\/29\/ex-aluna-do-cephas-motiva-jovens-do-programa-primeira-chance\/#article\",\"isPartOf\":{\"@id\":\"https:\/\/cephas.org.br\/index.php\/2024\/10\/29\/ex-aluna-do-cephas-motiva-jovens-do-programa-primeira-chance\/\"},\"author\":{\"name\":\"Pamyla Costa\",\"@id\":\"https:\/\/cephas.org.br\/#\/schema\/person\/bf88621f4720f50690438f24889063f3\"},\"headline\":\"Ex-aluna do Cephas motiva jovens do programa Primeira Chance\",\"datePublished\":\"2024-10-29T15:12:27+00:00\",\"mainEntityOfPage\":{\"@id\":\"https:\/\/cephas.org.br\/index.php\/2024\/10\/29\/ex-aluna-do-cephas-motiva-jovens-do-programa-primeira-chance\/\"},\"wordCount\":702,\"commentCount\":0,\"publisher\":{\"@id\":\"https:\/\/cephas.org.br\/#organization\"},\"image\":{\"@id\":\"https:\/\/cephas.org.br\/index.php\/2024\/10\/29\/ex-aluna-do-cephas-motiva-jovens-do-programa-primeira-chance\/#primaryimage\"},\"thumbnailUrl\":\"https:\/\/cephas.org.br\/wp-content\/uploads\/2023\/04\/programaprimeirachance12.jpeg\",\"keywords\":[\"#alunosfundhas\",\"#cursostecnicos\",\"#empregabilidade\",\"#empregos\",\"#gratuito\",\"#prefeiturasjc\",\"Cephas\",\"Fundhas\"],\"articleSection\":[\"Not\u00edcias\"],\"inLanguage\":\"pt-BR\",\"potentialAction\":[{\"@type\":\"CommentAction\",\"name\":\"Comment\",\"target\":[\"https:\/\/cephas.org.br\/index.php\/2024\/10\/29\/ex-aluna-do-cephas-motiva-jovens-do-programa-primeira-chance\/#respond\"]}]},{\"@type\":\"WebPage\",\"@id\":\"https:\/\/cephas.org.br\/index.php\/2024\/10\/29\/ex-aluna-do-cephas-motiva-jovens-do-programa-primeira-chance\/\",\"url\":\"https:\/\/cephas.org.br\/index.php\/2024\/10\/29\/ex-aluna-do-cephas-motiva-jovens-do-programa-primeira-chance\/\",\"name\":\"Ex-aluna do Cephas motiva jovens do programa Primeira Chance - CEPHAS\",\"isPartOf\":{\"@id\":\"https:\/\/cephas.org.br\/#website\"},\"primaryImageOfPage\":{\"@id\":\"https:\/\/cephas.org.br\/index.php\/2024\/10\/29\/ex-aluna-do-cephas-motiva-jovens-do-programa-primeira-chance\/#primaryimage\"},\"image\":{\"@id\":\"https:\/\/cephas.org.br\/index.php\/2024\/10\/29\/ex-aluna-do-cephas-motiva-jovens-do-programa-primeira-chance\/#primaryimage\"},\"thumbnailUrl\":\"https:\/\/cephas.org.br\/wp-content\/uploads\/2023\/04\/programaprimeirachance12.jpeg\",\"datePublished\":\"2024-10-29T15:12:27+00:00\",\"breadcrumb\":{\"@id\":\"https:\/\/cephas.org.br\/index.php\/2024\/10\/29\/ex-aluna-do-cephas-motiva-jovens-do-programa-primeira-chance\/#breadcrumb\"},\"inLanguage\":\"pt-BR\",\"potentialAction\":[{\"@type\":\"ReadAction\",\"target\":[\"https:\/\/cephas.org.br\/index.php\/2024\/10\/29\/ex-aluna-do-cephas-motiva-jovens-do-programa-primeira-chance\/\"]}]},{\"@type\":\"ImageObject\",\"inLanguage\":\"pt-BR\",\"@id\":\"https:\/\/cephas.org.br\/index.php\/2024\/10\/29\/ex-aluna-do-cephas-motiva-jovens-do-programa-primeira-chance\/#primaryimage\",\"url\":\"https:\/\/cephas.org.br\/wp-content\/uploads\/2023\/04\/programaprimeirachance12.jpeg\",\"contentUrl\":\"https:\/\/cephas.org.br\/wp-content\/uploads\/2023\/04\/programaprimeirachance12.jpeg\",\"width\":940,\"height\":627},{\"@type\":\"BreadcrumbList\",\"@id\":\"https:\/\/cephas.org.br\/index.php\/2024\/10\/29\/ex-aluna-do-cephas-motiva-jovens-do-programa-primeira-chance\/#breadcrumb\",\"itemListElement\":[{\"@type\":\"ListItem\",\"position\":1,\"name\":\"In\u00edcio\",\"item\":\"https:\/\/cephas.org.br\/\"},{\"@type\":\"ListItem\",\"position\":2,\"name\":\"Ex-aluna do Cephas motiva jovens do programa Primeira Chance\"}]},{\"@type\":\"WebSite\",\"@id\":\"https:\/\/cephas.org.br\/#website\",\"url\":\"https:\/\/cephas.org.br\/\",\"name\":\"CEPHAS\",\"description\":\"\",\"publisher\":{\"@id\":\"https:\/\/cephas.org.br\/#organization\"},\"potentialAction\":[{\"@type\":\"SearchAction\",\"target\":{\"@type\":\"EntryPoint\",\"urlTemplate\":\"https:\/\/cephas.org.br\/?s={search_term_string}\"},\"query-input\":{\"@type\":\"PropertyValueSpecification\",\"valueRequired\":true,\"valueName\":\"search_term_string\"}}],\"inLanguage\":\"pt-BR\"},{\"@type\":\"Organization\",\"@id\":\"https:\/\/cephas.org.br\/#organization\",\"name\":\"CEPHAS\",\"url\":\"https:\/\/cephas.org.br\/\",\"logo\":{\"@type\":\"ImageObject\",\"inLanguage\":\"pt-BR\",\"@id\":\"https:\/\/cephas.org.br\/#\/schema\/logo\/image\/\",\"url\":\"https:\/\/cephas.org.br\/wp-content\/uploads\/2023\/10\/cropped-Assinaturas_CephasFundhas_Pref_Novo-10_Cor-small.png\",\"contentUrl\":\"https:\/\/cephas.org.br\/wp-content\/uploads\/2023\/10\/cropped-Assinaturas_CephasFundhas_Pref_Novo-10_Cor-small.png\",\"width\":812,\"height\":90,\"caption\":\"CEPHAS\"},\"image\":{\"@id\":\"https:\/\/cephas.org.br\/#\/schema\/logo\/image\/\"}},{\"@type\":\"Person\",\"@id\":\"https:\/\/cephas.org.br\/#\/schema\/person\/bf88621f4720f50690438f24889063f3\",\"name\":\"Pamyla Costa\",\"image\":{\"@type\":\"ImageObject\",\"inLanguage\":\"pt-BR\",\"@id\":\"https:\/\/cephas.org.br\/#\/schema\/person\/image\/\",\"url\":\"https:\/\/secure.gravatar.com\/avatar\/e4b4ee6c3da610484c7833975764f79e4222aac4883182ac0e4af6538c2fadf7?s=96&d=mm&r=g\",\"contentUrl\":\"https:\/\/secure.gravatar.com\/avatar\/e4b4ee6c3da610484c7833975764f79e4222aac4883182ac0e4af6538c2fadf7?s=96&d=mm&r=g\",\"caption\":\"Pamyla Costa\"},\"url\":\"https:\/\/cephas.org.br\/index.php\/author\/pamyla-costa\/\"}]}<\/script>\n<!-- \/ Yoast SEO plugin. -->","yoast_head_json":{"title":"Ex-aluna do Cephas motiva jovens do programa Primeira Chance - CEPHAS","robots":{"index":"index","follow":"follow","max-snippet":"max-snippet:-1","max-image-preview":"max-image-preview:large","max-video-preview":"max-video-preview:-1"},"canonical":"https:\/\/cephas.org.br\/index.php\/2024\/10\/29\/ex-aluna-do-cephas-motiva-jovens-do-programa-primeira-chance\/","og_locale":"pt_BR","og_type":"article","og_title":"Ex-aluna do Cephas motiva jovens do programa Primeira Chance - CEPHAS","og_description":"Jovens do programa Primeira Chance, funcion\u00e1rios da Gerdau e empres\u00e1rios da Assecre; troca de experi\u00eancias e conhecimentos &#8211; Foto: PMSJC Cl\u00e1udio SouzaFundhas T\u00e9cnica em Mec\u00e2nica formada pelo Cephas (Col\u00e9gio de Educa\u00e7\u00e3o Profissional H\u00e9lio Augusto de Souza) em 2019 e ex-jovem aprendiz da Fundhas (Funda\u00e7\u00e3o H\u00e9lio Augusto de Souza), Raiane Rodrigues Negr\u00e3o, de 22 anos, viveu [&hellip;]","og_url":"https:\/\/cephas.org.br\/index.php\/2024\/10\/29\/ex-aluna-do-cephas-motiva-jovens-do-programa-primeira-chance\/","og_site_name":"CEPHAS","article_published_time":"2024-10-29T15:12:27+00:00","og_image":[{"width":940,"height":627,"url":"http:\/\/cephas.org.br\/wp-content\/uploads\/2023\/04\/programaprimeirachance12.jpeg","type":"image\/jpeg"}],"author":"Pamyla Costa","twitter_card":"summary_large_image","twitter_misc":{"Escrito por":"Pamyla Costa","Est. tempo de leitura":"5 minutos"},"schema":{"@context":"https:\/\/schema.org","@graph":[{"@type":"Article","@id":"https:\/\/cephas.org.br\/index.php\/2024\/10\/29\/ex-aluna-do-cephas-motiva-jovens-do-programa-primeira-chance\/#article","isPartOf":{"@id":"https:\/\/cephas.org.br\/index.php\/2024\/10\/29\/ex-aluna-do-cephas-motiva-jovens-do-programa-primeira-chance\/"},"author":{"name":"Pamyla Costa","@id":"https:\/\/cephas.org.br\/#\/schema\/person\/bf88621f4720f50690438f24889063f3"},"headline":"Ex-aluna do Cephas motiva jovens do programa Primeira Chance","datePublished":"2024-10-29T15:12:27+00:00","mainEntityOfPage":{"@id":"https:\/\/cephas.org.br\/index.php\/2024\/10\/29\/ex-aluna-do-cephas-motiva-jovens-do-programa-primeira-chance\/"},"wordCount":702,"commentCount":0,"publisher":{"@id":"https:\/\/cephas.org.br\/#organization"},"image":{"@id":"https:\/\/cephas.org.br\/index.php\/2024\/10\/29\/ex-aluna-do-cephas-motiva-jovens-do-programa-primeira-chance\/#primaryimage"},"thumbnailUrl":"https:\/\/cephas.org.br\/wp-content\/uploads\/2023\/04\/programaprimeirachance12.jpeg","keywords":["#alunosfundhas","#cursostecnicos","#empregabilidade","#empregos","#gratuito","#prefeiturasjc","Cephas","Fundhas"],"articleSection":["Not\u00edcias"],"inLanguage":"pt-BR","potentialAction":[{"@type":"CommentAction","name":"Comment","target":["https:\/\/cephas.org.br\/index.php\/2024\/10\/29\/ex-aluna-do-cephas-motiva-jovens-do-programa-primeira-chance\/#respond"]}]},{"@type":"WebPage","@id":"https:\/\/cephas.org.br\/index.php\/2024\/10\/29\/ex-aluna-do-cephas-motiva-jovens-do-programa-primeira-chance\/","url":"https:\/\/cephas.org.br\/index.php\/2024\/10\/29\/ex-aluna-do-cephas-motiva-jovens-do-programa-primeira-chance\/","name":"Ex-aluna do Cephas motiva jovens do programa Primeira Chance - CEPHAS","isPartOf":{"@id":"https:\/\/cephas.org.br\/#website"},"primaryImageOfPage":{"@id":"https:\/\/cephas.org.br\/index.php\/2024\/10\/29\/ex-aluna-do-cephas-motiva-jovens-do-programa-primeira-chance\/#primaryimage"},"image":{"@id":"https:\/\/cephas.org.br\/index.php\/2024\/10\/29\/ex-aluna-do-cephas-motiva-jovens-do-programa-primeira-chance\/#primaryimage"},"thumbnailUrl":"https:\/\/cephas.org.br\/wp-content\/uploads\/2023\/04\/programaprimeirachance12.jpeg","datePublished":"2024-10-29T15:12:27+00:00","breadcrumb":{"@id":"https:\/\/cephas.org.br\/index.php\/2024\/10\/29\/ex-aluna-do-cephas-motiva-jovens-do-programa-primeira-chance\/#breadcrumb"},"inLanguage":"pt-BR","potentialAction":[{"@type":"ReadAction","target":["https:\/\/cephas.org.br\/index.php\/2024\/10\/29\/ex-aluna-do-cephas-motiva-jovens-do-programa-primeira-chance\/"]}]},{"@type":"ImageObject","inLanguage":"pt-BR","@id":"https:\/\/cephas.org.br\/index.php\/2024\/10\/29\/ex-aluna-do-cephas-motiva-jovens-do-programa-primeira-chance\/#primaryimage","url":"https:\/\/cephas.org.br\/wp-content\/uploads\/2023\/04\/programaprimeirachance12.jpeg","contentUrl":"https:\/\/cephas.org.br\/wp-content\/uploads\/2023\/04\/programaprimeirachance12.jpeg","width":940,"height":627},{"@type":"BreadcrumbList","@id":"https:\/\/cephas.org.br\/index.php\/2024\/10\/29\/ex-aluna-do-cephas-motiva-jovens-do-programa-primeira-chance\/#breadcrumb","itemListElement":[{"@type":"ListItem","position":1,"name":"In\u00edcio","item":"https:\/\/cephas.org.br\/"},{"@type":"ListItem","position":2,"name":"Ex-aluna do Cephas motiva jovens do programa Primeira Chance"}]},{"@type":"WebSite","@id":"https:\/\/cephas.org.br\/#website","url":"https:\/\/cephas.org.br\/","name":"CEPHAS","description":"","publisher":{"@id":"https:\/\/cephas.org.br\/#organization"},"potentialAction":[{"@type":"SearchAction","target":{"@type":"EntryPoint","urlTemplate":"https:\/\/cephas.org.br\/?s={search_term_string}"},"query-input":{"@type":"PropertyValueSpecification","valueRequired":true,"valueName":"search_term_string"}}],"inLanguage":"pt-BR"},{"@type":"Organization","@id":"https:\/\/cephas.org.br\/#organization","name":"CEPHAS","url":"https:\/\/cephas.org.br\/","logo":{"@type":"ImageObject","inLanguage":"pt-BR","@id":"https:\/\/cephas.org.br\/#\/schema\/logo\/image\/","url":"https:\/\/cephas.org.br\/wp-content\/uploads\/2023\/10\/cropped-Assinaturas_CephasFundhas_Pref_Novo-10_Cor-small.png","contentUrl":"https:\/\/cephas.org.br\/wp-content\/uploads\/2023\/10\/cropped-Assinaturas_CephasFundhas_Pref_Novo-10_Cor-small.png","width":812,"height":90,"caption":"CEPHAS"},"image":{"@id":"https:\/\/cephas.org.br\/#\/schema\/logo\/image\/"}},{"@type":"Person","@id":"https:\/\/cephas.org.br\/#\/schema\/person\/bf88621f4720f50690438f24889063f3","name":"Pamyla Costa","image":{"@type":"ImageObject","inLanguage":"pt-BR","@id":"https:\/\/cephas.org.br\/#\/schema\/person\/image\/","url":"https:\/\/secure.gravatar.com\/avatar\/e4b4ee6c3da610484c7833975764f79e4222aac4883182ac0e4af6538c2fadf7?s=96&d=mm&r=g","contentUrl":"https:\/\/secure.gravatar.com\/avatar\/e4b4ee6c3da610484c7833975764f79e4222aac4883182ac0e4af6538c2fadf7?s=96&d=mm&r=g","caption":"Pamyla Costa"},"url":"https:\/\/cephas.org.br\/index.php\/author\/pamyla-costa\/"}]}},"_links":{"self":[{"href":"https:\/\/cephas.org.br\/index.php\/wp-json\/wp\/v2\/posts\/3428","targetHints":{"allow":["GET"]}}],"collection":[{"href":"https:\/\/cephas.org.br\/index.php\/wp-json\/wp\/v2\/posts"}],"about":[{"href":"https:\/\/cephas.org.br\/index.php\/wp-json\/wp\/v2\/types\/post"}],"author":[{"embeddable":true,"href":"https:\/\/cephas.org.br\/index.php\/wp-json\/wp\/v2\/users\/25"}],"replies":[{"embeddable":true,"href":"https:\/\/cephas.org.br\/index.php\/wp-json\/wp\/v2\/comments?post=3428"}],"version-history":[{"count":1,"href":"https:\/\/cephas.org.br\/index.php\/wp-json\/wp\/v2\/posts\/3428\/revisions"}],"predecessor-version":[{"id":3430,"href":"https:\/\/cephas.org.br\/index.php\/wp-json\/wp\/v2\/posts\/3428\/revisions\/3430"}],"wp:featuredmedia":[{"embeddable":true,"href":"https:\/\/cephas.org.br\/index.php\/wp-json\/wp\/v2\/media\/3429"}],"wp:attachment":[{"href":"https:\/\/cephas.org.br\/index.php\/wp-json\/wp\/v2\/media?parent=3428"}],"wp:term":[{"taxonomy":"category","embeddable":true,"href":"https:\/\/cephas.org.br\/index.php\/wp-json\/wp\/v2\/categories?post=3428"},{"taxonomy":"post_tag","embeddable":true,"href":"https:\/\/cephas.org.br\/index.php\/wp-json\/wp\/v2\/tags?post=3428"}],"curies":[{"name":"wp","href":"https:\/\/api.w.org\/{rel}","templated":true}]}}