{"id":3413,"date":"2024-10-29T12:12:54","date_gmt":"2024-10-29T15:12:54","guid":{"rendered":"https:\/\/cephas.org.br\/?p=3413"},"modified":"2024-10-29T12:12:54","modified_gmt":"2024-10-29T15:12:54","slug":"fundhas-tem-mais-90-vagas-em-cursos-gratuitos-pelo-cephas","status":"publish","type":"post","link":"https:\/\/cephas.org.br\/index.php\/2024\/10\/29\/fundhas-tem-mais-90-vagas-em-cursos-gratuitos-pelo-cephas\/","title":{"rendered":"Fundhas tem mais 90 vagas em cursos gratuitos pelo Cephas"},"content":{"rendered":"\n<p><img decoding=\"async\" src=\"https:\/\/sjc.sp.gov.br\/media\/217609\/whatsapp-image-2023-01-26-at-105601.jpeg?anchor=center&amp;mode=crop&amp;width=940&amp;height=627&amp;rnd=133192819720000000\" alt=\"Volta \u00e0s aulas no Cephas em 26 de janeiro de 2023\"><\/p>\n\n\n\n<p>Alunos de cursos t\u00e9cnicos do Cephas durante aula; j\u00e1 foram oferecidas neste ano 6.950 vagas em cursos gratuitos presenciais e de Educa\u00e7\u00e3o a Dist\u00e2ncia &#8211; Foto: PMSJC<\/p>\n\n\n\n<p><strong>Cl\u00e1udio Souza<\/strong><br><strong>Fundhas<\/strong><\/p>\n\n\n\n<p>A Fundhas (Funda\u00e7\u00e3o H\u00e9lio Augusto de Souza), por meio do Cephas (Col\u00e9gio de Educa\u00e7\u00e3o Profissional H\u00e9lio Augusto de Souza), est\u00e1 disponibilizando mais 90 vagas em quatro cursos presenciais gratuitos para mun\u00edcipes de todas as regi\u00f5es de S\u00e3o Jos\u00e9 dos Campos.<\/p>\n\n\n\n<p>As inscri\u00e7\u00f5es come\u00e7am nesta ter\u00e7a-feira (11) e prosseguem at\u00e9 o pr\u00f3ximo dia 25 de abril.&nbsp;<\/p>\n\n\n\n<p>S\u00e3o gratuitas e podem ser feitas pela internet, na p\u00e1gina do&nbsp;<a rel=\"noreferrer noopener\" href=\"https:\/\/sjc.sp.gov.br\/servicos\/inovacao-e-desenvolvimento-economico\/trabalho\/qualifica-sao-jose\/\" target=\"_blank\">Qualifica S\u00e3o Jos\u00e9<\/a>, no site da&nbsp;<a rel=\"noreferrer noopener\" href=\"https:\/\/sjc.sp.gov.br\/\" target=\"_blank\">Prefeitura<\/a>,&nbsp;ou pela Central 156 (telefone, site e aplicativo).<\/p>\n\n\n\n<p>O curso Inform\u00e1tica Aplicada ao Trabalho \u00e9 novo no Cephas e ter\u00e1 30 vagas. Os outros cursos s\u00e3o Seguran\u00e7a e Medicina no Trabalho; Comunica\u00e7\u00e3o Empresarial; e No\u00e7\u00f5es de Log\u00edstica e Log\u00edstica Reversa.<\/p>\n\n\n\n<p><strong>Amplia\u00e7\u00e3o<\/strong><\/p>\n\n\n\n<p>A manuten\u00e7\u00e3o e amplia\u00e7\u00e3o de ofertas de novos cursos no Cephas \u00e9 mais um compromisso cumprido do Plano de Gest\u00e3o 2021-2024.<\/p>\n\n\n\n<p>Somente neste ano, j\u00e1 foram ofertadas 6.950 vagas em cursos presenciais e na modalidade EAD (Educa\u00e7\u00e3o a Dist\u00e2ncia). Em 2021 e 2022, foram abertas 32.831 vagas.<\/p>\n\n\n\n<p><strong>Vestibulinho do Cephas<\/strong><\/p>\n\n\n\n<p>Al\u00e9m das vagas mensais em cursos gratuitos presenciais e EAD (Educa\u00e7\u00e3o a Dist\u00e2ncia), o Cephas mant\u00e9m, ainda, cursos t\u00e9cnicos gratuitos de qualidade.<\/p>\n\n\n\n<p>\u00c9 uma \u00f3tima oportunidade para quem busca capacita\u00e7\u00e3o profissional.<\/p>\n\n\n\n<p>Est\u00e3o abertas, at\u00e9 o pr\u00f3ximo dia 15 de maio, as inscri\u00e7\u00f5es para o Vestibulinho do Cephas, o maior da hist\u00f3ria da institui\u00e7\u00e3o, com 520 vagas em cursos t\u00e9cnicos gratuitos de n\u00edvel m\u00e9dio para as turmas do segundo semestre de 2023.<\/p>\n\n\n\n<p>Al\u00e9m do maior n\u00famero de vagas da hist\u00f3ria, tamb\u00e9m haver\u00e1 o maior n\u00famero de cursos ao mesmo tempo. Ser\u00e3o oito no total: Administra\u00e7\u00e3o (120 vagas), Com\u00e9rcio (80 vagas), Enfermagem (40 vagas), Mec\u00e2nica (80 vagas), Eletr\u00f4nica (40 vagas), Qu\u00edmica (40 vagas), Eventos (40 vagas) e Edifica\u00e7\u00f5es (40 vagas).<\/p>\n\n\n\n<p>Outra novidade ser\u00e1 o curso de Especializa\u00e7\u00e3o T\u00e9cnica em Enfermagem no Trabalho. Desde 2016 que n\u00e3o era aberto um curso de Especializa\u00e7\u00e3o no Cephas.<\/p>\n\n\n\n<p>As inscri\u00e7\u00f5es prosseguem at\u00e9 o pr\u00f3ximo dia 15 de maio e devem ser feitas pelo site da empresa&nbsp;<a rel=\"noreferrer noopener\" href=\"https:\/\/www.origemcursoseconcursos.com\/\" target=\"_blank\">Origem Concursos<\/a>, organizadora&nbsp;do Vestibulinho, mediante o pagamento de taxa de R$ 19 at\u00e9 o pr\u00f3ximo dia 16 de maio, por meio de boleto gerado automaticamente no ato da inscri\u00e7\u00e3o.<\/p>\n\n\n\n<p>O&nbsp;<a rel=\"noreferrer noopener\" href=\"https:\/\/cephas.org.br\/wp-content\/uploads\/2023\/04\/Edital-003_2023-Vestibulinho-02.2023-ASSINADO.pdf\" target=\"_blank\">edital completo<\/a>&nbsp;est\u00e1&nbsp;dispon\u00edvel nos sites da&nbsp;<a rel=\"noreferrer noopener\" href=\"https:\/\/fundhas.org.br\/\" target=\"_blank\">Fundhas<\/a>&nbsp;e do&nbsp;<a rel=\"noreferrer noopener\" href=\"https:\/\/cephas.org.br\/\" target=\"_blank\">Cephas<\/a>.<\/p>\n\n\n\n<figure class=\"wp-block-image\"><img decoding=\"async\" src=\"https:\/\/sjc.sp.gov.br\/media\/229399\/vestibulinho-do-cephas.jpeg?width=350.6036217303823&amp;height=500\" alt=\"\"\/><\/figure>\n\n\n\n<p><sup>Inscreva-se no Vestibulinho do Cephas.&nbsp;<strong>Foto:<\/strong>&nbsp;Divulga\u00e7\u00e3o&nbsp;<\/sup><\/p>\n\n\n\n<p><strong>Conhe\u00e7a mais sobre a<\/strong>&nbsp;<a rel=\"noreferrer noopener\" href=\"https:\/\/fundhas.org.br\/\" target=\"_blank\">Fundhas<\/a>.<\/p>\n\n\n\n<p><strong>Conhe\u00e7a mais sobre o<\/strong>&nbsp;<a rel=\"noreferrer noopener\" href=\"https:\/\/cephas.org.br\/\" target=\"_blank\">Cephas<\/a>.<\/p>\n\n\n\n<p><strong>Servi\u00e7o<\/strong><\/p>\n\n\n\n<p><strong>Curso:&nbsp;Seguran\u00e7a e Medicina no Trabalho<\/strong><\/p>\n\n\n\n<p><strong>Vagas:<\/strong><strong>&nbsp;<\/strong>30<\/p>\n\n\n\n<p><strong>Inscri\u00e7\u00f5es:<\/strong>&nbsp;De 11 a 25 de abril<\/p>\n\n\n\n<p><strong>In\u00edcio das aulas:<\/strong><strong>&nbsp;<\/strong>15 de maio<\/p>\n\n\n\n<p><strong>T\u00e9rmino das aulas:<\/strong>&nbsp;7 de junho<\/p>\n\n\n\n<p><strong>Carga hor\u00e1ria:<\/strong>&nbsp;40 horas<\/p>\n\n\n\n<p><strong>Requisitos:<\/strong>&nbsp;Ensino M\u00e9dio Completo<\/p>\n\n\n\n<p><strong>Curso:&nbsp;Inform\u00e1tica Aplicada ao Trabalho<\/strong><\/p>\n\n\n\n<p><strong>Vagas:<\/strong>&nbsp;20<\/p>\n\n\n\n<p><strong>Inscri\u00e7\u00f5es:<\/strong>&nbsp;De 11 a 25 de abril<\/p>\n\n\n\n<p><strong>In\u00edcio das aulas:<\/strong>&nbsp;2 de maio<\/p>\n\n\n\n<p><strong>T\u00e9rmino das aulas:<\/strong>&nbsp;31 de maio<\/p>\n\n\n\n<p><strong>Carga hor\u00e1ria:<\/strong>&nbsp;45 horas<\/p>\n\n\n\n<p><strong>Requisitos:<\/strong>&nbsp;16 anos e Ensino Fundamental Completo<\/p>\n\n\n\n<p><strong>Curso:<\/strong>&nbsp;<strong>Comunica\u00e7\u00e3o Empresarial<\/strong><\/p>\n\n\n\n<p><strong>Vagas:<\/strong>&nbsp;20<\/p>\n\n\n\n<p><strong>Inscri\u00e7\u00f5es:<\/strong>&nbsp;De 11 a 25 de abril<\/p>\n\n\n\n<p><strong>In\u00edcio das aulas:<\/strong>&nbsp;4 de maio<\/p>\n\n\n\n<p><strong>T\u00e9rmino das aulas:<\/strong>&nbsp;6 de junho<\/p>\n\n\n\n<p><strong>Carga hor\u00e1ria:<\/strong>&nbsp;30 horas<\/p>\n\n\n\n<p><strong>Requisitos:<\/strong>&nbsp;Ensino M\u00e9dio Completo<\/p>\n\n\n\n<p><strong>Curso:&nbsp;No\u00e7\u00f5es de Log\u00edstica e Log\u00edstica Reversa<\/strong><\/p>\n\n\n\n<p><strong>Vagas:<\/strong><strong>&nbsp;<\/strong>20<\/p>\n\n\n\n<p><strong>Inscri\u00e7\u00f5es:<\/strong>&nbsp;De 11 a 25 de abril<\/p>\n\n\n\n<p><strong>In\u00edcio das aulas:<\/strong>&nbsp;2 de maio<\/p>\n\n\n\n<p><strong>T\u00e9rmino das aulas:<\/strong>&nbsp;1\u00ba de junho<\/p>\n\n\n\n<p><strong>Carga hor\u00e1ria:<\/strong>&nbsp;30 horas<\/p>\n\n\n\n<p><strong>Requisitos:&nbsp;<\/strong>Ensino M\u00e9dio Completo<\/p>\n\n\n\n<p><strong>MAIS NOT\u00cdCIAS<\/strong><br><a href=\"https:\/\/sjc.sp.gov.br\/noticias\/?tema=15\">Fundhas<\/a><\/p>\n","protected":false},"excerpt":{"rendered":"<p>Alunos de cursos t\u00e9cnicos do Cephas durante aula; j\u00e1 foram oferecidas neste ano 6.950 vagas em cursos gratuitos presenciais e de Educa\u00e7\u00e3o a Dist\u00e2ncia &#8211; Foto: PMSJC Cl\u00e1udio SouzaFundhas A Fundhas (Funda\u00e7\u00e3o H\u00e9lio Augusto de Souza), por meio do Cephas (Col\u00e9gio de Educa\u00e7\u00e3o Profissional H\u00e9lio Augusto de Souza), est\u00e1 disponibilizando mais 90 vagas em quatro [&hellip;]<\/p>\n","protected":false},"author":25,"featured_media":3414,"comment_status":"open","ping_status":"closed","sticky":false,"template":"","format":"standard","meta":{"_acf_changed":false,"_monsterinsights_skip_tracking":false,"_monsterinsights_sitenote_active":false,"_monsterinsights_sitenote_note":"","_monsterinsights_sitenote_category":0,"footnotes":""},"categories":[2],"tags":[13,17,18,15,16,25,27,6,5],"class_list":{"0":"post-3413","1":"post","2":"type-post","3":"status-publish","4":"format-standard","5":"has-post-thumbnail","7":"category-noticias","8":"tag-alunosfundhas","9":"tag-cursostecnicos","10":"tag-empregabilidade","11":"tag-empregos","12":"tag-gratuito","13":"tag-prefeiturasjc","14":"tag-vagascephas","15":"tag-cephas","16":"tag-fundhas","17":"czr-hentry"},"acf":[],"yoast_head":"<!-- This site is optimized with the Yoast SEO plugin v26.6 - https:\/\/yoast.com\/wordpress\/plugins\/seo\/ -->\n<title>Fundhas tem mais 90 vagas em cursos gratuitos pelo Cephas - CEPHAS<\/title>\n<meta name=\"robots\" content=\"index, follow, max-snippet:-1, max-image-preview:large, max-video-preview:-1\" \/>\n<link rel=\"canonical\" href=\"https:\/\/cephas.org.br\/index.php\/2024\/10\/29\/fundhas-tem-mais-90-vagas-em-cursos-gratuitos-pelo-cephas\/\" \/>\n<meta property=\"og:locale\" content=\"pt_BR\" \/>\n<meta property=\"og:type\" content=\"article\" \/>\n<meta property=\"og:title\" content=\"Fundhas tem mais 90 vagas em cursos gratuitos pelo Cephas - CEPHAS\" \/>\n<meta property=\"og:description\" content=\"Alunos de cursos t\u00e9cnicos do Cephas durante aula; j\u00e1 foram oferecidas neste ano 6.950 vagas em cursos gratuitos presenciais e de Educa\u00e7\u00e3o a Dist\u00e2ncia &#8211; Foto: PMSJC Cl\u00e1udio SouzaFundhas A Fundhas (Funda\u00e7\u00e3o H\u00e9lio Augusto de Souza), por meio do Cephas (Col\u00e9gio de Educa\u00e7\u00e3o Profissional H\u00e9lio Augusto de Souza), est\u00e1 disponibilizando mais 90 vagas em quatro [&hellip;]\" \/>\n<meta property=\"og:url\" content=\"https:\/\/cephas.org.br\/index.php\/2024\/10\/29\/fundhas-tem-mais-90-vagas-em-cursos-gratuitos-pelo-cephas\/\" \/>\n<meta property=\"og:site_name\" content=\"CEPHAS\" \/>\n<meta property=\"article:published_time\" content=\"2024-10-29T15:12:54+00:00\" \/>\n<meta property=\"og:image\" content=\"http:\/\/cephas.org.br\/wp-content\/uploads\/2023\/04\/whatsapp-image-2023-01-26-at-105601.jpeg\" \/>\n\t<meta property=\"og:image:width\" content=\"940\" \/>\n\t<meta property=\"og:image:height\" content=\"627\" \/>\n\t<meta property=\"og:image:type\" content=\"image\/jpeg\" \/>\n<meta name=\"author\" content=\"Pamyla Costa\" \/>\n<meta name=\"twitter:card\" content=\"summary_large_image\" \/>\n<meta name=\"twitter:label1\" content=\"Escrito por\" \/>\n\t<meta name=\"twitter:data1\" content=\"Pamyla Costa\" \/>\n\t<meta name=\"twitter:label2\" content=\"Est. tempo de leitura\" \/>\n\t<meta name=\"twitter:data2\" content=\"4 minutos\" \/>\n<script type=\"application\/ld+json\" class=\"yoast-schema-graph\">{\"@context\":\"https:\/\/schema.org\",\"@graph\":[{\"@type\":\"Article\",\"@id\":\"https:\/\/cephas.org.br\/index.php\/2024\/10\/29\/fundhas-tem-mais-90-vagas-em-cursos-gratuitos-pelo-cephas\/#article\",\"isPartOf\":{\"@id\":\"https:\/\/cephas.org.br\/index.php\/2024\/10\/29\/fundhas-tem-mais-90-vagas-em-cursos-gratuitos-pelo-cephas\/\"},\"author\":{\"name\":\"Pamyla Costa\",\"@id\":\"https:\/\/cephas.org.br\/#\/schema\/person\/bf88621f4720f50690438f24889063f3\"},\"headline\":\"Fundhas tem mais 90 vagas em cursos gratuitos pelo Cephas\",\"datePublished\":\"2024-10-29T15:12:54+00:00\",\"mainEntityOfPage\":{\"@id\":\"https:\/\/cephas.org.br\/index.php\/2024\/10\/29\/fundhas-tem-mais-90-vagas-em-cursos-gratuitos-pelo-cephas\/\"},\"wordCount\":655,\"commentCount\":0,\"publisher\":{\"@id\":\"https:\/\/cephas.org.br\/#organization\"},\"image\":{\"@id\":\"https:\/\/cephas.org.br\/index.php\/2024\/10\/29\/fundhas-tem-mais-90-vagas-em-cursos-gratuitos-pelo-cephas\/#primaryimage\"},\"thumbnailUrl\":\"https:\/\/cephas.org.br\/wp-content\/uploads\/2023\/04\/whatsapp-image-2023-01-26-at-105601.jpeg\",\"keywords\":[\"#alunosfundhas\",\"#cursostecnicos\",\"#empregabilidade\",\"#empregos\",\"#gratuito\",\"#prefeiturasjc\",\"#vagascephas\",\"Cephas\",\"Fundhas\"],\"articleSection\":[\"Not\u00edcias\"],\"inLanguage\":\"pt-BR\",\"potentialAction\":[{\"@type\":\"CommentAction\",\"name\":\"Comment\",\"target\":[\"https:\/\/cephas.org.br\/index.php\/2024\/10\/29\/fundhas-tem-mais-90-vagas-em-cursos-gratuitos-pelo-cephas\/#respond\"]}]},{\"@type\":\"WebPage\",\"@id\":\"https:\/\/cephas.org.br\/index.php\/2024\/10\/29\/fundhas-tem-mais-90-vagas-em-cursos-gratuitos-pelo-cephas\/\",\"url\":\"https:\/\/cephas.org.br\/index.php\/2024\/10\/29\/fundhas-tem-mais-90-vagas-em-cursos-gratuitos-pelo-cephas\/\",\"name\":\"Fundhas tem mais 90 vagas em cursos gratuitos pelo Cephas - CEPHAS\",\"isPartOf\":{\"@id\":\"https:\/\/cephas.org.br\/#website\"},\"primaryImageOfPage\":{\"@id\":\"https:\/\/cephas.org.br\/index.php\/2024\/10\/29\/fundhas-tem-mais-90-vagas-em-cursos-gratuitos-pelo-cephas\/#primaryimage\"},\"image\":{\"@id\":\"https:\/\/cephas.org.br\/index.php\/2024\/10\/29\/fundhas-tem-mais-90-vagas-em-cursos-gratuitos-pelo-cephas\/#primaryimage\"},\"thumbnailUrl\":\"https:\/\/cephas.org.br\/wp-content\/uploads\/2023\/04\/whatsapp-image-2023-01-26-at-105601.jpeg\",\"datePublished\":\"2024-10-29T15:12:54+00:00\",\"breadcrumb\":{\"@id\":\"https:\/\/cephas.org.br\/index.php\/2024\/10\/29\/fundhas-tem-mais-90-vagas-em-cursos-gratuitos-pelo-cephas\/#breadcrumb\"},\"inLanguage\":\"pt-BR\",\"potentialAction\":[{\"@type\":\"ReadAction\",\"target\":[\"https:\/\/cephas.org.br\/index.php\/2024\/10\/29\/fundhas-tem-mais-90-vagas-em-cursos-gratuitos-pelo-cephas\/\"]}]},{\"@type\":\"ImageObject\",\"inLanguage\":\"pt-BR\",\"@id\":\"https:\/\/cephas.org.br\/index.php\/2024\/10\/29\/fundhas-tem-mais-90-vagas-em-cursos-gratuitos-pelo-cephas\/#primaryimage\",\"url\":\"https:\/\/cephas.org.br\/wp-content\/uploads\/2023\/04\/whatsapp-image-2023-01-26-at-105601.jpeg\",\"contentUrl\":\"https:\/\/cephas.org.br\/wp-content\/uploads\/2023\/04\/whatsapp-image-2023-01-26-at-105601.jpeg\",\"width\":940,\"height\":627},{\"@type\":\"BreadcrumbList\",\"@id\":\"https:\/\/cephas.org.br\/index.php\/2024\/10\/29\/fundhas-tem-mais-90-vagas-em-cursos-gratuitos-pelo-cephas\/#breadcrumb\",\"itemListElement\":[{\"@type\":\"ListItem\",\"position\":1,\"name\":\"In\u00edcio\",\"item\":\"https:\/\/cephas.org.br\/\"},{\"@type\":\"ListItem\",\"position\":2,\"name\":\"Fundhas tem mais 90 vagas em cursos gratuitos pelo Cephas\"}]},{\"@type\":\"WebSite\",\"@id\":\"https:\/\/cephas.org.br\/#website\",\"url\":\"https:\/\/cephas.org.br\/\",\"name\":\"CEPHAS\",\"description\":\"\",\"publisher\":{\"@id\":\"https:\/\/cephas.org.br\/#organization\"},\"potentialAction\":[{\"@type\":\"SearchAction\",\"target\":{\"@type\":\"EntryPoint\",\"urlTemplate\":\"https:\/\/cephas.org.br\/?s={search_term_string}\"},\"query-input\":{\"@type\":\"PropertyValueSpecification\",\"valueRequired\":true,\"valueName\":\"search_term_string\"}}],\"inLanguage\":\"pt-BR\"},{\"@type\":\"Organization\",\"@id\":\"https:\/\/cephas.org.br\/#organization\",\"name\":\"CEPHAS\",\"url\":\"https:\/\/cephas.org.br\/\",\"logo\":{\"@type\":\"ImageObject\",\"inLanguage\":\"pt-BR\",\"@id\":\"https:\/\/cephas.org.br\/#\/schema\/logo\/image\/\",\"url\":\"https:\/\/cephas.org.br\/wp-content\/uploads\/2023\/10\/cropped-Assinaturas_CephasFundhas_Pref_Novo-10_Cor-small.png\",\"contentUrl\":\"https:\/\/cephas.org.br\/wp-content\/uploads\/2023\/10\/cropped-Assinaturas_CephasFundhas_Pref_Novo-10_Cor-small.png\",\"width\":812,\"height\":90,\"caption\":\"CEPHAS\"},\"image\":{\"@id\":\"https:\/\/cephas.org.br\/#\/schema\/logo\/image\/\"}},{\"@type\":\"Person\",\"@id\":\"https:\/\/cephas.org.br\/#\/schema\/person\/bf88621f4720f50690438f24889063f3\",\"name\":\"Pamyla Costa\",\"image\":{\"@type\":\"ImageObject\",\"inLanguage\":\"pt-BR\",\"@id\":\"https:\/\/cephas.org.br\/#\/schema\/person\/image\/\",\"url\":\"https:\/\/secure.gravatar.com\/avatar\/e4b4ee6c3da610484c7833975764f79e4222aac4883182ac0e4af6538c2fadf7?s=96&d=mm&r=g\",\"contentUrl\":\"https:\/\/secure.gravatar.com\/avatar\/e4b4ee6c3da610484c7833975764f79e4222aac4883182ac0e4af6538c2fadf7?s=96&d=mm&r=g\",\"caption\":\"Pamyla Costa\"},\"url\":\"https:\/\/cephas.org.br\/index.php\/author\/pamyla-costa\/\"}]}<\/script>\n<!-- \/ Yoast SEO plugin. -->","yoast_head_json":{"title":"Fundhas tem mais 90 vagas em cursos gratuitos pelo Cephas - CEPHAS","robots":{"index":"index","follow":"follow","max-snippet":"max-snippet:-1","max-image-preview":"max-image-preview:large","max-video-preview":"max-video-preview:-1"},"canonical":"https:\/\/cephas.org.br\/index.php\/2024\/10\/29\/fundhas-tem-mais-90-vagas-em-cursos-gratuitos-pelo-cephas\/","og_locale":"pt_BR","og_type":"article","og_title":"Fundhas tem mais 90 vagas em cursos gratuitos pelo Cephas - CEPHAS","og_description":"Alunos de cursos t\u00e9cnicos do Cephas durante aula; j\u00e1 foram oferecidas neste ano 6.950 vagas em cursos gratuitos presenciais e de Educa\u00e7\u00e3o a Dist\u00e2ncia &#8211; Foto: PMSJC Cl\u00e1udio SouzaFundhas A Fundhas (Funda\u00e7\u00e3o H\u00e9lio Augusto de Souza), por meio do Cephas (Col\u00e9gio de Educa\u00e7\u00e3o Profissional H\u00e9lio Augusto de Souza), est\u00e1 disponibilizando mais 90 vagas em quatro [&hellip;]","og_url":"https:\/\/cephas.org.br\/index.php\/2024\/10\/29\/fundhas-tem-mais-90-vagas-em-cursos-gratuitos-pelo-cephas\/","og_site_name":"CEPHAS","article_published_time":"2024-10-29T15:12:54+00:00","og_image":[{"width":940,"height":627,"url":"http:\/\/cephas.org.br\/wp-content\/uploads\/2023\/04\/whatsapp-image-2023-01-26-at-105601.jpeg","type":"image\/jpeg"}],"author":"Pamyla Costa","twitter_card":"summary_large_image","twitter_misc":{"Escrito por":"Pamyla Costa","Est. tempo de leitura":"4 minutos"},"schema":{"@context":"https:\/\/schema.org","@graph":[{"@type":"Article","@id":"https:\/\/cephas.org.br\/index.php\/2024\/10\/29\/fundhas-tem-mais-90-vagas-em-cursos-gratuitos-pelo-cephas\/#article","isPartOf":{"@id":"https:\/\/cephas.org.br\/index.php\/2024\/10\/29\/fundhas-tem-mais-90-vagas-em-cursos-gratuitos-pelo-cephas\/"},"author":{"name":"Pamyla Costa","@id":"https:\/\/cephas.org.br\/#\/schema\/person\/bf88621f4720f50690438f24889063f3"},"headline":"Fundhas tem mais 90 vagas em cursos gratuitos pelo Cephas","datePublished":"2024-10-29T15:12:54+00:00","mainEntityOfPage":{"@id":"https:\/\/cephas.org.br\/index.php\/2024\/10\/29\/fundhas-tem-mais-90-vagas-em-cursos-gratuitos-pelo-cephas\/"},"wordCount":655,"commentCount":0,"publisher":{"@id":"https:\/\/cephas.org.br\/#organization"},"image":{"@id":"https:\/\/cephas.org.br\/index.php\/2024\/10\/29\/fundhas-tem-mais-90-vagas-em-cursos-gratuitos-pelo-cephas\/#primaryimage"},"thumbnailUrl":"https:\/\/cephas.org.br\/wp-content\/uploads\/2023\/04\/whatsapp-image-2023-01-26-at-105601.jpeg","keywords":["#alunosfundhas","#cursostecnicos","#empregabilidade","#empregos","#gratuito","#prefeiturasjc","#vagascephas","Cephas","Fundhas"],"articleSection":["Not\u00edcias"],"inLanguage":"pt-BR","potentialAction":[{"@type":"CommentAction","name":"Comment","target":["https:\/\/cephas.org.br\/index.php\/2024\/10\/29\/fundhas-tem-mais-90-vagas-em-cursos-gratuitos-pelo-cephas\/#respond"]}]},{"@type":"WebPage","@id":"https:\/\/cephas.org.br\/index.php\/2024\/10\/29\/fundhas-tem-mais-90-vagas-em-cursos-gratuitos-pelo-cephas\/","url":"https:\/\/cephas.org.br\/index.php\/2024\/10\/29\/fundhas-tem-mais-90-vagas-em-cursos-gratuitos-pelo-cephas\/","name":"Fundhas tem mais 90 vagas em cursos gratuitos pelo Cephas - CEPHAS","isPartOf":{"@id":"https:\/\/cephas.org.br\/#website"},"primaryImageOfPage":{"@id":"https:\/\/cephas.org.br\/index.php\/2024\/10\/29\/fundhas-tem-mais-90-vagas-em-cursos-gratuitos-pelo-cephas\/#primaryimage"},"image":{"@id":"https:\/\/cephas.org.br\/index.php\/2024\/10\/29\/fundhas-tem-mais-90-vagas-em-cursos-gratuitos-pelo-cephas\/#primaryimage"},"thumbnailUrl":"https:\/\/cephas.org.br\/wp-content\/uploads\/2023\/04\/whatsapp-image-2023-01-26-at-105601.jpeg","datePublished":"2024-10-29T15:12:54+00:00","breadcrumb":{"@id":"https:\/\/cephas.org.br\/index.php\/2024\/10\/29\/fundhas-tem-mais-90-vagas-em-cursos-gratuitos-pelo-cephas\/#breadcrumb"},"inLanguage":"pt-BR","potentialAction":[{"@type":"ReadAction","target":["https:\/\/cephas.org.br\/index.php\/2024\/10\/29\/fundhas-tem-mais-90-vagas-em-cursos-gratuitos-pelo-cephas\/"]}]},{"@type":"ImageObject","inLanguage":"pt-BR","@id":"https:\/\/cephas.org.br\/index.php\/2024\/10\/29\/fundhas-tem-mais-90-vagas-em-cursos-gratuitos-pelo-cephas\/#primaryimage","url":"https:\/\/cephas.org.br\/wp-content\/uploads\/2023\/04\/whatsapp-image-2023-01-26-at-105601.jpeg","contentUrl":"https:\/\/cephas.org.br\/wp-content\/uploads\/2023\/04\/whatsapp-image-2023-01-26-at-105601.jpeg","width":940,"height":627},{"@type":"BreadcrumbList","@id":"https:\/\/cephas.org.br\/index.php\/2024\/10\/29\/fundhas-tem-mais-90-vagas-em-cursos-gratuitos-pelo-cephas\/#breadcrumb","itemListElement":[{"@type":"ListItem","position":1,"name":"In\u00edcio","item":"https:\/\/cephas.org.br\/"},{"@type":"ListItem","position":2,"name":"Fundhas tem mais 90 vagas em cursos gratuitos pelo Cephas"}]},{"@type":"WebSite","@id":"https:\/\/cephas.org.br\/#website","url":"https:\/\/cephas.org.br\/","name":"CEPHAS","description":"","publisher":{"@id":"https:\/\/cephas.org.br\/#organization"},"potentialAction":[{"@type":"SearchAction","target":{"@type":"EntryPoint","urlTemplate":"https:\/\/cephas.org.br\/?s={search_term_string}"},"query-input":{"@type":"PropertyValueSpecification","valueRequired":true,"valueName":"search_term_string"}}],"inLanguage":"pt-BR"},{"@type":"Organization","@id":"https:\/\/cephas.org.br\/#organization","name":"CEPHAS","url":"https:\/\/cephas.org.br\/","logo":{"@type":"ImageObject","inLanguage":"pt-BR","@id":"https:\/\/cephas.org.br\/#\/schema\/logo\/image\/","url":"https:\/\/cephas.org.br\/wp-content\/uploads\/2023\/10\/cropped-Assinaturas_CephasFundhas_Pref_Novo-10_Cor-small.png","contentUrl":"https:\/\/cephas.org.br\/wp-content\/uploads\/2023\/10\/cropped-Assinaturas_CephasFundhas_Pref_Novo-10_Cor-small.png","width":812,"height":90,"caption":"CEPHAS"},"image":{"@id":"https:\/\/cephas.org.br\/#\/schema\/logo\/image\/"}},{"@type":"Person","@id":"https:\/\/cephas.org.br\/#\/schema\/person\/bf88621f4720f50690438f24889063f3","name":"Pamyla Costa","image":{"@type":"ImageObject","inLanguage":"pt-BR","@id":"https:\/\/cephas.org.br\/#\/schema\/person\/image\/","url":"https:\/\/secure.gravatar.com\/avatar\/e4b4ee6c3da610484c7833975764f79e4222aac4883182ac0e4af6538c2fadf7?s=96&d=mm&r=g","contentUrl":"https:\/\/secure.gravatar.com\/avatar\/e4b4ee6c3da610484c7833975764f79e4222aac4883182ac0e4af6538c2fadf7?s=96&d=mm&r=g","caption":"Pamyla Costa"},"url":"https:\/\/cephas.org.br\/index.php\/author\/pamyla-costa\/"}]}},"_links":{"self":[{"href":"https:\/\/cephas.org.br\/index.php\/wp-json\/wp\/v2\/posts\/3413","targetHints":{"allow":["GET"]}}],"collection":[{"href":"https:\/\/cephas.org.br\/index.php\/wp-json\/wp\/v2\/posts"}],"about":[{"href":"https:\/\/cephas.org.br\/index.php\/wp-json\/wp\/v2\/types\/post"}],"author":[{"embeddable":true,"href":"https:\/\/cephas.org.br\/index.php\/wp-json\/wp\/v2\/users\/25"}],"replies":[{"embeddable":true,"href":"https:\/\/cephas.org.br\/index.php\/wp-json\/wp\/v2\/comments?post=3413"}],"version-history":[{"count":1,"href":"https:\/\/cephas.org.br\/index.php\/wp-json\/wp\/v2\/posts\/3413\/revisions"}],"predecessor-version":[{"id":3415,"href":"https:\/\/cephas.org.br\/index.php\/wp-json\/wp\/v2\/posts\/3413\/revisions\/3415"}],"wp:featuredmedia":[{"embeddable":true,"href":"https:\/\/cephas.org.br\/index.php\/wp-json\/wp\/v2\/media\/3414"}],"wp:attachment":[{"href":"https:\/\/cephas.org.br\/index.php\/wp-json\/wp\/v2\/media?parent=3413"}],"wp:term":[{"taxonomy":"category","embeddable":true,"href":"https:\/\/cephas.org.br\/index.php\/wp-json\/wp\/v2\/categories?post=3413"},{"taxonomy":"post_tag","embeddable":true,"href":"https:\/\/cephas.org.br\/index.php\/wp-json\/wp\/v2\/tags?post=3413"}],"curies":[{"name":"wp","href":"https:\/\/api.w.org\/{rel}","templated":true}]}}