{"id":3224,"date":"2024-10-29T12:12:55","date_gmt":"2024-10-29T15:12:55","guid":{"rendered":"https:\/\/cephas.org.br\/?p=3224"},"modified":"2024-10-29T12:12:55","modified_gmt":"2024-10-29T15:12:55","slug":"fundhas-oferece-mais-100-vagas-em-cursos-por-meio-do-cephas","status":"publish","type":"post","link":"https:\/\/cephas.org.br\/index.php\/2024\/10\/29\/fundhas-oferece-mais-100-vagas-em-cursos-por-meio-do-cephas\/","title":{"rendered":"<strong>Fundhas oferece mais 100 vagas em cursos por meio do Cephas<\/strong>"},"content":{"rendered":"\n<p><img decoding=\"async\" src=\"https:\/\/sjc.sp.gov.br\/media\/217611\/whatsapp-image-2023-01-26-at-105604.jpeg?anchor=center&amp;mode=crop&amp;width=940&amp;height=627&amp;rnd=133192819890000000\" alt=\"Volta \u00e0s aulas no Cephas em 26 de janeiro de 2023\"><\/p>\n\n\n\n<p>Alunos do Cephas no primeiro dias de aulas neste ano; col\u00e9gio j\u00e1 ofereceu 4.340 vagas em cursos presenciais e na modalidade EAD apenas neste ano &#8211; Foto: PMSJC<\/p>\n\n\n\n<p><strong>Cl\u00e1udio Souza<\/strong><br><strong>Fundhas<\/strong><\/p>\n\n\n\n<p>A amplia\u00e7\u00e3o de vagas em cursos gratuitos oferecidos pela Fundhas (Funda\u00e7\u00e3o H\u00e9lio Augusto de Souza), por meio do Cephas (Col\u00e9gio de Educa\u00e7\u00e3o Profissional H\u00e9lio Augusto de Souza), n\u00e3o para e beneficia moradores de todas as regi\u00f5es de S\u00e3o Jos\u00e9 dos Campos.<\/p>\n\n\n\n<p>Nesta segunda-feira (6), foram lan\u00e7ados mais quatro cursos presenciais de qualifica\u00e7\u00e3o profissional, oferecendo 100 novas vagas aos mun\u00edcipes. S\u00e3o eles: Gest\u00e3o de Projetos; Soft Skills e Carreira; Excel B\u00e1sico &#8211; H\u00edbrido; e Ferramentas de Gest\u00e3o da Qualidade.&nbsp;<\/p>\n\n\n\n<p>O curso Soft Skills e Carreira \u00e9 novo dentro da estrutura do Cephas.<\/p>\n\n\n\n<p>A manuten\u00e7\u00e3o e amplia\u00e7\u00e3o de ofertas de novos cursos no Cephas \u00e9 mais um compromisso cumprido do Plano de Gest\u00e3o 2021-2024.<\/p>\n\n\n\n<p>Somente neste ano, j\u00e1 s\u00e3o&nbsp;4.340 vagas&nbsp;&nbsp;em cursos presenciais e na modalidade EAD (Educa\u00e7\u00e3o a Dist\u00e2ncia). Em 2021 e 2022, chegaram a 32.831.<\/p>\n\n\n\n<p><strong>Inscri\u00e7\u00f5es<\/strong><\/p>\n\n\n\n<p>Todos os quatro cursos presenciais gratuitos lan\u00e7ados nesta segunda t\u00eam in\u00edcio das inscri\u00e7\u00f5es nesta ter\u00e7a-feira (7) e t\u00e9rmino no pr\u00f3ximo dia 27 de mar\u00e7o.<\/p>\n\n\n\n<p>As inscri\u00e7\u00f5es podem ser feitas pela internet, na p\u00e1gina do programa&nbsp;<a rel=\"noreferrer noopener\" href=\"https:\/\/sjc.sp.gov.br\/servicos\/inovacao-e-desenvolvimento-economico\/trabalho\/qualifica-sao-jose\/\" target=\"_blank\">Qualifica S\u00e3o Jos\u00e9<\/a>&nbsp;no site da&nbsp;<a rel=\"noreferrer noopener\" href=\"http:\/\/www.sjc.sp.gov.br\/\" target=\"_blank\">Prefeitura<\/a>&nbsp;de S\u00e3o Jos\u00e9 (www.sjc.sp.gov.br), ou pela Central 156 (telefone, site e aplicativo).<\/p>\n\n\n\n<p><strong>Conhe\u00e7a mais sobre o<\/strong>&nbsp;<a rel=\"noreferrer noopener\" href=\"https:\/\/cephas.org.br\/\" target=\"_blank\">Cephas<\/a>&nbsp;<strong>no site da institui\u00e7\u00e3o.<\/strong><\/p>\n\n\n\n<p><strong>Servi\u00e7o<\/strong><\/p>\n\n\n\n<p><strong>CURSOS<\/strong><\/p>\n\n\n\n<p><strong>Gest\u00e3o de Projetos<\/strong><\/p>\n\n\n\n<p><strong>Vagas:<\/strong>&nbsp;30&nbsp;<\/p>\n\n\n\n<p><strong>Inscri\u00e7\u00f5es:&nbsp;<\/strong>De 7 de mar\u00e7o a 27 de mar\u00e7o<\/p>\n\n\n\n<p><strong>In\u00edcio:<\/strong>&nbsp;11 de abril<\/p>\n\n\n\n<p><strong>T\u00e9rmino:<\/strong>&nbsp;10 de maio<\/p>\n\n\n\n<p><strong>Carga hor\u00e1ria:&nbsp;<\/strong>40 horas<\/p>\n\n\n\n<p><strong>Requisitos:<\/strong>&nbsp;Ensino M\u00e9dio Completo<\/p>\n\n\n\n<p><strong>Soft Skills e Carreira<\/strong><\/p>\n\n\n\n<p><strong>Vagas:<\/strong>&nbsp;30<\/p>\n\n\n\n<p><strong>Inscri\u00e7\u00f5es:<\/strong>&nbsp;De 7 de mar\u00e7o a 27 de mar\u00e7o<\/p>\n\n\n\n<p><strong>In\u00edcio:<\/strong>&nbsp;11 de abril<\/p>\n\n\n\n<p><strong>T\u00e9rmino:<\/strong>&nbsp;27 de abril<\/p>\n\n\n\n<p><strong>Carga hor\u00e1ria:<\/strong>&nbsp;20 horas<\/p>\n\n\n\n<p><strong>Requisitos:<\/strong>&nbsp;Ensino M\u00e9dio Completo<\/p>\n\n\n\n<p><strong>Excel B\u00e1sico &#8211; H\u00edbrido<\/strong><\/p>\n\n\n\n<p><strong>Vagas:<\/strong>&nbsp;20&nbsp;<\/p>\n\n\n\n<p><strong>Inscri\u00e7\u00f5es:<\/strong>&nbsp;De 7 de mar\u00e7o a 27 de mar\u00e7o<\/p>\n\n\n\n<p><strong>In\u00edcio:<\/strong><strong>&nbsp;<\/strong>11 de abril<\/p>\n\n\n\n<p><strong>T\u00e9rmino:<\/strong><strong>&nbsp;<\/strong>2 de maio<\/p>\n\n\n\n<p><strong>Carga hor\u00e1ria:<\/strong>&nbsp;30 horas<\/p>\n\n\n\n<p><strong>Requisitos:<\/strong>&nbsp;16 anos e Ensino Fundamental Completo<\/p>\n\n\n\n<p><strong>Ferramentas de Gest\u00e3o da Qualidade<\/strong><\/p>\n\n\n\n<p><strong>Vagas:<\/strong>&nbsp;20&nbsp;<\/p>\n\n\n\n<p><strong>Inscri\u00e7\u00f5es:&nbsp;<\/strong>De 7 de mar\u00e7o a 27 de mar\u00e7o<\/p>\n\n\n\n<p><strong>In\u00edcio:<\/strong>&nbsp;5 de abril<\/p>\n\n\n\n<p><strong>T\u00e9rmino:<\/strong>&nbsp;3 de maio<\/p>\n\n\n\n<p><strong>Carga hor\u00e1ria:<\/strong>&nbsp;25 horas<\/p>\n\n\n\n<p><strong>Requisitos:<\/strong>&nbsp;Ensino M\u00e9dio Completo<\/p>\n","protected":false},"excerpt":{"rendered":"<p>Alunos do Cephas no primeiro dias de aulas neste ano; col\u00e9gio j\u00e1 ofereceu 4.340 vagas em cursos presenciais e na modalidade EAD apenas neste ano &#8211; Foto: PMSJC Cl\u00e1udio SouzaFundhas A amplia\u00e7\u00e3o de vagas em cursos gratuitos oferecidos pela Fundhas (Funda\u00e7\u00e3o H\u00e9lio Augusto de Souza), por meio do Cephas (Col\u00e9gio de Educa\u00e7\u00e3o Profissional H\u00e9lio Augusto [&hellip;]<\/p>\n","protected":false},"author":25,"featured_media":3225,"comment_status":"open","ping_status":"closed","sticky":false,"template":"","format":"standard","meta":{"_acf_changed":false,"_monsterinsights_skip_tracking":false,"_monsterinsights_sitenote_active":false,"_monsterinsights_sitenote_note":"","_monsterinsights_sitenote_category":0,"footnotes":""},"categories":[2],"tags":[],"class_list":{"0":"post-3224","1":"post","2":"type-post","3":"status-publish","4":"format-standard","5":"has-post-thumbnail","7":"category-noticias","8":"czr-hentry"},"acf":[],"yoast_head":"<!-- This site is optimized with the Yoast SEO plugin v26.6 - https:\/\/yoast.com\/wordpress\/plugins\/seo\/ -->\n<title>Fundhas oferece mais 100 vagas em cursos por meio do Cephas - CEPHAS<\/title>\n<meta name=\"robots\" content=\"index, follow, max-snippet:-1, max-image-preview:large, max-video-preview:-1\" \/>\n<link rel=\"canonical\" href=\"https:\/\/cephas.org.br\/index.php\/2024\/10\/29\/fundhas-oferece-mais-100-vagas-em-cursos-por-meio-do-cephas\/\" \/>\n<meta property=\"og:locale\" content=\"pt_BR\" \/>\n<meta property=\"og:type\" content=\"article\" \/>\n<meta property=\"og:title\" content=\"Fundhas oferece mais 100 vagas em cursos por meio do Cephas - CEPHAS\" \/>\n<meta property=\"og:description\" content=\"Alunos do Cephas no primeiro dias de aulas neste ano; col\u00e9gio j\u00e1 ofereceu 4.340 vagas em cursos presenciais e na modalidade EAD apenas neste ano &#8211; Foto: PMSJC Cl\u00e1udio SouzaFundhas A amplia\u00e7\u00e3o de vagas em cursos gratuitos oferecidos pela Fundhas (Funda\u00e7\u00e3o H\u00e9lio Augusto de Souza), por meio do Cephas (Col\u00e9gio de Educa\u00e7\u00e3o Profissional H\u00e9lio Augusto [&hellip;]\" \/>\n<meta property=\"og:url\" content=\"https:\/\/cephas.org.br\/index.php\/2024\/10\/29\/fundhas-oferece-mais-100-vagas-em-cursos-por-meio-do-cephas\/\" \/>\n<meta property=\"og:site_name\" content=\"CEPHAS\" \/>\n<meta property=\"article:published_time\" content=\"2024-10-29T15:12:55+00:00\" \/>\n<meta property=\"og:image\" content=\"http:\/\/cephas.org.br\/wp-content\/uploads\/2023\/03\/whatsapp-image-2023-01-26-at-105604.jpeg\" \/>\n\t<meta property=\"og:image:width\" content=\"940\" \/>\n\t<meta property=\"og:image:height\" content=\"627\" \/>\n\t<meta property=\"og:image:type\" content=\"image\/jpeg\" \/>\n<meta name=\"author\" content=\"Pamyla Costa\" \/>\n<meta name=\"twitter:card\" content=\"summary_large_image\" \/>\n<meta name=\"twitter:label1\" content=\"Escrito por\" \/>\n\t<meta name=\"twitter:data1\" content=\"Pamyla Costa\" \/>\n\t<meta name=\"twitter:label2\" content=\"Est. tempo de leitura\" \/>\n\t<meta name=\"twitter:data2\" content=\"3 minutos\" \/>\n<script type=\"application\/ld+json\" class=\"yoast-schema-graph\">{\"@context\":\"https:\/\/schema.org\",\"@graph\":[{\"@type\":\"Article\",\"@id\":\"https:\/\/cephas.org.br\/index.php\/2024\/10\/29\/fundhas-oferece-mais-100-vagas-em-cursos-por-meio-do-cephas\/#article\",\"isPartOf\":{\"@id\":\"https:\/\/cephas.org.br\/index.php\/2024\/10\/29\/fundhas-oferece-mais-100-vagas-em-cursos-por-meio-do-cephas\/\"},\"author\":{\"name\":\"Pamyla Costa\",\"@id\":\"https:\/\/cephas.org.br\/#\/schema\/person\/bf88621f4720f50690438f24889063f3\"},\"headline\":\"Fundhas oferece mais 100 vagas em cursos por meio do Cephas\",\"datePublished\":\"2024-10-29T15:12:55+00:00\",\"mainEntityOfPage\":{\"@id\":\"https:\/\/cephas.org.br\/index.php\/2024\/10\/29\/fundhas-oferece-mais-100-vagas-em-cursos-por-meio-do-cephas\/\"},\"wordCount\":446,\"commentCount\":0,\"publisher\":{\"@id\":\"https:\/\/cephas.org.br\/#organization\"},\"image\":{\"@id\":\"https:\/\/cephas.org.br\/index.php\/2024\/10\/29\/fundhas-oferece-mais-100-vagas-em-cursos-por-meio-do-cephas\/#primaryimage\"},\"thumbnailUrl\":\"https:\/\/cephas.org.br\/wp-content\/uploads\/2023\/03\/whatsapp-image-2023-01-26-at-105604.jpeg\",\"articleSection\":[\"Not\u00edcias\"],\"inLanguage\":\"pt-BR\",\"potentialAction\":[{\"@type\":\"CommentAction\",\"name\":\"Comment\",\"target\":[\"https:\/\/cephas.org.br\/index.php\/2024\/10\/29\/fundhas-oferece-mais-100-vagas-em-cursos-por-meio-do-cephas\/#respond\"]}]},{\"@type\":\"WebPage\",\"@id\":\"https:\/\/cephas.org.br\/index.php\/2024\/10\/29\/fundhas-oferece-mais-100-vagas-em-cursos-por-meio-do-cephas\/\",\"url\":\"https:\/\/cephas.org.br\/index.php\/2024\/10\/29\/fundhas-oferece-mais-100-vagas-em-cursos-por-meio-do-cephas\/\",\"name\":\"Fundhas oferece mais 100 vagas em cursos por meio do Cephas - CEPHAS\",\"isPartOf\":{\"@id\":\"https:\/\/cephas.org.br\/#website\"},\"primaryImageOfPage\":{\"@id\":\"https:\/\/cephas.org.br\/index.php\/2024\/10\/29\/fundhas-oferece-mais-100-vagas-em-cursos-por-meio-do-cephas\/#primaryimage\"},\"image\":{\"@id\":\"https:\/\/cephas.org.br\/index.php\/2024\/10\/29\/fundhas-oferece-mais-100-vagas-em-cursos-por-meio-do-cephas\/#primaryimage\"},\"thumbnailUrl\":\"https:\/\/cephas.org.br\/wp-content\/uploads\/2023\/03\/whatsapp-image-2023-01-26-at-105604.jpeg\",\"datePublished\":\"2024-10-29T15:12:55+00:00\",\"breadcrumb\":{\"@id\":\"https:\/\/cephas.org.br\/index.php\/2024\/10\/29\/fundhas-oferece-mais-100-vagas-em-cursos-por-meio-do-cephas\/#breadcrumb\"},\"inLanguage\":\"pt-BR\",\"potentialAction\":[{\"@type\":\"ReadAction\",\"target\":[\"https:\/\/cephas.org.br\/index.php\/2024\/10\/29\/fundhas-oferece-mais-100-vagas-em-cursos-por-meio-do-cephas\/\"]}]},{\"@type\":\"ImageObject\",\"inLanguage\":\"pt-BR\",\"@id\":\"https:\/\/cephas.org.br\/index.php\/2024\/10\/29\/fundhas-oferece-mais-100-vagas-em-cursos-por-meio-do-cephas\/#primaryimage\",\"url\":\"https:\/\/cephas.org.br\/wp-content\/uploads\/2023\/03\/whatsapp-image-2023-01-26-at-105604.jpeg\",\"contentUrl\":\"https:\/\/cephas.org.br\/wp-content\/uploads\/2023\/03\/whatsapp-image-2023-01-26-at-105604.jpeg\",\"width\":940,\"height\":627},{\"@type\":\"BreadcrumbList\",\"@id\":\"https:\/\/cephas.org.br\/index.php\/2024\/10\/29\/fundhas-oferece-mais-100-vagas-em-cursos-por-meio-do-cephas\/#breadcrumb\",\"itemListElement\":[{\"@type\":\"ListItem\",\"position\":1,\"name\":\"In\u00edcio\",\"item\":\"https:\/\/cephas.org.br\/\"},{\"@type\":\"ListItem\",\"position\":2,\"name\":\"Fundhas oferece mais 100 vagas em cursos por meio do Cephas\"}]},{\"@type\":\"WebSite\",\"@id\":\"https:\/\/cephas.org.br\/#website\",\"url\":\"https:\/\/cephas.org.br\/\",\"name\":\"CEPHAS\",\"description\":\"\",\"publisher\":{\"@id\":\"https:\/\/cephas.org.br\/#organization\"},\"potentialAction\":[{\"@type\":\"SearchAction\",\"target\":{\"@type\":\"EntryPoint\",\"urlTemplate\":\"https:\/\/cephas.org.br\/?s={search_term_string}\"},\"query-input\":{\"@type\":\"PropertyValueSpecification\",\"valueRequired\":true,\"valueName\":\"search_term_string\"}}],\"inLanguage\":\"pt-BR\"},{\"@type\":\"Organization\",\"@id\":\"https:\/\/cephas.org.br\/#organization\",\"name\":\"CEPHAS\",\"url\":\"https:\/\/cephas.org.br\/\",\"logo\":{\"@type\":\"ImageObject\",\"inLanguage\":\"pt-BR\",\"@id\":\"https:\/\/cephas.org.br\/#\/schema\/logo\/image\/\",\"url\":\"https:\/\/cephas.org.br\/wp-content\/uploads\/2023\/10\/cropped-Assinaturas_CephasFundhas_Pref_Novo-10_Cor-small.png\",\"contentUrl\":\"https:\/\/cephas.org.br\/wp-content\/uploads\/2023\/10\/cropped-Assinaturas_CephasFundhas_Pref_Novo-10_Cor-small.png\",\"width\":812,\"height\":90,\"caption\":\"CEPHAS\"},\"image\":{\"@id\":\"https:\/\/cephas.org.br\/#\/schema\/logo\/image\/\"}},{\"@type\":\"Person\",\"@id\":\"https:\/\/cephas.org.br\/#\/schema\/person\/bf88621f4720f50690438f24889063f3\",\"name\":\"Pamyla Costa\",\"image\":{\"@type\":\"ImageObject\",\"inLanguage\":\"pt-BR\",\"@id\":\"https:\/\/cephas.org.br\/#\/schema\/person\/image\/\",\"url\":\"https:\/\/secure.gravatar.com\/avatar\/e4b4ee6c3da610484c7833975764f79e4222aac4883182ac0e4af6538c2fadf7?s=96&d=mm&r=g\",\"contentUrl\":\"https:\/\/secure.gravatar.com\/avatar\/e4b4ee6c3da610484c7833975764f79e4222aac4883182ac0e4af6538c2fadf7?s=96&d=mm&r=g\",\"caption\":\"Pamyla Costa\"},\"url\":\"https:\/\/cephas.org.br\/index.php\/author\/pamyla-costa\/\"}]}<\/script>\n<!-- \/ Yoast SEO plugin. -->","yoast_head_json":{"title":"Fundhas oferece mais 100 vagas em cursos por meio do Cephas - CEPHAS","robots":{"index":"index","follow":"follow","max-snippet":"max-snippet:-1","max-image-preview":"max-image-preview:large","max-video-preview":"max-video-preview:-1"},"canonical":"https:\/\/cephas.org.br\/index.php\/2024\/10\/29\/fundhas-oferece-mais-100-vagas-em-cursos-por-meio-do-cephas\/","og_locale":"pt_BR","og_type":"article","og_title":"Fundhas oferece mais 100 vagas em cursos por meio do Cephas - CEPHAS","og_description":"Alunos do Cephas no primeiro dias de aulas neste ano; col\u00e9gio j\u00e1 ofereceu 4.340 vagas em cursos presenciais e na modalidade EAD apenas neste ano &#8211; Foto: PMSJC Cl\u00e1udio SouzaFundhas A amplia\u00e7\u00e3o de vagas em cursos gratuitos oferecidos pela Fundhas (Funda\u00e7\u00e3o H\u00e9lio Augusto de Souza), por meio do Cephas (Col\u00e9gio de Educa\u00e7\u00e3o Profissional H\u00e9lio Augusto [&hellip;]","og_url":"https:\/\/cephas.org.br\/index.php\/2024\/10\/29\/fundhas-oferece-mais-100-vagas-em-cursos-por-meio-do-cephas\/","og_site_name":"CEPHAS","article_published_time":"2024-10-29T15:12:55+00:00","og_image":[{"width":940,"height":627,"url":"http:\/\/cephas.org.br\/wp-content\/uploads\/2023\/03\/whatsapp-image-2023-01-26-at-105604.jpeg","type":"image\/jpeg"}],"author":"Pamyla Costa","twitter_card":"summary_large_image","twitter_misc":{"Escrito por":"Pamyla Costa","Est. tempo de leitura":"3 minutos"},"schema":{"@context":"https:\/\/schema.org","@graph":[{"@type":"Article","@id":"https:\/\/cephas.org.br\/index.php\/2024\/10\/29\/fundhas-oferece-mais-100-vagas-em-cursos-por-meio-do-cephas\/#article","isPartOf":{"@id":"https:\/\/cephas.org.br\/index.php\/2024\/10\/29\/fundhas-oferece-mais-100-vagas-em-cursos-por-meio-do-cephas\/"},"author":{"name":"Pamyla Costa","@id":"https:\/\/cephas.org.br\/#\/schema\/person\/bf88621f4720f50690438f24889063f3"},"headline":"Fundhas oferece mais 100 vagas em cursos por meio do Cephas","datePublished":"2024-10-29T15:12:55+00:00","mainEntityOfPage":{"@id":"https:\/\/cephas.org.br\/index.php\/2024\/10\/29\/fundhas-oferece-mais-100-vagas-em-cursos-por-meio-do-cephas\/"},"wordCount":446,"commentCount":0,"publisher":{"@id":"https:\/\/cephas.org.br\/#organization"},"image":{"@id":"https:\/\/cephas.org.br\/index.php\/2024\/10\/29\/fundhas-oferece-mais-100-vagas-em-cursos-por-meio-do-cephas\/#primaryimage"},"thumbnailUrl":"https:\/\/cephas.org.br\/wp-content\/uploads\/2023\/03\/whatsapp-image-2023-01-26-at-105604.jpeg","articleSection":["Not\u00edcias"],"inLanguage":"pt-BR","potentialAction":[{"@type":"CommentAction","name":"Comment","target":["https:\/\/cephas.org.br\/index.php\/2024\/10\/29\/fundhas-oferece-mais-100-vagas-em-cursos-por-meio-do-cephas\/#respond"]}]},{"@type":"WebPage","@id":"https:\/\/cephas.org.br\/index.php\/2024\/10\/29\/fundhas-oferece-mais-100-vagas-em-cursos-por-meio-do-cephas\/","url":"https:\/\/cephas.org.br\/index.php\/2024\/10\/29\/fundhas-oferece-mais-100-vagas-em-cursos-por-meio-do-cephas\/","name":"Fundhas oferece mais 100 vagas em cursos por meio do Cephas - CEPHAS","isPartOf":{"@id":"https:\/\/cephas.org.br\/#website"},"primaryImageOfPage":{"@id":"https:\/\/cephas.org.br\/index.php\/2024\/10\/29\/fundhas-oferece-mais-100-vagas-em-cursos-por-meio-do-cephas\/#primaryimage"},"image":{"@id":"https:\/\/cephas.org.br\/index.php\/2024\/10\/29\/fundhas-oferece-mais-100-vagas-em-cursos-por-meio-do-cephas\/#primaryimage"},"thumbnailUrl":"https:\/\/cephas.org.br\/wp-content\/uploads\/2023\/03\/whatsapp-image-2023-01-26-at-105604.jpeg","datePublished":"2024-10-29T15:12:55+00:00","breadcrumb":{"@id":"https:\/\/cephas.org.br\/index.php\/2024\/10\/29\/fundhas-oferece-mais-100-vagas-em-cursos-por-meio-do-cephas\/#breadcrumb"},"inLanguage":"pt-BR","potentialAction":[{"@type":"ReadAction","target":["https:\/\/cephas.org.br\/index.php\/2024\/10\/29\/fundhas-oferece-mais-100-vagas-em-cursos-por-meio-do-cephas\/"]}]},{"@type":"ImageObject","inLanguage":"pt-BR","@id":"https:\/\/cephas.org.br\/index.php\/2024\/10\/29\/fundhas-oferece-mais-100-vagas-em-cursos-por-meio-do-cephas\/#primaryimage","url":"https:\/\/cephas.org.br\/wp-content\/uploads\/2023\/03\/whatsapp-image-2023-01-26-at-105604.jpeg","contentUrl":"https:\/\/cephas.org.br\/wp-content\/uploads\/2023\/03\/whatsapp-image-2023-01-26-at-105604.jpeg","width":940,"height":627},{"@type":"BreadcrumbList","@id":"https:\/\/cephas.org.br\/index.php\/2024\/10\/29\/fundhas-oferece-mais-100-vagas-em-cursos-por-meio-do-cephas\/#breadcrumb","itemListElement":[{"@type":"ListItem","position":1,"name":"In\u00edcio","item":"https:\/\/cephas.org.br\/"},{"@type":"ListItem","position":2,"name":"Fundhas oferece mais 100 vagas em cursos por meio do Cephas"}]},{"@type":"WebSite","@id":"https:\/\/cephas.org.br\/#website","url":"https:\/\/cephas.org.br\/","name":"CEPHAS","description":"","publisher":{"@id":"https:\/\/cephas.org.br\/#organization"},"potentialAction":[{"@type":"SearchAction","target":{"@type":"EntryPoint","urlTemplate":"https:\/\/cephas.org.br\/?s={search_term_string}"},"query-input":{"@type":"PropertyValueSpecification","valueRequired":true,"valueName":"search_term_string"}}],"inLanguage":"pt-BR"},{"@type":"Organization","@id":"https:\/\/cephas.org.br\/#organization","name":"CEPHAS","url":"https:\/\/cephas.org.br\/","logo":{"@type":"ImageObject","inLanguage":"pt-BR","@id":"https:\/\/cephas.org.br\/#\/schema\/logo\/image\/","url":"https:\/\/cephas.org.br\/wp-content\/uploads\/2023\/10\/cropped-Assinaturas_CephasFundhas_Pref_Novo-10_Cor-small.png","contentUrl":"https:\/\/cephas.org.br\/wp-content\/uploads\/2023\/10\/cropped-Assinaturas_CephasFundhas_Pref_Novo-10_Cor-small.png","width":812,"height":90,"caption":"CEPHAS"},"image":{"@id":"https:\/\/cephas.org.br\/#\/schema\/logo\/image\/"}},{"@type":"Person","@id":"https:\/\/cephas.org.br\/#\/schema\/person\/bf88621f4720f50690438f24889063f3","name":"Pamyla Costa","image":{"@type":"ImageObject","inLanguage":"pt-BR","@id":"https:\/\/cephas.org.br\/#\/schema\/person\/image\/","url":"https:\/\/secure.gravatar.com\/avatar\/e4b4ee6c3da610484c7833975764f79e4222aac4883182ac0e4af6538c2fadf7?s=96&d=mm&r=g","contentUrl":"https:\/\/secure.gravatar.com\/avatar\/e4b4ee6c3da610484c7833975764f79e4222aac4883182ac0e4af6538c2fadf7?s=96&d=mm&r=g","caption":"Pamyla Costa"},"url":"https:\/\/cephas.org.br\/index.php\/author\/pamyla-costa\/"}]}},"_links":{"self":[{"href":"https:\/\/cephas.org.br\/index.php\/wp-json\/wp\/v2\/posts\/3224","targetHints":{"allow":["GET"]}}],"collection":[{"href":"https:\/\/cephas.org.br\/index.php\/wp-json\/wp\/v2\/posts"}],"about":[{"href":"https:\/\/cephas.org.br\/index.php\/wp-json\/wp\/v2\/types\/post"}],"author":[{"embeddable":true,"href":"https:\/\/cephas.org.br\/index.php\/wp-json\/wp\/v2\/users\/25"}],"replies":[{"embeddable":true,"href":"https:\/\/cephas.org.br\/index.php\/wp-json\/wp\/v2\/comments?post=3224"}],"version-history":[{"count":1,"href":"https:\/\/cephas.org.br\/index.php\/wp-json\/wp\/v2\/posts\/3224\/revisions"}],"predecessor-version":[{"id":3226,"href":"https:\/\/cephas.org.br\/index.php\/wp-json\/wp\/v2\/posts\/3224\/revisions\/3226"}],"wp:featuredmedia":[{"embeddable":true,"href":"https:\/\/cephas.org.br\/index.php\/wp-json\/wp\/v2\/media\/3225"}],"wp:attachment":[{"href":"https:\/\/cephas.org.br\/index.php\/wp-json\/wp\/v2\/media?parent=3224"}],"wp:term":[{"taxonomy":"category","embeddable":true,"href":"https:\/\/cephas.org.br\/index.php\/wp-json\/wp\/v2\/categories?post=3224"},{"taxonomy":"post_tag","embeddable":true,"href":"https:\/\/cephas.org.br\/index.php\/wp-json\/wp\/v2\/tags?post=3224"}],"curies":[{"name":"wp","href":"https:\/\/api.w.org\/{rel}","templated":true}]}}