{"id":3023,"date":"2024-10-29T12:13:06","date_gmt":"2024-10-29T15:13:06","guid":{"rendered":"http:\/\/cephas.org.br\/?p=3023"},"modified":"2024-10-29T12:13:06","modified_gmt":"2024-10-29T15:13:06","slug":"fundhas-conclui-modernizacao-do-polo-parque-tecnologico","status":"publish","type":"post","link":"https:\/\/cephas.org.br\/index.php\/2024\/10\/29\/fundhas-conclui-modernizacao-do-polo-parque-tecnologico\/","title":{"rendered":"Fundhas conclui moderniza\u00e7\u00e3o do polo Parque Tecnol\u00f3gico"},"content":{"rendered":"\n<p><\/p>\n\n\n\n<figure class=\"wp-block-image\"><img decoding=\"async\" src=\"https:\/\/sjc.sp.gov.br\/media\/197942\/img_5327_claudio_vieira.jpg?anchor=center&amp;mode=crop&amp;width=940&amp;height=627&amp;rnd=133033299050000000\" alt=\"Novo Polo do CEPHAS no Parque Tecnol\u00f3gico. Foto: Claudio Vieira\/PMSJC 26-07-2022 \" title=\"Foto: Claudio Vieira\/PMSJC\"\/><\/figure>\n\n\n\n<p>Novo polo no Parque Tecnol\u00f3gico foi planejado e constru\u00eddo com tecnologia de ponta &#8211; Foto: Claudio Vieira\/PMSJC<\/p>\n\n\n\n<p><\/p>\n\n\n\n<p><strong>Paula Paz<\/strong><br><\/p>\n\n\n\n<p>Nesta ter\u00e7a-feira (26), a Fundhas (Funda\u00e7\u00e3o H\u00e9lio Augusto de Souza) inaugurou o novo espa\u00e7o educacional instalado no Parque Tecnol\u00f3gico, na regi\u00e3o leste de S\u00e3o Jos\u00e9 dos Campos. Foram 44 dias de obras para constru\u00e7\u00e3o dos ambientes educacionais.<\/p>\n\n\n\n<p>O local, denominado Polo Cephas Parque Tecnol\u00f3gico, possui 148 metros quadrados. Foi constru\u00eddo, mobiliado, planejado com recursos e tecnologia de ponta e passou a contar com uma c\u00e9lula de rob\u00f3tica e sala de cursos e treinamentos, al\u00e9m de um espa\u00e7o de coworking.<\/p>\n\n\n\n<p>Para opera\u00e7\u00e3o da c\u00e9lula de rob\u00f3tica com os conceitos da ind\u00fastria 4.0, como Machine Learning, Big Data, AI e Rob\u00f3tica, entre outros, a Fundhas renovou sua parceria em 2021 com o Parque Tecnol\u00f3gico, o que ampliou as possibilidades de uso das instala\u00e7\u00f5es e laborat\u00f3rios e fez a concess\u00e3o do rob\u00f4 Kuka (um bra\u00e7o rob\u00f3tico automatizado para processos repetitivos industriais).<\/p>\n\n\n\n<p>Em 2022, surgiram novas parcerias para oferta de rob\u00f4s e equipamentos voltados \u00e0 tecnologia e com uma empresa da cidade, que disponibilizou para integra\u00e7\u00e3o do patrim\u00f4nio da Funda\u00e7\u00e3o 20 computadores de \u00faltima gera\u00e7\u00e3o, com valor equivalente a R$ 100 mil. &nbsp;&nbsp;<\/p>\n\n\n\n<p>Os investimentos t\u00eam como objetivo o desenvolvimento de atividades voltadas ao empreendedorismo e \u00e0 tecnologia para os alunos.<\/p>\n\n\n\n<p><strong>Fundhas&nbsp;<\/strong><\/p>\n\n\n\n<ul class=\"wp-block-list\"><li>Rua Santar\u00e9m, 560, Parque Industrial<\/li><li>3932-0533<\/li><li><a href=\"http:\/\/www.fundhas.org.br\/\">fundhas.org.br<\/a><\/li><\/ul>\n","protected":false},"excerpt":{"rendered":"<p>Novo polo no Parque Tecnol\u00f3gico foi planejado e constru\u00eddo com tecnologia de ponta &#8211; Foto: Claudio Vieira\/PMSJC Paula Paz Nesta ter\u00e7a-feira (26), a Fundhas (Funda\u00e7\u00e3o H\u00e9lio Augusto de Souza) inaugurou o novo espa\u00e7o educacional instalado no Parque Tecnol\u00f3gico, na regi\u00e3o leste de S\u00e3o Jos\u00e9 dos Campos. Foram 44 dias de obras para constru\u00e7\u00e3o dos ambientes [&hellip;]<\/p>\n","protected":false},"author":21,"featured_media":3024,"comment_status":"open","ping_status":"closed","sticky":false,"template":"","format":"standard","meta":{"_acf_changed":false,"_monsterinsights_skip_tracking":false,"_monsterinsights_sitenote_active":false,"_monsterinsights_sitenote_note":"","_monsterinsights_sitenote_category":0,"footnotes":""},"categories":[2],"tags":[],"class_list":{"0":"post-3023","1":"post","2":"type-post","3":"status-publish","4":"format-standard","5":"has-post-thumbnail","7":"category-noticias","8":"czr-hentry"},"acf":[],"yoast_head":"<!-- This site is optimized with the Yoast SEO plugin v26.6 - https:\/\/yoast.com\/wordpress\/plugins\/seo\/ -->\n<title>Fundhas conclui moderniza\u00e7\u00e3o do polo Parque Tecnol\u00f3gico - CEPHAS<\/title>\n<meta name=\"robots\" content=\"index, follow, max-snippet:-1, max-image-preview:large, max-video-preview:-1\" \/>\n<link rel=\"canonical\" href=\"https:\/\/cephas.org.br\/index.php\/2024\/10\/29\/fundhas-conclui-modernizacao-do-polo-parque-tecnologico\/\" \/>\n<meta property=\"og:locale\" content=\"pt_BR\" \/>\n<meta property=\"og:type\" content=\"article\" \/>\n<meta property=\"og:title\" content=\"Fundhas conclui moderniza\u00e7\u00e3o do polo Parque Tecnol\u00f3gico - CEPHAS\" \/>\n<meta property=\"og:description\" content=\"Novo polo no Parque Tecnol\u00f3gico foi planejado e constru\u00eddo com tecnologia de ponta &#8211; Foto: Claudio Vieira\/PMSJC Paula Paz Nesta ter\u00e7a-feira (26), a Fundhas (Funda\u00e7\u00e3o H\u00e9lio Augusto de Souza) inaugurou o novo espa\u00e7o educacional instalado no Parque Tecnol\u00f3gico, na regi\u00e3o leste de S\u00e3o Jos\u00e9 dos Campos. Foram 44 dias de obras para constru\u00e7\u00e3o dos ambientes [&hellip;]\" \/>\n<meta property=\"og:url\" content=\"https:\/\/cephas.org.br\/index.php\/2024\/10\/29\/fundhas-conclui-modernizacao-do-polo-parque-tecnologico\/\" \/>\n<meta property=\"og:site_name\" content=\"CEPHAS\" \/>\n<meta property=\"article:published_time\" content=\"2024-10-29T15:13:06+00:00\" \/>\n<meta property=\"og:image\" content=\"http:\/\/cephas.org.br\/wp-content\/uploads\/2022\/07\/Novo-polo-no-Parque-Tecnologico.jpg\" \/>\n\t<meta property=\"og:image:width\" content=\"940\" \/>\n\t<meta property=\"og:image:height\" content=\"627\" \/>\n\t<meta property=\"og:image:type\" content=\"image\/jpeg\" \/>\n<meta name=\"author\" content=\"Paula Paz\" \/>\n<meta name=\"twitter:card\" content=\"summary_large_image\" \/>\n<meta name=\"twitter:label1\" content=\"Escrito por\" \/>\n\t<meta name=\"twitter:data1\" content=\"Paula Paz\" \/>\n\t<meta name=\"twitter:label2\" content=\"Est. tempo de leitura\" \/>\n\t<meta name=\"twitter:data2\" content=\"1 minuto\" \/>\n<script type=\"application\/ld+json\" class=\"yoast-schema-graph\">{\"@context\":\"https:\/\/schema.org\",\"@graph\":[{\"@type\":\"Article\",\"@id\":\"https:\/\/cephas.org.br\/index.php\/2024\/10\/29\/fundhas-conclui-modernizacao-do-polo-parque-tecnologico\/#article\",\"isPartOf\":{\"@id\":\"https:\/\/cephas.org.br\/index.php\/2024\/10\/29\/fundhas-conclui-modernizacao-do-polo-parque-tecnologico\/\"},\"author\":{\"name\":\"Paula Paz\",\"@id\":\"https:\/\/cephas.org.br\/#\/schema\/person\/69be9e4903dd7718a328c5fca892f3a8\"},\"headline\":\"Fundhas conclui moderniza\u00e7\u00e3o do polo Parque Tecnol\u00f3gico\",\"datePublished\":\"2024-10-29T15:13:06+00:00\",\"mainEntityOfPage\":{\"@id\":\"https:\/\/cephas.org.br\/index.php\/2024\/10\/29\/fundhas-conclui-modernizacao-do-polo-parque-tecnologico\/\"},\"wordCount\":261,\"commentCount\":0,\"publisher\":{\"@id\":\"https:\/\/cephas.org.br\/#organization\"},\"image\":{\"@id\":\"https:\/\/cephas.org.br\/index.php\/2024\/10\/29\/fundhas-conclui-modernizacao-do-polo-parque-tecnologico\/#primaryimage\"},\"thumbnailUrl\":\"https:\/\/cephas.org.br\/wp-content\/uploads\/2022\/07\/Novo-polo-no-Parque-Tecnologico.jpg\",\"articleSection\":[\"Not\u00edcias\"],\"inLanguage\":\"pt-BR\",\"potentialAction\":[{\"@type\":\"CommentAction\",\"name\":\"Comment\",\"target\":[\"https:\/\/cephas.org.br\/index.php\/2024\/10\/29\/fundhas-conclui-modernizacao-do-polo-parque-tecnologico\/#respond\"]}]},{\"@type\":\"WebPage\",\"@id\":\"https:\/\/cephas.org.br\/index.php\/2024\/10\/29\/fundhas-conclui-modernizacao-do-polo-parque-tecnologico\/\",\"url\":\"https:\/\/cephas.org.br\/index.php\/2024\/10\/29\/fundhas-conclui-modernizacao-do-polo-parque-tecnologico\/\",\"name\":\"Fundhas conclui moderniza\u00e7\u00e3o do polo Parque Tecnol\u00f3gico - CEPHAS\",\"isPartOf\":{\"@id\":\"https:\/\/cephas.org.br\/#website\"},\"primaryImageOfPage\":{\"@id\":\"https:\/\/cephas.org.br\/index.php\/2024\/10\/29\/fundhas-conclui-modernizacao-do-polo-parque-tecnologico\/#primaryimage\"},\"image\":{\"@id\":\"https:\/\/cephas.org.br\/index.php\/2024\/10\/29\/fundhas-conclui-modernizacao-do-polo-parque-tecnologico\/#primaryimage\"},\"thumbnailUrl\":\"https:\/\/cephas.org.br\/wp-content\/uploads\/2022\/07\/Novo-polo-no-Parque-Tecnologico.jpg\",\"datePublished\":\"2024-10-29T15:13:06+00:00\",\"breadcrumb\":{\"@id\":\"https:\/\/cephas.org.br\/index.php\/2024\/10\/29\/fundhas-conclui-modernizacao-do-polo-parque-tecnologico\/#breadcrumb\"},\"inLanguage\":\"pt-BR\",\"potentialAction\":[{\"@type\":\"ReadAction\",\"target\":[\"https:\/\/cephas.org.br\/index.php\/2024\/10\/29\/fundhas-conclui-modernizacao-do-polo-parque-tecnologico\/\"]}]},{\"@type\":\"ImageObject\",\"inLanguage\":\"pt-BR\",\"@id\":\"https:\/\/cephas.org.br\/index.php\/2024\/10\/29\/fundhas-conclui-modernizacao-do-polo-parque-tecnologico\/#primaryimage\",\"url\":\"https:\/\/cephas.org.br\/wp-content\/uploads\/2022\/07\/Novo-polo-no-Parque-Tecnologico.jpg\",\"contentUrl\":\"https:\/\/cephas.org.br\/wp-content\/uploads\/2022\/07\/Novo-polo-no-Parque-Tecnologico.jpg\",\"width\":940,\"height\":627},{\"@type\":\"BreadcrumbList\",\"@id\":\"https:\/\/cephas.org.br\/index.php\/2024\/10\/29\/fundhas-conclui-modernizacao-do-polo-parque-tecnologico\/#breadcrumb\",\"itemListElement\":[{\"@type\":\"ListItem\",\"position\":1,\"name\":\"In\u00edcio\",\"item\":\"https:\/\/cephas.org.br\/\"},{\"@type\":\"ListItem\",\"position\":2,\"name\":\"Fundhas conclui moderniza\u00e7\u00e3o do polo Parque Tecnol\u00f3gico\"}]},{\"@type\":\"WebSite\",\"@id\":\"https:\/\/cephas.org.br\/#website\",\"url\":\"https:\/\/cephas.org.br\/\",\"name\":\"CEPHAS\",\"description\":\"\",\"publisher\":{\"@id\":\"https:\/\/cephas.org.br\/#organization\"},\"potentialAction\":[{\"@type\":\"SearchAction\",\"target\":{\"@type\":\"EntryPoint\",\"urlTemplate\":\"https:\/\/cephas.org.br\/?s={search_term_string}\"},\"query-input\":{\"@type\":\"PropertyValueSpecification\",\"valueRequired\":true,\"valueName\":\"search_term_string\"}}],\"inLanguage\":\"pt-BR\"},{\"@type\":\"Organization\",\"@id\":\"https:\/\/cephas.org.br\/#organization\",\"name\":\"CEPHAS\",\"url\":\"https:\/\/cephas.org.br\/\",\"logo\":{\"@type\":\"ImageObject\",\"inLanguage\":\"pt-BR\",\"@id\":\"https:\/\/cephas.org.br\/#\/schema\/logo\/image\/\",\"url\":\"https:\/\/cephas.org.br\/wp-content\/uploads\/2023\/10\/cropped-Assinaturas_CephasFundhas_Pref_Novo-10_Cor-small.png\",\"contentUrl\":\"https:\/\/cephas.org.br\/wp-content\/uploads\/2023\/10\/cropped-Assinaturas_CephasFundhas_Pref_Novo-10_Cor-small.png\",\"width\":812,\"height\":90,\"caption\":\"CEPHAS\"},\"image\":{\"@id\":\"https:\/\/cephas.org.br\/#\/schema\/logo\/image\/\"}},{\"@type\":\"Person\",\"@id\":\"https:\/\/cephas.org.br\/#\/schema\/person\/69be9e4903dd7718a328c5fca892f3a8\",\"name\":\"Paula Paz\",\"image\":{\"@type\":\"ImageObject\",\"inLanguage\":\"pt-BR\",\"@id\":\"https:\/\/cephas.org.br\/#\/schema\/person\/image\/\",\"url\":\"https:\/\/secure.gravatar.com\/avatar\/cfff677abb42c5d1da9bae759178d574599cedfc0961991c0596da37e8187954?s=96&d=mm&r=g\",\"contentUrl\":\"https:\/\/secure.gravatar.com\/avatar\/cfff677abb42c5d1da9bae759178d574599cedfc0961991c0596da37e8187954?s=96&d=mm&r=g\",\"caption\":\"Paula Paz\"},\"url\":\"https:\/\/cephas.org.br\/index.php\/author\/paula-paz\/\"}]}<\/script>\n<!-- \/ Yoast SEO plugin. -->","yoast_head_json":{"title":"Fundhas conclui moderniza\u00e7\u00e3o do polo Parque Tecnol\u00f3gico - CEPHAS","robots":{"index":"index","follow":"follow","max-snippet":"max-snippet:-1","max-image-preview":"max-image-preview:large","max-video-preview":"max-video-preview:-1"},"canonical":"https:\/\/cephas.org.br\/index.php\/2024\/10\/29\/fundhas-conclui-modernizacao-do-polo-parque-tecnologico\/","og_locale":"pt_BR","og_type":"article","og_title":"Fundhas conclui moderniza\u00e7\u00e3o do polo Parque Tecnol\u00f3gico - CEPHAS","og_description":"Novo polo no Parque Tecnol\u00f3gico foi planejado e constru\u00eddo com tecnologia de ponta &#8211; Foto: Claudio Vieira\/PMSJC Paula Paz Nesta ter\u00e7a-feira (26), a Fundhas (Funda\u00e7\u00e3o H\u00e9lio Augusto de Souza) inaugurou o novo espa\u00e7o educacional instalado no Parque Tecnol\u00f3gico, na regi\u00e3o leste de S\u00e3o Jos\u00e9 dos Campos. Foram 44 dias de obras para constru\u00e7\u00e3o dos ambientes [&hellip;]","og_url":"https:\/\/cephas.org.br\/index.php\/2024\/10\/29\/fundhas-conclui-modernizacao-do-polo-parque-tecnologico\/","og_site_name":"CEPHAS","article_published_time":"2024-10-29T15:13:06+00:00","og_image":[{"width":940,"height":627,"url":"http:\/\/cephas.org.br\/wp-content\/uploads\/2022\/07\/Novo-polo-no-Parque-Tecnologico.jpg","type":"image\/jpeg"}],"author":"Paula Paz","twitter_card":"summary_large_image","twitter_misc":{"Escrito por":"Paula Paz","Est. tempo de leitura":"1 minuto"},"schema":{"@context":"https:\/\/schema.org","@graph":[{"@type":"Article","@id":"https:\/\/cephas.org.br\/index.php\/2024\/10\/29\/fundhas-conclui-modernizacao-do-polo-parque-tecnologico\/#article","isPartOf":{"@id":"https:\/\/cephas.org.br\/index.php\/2024\/10\/29\/fundhas-conclui-modernizacao-do-polo-parque-tecnologico\/"},"author":{"name":"Paula Paz","@id":"https:\/\/cephas.org.br\/#\/schema\/person\/69be9e4903dd7718a328c5fca892f3a8"},"headline":"Fundhas conclui moderniza\u00e7\u00e3o do polo Parque Tecnol\u00f3gico","datePublished":"2024-10-29T15:13:06+00:00","mainEntityOfPage":{"@id":"https:\/\/cephas.org.br\/index.php\/2024\/10\/29\/fundhas-conclui-modernizacao-do-polo-parque-tecnologico\/"},"wordCount":261,"commentCount":0,"publisher":{"@id":"https:\/\/cephas.org.br\/#organization"},"image":{"@id":"https:\/\/cephas.org.br\/index.php\/2024\/10\/29\/fundhas-conclui-modernizacao-do-polo-parque-tecnologico\/#primaryimage"},"thumbnailUrl":"https:\/\/cephas.org.br\/wp-content\/uploads\/2022\/07\/Novo-polo-no-Parque-Tecnologico.jpg","articleSection":["Not\u00edcias"],"inLanguage":"pt-BR","potentialAction":[{"@type":"CommentAction","name":"Comment","target":["https:\/\/cephas.org.br\/index.php\/2024\/10\/29\/fundhas-conclui-modernizacao-do-polo-parque-tecnologico\/#respond"]}]},{"@type":"WebPage","@id":"https:\/\/cephas.org.br\/index.php\/2024\/10\/29\/fundhas-conclui-modernizacao-do-polo-parque-tecnologico\/","url":"https:\/\/cephas.org.br\/index.php\/2024\/10\/29\/fundhas-conclui-modernizacao-do-polo-parque-tecnologico\/","name":"Fundhas conclui moderniza\u00e7\u00e3o do polo Parque Tecnol\u00f3gico - CEPHAS","isPartOf":{"@id":"https:\/\/cephas.org.br\/#website"},"primaryImageOfPage":{"@id":"https:\/\/cephas.org.br\/index.php\/2024\/10\/29\/fundhas-conclui-modernizacao-do-polo-parque-tecnologico\/#primaryimage"},"image":{"@id":"https:\/\/cephas.org.br\/index.php\/2024\/10\/29\/fundhas-conclui-modernizacao-do-polo-parque-tecnologico\/#primaryimage"},"thumbnailUrl":"https:\/\/cephas.org.br\/wp-content\/uploads\/2022\/07\/Novo-polo-no-Parque-Tecnologico.jpg","datePublished":"2024-10-29T15:13:06+00:00","breadcrumb":{"@id":"https:\/\/cephas.org.br\/index.php\/2024\/10\/29\/fundhas-conclui-modernizacao-do-polo-parque-tecnologico\/#breadcrumb"},"inLanguage":"pt-BR","potentialAction":[{"@type":"ReadAction","target":["https:\/\/cephas.org.br\/index.php\/2024\/10\/29\/fundhas-conclui-modernizacao-do-polo-parque-tecnologico\/"]}]},{"@type":"ImageObject","inLanguage":"pt-BR","@id":"https:\/\/cephas.org.br\/index.php\/2024\/10\/29\/fundhas-conclui-modernizacao-do-polo-parque-tecnologico\/#primaryimage","url":"https:\/\/cephas.org.br\/wp-content\/uploads\/2022\/07\/Novo-polo-no-Parque-Tecnologico.jpg","contentUrl":"https:\/\/cephas.org.br\/wp-content\/uploads\/2022\/07\/Novo-polo-no-Parque-Tecnologico.jpg","width":940,"height":627},{"@type":"BreadcrumbList","@id":"https:\/\/cephas.org.br\/index.php\/2024\/10\/29\/fundhas-conclui-modernizacao-do-polo-parque-tecnologico\/#breadcrumb","itemListElement":[{"@type":"ListItem","position":1,"name":"In\u00edcio","item":"https:\/\/cephas.org.br\/"},{"@type":"ListItem","position":2,"name":"Fundhas conclui moderniza\u00e7\u00e3o do polo Parque Tecnol\u00f3gico"}]},{"@type":"WebSite","@id":"https:\/\/cephas.org.br\/#website","url":"https:\/\/cephas.org.br\/","name":"CEPHAS","description":"","publisher":{"@id":"https:\/\/cephas.org.br\/#organization"},"potentialAction":[{"@type":"SearchAction","target":{"@type":"EntryPoint","urlTemplate":"https:\/\/cephas.org.br\/?s={search_term_string}"},"query-input":{"@type":"PropertyValueSpecification","valueRequired":true,"valueName":"search_term_string"}}],"inLanguage":"pt-BR"},{"@type":"Organization","@id":"https:\/\/cephas.org.br\/#organization","name":"CEPHAS","url":"https:\/\/cephas.org.br\/","logo":{"@type":"ImageObject","inLanguage":"pt-BR","@id":"https:\/\/cephas.org.br\/#\/schema\/logo\/image\/","url":"https:\/\/cephas.org.br\/wp-content\/uploads\/2023\/10\/cropped-Assinaturas_CephasFundhas_Pref_Novo-10_Cor-small.png","contentUrl":"https:\/\/cephas.org.br\/wp-content\/uploads\/2023\/10\/cropped-Assinaturas_CephasFundhas_Pref_Novo-10_Cor-small.png","width":812,"height":90,"caption":"CEPHAS"},"image":{"@id":"https:\/\/cephas.org.br\/#\/schema\/logo\/image\/"}},{"@type":"Person","@id":"https:\/\/cephas.org.br\/#\/schema\/person\/69be9e4903dd7718a328c5fca892f3a8","name":"Paula Paz","image":{"@type":"ImageObject","inLanguage":"pt-BR","@id":"https:\/\/cephas.org.br\/#\/schema\/person\/image\/","url":"https:\/\/secure.gravatar.com\/avatar\/cfff677abb42c5d1da9bae759178d574599cedfc0961991c0596da37e8187954?s=96&d=mm&r=g","contentUrl":"https:\/\/secure.gravatar.com\/avatar\/cfff677abb42c5d1da9bae759178d574599cedfc0961991c0596da37e8187954?s=96&d=mm&r=g","caption":"Paula Paz"},"url":"https:\/\/cephas.org.br\/index.php\/author\/paula-paz\/"}]}},"_links":{"self":[{"href":"https:\/\/cephas.org.br\/index.php\/wp-json\/wp\/v2\/posts\/3023","targetHints":{"allow":["GET"]}}],"collection":[{"href":"https:\/\/cephas.org.br\/index.php\/wp-json\/wp\/v2\/posts"}],"about":[{"href":"https:\/\/cephas.org.br\/index.php\/wp-json\/wp\/v2\/types\/post"}],"author":[{"embeddable":true,"href":"https:\/\/cephas.org.br\/index.php\/wp-json\/wp\/v2\/users\/21"}],"replies":[{"embeddable":true,"href":"https:\/\/cephas.org.br\/index.php\/wp-json\/wp\/v2\/comments?post=3023"}],"version-history":[{"count":1,"href":"https:\/\/cephas.org.br\/index.php\/wp-json\/wp\/v2\/posts\/3023\/revisions"}],"predecessor-version":[{"id":3025,"href":"https:\/\/cephas.org.br\/index.php\/wp-json\/wp\/v2\/posts\/3023\/revisions\/3025"}],"wp:featuredmedia":[{"embeddable":true,"href":"https:\/\/cephas.org.br\/index.php\/wp-json\/wp\/v2\/media\/3024"}],"wp:attachment":[{"href":"https:\/\/cephas.org.br\/index.php\/wp-json\/wp\/v2\/media?parent=3023"}],"wp:term":[{"taxonomy":"category","embeddable":true,"href":"https:\/\/cephas.org.br\/index.php\/wp-json\/wp\/v2\/categories?post=3023"},{"taxonomy":"post_tag","embeddable":true,"href":"https:\/\/cephas.org.br\/index.php\/wp-json\/wp\/v2\/tags?post=3023"}],"curies":[{"name":"wp","href":"https:\/\/api.w.org\/{rel}","templated":true}]}}