{"id":2999,"date":"2024-10-29T12:13:06","date_gmt":"2024-10-29T15:13:06","guid":{"rendered":"http:\/\/cephas.org.br\/?p=2999"},"modified":"2024-10-29T12:13:06","modified_gmt":"2024-10-29T15:13:06","slug":"parceria-com-unifesp-beneficia-alunos-e-profissionais-do-cephas","status":"publish","type":"post","link":"https:\/\/cephas.org.br\/index.php\/2024\/10\/29\/parceria-com-unifesp-beneficia-alunos-e-profissionais-do-cephas\/","title":{"rendered":"Parceria com Unifesp beneficia alunos e profissionais do Cephas"},"content":{"rendered":"<div class=\"wp-block-image\">\n<figure class=\"aligncenter size-full\"><img fetchpriority=\"high\" decoding=\"async\" width=\"940\" height=\"627\" src=\"http:\/\/cephas.org.br\/wp-content\/uploads\/2022\/07\/cv__8199_claudio_vieira.jpg\" alt=\"\" class=\"wp-image-3000\" srcset=\"https:\/\/cephas.org.br\/wp-content\/uploads\/2022\/07\/cv__8199_claudio_vieira.jpg 940w, https:\/\/cephas.org.br\/wp-content\/uploads\/2022\/07\/cv__8199_claudio_vieira-300x200.jpg 300w, https:\/\/cephas.org.br\/wp-content\/uploads\/2022\/07\/cv__8199_claudio_vieira-768x512.jpg 768w\" sizes=\"(max-width: 940px) 100vw, 940px\" \/><figcaption>Cerca de 50 adolescentes poder\u00e3o fazer cursos voltados \u00e0 tecnologia &#8211; Foto: Claudio Vieira\/PMSJC<br><\/figcaption><\/figure><\/div>\n\n\n<p><strong>Paula Paz<\/strong><br><strong>Fundhas<\/strong><\/p>\n\n\n\n<p>A Fundhas (Funda\u00e7\u00e3o H\u00e9lio Augusto de Souza) assinou nesta sexta-feira (1\u00ba) uma parceria com a Universidade Federal de S\u00e3o Paulo (Unifesp) para promo\u00e7\u00e3o de cursos nas modalidades presencial e a dist\u00e2ncia voltados \u00e0 \u00e1rea de tecnologia. Ser\u00e3o beneficiados cerca de 60 alunos e funcion\u00e1rios do Cephas (Centro de Educa\u00e7\u00e3o Profissional H\u00e9lio Augusto de Souza).<\/p>\n\n\n\n<p>Com dura\u00e7\u00e3o de 5 meses,&nbsp;o projeto prev\u00ea o desenvolvimento de cursos de qualifica\u00e7\u00e3o profissional t\u00e9cnica e forma\u00e7\u00e3o para cerca de 50 adolescentes e egressos da institui\u00e7\u00e3o.<\/p>\n\n\n\n<p>Para os colaboradores da institui\u00e7\u00e3o, est\u00e1 previsto para o dia 18 o in\u00edcio do curso de programa\u00e7\u00e3o e montagem de rob\u00f4s. Os treinamentos oferecidos aos assistidos ser\u00e3o realizados neste bimestre.<\/p>\n","protected":false},"excerpt":{"rendered":"<p>Paula PazFundhas A Fundhas (Funda\u00e7\u00e3o H\u00e9lio Augusto de Souza) assinou nesta sexta-feira (1\u00ba) uma parceria com a Universidade Federal de S\u00e3o Paulo (Unifesp) para promo\u00e7\u00e3o de cursos nas modalidades presencial e a dist\u00e2ncia voltados \u00e0 \u00e1rea de tecnologia. Ser\u00e3o beneficiados cerca de 60 alunos e funcion\u00e1rios do Cephas (Centro de Educa\u00e7\u00e3o Profissional H\u00e9lio Augusto de [&hellip;]<\/p>\n","protected":false},"author":15,"featured_media":3001,"comment_status":"open","ping_status":"closed","sticky":false,"template":"","format":"standard","meta":{"_acf_changed":false,"_monsterinsights_skip_tracking":false,"_monsterinsights_sitenote_active":false,"_monsterinsights_sitenote_note":"","_monsterinsights_sitenote_category":0,"footnotes":""},"categories":[2],"tags":[],"class_list":{"0":"post-2999","1":"post","2":"type-post","3":"status-publish","4":"format-standard","5":"has-post-thumbnail","7":"category-noticias","8":"czr-hentry"},"acf":[],"yoast_head":"<!-- This site is optimized with the Yoast SEO plugin v26.6 - https:\/\/yoast.com\/wordpress\/plugins\/seo\/ -->\n<title>Parceria com Unifesp beneficia alunos e profissionais do Cephas - CEPHAS<\/title>\n<meta name=\"robots\" content=\"index, follow, max-snippet:-1, max-image-preview:large, max-video-preview:-1\" \/>\n<link rel=\"canonical\" href=\"https:\/\/cephas.org.br\/index.php\/2024\/10\/29\/parceria-com-unifesp-beneficia-alunos-e-profissionais-do-cephas\/\" \/>\n<meta property=\"og:locale\" content=\"pt_BR\" \/>\n<meta property=\"og:type\" content=\"article\" \/>\n<meta property=\"og:title\" content=\"Parceria com Unifesp beneficia alunos e profissionais do Cephas - CEPHAS\" \/>\n<meta property=\"og:description\" content=\"Paula PazFundhas A Fundhas (Funda\u00e7\u00e3o H\u00e9lio Augusto de Souza) assinou nesta sexta-feira (1\u00ba) uma parceria com a Universidade Federal de S\u00e3o Paulo (Unifesp) para promo\u00e7\u00e3o de cursos nas modalidades presencial e a dist\u00e2ncia voltados \u00e0 \u00e1rea de tecnologia. Ser\u00e3o beneficiados cerca de 60 alunos e funcion\u00e1rios do Cephas (Centro de Educa\u00e7\u00e3o Profissional H\u00e9lio Augusto de [&hellip;]\" \/>\n<meta property=\"og:url\" content=\"https:\/\/cephas.org.br\/index.php\/2024\/10\/29\/parceria-com-unifesp-beneficia-alunos-e-profissionais-do-cephas\/\" \/>\n<meta property=\"og:site_name\" content=\"CEPHAS\" \/>\n<meta property=\"article:published_time\" content=\"2024-10-29T15:13:06+00:00\" \/>\n<meta property=\"og:image\" content=\"http:\/\/cephas.org.br\/wp-content\/uploads\/2022\/07\/cv__8199_claudio_vieira-1.jpg\" \/>\n\t<meta property=\"og:image:width\" content=\"940\" \/>\n\t<meta property=\"og:image:height\" content=\"627\" \/>\n\t<meta property=\"og:image:type\" content=\"image\/jpeg\" \/>\n<meta name=\"author\" content=\"Mirela Melo\" \/>\n<meta name=\"twitter:card\" content=\"summary_large_image\" \/>\n<meta name=\"twitter:label1\" content=\"Escrito por\" \/>\n\t<meta name=\"twitter:data1\" content=\"Mirela Melo\" \/>\n\t<meta name=\"twitter:label2\" content=\"Est. tempo de leitura\" \/>\n\t<meta name=\"twitter:data2\" content=\"1 minuto\" \/>\n<script type=\"application\/ld+json\" class=\"yoast-schema-graph\">{\"@context\":\"https:\/\/schema.org\",\"@graph\":[{\"@type\":\"Article\",\"@id\":\"https:\/\/cephas.org.br\/index.php\/2024\/10\/29\/parceria-com-unifesp-beneficia-alunos-e-profissionais-do-cephas\/#article\",\"isPartOf\":{\"@id\":\"https:\/\/cephas.org.br\/index.php\/2024\/10\/29\/parceria-com-unifesp-beneficia-alunos-e-profissionais-do-cephas\/\"},\"author\":{\"name\":\"Mirela Melo\",\"@id\":\"https:\/\/cephas.org.br\/#\/schema\/person\/d5e6607236ef6baae41091abfe5fac71\"},\"headline\":\"Parceria com Unifesp beneficia alunos e profissionais do Cephas\",\"datePublished\":\"2024-10-29T15:13:06+00:00\",\"mainEntityOfPage\":{\"@id\":\"https:\/\/cephas.org.br\/index.php\/2024\/10\/29\/parceria-com-unifesp-beneficia-alunos-e-profissionais-do-cephas\/\"},\"wordCount\":151,\"commentCount\":0,\"publisher\":{\"@id\":\"https:\/\/cephas.org.br\/#organization\"},\"image\":{\"@id\":\"https:\/\/cephas.org.br\/index.php\/2024\/10\/29\/parceria-com-unifesp-beneficia-alunos-e-profissionais-do-cephas\/#primaryimage\"},\"thumbnailUrl\":\"https:\/\/cephas.org.br\/wp-content\/uploads\/2022\/07\/cv__8199_claudio_vieira-1.jpg\",\"articleSection\":[\"Not\u00edcias\"],\"inLanguage\":\"pt-BR\",\"potentialAction\":[{\"@type\":\"CommentAction\",\"name\":\"Comment\",\"target\":[\"https:\/\/cephas.org.br\/index.php\/2024\/10\/29\/parceria-com-unifesp-beneficia-alunos-e-profissionais-do-cephas\/#respond\"]}]},{\"@type\":\"WebPage\",\"@id\":\"https:\/\/cephas.org.br\/index.php\/2024\/10\/29\/parceria-com-unifesp-beneficia-alunos-e-profissionais-do-cephas\/\",\"url\":\"https:\/\/cephas.org.br\/index.php\/2024\/10\/29\/parceria-com-unifesp-beneficia-alunos-e-profissionais-do-cephas\/\",\"name\":\"Parceria com Unifesp beneficia alunos e profissionais do Cephas - CEPHAS\",\"isPartOf\":{\"@id\":\"https:\/\/cephas.org.br\/#website\"},\"primaryImageOfPage\":{\"@id\":\"https:\/\/cephas.org.br\/index.php\/2024\/10\/29\/parceria-com-unifesp-beneficia-alunos-e-profissionais-do-cephas\/#primaryimage\"},\"image\":{\"@id\":\"https:\/\/cephas.org.br\/index.php\/2024\/10\/29\/parceria-com-unifesp-beneficia-alunos-e-profissionais-do-cephas\/#primaryimage\"},\"thumbnailUrl\":\"https:\/\/cephas.org.br\/wp-content\/uploads\/2022\/07\/cv__8199_claudio_vieira-1.jpg\",\"datePublished\":\"2024-10-29T15:13:06+00:00\",\"breadcrumb\":{\"@id\":\"https:\/\/cephas.org.br\/index.php\/2024\/10\/29\/parceria-com-unifesp-beneficia-alunos-e-profissionais-do-cephas\/#breadcrumb\"},\"inLanguage\":\"pt-BR\",\"potentialAction\":[{\"@type\":\"ReadAction\",\"target\":[\"https:\/\/cephas.org.br\/index.php\/2024\/10\/29\/parceria-com-unifesp-beneficia-alunos-e-profissionais-do-cephas\/\"]}]},{\"@type\":\"ImageObject\",\"inLanguage\":\"pt-BR\",\"@id\":\"https:\/\/cephas.org.br\/index.php\/2024\/10\/29\/parceria-com-unifesp-beneficia-alunos-e-profissionais-do-cephas\/#primaryimage\",\"url\":\"https:\/\/cephas.org.br\/wp-content\/uploads\/2022\/07\/cv__8199_claudio_vieira-1.jpg\",\"contentUrl\":\"https:\/\/cephas.org.br\/wp-content\/uploads\/2022\/07\/cv__8199_claudio_vieira-1.jpg\",\"width\":940,\"height\":627},{\"@type\":\"BreadcrumbList\",\"@id\":\"https:\/\/cephas.org.br\/index.php\/2024\/10\/29\/parceria-com-unifesp-beneficia-alunos-e-profissionais-do-cephas\/#breadcrumb\",\"itemListElement\":[{\"@type\":\"ListItem\",\"position\":1,\"name\":\"In\u00edcio\",\"item\":\"https:\/\/cephas.org.br\/\"},{\"@type\":\"ListItem\",\"position\":2,\"name\":\"Parceria com Unifesp beneficia alunos e profissionais do Cephas\"}]},{\"@type\":\"WebSite\",\"@id\":\"https:\/\/cephas.org.br\/#website\",\"url\":\"https:\/\/cephas.org.br\/\",\"name\":\"CEPHAS\",\"description\":\"\",\"publisher\":{\"@id\":\"https:\/\/cephas.org.br\/#organization\"},\"potentialAction\":[{\"@type\":\"SearchAction\",\"target\":{\"@type\":\"EntryPoint\",\"urlTemplate\":\"https:\/\/cephas.org.br\/?s={search_term_string}\"},\"query-input\":{\"@type\":\"PropertyValueSpecification\",\"valueRequired\":true,\"valueName\":\"search_term_string\"}}],\"inLanguage\":\"pt-BR\"},{\"@type\":\"Organization\",\"@id\":\"https:\/\/cephas.org.br\/#organization\",\"name\":\"CEPHAS\",\"url\":\"https:\/\/cephas.org.br\/\",\"logo\":{\"@type\":\"ImageObject\",\"inLanguage\":\"pt-BR\",\"@id\":\"https:\/\/cephas.org.br\/#\/schema\/logo\/image\/\",\"url\":\"https:\/\/cephas.org.br\/wp-content\/uploads\/2023\/10\/cropped-Assinaturas_CephasFundhas_Pref_Novo-10_Cor-small.png\",\"contentUrl\":\"https:\/\/cephas.org.br\/wp-content\/uploads\/2023\/10\/cropped-Assinaturas_CephasFundhas_Pref_Novo-10_Cor-small.png\",\"width\":812,\"height\":90,\"caption\":\"CEPHAS\"},\"image\":{\"@id\":\"https:\/\/cephas.org.br\/#\/schema\/logo\/image\/\"}},{\"@type\":\"Person\",\"@id\":\"https:\/\/cephas.org.br\/#\/schema\/person\/d5e6607236ef6baae41091abfe5fac71\",\"name\":\"Mirela Melo\",\"image\":{\"@type\":\"ImageObject\",\"inLanguage\":\"pt-BR\",\"@id\":\"https:\/\/cephas.org.br\/#\/schema\/person\/image\/\",\"url\":\"https:\/\/secure.gravatar.com\/avatar\/a1486156377c9ce29f1c9341b513386d6b321f7c1dff81f2e790285f587a19aa?s=96&d=mm&r=g\",\"contentUrl\":\"https:\/\/secure.gravatar.com\/avatar\/a1486156377c9ce29f1c9341b513386d6b321f7c1dff81f2e790285f587a19aa?s=96&d=mm&r=g\",\"caption\":\"Mirela Melo\"},\"url\":\"https:\/\/cephas.org.br\/index.php\/author\/mirela-melo\/\"}]}<\/script>\n<!-- \/ Yoast SEO plugin. -->","yoast_head_json":{"title":"Parceria com Unifesp beneficia alunos e profissionais do Cephas - CEPHAS","robots":{"index":"index","follow":"follow","max-snippet":"max-snippet:-1","max-image-preview":"max-image-preview:large","max-video-preview":"max-video-preview:-1"},"canonical":"https:\/\/cephas.org.br\/index.php\/2024\/10\/29\/parceria-com-unifesp-beneficia-alunos-e-profissionais-do-cephas\/","og_locale":"pt_BR","og_type":"article","og_title":"Parceria com Unifesp beneficia alunos e profissionais do Cephas - CEPHAS","og_description":"Paula PazFundhas A Fundhas (Funda\u00e7\u00e3o H\u00e9lio Augusto de Souza) assinou nesta sexta-feira (1\u00ba) uma parceria com a Universidade Federal de S\u00e3o Paulo (Unifesp) para promo\u00e7\u00e3o de cursos nas modalidades presencial e a dist\u00e2ncia voltados \u00e0 \u00e1rea de tecnologia. Ser\u00e3o beneficiados cerca de 60 alunos e funcion\u00e1rios do Cephas (Centro de Educa\u00e7\u00e3o Profissional H\u00e9lio Augusto de [&hellip;]","og_url":"https:\/\/cephas.org.br\/index.php\/2024\/10\/29\/parceria-com-unifesp-beneficia-alunos-e-profissionais-do-cephas\/","og_site_name":"CEPHAS","article_published_time":"2024-10-29T15:13:06+00:00","og_image":[{"width":940,"height":627,"url":"http:\/\/cephas.org.br\/wp-content\/uploads\/2022\/07\/cv__8199_claudio_vieira-1.jpg","type":"image\/jpeg"}],"author":"Mirela Melo","twitter_card":"summary_large_image","twitter_misc":{"Escrito por":"Mirela Melo","Est. tempo de leitura":"1 minuto"},"schema":{"@context":"https:\/\/schema.org","@graph":[{"@type":"Article","@id":"https:\/\/cephas.org.br\/index.php\/2024\/10\/29\/parceria-com-unifesp-beneficia-alunos-e-profissionais-do-cephas\/#article","isPartOf":{"@id":"https:\/\/cephas.org.br\/index.php\/2024\/10\/29\/parceria-com-unifesp-beneficia-alunos-e-profissionais-do-cephas\/"},"author":{"name":"Mirela Melo","@id":"https:\/\/cephas.org.br\/#\/schema\/person\/d5e6607236ef6baae41091abfe5fac71"},"headline":"Parceria com Unifesp beneficia alunos e profissionais do Cephas","datePublished":"2024-10-29T15:13:06+00:00","mainEntityOfPage":{"@id":"https:\/\/cephas.org.br\/index.php\/2024\/10\/29\/parceria-com-unifesp-beneficia-alunos-e-profissionais-do-cephas\/"},"wordCount":151,"commentCount":0,"publisher":{"@id":"https:\/\/cephas.org.br\/#organization"},"image":{"@id":"https:\/\/cephas.org.br\/index.php\/2024\/10\/29\/parceria-com-unifesp-beneficia-alunos-e-profissionais-do-cephas\/#primaryimage"},"thumbnailUrl":"https:\/\/cephas.org.br\/wp-content\/uploads\/2022\/07\/cv__8199_claudio_vieira-1.jpg","articleSection":["Not\u00edcias"],"inLanguage":"pt-BR","potentialAction":[{"@type":"CommentAction","name":"Comment","target":["https:\/\/cephas.org.br\/index.php\/2024\/10\/29\/parceria-com-unifesp-beneficia-alunos-e-profissionais-do-cephas\/#respond"]}]},{"@type":"WebPage","@id":"https:\/\/cephas.org.br\/index.php\/2024\/10\/29\/parceria-com-unifesp-beneficia-alunos-e-profissionais-do-cephas\/","url":"https:\/\/cephas.org.br\/index.php\/2024\/10\/29\/parceria-com-unifesp-beneficia-alunos-e-profissionais-do-cephas\/","name":"Parceria com Unifesp beneficia alunos e profissionais do Cephas - CEPHAS","isPartOf":{"@id":"https:\/\/cephas.org.br\/#website"},"primaryImageOfPage":{"@id":"https:\/\/cephas.org.br\/index.php\/2024\/10\/29\/parceria-com-unifesp-beneficia-alunos-e-profissionais-do-cephas\/#primaryimage"},"image":{"@id":"https:\/\/cephas.org.br\/index.php\/2024\/10\/29\/parceria-com-unifesp-beneficia-alunos-e-profissionais-do-cephas\/#primaryimage"},"thumbnailUrl":"https:\/\/cephas.org.br\/wp-content\/uploads\/2022\/07\/cv__8199_claudio_vieira-1.jpg","datePublished":"2024-10-29T15:13:06+00:00","breadcrumb":{"@id":"https:\/\/cephas.org.br\/index.php\/2024\/10\/29\/parceria-com-unifesp-beneficia-alunos-e-profissionais-do-cephas\/#breadcrumb"},"inLanguage":"pt-BR","potentialAction":[{"@type":"ReadAction","target":["https:\/\/cephas.org.br\/index.php\/2024\/10\/29\/parceria-com-unifesp-beneficia-alunos-e-profissionais-do-cephas\/"]}]},{"@type":"ImageObject","inLanguage":"pt-BR","@id":"https:\/\/cephas.org.br\/index.php\/2024\/10\/29\/parceria-com-unifesp-beneficia-alunos-e-profissionais-do-cephas\/#primaryimage","url":"https:\/\/cephas.org.br\/wp-content\/uploads\/2022\/07\/cv__8199_claudio_vieira-1.jpg","contentUrl":"https:\/\/cephas.org.br\/wp-content\/uploads\/2022\/07\/cv__8199_claudio_vieira-1.jpg","width":940,"height":627},{"@type":"BreadcrumbList","@id":"https:\/\/cephas.org.br\/index.php\/2024\/10\/29\/parceria-com-unifesp-beneficia-alunos-e-profissionais-do-cephas\/#breadcrumb","itemListElement":[{"@type":"ListItem","position":1,"name":"In\u00edcio","item":"https:\/\/cephas.org.br\/"},{"@type":"ListItem","position":2,"name":"Parceria com Unifesp beneficia alunos e profissionais do Cephas"}]},{"@type":"WebSite","@id":"https:\/\/cephas.org.br\/#website","url":"https:\/\/cephas.org.br\/","name":"CEPHAS","description":"","publisher":{"@id":"https:\/\/cephas.org.br\/#organization"},"potentialAction":[{"@type":"SearchAction","target":{"@type":"EntryPoint","urlTemplate":"https:\/\/cephas.org.br\/?s={search_term_string}"},"query-input":{"@type":"PropertyValueSpecification","valueRequired":true,"valueName":"search_term_string"}}],"inLanguage":"pt-BR"},{"@type":"Organization","@id":"https:\/\/cephas.org.br\/#organization","name":"CEPHAS","url":"https:\/\/cephas.org.br\/","logo":{"@type":"ImageObject","inLanguage":"pt-BR","@id":"https:\/\/cephas.org.br\/#\/schema\/logo\/image\/","url":"https:\/\/cephas.org.br\/wp-content\/uploads\/2023\/10\/cropped-Assinaturas_CephasFundhas_Pref_Novo-10_Cor-small.png","contentUrl":"https:\/\/cephas.org.br\/wp-content\/uploads\/2023\/10\/cropped-Assinaturas_CephasFundhas_Pref_Novo-10_Cor-small.png","width":812,"height":90,"caption":"CEPHAS"},"image":{"@id":"https:\/\/cephas.org.br\/#\/schema\/logo\/image\/"}},{"@type":"Person","@id":"https:\/\/cephas.org.br\/#\/schema\/person\/d5e6607236ef6baae41091abfe5fac71","name":"Mirela Melo","image":{"@type":"ImageObject","inLanguage":"pt-BR","@id":"https:\/\/cephas.org.br\/#\/schema\/person\/image\/","url":"https:\/\/secure.gravatar.com\/avatar\/a1486156377c9ce29f1c9341b513386d6b321f7c1dff81f2e790285f587a19aa?s=96&d=mm&r=g","contentUrl":"https:\/\/secure.gravatar.com\/avatar\/a1486156377c9ce29f1c9341b513386d6b321f7c1dff81f2e790285f587a19aa?s=96&d=mm&r=g","caption":"Mirela Melo"},"url":"https:\/\/cephas.org.br\/index.php\/author\/mirela-melo\/"}]}},"_links":{"self":[{"href":"https:\/\/cephas.org.br\/index.php\/wp-json\/wp\/v2\/posts\/2999","targetHints":{"allow":["GET"]}}],"collection":[{"href":"https:\/\/cephas.org.br\/index.php\/wp-json\/wp\/v2\/posts"}],"about":[{"href":"https:\/\/cephas.org.br\/index.php\/wp-json\/wp\/v2\/types\/post"}],"author":[{"embeddable":true,"href":"https:\/\/cephas.org.br\/index.php\/wp-json\/wp\/v2\/users\/15"}],"replies":[{"embeddable":true,"href":"https:\/\/cephas.org.br\/index.php\/wp-json\/wp\/v2\/comments?post=2999"}],"version-history":[{"count":1,"href":"https:\/\/cephas.org.br\/index.php\/wp-json\/wp\/v2\/posts\/2999\/revisions"}],"predecessor-version":[{"id":3002,"href":"https:\/\/cephas.org.br\/index.php\/wp-json\/wp\/v2\/posts\/2999\/revisions\/3002"}],"wp:featuredmedia":[{"embeddable":true,"href":"https:\/\/cephas.org.br\/index.php\/wp-json\/wp\/v2\/media\/3001"}],"wp:attachment":[{"href":"https:\/\/cephas.org.br\/index.php\/wp-json\/wp\/v2\/media?parent=2999"}],"wp:term":[{"taxonomy":"category","embeddable":true,"href":"https:\/\/cephas.org.br\/index.php\/wp-json\/wp\/v2\/categories?post=2999"},{"taxonomy":"post_tag","embeddable":true,"href":"https:\/\/cephas.org.br\/index.php\/wp-json\/wp\/v2\/tags?post=2999"}],"curies":[{"name":"wp","href":"https:\/\/api.w.org\/{rel}","templated":true}]}}