{"id":299,"date":"2024-10-29T12:15:31","date_gmt":"2024-10-29T15:15:31","guid":{"rendered":"http:\/\/cephas.org.br\/?p=299"},"modified":"2024-10-29T12:15:31","modified_gmt":"2024-10-29T15:15:31","slug":"time-de-robotica-do-cephas-participara-de-reorganizacao-do-projeto","status":"publish","type":"post","link":"https:\/\/cephas.org.br\/index.php\/2024\/10\/29\/time-de-robotica-do-cephas-participara-de-reorganizacao-do-projeto\/","title":{"rendered":"Time de rob\u00f3tica do Cephas participar\u00e1 de reorganiza\u00e7\u00e3o  do projeto"},"content":{"rendered":"\n<p><\/p>\n\n\n\n<p>O time de rob\u00f3tica do Cephas\n(Centro de Educa\u00e7\u00e3o Profissional H\u00e9lio Augusto de Souza) passar\u00e1 por uma reorganiza\u00e7\u00e3o\n\u00a0que tem por objetivo, definir \u00a0com os integrantes da equipe o planejamento\ndas atividades do Cephatron para o pr\u00f3ximo ano.<\/p>\n\n\n\n<p>Durante reuni\u00e3o realizada\nnesta quinta, 6,\u00a0 gestores da escola\nconvidaram os alunos para a primeira etapa da reestrutura\u00e7\u00e3o que se trata da\nrealiza\u00e7\u00e3o de um <em>kaizen<\/em> &#8211; uma\nferramenta de gest\u00e3o utilizada nas empresas para definir, redefinir ou corrigir\nmetas. <\/p>\n\n\n\n<figure class=\"wp-block-image\"><img fetchpriority=\"high\" decoding=\"async\" width=\"6000\" height=\"4000\" src=\"http:\/\/cephas.org.br\/wp-content\/uploads\/2018\/09\/DSC_0190.jpg\" alt=\"\" class=\"wp-image-300\" srcset=\"https:\/\/cephas.org.br\/wp-content\/uploads\/2018\/09\/DSC_0190.jpg 6000w, https:\/\/cephas.org.br\/wp-content\/uploads\/2018\/09\/DSC_0190-300x200.jpg 300w, https:\/\/cephas.org.br\/wp-content\/uploads\/2018\/09\/DSC_0190-768x512.jpg 768w, https:\/\/cephas.org.br\/wp-content\/uploads\/2018\/09\/DSC_0190-1024x683.jpg 1024w\" sizes=\"(max-width: 6000px) 100vw, 6000px\" \/><\/figure>\n\n\n\n<p>A ideia \u00e9 que \u00a0o planejamento seja definido ainda em setembro\npara que sejam discutidas e viabilizadas as a\u00e7\u00f5es para 2019, tanto quanto \u00e0 \u00a0participa\u00e7\u00e3o em eventos , \u00a0quanto\u00a0\nno estreitamento das parcerias. <\/p>\n\n\n\n<p>A dissemina\u00e7\u00e3o da ci\u00eancia e\ntecnologia \u00e9 um dos pilares do trabalho do time. Juntos, discutir\u00e3o que a\u00e7\u00f5es\nser\u00e3o necess\u00e1rias para que tal objetivo seja alcan\u00e7ado. <\/p>\n","protected":false},"excerpt":{"rendered":"<p>O time de rob\u00f3tica do Cephas (Centro de Educa\u00e7\u00e3o Profissional H\u00e9lio Augusto de Souza) passar\u00e1 por uma reorganiza\u00e7\u00e3o \u00a0que tem por objetivo, definir \u00a0com os integrantes da equipe o planejamento das atividades do Cephatron para o pr\u00f3ximo ano. Durante reuni\u00e3o realizada nesta quinta, 6,\u00a0 gestores da escola convidaram os alunos para a primeira etapa da [&hellip;]<\/p>\n","protected":false},"author":3,"featured_media":0,"comment_status":"open","ping_status":"closed","sticky":false,"template":"","format":"standard","meta":{"_acf_changed":false,"_monsterinsights_skip_tracking":false,"_monsterinsights_sitenote_active":false,"_monsterinsights_sitenote_note":"","_monsterinsights_sitenote_category":0,"footnotes":""},"categories":[1],"tags":[],"class_list":{"0":"post-299","1":"post","2":"type-post","3":"status-publish","4":"format-standard","6":"category-uncategorized","7":"czr-hentry"},"acf":[],"yoast_head":"<!-- This site is optimized with the Yoast SEO plugin v26.6 - https:\/\/yoast.com\/wordpress\/plugins\/seo\/ -->\n<title>Time de rob\u00f3tica do Cephas participar\u00e1 de reorganiza\u00e7\u00e3o do projeto - CEPHAS<\/title>\n<meta name=\"robots\" content=\"index, follow, max-snippet:-1, max-image-preview:large, max-video-preview:-1\" \/>\n<link rel=\"canonical\" href=\"https:\/\/cephas.org.br\/index.php\/2024\/10\/29\/time-de-robotica-do-cephas-participara-de-reorganizacao-do-projeto\/\" \/>\n<meta property=\"og:locale\" content=\"pt_BR\" \/>\n<meta property=\"og:type\" content=\"article\" \/>\n<meta property=\"og:title\" content=\"Time de rob\u00f3tica do Cephas participar\u00e1 de reorganiza\u00e7\u00e3o do projeto - CEPHAS\" \/>\n<meta property=\"og:description\" content=\"O time de rob\u00f3tica do Cephas (Centro de Educa\u00e7\u00e3o Profissional H\u00e9lio Augusto de Souza) passar\u00e1 por uma reorganiza\u00e7\u00e3o \u00a0que tem por objetivo, definir \u00a0com os integrantes da equipe o planejamento das atividades do Cephatron para o pr\u00f3ximo ano. Durante reuni\u00e3o realizada nesta quinta, 6,\u00a0 gestores da escola convidaram os alunos para a primeira etapa da [&hellip;]\" \/>\n<meta property=\"og:url\" content=\"https:\/\/cephas.org.br\/index.php\/2024\/10\/29\/time-de-robotica-do-cephas-participara-de-reorganizacao-do-projeto\/\" \/>\n<meta property=\"og:site_name\" content=\"CEPHAS\" \/>\n<meta property=\"article:published_time\" content=\"2024-10-29T15:15:31+00:00\" \/>\n<meta property=\"og:image\" content=\"https:\/\/cephas.org.br\/wp-content\/uploads\/2018\/09\/DSC_0190-1024x683.jpg\" \/>\n\t<meta property=\"og:image:width\" content=\"1024\" \/>\n\t<meta property=\"og:image:height\" content=\"683\" \/>\n\t<meta property=\"og:image:type\" content=\"image\/jpeg\" \/>\n<meta name=\"author\" content=\"Quiteria Melo\" \/>\n<meta name=\"twitter:card\" content=\"summary_large_image\" \/>\n<meta name=\"twitter:label1\" content=\"Escrito por\" \/>\n\t<meta name=\"twitter:data1\" content=\"Quiteria Melo\" \/>\n\t<meta name=\"twitter:label2\" content=\"Est. tempo de leitura\" \/>\n\t<meta name=\"twitter:data2\" content=\"1 minuto\" \/>\n<script type=\"application\/ld+json\" class=\"yoast-schema-graph\">{\"@context\":\"https:\/\/schema.org\",\"@graph\":[{\"@type\":\"Article\",\"@id\":\"https:\/\/cephas.org.br\/index.php\/2024\/10\/29\/time-de-robotica-do-cephas-participara-de-reorganizacao-do-projeto\/#article\",\"isPartOf\":{\"@id\":\"https:\/\/cephas.org.br\/index.php\/2024\/10\/29\/time-de-robotica-do-cephas-participara-de-reorganizacao-do-projeto\/\"},\"author\":{\"name\":\"Quiteria Melo\",\"@id\":\"https:\/\/cephas.org.br\/#\/schema\/person\/cb32b2dfaabafa805d7a78897d6fc055\"},\"headline\":\"Time de rob\u00f3tica do Cephas participar\u00e1 de reorganiza\u00e7\u00e3o do projeto\",\"datePublished\":\"2024-10-29T15:15:31+00:00\",\"mainEntityOfPage\":{\"@id\":\"https:\/\/cephas.org.br\/index.php\/2024\/10\/29\/time-de-robotica-do-cephas-participara-de-reorganizacao-do-projeto\/\"},\"wordCount\":161,\"commentCount\":0,\"publisher\":{\"@id\":\"https:\/\/cephas.org.br\/#organization\"},\"image\":{\"@id\":\"https:\/\/cephas.org.br\/index.php\/2024\/10\/29\/time-de-robotica-do-cephas-participara-de-reorganizacao-do-projeto\/#primaryimage\"},\"thumbnailUrl\":\"http:\/\/cephas.org.br\/wp-content\/uploads\/2018\/09\/DSC_0190.jpg\",\"articleSection\":[\"Uncategorized\"],\"inLanguage\":\"pt-BR\",\"potentialAction\":[{\"@type\":\"CommentAction\",\"name\":\"Comment\",\"target\":[\"https:\/\/cephas.org.br\/index.php\/2024\/10\/29\/time-de-robotica-do-cephas-participara-de-reorganizacao-do-projeto\/#respond\"]}]},{\"@type\":\"WebPage\",\"@id\":\"https:\/\/cephas.org.br\/index.php\/2024\/10\/29\/time-de-robotica-do-cephas-participara-de-reorganizacao-do-projeto\/\",\"url\":\"https:\/\/cephas.org.br\/index.php\/2024\/10\/29\/time-de-robotica-do-cephas-participara-de-reorganizacao-do-projeto\/\",\"name\":\"Time de rob\u00f3tica do Cephas participar\u00e1 de reorganiza\u00e7\u00e3o do projeto - CEPHAS\",\"isPartOf\":{\"@id\":\"https:\/\/cephas.org.br\/#website\"},\"primaryImageOfPage\":{\"@id\":\"https:\/\/cephas.org.br\/index.php\/2024\/10\/29\/time-de-robotica-do-cephas-participara-de-reorganizacao-do-projeto\/#primaryimage\"},\"image\":{\"@id\":\"https:\/\/cephas.org.br\/index.php\/2024\/10\/29\/time-de-robotica-do-cephas-participara-de-reorganizacao-do-projeto\/#primaryimage\"},\"thumbnailUrl\":\"http:\/\/cephas.org.br\/wp-content\/uploads\/2018\/09\/DSC_0190.jpg\",\"datePublished\":\"2024-10-29T15:15:31+00:00\",\"breadcrumb\":{\"@id\":\"https:\/\/cephas.org.br\/index.php\/2024\/10\/29\/time-de-robotica-do-cephas-participara-de-reorganizacao-do-projeto\/#breadcrumb\"},\"inLanguage\":\"pt-BR\",\"potentialAction\":[{\"@type\":\"ReadAction\",\"target\":[\"https:\/\/cephas.org.br\/index.php\/2024\/10\/29\/time-de-robotica-do-cephas-participara-de-reorganizacao-do-projeto\/\"]}]},{\"@type\":\"ImageObject\",\"inLanguage\":\"pt-BR\",\"@id\":\"https:\/\/cephas.org.br\/index.php\/2024\/10\/29\/time-de-robotica-do-cephas-participara-de-reorganizacao-do-projeto\/#primaryimage\",\"url\":\"http:\/\/cephas.org.br\/wp-content\/uploads\/2018\/09\/DSC_0190.jpg\",\"contentUrl\":\"http:\/\/cephas.org.br\/wp-content\/uploads\/2018\/09\/DSC_0190.jpg\"},{\"@type\":\"BreadcrumbList\",\"@id\":\"https:\/\/cephas.org.br\/index.php\/2024\/10\/29\/time-de-robotica-do-cephas-participara-de-reorganizacao-do-projeto\/#breadcrumb\",\"itemListElement\":[{\"@type\":\"ListItem\",\"position\":1,\"name\":\"In\u00edcio\",\"item\":\"https:\/\/cephas.org.br\/\"},{\"@type\":\"ListItem\",\"position\":2,\"name\":\"Time de rob\u00f3tica do Cephas participar\u00e1 de reorganiza\u00e7\u00e3o do projeto\"}]},{\"@type\":\"WebSite\",\"@id\":\"https:\/\/cephas.org.br\/#website\",\"url\":\"https:\/\/cephas.org.br\/\",\"name\":\"CEPHAS\",\"description\":\"\",\"publisher\":{\"@id\":\"https:\/\/cephas.org.br\/#organization\"},\"potentialAction\":[{\"@type\":\"SearchAction\",\"target\":{\"@type\":\"EntryPoint\",\"urlTemplate\":\"https:\/\/cephas.org.br\/?s={search_term_string}\"},\"query-input\":{\"@type\":\"PropertyValueSpecification\",\"valueRequired\":true,\"valueName\":\"search_term_string\"}}],\"inLanguage\":\"pt-BR\"},{\"@type\":\"Organization\",\"@id\":\"https:\/\/cephas.org.br\/#organization\",\"name\":\"CEPHAS\",\"url\":\"https:\/\/cephas.org.br\/\",\"logo\":{\"@type\":\"ImageObject\",\"inLanguage\":\"pt-BR\",\"@id\":\"https:\/\/cephas.org.br\/#\/schema\/logo\/image\/\",\"url\":\"https:\/\/cephas.org.br\/wp-content\/uploads\/2023\/10\/cropped-Assinaturas_CephasFundhas_Pref_Novo-10_Cor-small.png\",\"contentUrl\":\"https:\/\/cephas.org.br\/wp-content\/uploads\/2023\/10\/cropped-Assinaturas_CephasFundhas_Pref_Novo-10_Cor-small.png\",\"width\":812,\"height\":90,\"caption\":\"CEPHAS\"},\"image\":{\"@id\":\"https:\/\/cephas.org.br\/#\/schema\/logo\/image\/\"}},{\"@type\":\"Person\",\"@id\":\"https:\/\/cephas.org.br\/#\/schema\/person\/cb32b2dfaabafa805d7a78897d6fc055\",\"name\":\"Quiteria Melo\",\"image\":{\"@type\":\"ImageObject\",\"inLanguage\":\"pt-BR\",\"@id\":\"https:\/\/cephas.org.br\/#\/schema\/person\/image\/\",\"url\":\"https:\/\/secure.gravatar.com\/avatar\/44a498cce9dc713233f6cf64937b12e0071cc16cdc6aa1e4e41bdde1494dceaf?s=96&d=mm&r=g\",\"contentUrl\":\"https:\/\/secure.gravatar.com\/avatar\/44a498cce9dc713233f6cf64937b12e0071cc16cdc6aa1e4e41bdde1494dceaf?s=96&d=mm&r=g\",\"caption\":\"Quiteria Melo\"},\"url\":\"https:\/\/cephas.org.br\/index.php\/author\/quiteria-melo\/\"}]}<\/script>\n<!-- \/ Yoast SEO plugin. -->","yoast_head_json":{"title":"Time de rob\u00f3tica do Cephas participar\u00e1 de reorganiza\u00e7\u00e3o do projeto - CEPHAS","robots":{"index":"index","follow":"follow","max-snippet":"max-snippet:-1","max-image-preview":"max-image-preview:large","max-video-preview":"max-video-preview:-1"},"canonical":"https:\/\/cephas.org.br\/index.php\/2024\/10\/29\/time-de-robotica-do-cephas-participara-de-reorganizacao-do-projeto\/","og_locale":"pt_BR","og_type":"article","og_title":"Time de rob\u00f3tica do Cephas participar\u00e1 de reorganiza\u00e7\u00e3o do projeto - CEPHAS","og_description":"O time de rob\u00f3tica do Cephas (Centro de Educa\u00e7\u00e3o Profissional H\u00e9lio Augusto de Souza) passar\u00e1 por uma reorganiza\u00e7\u00e3o \u00a0que tem por objetivo, definir \u00a0com os integrantes da equipe o planejamento das atividades do Cephatron para o pr\u00f3ximo ano. Durante reuni\u00e3o realizada nesta quinta, 6,\u00a0 gestores da escola convidaram os alunos para a primeira etapa da [&hellip;]","og_url":"https:\/\/cephas.org.br\/index.php\/2024\/10\/29\/time-de-robotica-do-cephas-participara-de-reorganizacao-do-projeto\/","og_site_name":"CEPHAS","article_published_time":"2024-10-29T15:15:31+00:00","og_image":[{"width":1024,"height":683,"url":"https:\/\/cephas.org.br\/wp-content\/uploads\/2018\/09\/DSC_0190-1024x683.jpg","type":"image\/jpeg"}],"author":"Quiteria Melo","twitter_card":"summary_large_image","twitter_misc":{"Escrito por":"Quiteria Melo","Est. tempo de leitura":"1 minuto"},"schema":{"@context":"https:\/\/schema.org","@graph":[{"@type":"Article","@id":"https:\/\/cephas.org.br\/index.php\/2024\/10\/29\/time-de-robotica-do-cephas-participara-de-reorganizacao-do-projeto\/#article","isPartOf":{"@id":"https:\/\/cephas.org.br\/index.php\/2024\/10\/29\/time-de-robotica-do-cephas-participara-de-reorganizacao-do-projeto\/"},"author":{"name":"Quiteria Melo","@id":"https:\/\/cephas.org.br\/#\/schema\/person\/cb32b2dfaabafa805d7a78897d6fc055"},"headline":"Time de rob\u00f3tica do Cephas participar\u00e1 de reorganiza\u00e7\u00e3o do projeto","datePublished":"2024-10-29T15:15:31+00:00","mainEntityOfPage":{"@id":"https:\/\/cephas.org.br\/index.php\/2024\/10\/29\/time-de-robotica-do-cephas-participara-de-reorganizacao-do-projeto\/"},"wordCount":161,"commentCount":0,"publisher":{"@id":"https:\/\/cephas.org.br\/#organization"},"image":{"@id":"https:\/\/cephas.org.br\/index.php\/2024\/10\/29\/time-de-robotica-do-cephas-participara-de-reorganizacao-do-projeto\/#primaryimage"},"thumbnailUrl":"http:\/\/cephas.org.br\/wp-content\/uploads\/2018\/09\/DSC_0190.jpg","articleSection":["Uncategorized"],"inLanguage":"pt-BR","potentialAction":[{"@type":"CommentAction","name":"Comment","target":["https:\/\/cephas.org.br\/index.php\/2024\/10\/29\/time-de-robotica-do-cephas-participara-de-reorganizacao-do-projeto\/#respond"]}]},{"@type":"WebPage","@id":"https:\/\/cephas.org.br\/index.php\/2024\/10\/29\/time-de-robotica-do-cephas-participara-de-reorganizacao-do-projeto\/","url":"https:\/\/cephas.org.br\/index.php\/2024\/10\/29\/time-de-robotica-do-cephas-participara-de-reorganizacao-do-projeto\/","name":"Time de rob\u00f3tica do Cephas participar\u00e1 de reorganiza\u00e7\u00e3o do projeto - CEPHAS","isPartOf":{"@id":"https:\/\/cephas.org.br\/#website"},"primaryImageOfPage":{"@id":"https:\/\/cephas.org.br\/index.php\/2024\/10\/29\/time-de-robotica-do-cephas-participara-de-reorganizacao-do-projeto\/#primaryimage"},"image":{"@id":"https:\/\/cephas.org.br\/index.php\/2024\/10\/29\/time-de-robotica-do-cephas-participara-de-reorganizacao-do-projeto\/#primaryimage"},"thumbnailUrl":"http:\/\/cephas.org.br\/wp-content\/uploads\/2018\/09\/DSC_0190.jpg","datePublished":"2024-10-29T15:15:31+00:00","breadcrumb":{"@id":"https:\/\/cephas.org.br\/index.php\/2024\/10\/29\/time-de-robotica-do-cephas-participara-de-reorganizacao-do-projeto\/#breadcrumb"},"inLanguage":"pt-BR","potentialAction":[{"@type":"ReadAction","target":["https:\/\/cephas.org.br\/index.php\/2024\/10\/29\/time-de-robotica-do-cephas-participara-de-reorganizacao-do-projeto\/"]}]},{"@type":"ImageObject","inLanguage":"pt-BR","@id":"https:\/\/cephas.org.br\/index.php\/2024\/10\/29\/time-de-robotica-do-cephas-participara-de-reorganizacao-do-projeto\/#primaryimage","url":"http:\/\/cephas.org.br\/wp-content\/uploads\/2018\/09\/DSC_0190.jpg","contentUrl":"http:\/\/cephas.org.br\/wp-content\/uploads\/2018\/09\/DSC_0190.jpg"},{"@type":"BreadcrumbList","@id":"https:\/\/cephas.org.br\/index.php\/2024\/10\/29\/time-de-robotica-do-cephas-participara-de-reorganizacao-do-projeto\/#breadcrumb","itemListElement":[{"@type":"ListItem","position":1,"name":"In\u00edcio","item":"https:\/\/cephas.org.br\/"},{"@type":"ListItem","position":2,"name":"Time de rob\u00f3tica do Cephas participar\u00e1 de reorganiza\u00e7\u00e3o do projeto"}]},{"@type":"WebSite","@id":"https:\/\/cephas.org.br\/#website","url":"https:\/\/cephas.org.br\/","name":"CEPHAS","description":"","publisher":{"@id":"https:\/\/cephas.org.br\/#organization"},"potentialAction":[{"@type":"SearchAction","target":{"@type":"EntryPoint","urlTemplate":"https:\/\/cephas.org.br\/?s={search_term_string}"},"query-input":{"@type":"PropertyValueSpecification","valueRequired":true,"valueName":"search_term_string"}}],"inLanguage":"pt-BR"},{"@type":"Organization","@id":"https:\/\/cephas.org.br\/#organization","name":"CEPHAS","url":"https:\/\/cephas.org.br\/","logo":{"@type":"ImageObject","inLanguage":"pt-BR","@id":"https:\/\/cephas.org.br\/#\/schema\/logo\/image\/","url":"https:\/\/cephas.org.br\/wp-content\/uploads\/2023\/10\/cropped-Assinaturas_CephasFundhas_Pref_Novo-10_Cor-small.png","contentUrl":"https:\/\/cephas.org.br\/wp-content\/uploads\/2023\/10\/cropped-Assinaturas_CephasFundhas_Pref_Novo-10_Cor-small.png","width":812,"height":90,"caption":"CEPHAS"},"image":{"@id":"https:\/\/cephas.org.br\/#\/schema\/logo\/image\/"}},{"@type":"Person","@id":"https:\/\/cephas.org.br\/#\/schema\/person\/cb32b2dfaabafa805d7a78897d6fc055","name":"Quiteria Melo","image":{"@type":"ImageObject","inLanguage":"pt-BR","@id":"https:\/\/cephas.org.br\/#\/schema\/person\/image\/","url":"https:\/\/secure.gravatar.com\/avatar\/44a498cce9dc713233f6cf64937b12e0071cc16cdc6aa1e4e41bdde1494dceaf?s=96&d=mm&r=g","contentUrl":"https:\/\/secure.gravatar.com\/avatar\/44a498cce9dc713233f6cf64937b12e0071cc16cdc6aa1e4e41bdde1494dceaf?s=96&d=mm&r=g","caption":"Quiteria Melo"},"url":"https:\/\/cephas.org.br\/index.php\/author\/quiteria-melo\/"}]}},"_links":{"self":[{"href":"https:\/\/cephas.org.br\/index.php\/wp-json\/wp\/v2\/posts\/299","targetHints":{"allow":["GET"]}}],"collection":[{"href":"https:\/\/cephas.org.br\/index.php\/wp-json\/wp\/v2\/posts"}],"about":[{"href":"https:\/\/cephas.org.br\/index.php\/wp-json\/wp\/v2\/types\/post"}],"author":[{"embeddable":true,"href":"https:\/\/cephas.org.br\/index.php\/wp-json\/wp\/v2\/users\/3"}],"replies":[{"embeddable":true,"href":"https:\/\/cephas.org.br\/index.php\/wp-json\/wp\/v2\/comments?post=299"}],"version-history":[{"count":3,"href":"https:\/\/cephas.org.br\/index.php\/wp-json\/wp\/v2\/posts\/299\/revisions"}],"predecessor-version":[{"id":303,"href":"https:\/\/cephas.org.br\/index.php\/wp-json\/wp\/v2\/posts\/299\/revisions\/303"}],"wp:attachment":[{"href":"https:\/\/cephas.org.br\/index.php\/wp-json\/wp\/v2\/media?parent=299"}],"wp:term":[{"taxonomy":"category","embeddable":true,"href":"https:\/\/cephas.org.br\/index.php\/wp-json\/wp\/v2\/categories?post=299"},{"taxonomy":"post_tag","embeddable":true,"href":"https:\/\/cephas.org.br\/index.php\/wp-json\/wp\/v2\/tags?post=299"}],"curies":[{"name":"wp","href":"https:\/\/api.w.org\/{rel}","templated":true}]}}