{"id":2006,"date":"2024-10-29T12:13:46","date_gmt":"2024-10-29T15:13:46","guid":{"rendered":"http:\/\/cephas.org.br\/?p=2006"},"modified":"2024-10-29T12:13:46","modified_gmt":"2024-10-29T15:13:46","slug":"jovens-encontram-primeira-oportunidade-profissional-na-fundhas","status":"publish","type":"post","link":"https:\/\/cephas.org.br\/index.php\/2024\/10\/29\/jovens-encontram-primeira-oportunidade-profissional-na-fundhas\/","title":{"rendered":"Jovens encontram primeira oportunidade profissional na Fundhas"},"content":{"rendered":"\n<figure class=\"wp-block-image\"><img decoding=\"async\" src=\"https:\/\/www.sjc.sp.gov.br\/media\/144911\/img_1953_adenir_britto.jpg?anchor=center&amp;mode=crop&amp;width=940&amp;height=627&amp;rnd=132609059680000000\" alt=\"Primeiro Emprego- Programa Jovem Aprendiz\"\/><\/figure>\n\n\n\n<p><strong>Ariane Caldas<\/strong><br><strong>Fundhas<\/strong><\/p>\n\n\n\n<p>A oportunidade do primeiro emprego vem acompanhada de muita responsabilidade e uma pitada de frio na barriga. As incertezas da adolesc\u00eancia tornam as escolhas ainda mais dif\u00edceis. Foi assim que os estudantes aprovados no programa Jovem Aprendiz da Fundhas (Funda\u00e7\u00e3o H\u00e9lio Augusto de Souza) definiram as experi\u00eancias de um processo seletivo.&nbsp;<\/p>\n\n\n\n<p>Durante dois meses, a Fundhas realizou a sele\u00e7\u00e3o e contrata\u00e7\u00e3o de jovens de 16 a 18 anos para a primeira experi\u00eancia profissional. O programa garante ao aprendiz, durante doze meses, forma\u00e7\u00e3o profissional na \u00e1rea pelo qual est\u00e1 empregado.&nbsp;<\/p>\n\n\n\n<p>Ao todo foram 60 contrata\u00e7\u00f5es para 10 empresas de S\u00e3o Jos\u00e9 dos Campos nos setores da ind\u00fastria, com\u00e9rcio e servi\u00e7os. As entrevistas aconteceram de forma remota ou presencial, e em todas as etapas os jovens foram acompanhados de perto pela equipe do Cephas (Centro de Educa\u00e7\u00e3o Profissional H\u00e9lio Augusto de Souza) respons\u00e1vel pelo programa.\u00a0<\/p>\n\n\n\n<figure class=\"wp-block-image\"><img decoding=\"async\" src=\"https:\/\/www.sjc.sp.gov.br\/media\/144897\/img_1926_adenir_britto.jpg?width=500&amp;height=333.51063829787233\" alt=\"\"\/><\/figure>\n\n\n\n<p><strong>Entrevista<\/strong><\/p>\n\n\n\n<p>Na Fundhas h\u00e1 dez anos, Kaio Henrique Dias da Silva conta que ficou bastante nervoso durante a entrevista. \u201cO meu processo seletivo foi totalmente online. Foi dif\u00edcil, pois precisei me apresentar e contar algumas experi\u00eancias.\u201d<\/p>\n\n\n\n<p>Durante a assinatura do contrato, Maria Aparecida da Silva Dias, m\u00e3e de Kaio, contou emocionada sobre a aprova\u00e7\u00e3o do filho. \u201cFoi um al\u00edvio. Eu sempre digo que ele precisa agarrar todas as oportunidades que aparecem na vida dele para adquirir experi\u00eancia e amadurecer.\u201d&nbsp;<\/p>\n\n\n\n<p>Maria tamb\u00e9m disse que participou do programa Jovem Aprendiz pela Fundhas. \u201cSei o quanto essa oportunidade pode ser boa para o meu filho. Eu j\u00e1 estive no lugar dele. Eu estou muito feliz\u201d, afirmou.&nbsp;<\/p>\n\n\n\n<p>Aos 17 anos, Kaio foi aprovado para uma empresa do setor farmac\u00eautico e pretende seguir carreira na ind\u00fastria qu\u00edmica.&nbsp;<\/p>\n\n\n\n<p>J\u00e1 Luan Vitor, atendido pelo Centro de Inova\u00e7\u00e3o e Desenvolvimento Profissional (regi\u00e3o sul), participou de uma entrevista presencial. O jovem contou que foi at\u00e9 a empresa para a realiza\u00e7\u00e3o da entrevista e viu que outras pessoas estavam disputando a vaga junto com ele. \u201cFoi o meu primeiro contato com o mercado de trabalho, fiquei nervoso para falar porque haviam outras tr\u00eas pessoas para serem entrevistadas.\u201d\u00a0<\/p>\n\n\n\n<figure class=\"wp-block-image\"><img decoding=\"async\" src=\"https:\/\/www.sjc.sp.gov.br\/media\/144893\/img_1910_adenir_britto.jpg?width=500&amp;height=333.51063829787233\" alt=\"\"\/><\/figure>\n\n\n\n<p><strong>Apoio<\/strong><\/p>\n\n\n\n<p>Assim como os outros aprendizes, Luan tamb\u00e9m contou com a participa\u00e7\u00e3o da m\u00e3e durante todo o processo seletivo. Para Patr\u00edcia dos Santos Ara\u00fajo, o apoio neste momento \u00e9 extremamente importante at\u00e9 que a nova rotina fique estabelecida.<\/p>\n\n\n\n<p>\u201cComo m\u00e3e, o sentimento \u00e9 de satisfa\u00e7\u00e3o por ver ele caminhando sozinho. Acho que \u00e9 um momento importante tamb\u00e9m para ele dar mais valor ao trabalho e ter for\u00e7a de vontade\u201d, disse Patr\u00edcia.&nbsp;<\/p>\n\n\n\n<p><strong>Conquista&nbsp;<\/strong><\/p>\n\n\n\n<p>Rafaelle Cristine, tamb\u00e9m contou animada sobre a nova conquista. \u201cFiquei muito feliz em ser contratada por uma empresa que \u00e9 refer\u00eancia para mim. Eu j\u00e1 conhecia e fiquei encantada com o trabalho realizado\u201d, afirmou.&nbsp;<\/p>\n\n\n\n<p>A estudante de 17 anos pretende cursar engenharia de produ\u00e7\u00e3o, e tem grandes expectativas para o futuro. \u201cEstou ansiosa para come\u00e7ar. Como aprendiz sei que posso conhecer um mundo novo de possibilidades, quero aproveitar para aprender e me desenvolver.\u201d&nbsp;<\/p>\n\n\n\n<p>A jovem finaliza dizendo sobre a import\u00e2ncia do programa e agradeceu \u00e0 Fundhas pelas oportunidades.\u201cEu sou muito grata por tudo que vivi aqui, foram momentos preciosos para minha vida e carreira profissional.\u201d&nbsp;&nbsp;<\/p>\n\n\n\n<p>Com in\u00edcio marcado para o dia 5 de abril, os\u00a0jovens que participam do programa s\u00e3o motivados a avan\u00e7ar at\u00e9 o ensino superior e adquirem posturas profissionais e cidad\u00e3s.\u00a0<\/p>\n\n\n\n<figure class=\"wp-block-image\"><img decoding=\"async\" src=\"https:\/\/www.sjc.sp.gov.br\/media\/144894\/img_1915_adenir_britto.jpg?width=500&amp;height=333.51063829787233\" alt=\"\"\/><\/figure>\n","protected":false},"excerpt":{"rendered":"<p>Ariane CaldasFundhas A oportunidade do primeiro emprego vem acompanhada de muita responsabilidade e uma pitada de frio na barriga. As incertezas da adolesc\u00eancia tornam as escolhas ainda mais dif\u00edceis. Foi assim que os estudantes aprovados no programa Jovem Aprendiz da Fundhas (Funda\u00e7\u00e3o H\u00e9lio Augusto de Souza) definiram as experi\u00eancias de um processo seletivo.&nbsp; Durante dois [&hellip;]<\/p>\n","protected":false},"author":12,"featured_media":2007,"comment_status":"open","ping_status":"closed","sticky":false,"template":"","format":"standard","meta":{"_acf_changed":false,"_monsterinsights_skip_tracking":false,"_monsterinsights_sitenote_active":false,"_monsterinsights_sitenote_note":"","_monsterinsights_sitenote_category":0,"footnotes":""},"categories":[2,1],"tags":[],"class_list":{"0":"post-2006","1":"post","2":"type-post","3":"status-publish","4":"format-standard","5":"has-post-thumbnail","7":"category-noticias","8":"category-uncategorized","9":"czr-hentry"},"acf":[],"yoast_head":"<!-- This site is optimized with the Yoast SEO plugin v26.6 - https:\/\/yoast.com\/wordpress\/plugins\/seo\/ -->\n<title>Jovens encontram primeira oportunidade profissional na Fundhas - CEPHAS<\/title>\n<meta name=\"robots\" content=\"index, follow, max-snippet:-1, max-image-preview:large, max-video-preview:-1\" \/>\n<link rel=\"canonical\" href=\"https:\/\/cephas.org.br\/index.php\/2024\/10\/29\/jovens-encontram-primeira-oportunidade-profissional-na-fundhas\/\" \/>\n<meta property=\"og:locale\" content=\"pt_BR\" \/>\n<meta property=\"og:type\" content=\"article\" \/>\n<meta property=\"og:title\" content=\"Jovens encontram primeira oportunidade profissional na Fundhas - CEPHAS\" \/>\n<meta property=\"og:description\" content=\"Ariane CaldasFundhas A oportunidade do primeiro emprego vem acompanhada de muita responsabilidade e uma pitada de frio na barriga. As incertezas da adolesc\u00eancia tornam as escolhas ainda mais dif\u00edceis. Foi assim que os estudantes aprovados no programa Jovem Aprendiz da Fundhas (Funda\u00e7\u00e3o H\u00e9lio Augusto de Souza) definiram as experi\u00eancias de um processo seletivo.&nbsp; Durante dois [&hellip;]\" \/>\n<meta property=\"og:url\" content=\"https:\/\/cephas.org.br\/index.php\/2024\/10\/29\/jovens-encontram-primeira-oportunidade-profissional-na-fundhas\/\" \/>\n<meta property=\"og:site_name\" content=\"CEPHAS\" \/>\n<meta property=\"article:published_time\" content=\"2024-10-29T15:13:46+00:00\" \/>\n<meta property=\"og:image\" content=\"http:\/\/cephas.org.br\/wp-content\/uploads\/2021\/03\/img_1953_adenir_britto.jpg\" \/>\n\t<meta property=\"og:image:width\" content=\"940\" \/>\n\t<meta property=\"og:image:height\" content=\"627\" \/>\n\t<meta property=\"og:image:type\" content=\"image\/jpeg\" \/>\n<meta name=\"author\" content=\"Ariane Caldas\" \/>\n<meta name=\"twitter:card\" content=\"summary_large_image\" \/>\n<meta name=\"twitter:label1\" content=\"Escrito por\" \/>\n\t<meta name=\"twitter:data1\" content=\"Ariane Caldas\" \/>\n\t<meta name=\"twitter:label2\" content=\"Est. tempo de leitura\" \/>\n\t<meta name=\"twitter:data2\" content=\"3 minutos\" \/>\n<script type=\"application\/ld+json\" class=\"yoast-schema-graph\">{\"@context\":\"https:\/\/schema.org\",\"@graph\":[{\"@type\":\"Article\",\"@id\":\"https:\/\/cephas.org.br\/index.php\/2024\/10\/29\/jovens-encontram-primeira-oportunidade-profissional-na-fundhas\/#article\",\"isPartOf\":{\"@id\":\"https:\/\/cephas.org.br\/index.php\/2024\/10\/29\/jovens-encontram-primeira-oportunidade-profissional-na-fundhas\/\"},\"author\":{\"name\":\"Ariane Caldas\",\"@id\":\"https:\/\/cephas.org.br\/#\/schema\/person\/c72294ff0b2b7b7f1b2c8a649fc82a74\"},\"headline\":\"Jovens encontram primeira oportunidade profissional na Fundhas\",\"datePublished\":\"2024-10-29T15:13:46+00:00\",\"mainEntityOfPage\":{\"@id\":\"https:\/\/cephas.org.br\/index.php\/2024\/10\/29\/jovens-encontram-primeira-oportunidade-profissional-na-fundhas\/\"},\"wordCount\":606,\"commentCount\":0,\"publisher\":{\"@id\":\"https:\/\/cephas.org.br\/#organization\"},\"image\":{\"@id\":\"https:\/\/cephas.org.br\/index.php\/2024\/10\/29\/jovens-encontram-primeira-oportunidade-profissional-na-fundhas\/#primaryimage\"},\"thumbnailUrl\":\"https:\/\/cephas.org.br\/wp-content\/uploads\/2021\/03\/img_1953_adenir_britto.jpg\",\"articleSection\":[\"Not\u00edcias\",\"Uncategorized\"],\"inLanguage\":\"pt-BR\",\"potentialAction\":[{\"@type\":\"CommentAction\",\"name\":\"Comment\",\"target\":[\"https:\/\/cephas.org.br\/index.php\/2024\/10\/29\/jovens-encontram-primeira-oportunidade-profissional-na-fundhas\/#respond\"]}]},{\"@type\":\"WebPage\",\"@id\":\"https:\/\/cephas.org.br\/index.php\/2024\/10\/29\/jovens-encontram-primeira-oportunidade-profissional-na-fundhas\/\",\"url\":\"https:\/\/cephas.org.br\/index.php\/2024\/10\/29\/jovens-encontram-primeira-oportunidade-profissional-na-fundhas\/\",\"name\":\"Jovens encontram primeira oportunidade profissional na Fundhas - CEPHAS\",\"isPartOf\":{\"@id\":\"https:\/\/cephas.org.br\/#website\"},\"primaryImageOfPage\":{\"@id\":\"https:\/\/cephas.org.br\/index.php\/2024\/10\/29\/jovens-encontram-primeira-oportunidade-profissional-na-fundhas\/#primaryimage\"},\"image\":{\"@id\":\"https:\/\/cephas.org.br\/index.php\/2024\/10\/29\/jovens-encontram-primeira-oportunidade-profissional-na-fundhas\/#primaryimage\"},\"thumbnailUrl\":\"https:\/\/cephas.org.br\/wp-content\/uploads\/2021\/03\/img_1953_adenir_britto.jpg\",\"datePublished\":\"2024-10-29T15:13:46+00:00\",\"breadcrumb\":{\"@id\":\"https:\/\/cephas.org.br\/index.php\/2024\/10\/29\/jovens-encontram-primeira-oportunidade-profissional-na-fundhas\/#breadcrumb\"},\"inLanguage\":\"pt-BR\",\"potentialAction\":[{\"@type\":\"ReadAction\",\"target\":[\"https:\/\/cephas.org.br\/index.php\/2024\/10\/29\/jovens-encontram-primeira-oportunidade-profissional-na-fundhas\/\"]}]},{\"@type\":\"ImageObject\",\"inLanguage\":\"pt-BR\",\"@id\":\"https:\/\/cephas.org.br\/index.php\/2024\/10\/29\/jovens-encontram-primeira-oportunidade-profissional-na-fundhas\/#primaryimage\",\"url\":\"https:\/\/cephas.org.br\/wp-content\/uploads\/2021\/03\/img_1953_adenir_britto.jpg\",\"contentUrl\":\"https:\/\/cephas.org.br\/wp-content\/uploads\/2021\/03\/img_1953_adenir_britto.jpg\",\"width\":940,\"height\":627},{\"@type\":\"BreadcrumbList\",\"@id\":\"https:\/\/cephas.org.br\/index.php\/2024\/10\/29\/jovens-encontram-primeira-oportunidade-profissional-na-fundhas\/#breadcrumb\",\"itemListElement\":[{\"@type\":\"ListItem\",\"position\":1,\"name\":\"In\u00edcio\",\"item\":\"https:\/\/cephas.org.br\/\"},{\"@type\":\"ListItem\",\"position\":2,\"name\":\"Jovens encontram primeira oportunidade profissional na Fundhas\"}]},{\"@type\":\"WebSite\",\"@id\":\"https:\/\/cephas.org.br\/#website\",\"url\":\"https:\/\/cephas.org.br\/\",\"name\":\"CEPHAS\",\"description\":\"\",\"publisher\":{\"@id\":\"https:\/\/cephas.org.br\/#organization\"},\"potentialAction\":[{\"@type\":\"SearchAction\",\"target\":{\"@type\":\"EntryPoint\",\"urlTemplate\":\"https:\/\/cephas.org.br\/?s={search_term_string}\"},\"query-input\":{\"@type\":\"PropertyValueSpecification\",\"valueRequired\":true,\"valueName\":\"search_term_string\"}}],\"inLanguage\":\"pt-BR\"},{\"@type\":\"Organization\",\"@id\":\"https:\/\/cephas.org.br\/#organization\",\"name\":\"CEPHAS\",\"url\":\"https:\/\/cephas.org.br\/\",\"logo\":{\"@type\":\"ImageObject\",\"inLanguage\":\"pt-BR\",\"@id\":\"https:\/\/cephas.org.br\/#\/schema\/logo\/image\/\",\"url\":\"https:\/\/cephas.org.br\/wp-content\/uploads\/2023\/10\/cropped-Assinaturas_CephasFundhas_Pref_Novo-10_Cor-small.png\",\"contentUrl\":\"https:\/\/cephas.org.br\/wp-content\/uploads\/2023\/10\/cropped-Assinaturas_CephasFundhas_Pref_Novo-10_Cor-small.png\",\"width\":812,\"height\":90,\"caption\":\"CEPHAS\"},\"image\":{\"@id\":\"https:\/\/cephas.org.br\/#\/schema\/logo\/image\/\"}},{\"@type\":\"Person\",\"@id\":\"https:\/\/cephas.org.br\/#\/schema\/person\/c72294ff0b2b7b7f1b2c8a649fc82a74\",\"name\":\"Ariane Caldas\",\"image\":{\"@type\":\"ImageObject\",\"inLanguage\":\"pt-BR\",\"@id\":\"https:\/\/cephas.org.br\/#\/schema\/person\/image\/\",\"url\":\"https:\/\/secure.gravatar.com\/avatar\/ab71f8b9eabb92d4e3bd6b0b227da962f38000a515ce29ad04fa933ccda0cfa6?s=96&d=mm&r=g\",\"contentUrl\":\"https:\/\/secure.gravatar.com\/avatar\/ab71f8b9eabb92d4e3bd6b0b227da962f38000a515ce29ad04fa933ccda0cfa6?s=96&d=mm&r=g\",\"caption\":\"Ariane Caldas\"},\"url\":\"https:\/\/cephas.org.br\/index.php\/author\/ariane-caldas\/\"}]}<\/script>\n<!-- \/ Yoast SEO plugin. -->","yoast_head_json":{"title":"Jovens encontram primeira oportunidade profissional na Fundhas - CEPHAS","robots":{"index":"index","follow":"follow","max-snippet":"max-snippet:-1","max-image-preview":"max-image-preview:large","max-video-preview":"max-video-preview:-1"},"canonical":"https:\/\/cephas.org.br\/index.php\/2024\/10\/29\/jovens-encontram-primeira-oportunidade-profissional-na-fundhas\/","og_locale":"pt_BR","og_type":"article","og_title":"Jovens encontram primeira oportunidade profissional na Fundhas - CEPHAS","og_description":"Ariane CaldasFundhas A oportunidade do primeiro emprego vem acompanhada de muita responsabilidade e uma pitada de frio na barriga. As incertezas da adolesc\u00eancia tornam as escolhas ainda mais dif\u00edceis. Foi assim que os estudantes aprovados no programa Jovem Aprendiz da Fundhas (Funda\u00e7\u00e3o H\u00e9lio Augusto de Souza) definiram as experi\u00eancias de um processo seletivo.&nbsp; Durante dois [&hellip;]","og_url":"https:\/\/cephas.org.br\/index.php\/2024\/10\/29\/jovens-encontram-primeira-oportunidade-profissional-na-fundhas\/","og_site_name":"CEPHAS","article_published_time":"2024-10-29T15:13:46+00:00","og_image":[{"width":940,"height":627,"url":"http:\/\/cephas.org.br\/wp-content\/uploads\/2021\/03\/img_1953_adenir_britto.jpg","type":"image\/jpeg"}],"author":"Ariane Caldas","twitter_card":"summary_large_image","twitter_misc":{"Escrito por":"Ariane Caldas","Est. tempo de leitura":"3 minutos"},"schema":{"@context":"https:\/\/schema.org","@graph":[{"@type":"Article","@id":"https:\/\/cephas.org.br\/index.php\/2024\/10\/29\/jovens-encontram-primeira-oportunidade-profissional-na-fundhas\/#article","isPartOf":{"@id":"https:\/\/cephas.org.br\/index.php\/2024\/10\/29\/jovens-encontram-primeira-oportunidade-profissional-na-fundhas\/"},"author":{"name":"Ariane Caldas","@id":"https:\/\/cephas.org.br\/#\/schema\/person\/c72294ff0b2b7b7f1b2c8a649fc82a74"},"headline":"Jovens encontram primeira oportunidade profissional na Fundhas","datePublished":"2024-10-29T15:13:46+00:00","mainEntityOfPage":{"@id":"https:\/\/cephas.org.br\/index.php\/2024\/10\/29\/jovens-encontram-primeira-oportunidade-profissional-na-fundhas\/"},"wordCount":606,"commentCount":0,"publisher":{"@id":"https:\/\/cephas.org.br\/#organization"},"image":{"@id":"https:\/\/cephas.org.br\/index.php\/2024\/10\/29\/jovens-encontram-primeira-oportunidade-profissional-na-fundhas\/#primaryimage"},"thumbnailUrl":"https:\/\/cephas.org.br\/wp-content\/uploads\/2021\/03\/img_1953_adenir_britto.jpg","articleSection":["Not\u00edcias","Uncategorized"],"inLanguage":"pt-BR","potentialAction":[{"@type":"CommentAction","name":"Comment","target":["https:\/\/cephas.org.br\/index.php\/2024\/10\/29\/jovens-encontram-primeira-oportunidade-profissional-na-fundhas\/#respond"]}]},{"@type":"WebPage","@id":"https:\/\/cephas.org.br\/index.php\/2024\/10\/29\/jovens-encontram-primeira-oportunidade-profissional-na-fundhas\/","url":"https:\/\/cephas.org.br\/index.php\/2024\/10\/29\/jovens-encontram-primeira-oportunidade-profissional-na-fundhas\/","name":"Jovens encontram primeira oportunidade profissional na Fundhas - CEPHAS","isPartOf":{"@id":"https:\/\/cephas.org.br\/#website"},"primaryImageOfPage":{"@id":"https:\/\/cephas.org.br\/index.php\/2024\/10\/29\/jovens-encontram-primeira-oportunidade-profissional-na-fundhas\/#primaryimage"},"image":{"@id":"https:\/\/cephas.org.br\/index.php\/2024\/10\/29\/jovens-encontram-primeira-oportunidade-profissional-na-fundhas\/#primaryimage"},"thumbnailUrl":"https:\/\/cephas.org.br\/wp-content\/uploads\/2021\/03\/img_1953_adenir_britto.jpg","datePublished":"2024-10-29T15:13:46+00:00","breadcrumb":{"@id":"https:\/\/cephas.org.br\/index.php\/2024\/10\/29\/jovens-encontram-primeira-oportunidade-profissional-na-fundhas\/#breadcrumb"},"inLanguage":"pt-BR","potentialAction":[{"@type":"ReadAction","target":["https:\/\/cephas.org.br\/index.php\/2024\/10\/29\/jovens-encontram-primeira-oportunidade-profissional-na-fundhas\/"]}]},{"@type":"ImageObject","inLanguage":"pt-BR","@id":"https:\/\/cephas.org.br\/index.php\/2024\/10\/29\/jovens-encontram-primeira-oportunidade-profissional-na-fundhas\/#primaryimage","url":"https:\/\/cephas.org.br\/wp-content\/uploads\/2021\/03\/img_1953_adenir_britto.jpg","contentUrl":"https:\/\/cephas.org.br\/wp-content\/uploads\/2021\/03\/img_1953_adenir_britto.jpg","width":940,"height":627},{"@type":"BreadcrumbList","@id":"https:\/\/cephas.org.br\/index.php\/2024\/10\/29\/jovens-encontram-primeira-oportunidade-profissional-na-fundhas\/#breadcrumb","itemListElement":[{"@type":"ListItem","position":1,"name":"In\u00edcio","item":"https:\/\/cephas.org.br\/"},{"@type":"ListItem","position":2,"name":"Jovens encontram primeira oportunidade profissional na Fundhas"}]},{"@type":"WebSite","@id":"https:\/\/cephas.org.br\/#website","url":"https:\/\/cephas.org.br\/","name":"CEPHAS","description":"","publisher":{"@id":"https:\/\/cephas.org.br\/#organization"},"potentialAction":[{"@type":"SearchAction","target":{"@type":"EntryPoint","urlTemplate":"https:\/\/cephas.org.br\/?s={search_term_string}"},"query-input":{"@type":"PropertyValueSpecification","valueRequired":true,"valueName":"search_term_string"}}],"inLanguage":"pt-BR"},{"@type":"Organization","@id":"https:\/\/cephas.org.br\/#organization","name":"CEPHAS","url":"https:\/\/cephas.org.br\/","logo":{"@type":"ImageObject","inLanguage":"pt-BR","@id":"https:\/\/cephas.org.br\/#\/schema\/logo\/image\/","url":"https:\/\/cephas.org.br\/wp-content\/uploads\/2023\/10\/cropped-Assinaturas_CephasFundhas_Pref_Novo-10_Cor-small.png","contentUrl":"https:\/\/cephas.org.br\/wp-content\/uploads\/2023\/10\/cropped-Assinaturas_CephasFundhas_Pref_Novo-10_Cor-small.png","width":812,"height":90,"caption":"CEPHAS"},"image":{"@id":"https:\/\/cephas.org.br\/#\/schema\/logo\/image\/"}},{"@type":"Person","@id":"https:\/\/cephas.org.br\/#\/schema\/person\/c72294ff0b2b7b7f1b2c8a649fc82a74","name":"Ariane Caldas","image":{"@type":"ImageObject","inLanguage":"pt-BR","@id":"https:\/\/cephas.org.br\/#\/schema\/person\/image\/","url":"https:\/\/secure.gravatar.com\/avatar\/ab71f8b9eabb92d4e3bd6b0b227da962f38000a515ce29ad04fa933ccda0cfa6?s=96&d=mm&r=g","contentUrl":"https:\/\/secure.gravatar.com\/avatar\/ab71f8b9eabb92d4e3bd6b0b227da962f38000a515ce29ad04fa933ccda0cfa6?s=96&d=mm&r=g","caption":"Ariane Caldas"},"url":"https:\/\/cephas.org.br\/index.php\/author\/ariane-caldas\/"}]}},"_links":{"self":[{"href":"https:\/\/cephas.org.br\/index.php\/wp-json\/wp\/v2\/posts\/2006","targetHints":{"allow":["GET"]}}],"collection":[{"href":"https:\/\/cephas.org.br\/index.php\/wp-json\/wp\/v2\/posts"}],"about":[{"href":"https:\/\/cephas.org.br\/index.php\/wp-json\/wp\/v2\/types\/post"}],"author":[{"embeddable":true,"href":"https:\/\/cephas.org.br\/index.php\/wp-json\/wp\/v2\/users\/12"}],"replies":[{"embeddable":true,"href":"https:\/\/cephas.org.br\/index.php\/wp-json\/wp\/v2\/comments?post=2006"}],"version-history":[{"count":1,"href":"https:\/\/cephas.org.br\/index.php\/wp-json\/wp\/v2\/posts\/2006\/revisions"}],"predecessor-version":[{"id":2008,"href":"https:\/\/cephas.org.br\/index.php\/wp-json\/wp\/v2\/posts\/2006\/revisions\/2008"}],"wp:featuredmedia":[{"embeddable":true,"href":"https:\/\/cephas.org.br\/index.php\/wp-json\/wp\/v2\/media\/2007"}],"wp:attachment":[{"href":"https:\/\/cephas.org.br\/index.php\/wp-json\/wp\/v2\/media?parent=2006"}],"wp:term":[{"taxonomy":"category","embeddable":true,"href":"https:\/\/cephas.org.br\/index.php\/wp-json\/wp\/v2\/categories?post=2006"},{"taxonomy":"post_tag","embeddable":true,"href":"https:\/\/cephas.org.br\/index.php\/wp-json\/wp\/v2\/tags?post=2006"}],"curies":[{"name":"wp","href":"https:\/\/api.w.org\/{rel}","templated":true}]}}