{"id":166,"date":"2024-10-29T12:15:51","date_gmt":"2024-10-29T15:15:51","guid":{"rendered":"http:\/\/cephas.org.br\/?p=166"},"modified":"2024-10-29T12:15:51","modified_gmt":"2024-10-29T15:15:51","slug":"prefeitura-apresenta-observatorio-do-trabalho-e-formacao-profissional","status":"publish","type":"post","link":"https:\/\/cephas.org.br\/index.php\/2024\/10\/29\/prefeitura-apresenta-observatorio-do-trabalho-e-formacao-profissional\/","title":{"rendered":"Prefeitura apresenta Observat\u00f3rio do Trabalho e Forma\u00e7\u00e3o Profissional"},"content":{"rendered":"<p><img fetchpriority=\"high\" decoding=\"async\" class=\"alignnone size-full wp-image-167 aligncenter\" src=\"http:\/\/cephas.org.br\/wp-content\/uploads\/2018\/02\/matriculas_cursos_cephas_24beto_faria.jpg\" alt=\"\" width=\"940\" height=\"626\" srcset=\"https:\/\/cephas.org.br\/wp-content\/uploads\/2018\/02\/matriculas_cursos_cephas_24beto_faria.jpg 940w, https:\/\/cephas.org.br\/wp-content\/uploads\/2018\/02\/matriculas_cursos_cephas_24beto_faria-300x200.jpg 300w, https:\/\/cephas.org.br\/wp-content\/uploads\/2018\/02\/matriculas_cursos_cephas_24beto_faria-768x511.jpg 768w\" sizes=\"(max-width: 940px) 100vw, 940px\" \/><br \/>\nA Prefeitura de S\u00e3o Jos\u00e9 dos Campos, por meio da Secretaria de Inova\u00e7\u00e3o e Desenvolvimento Econ\u00f4mico, realiza na pr\u00f3xima segunda-feira (5), a apresenta\u00e7\u00e3o do projeto Observat\u00f3rio do Mercado de Trabalho e Forma\u00e7\u00e3o Profissional.<\/p>\n<p>O evento \u00e9 aberto a empresas da cidade e ocorrer\u00e1 das 9h \u00e0s 12h, no audit\u00f3rio da faculdade Faap, na Av. Jorge Zarur, 650, Jardim Colinas.<\/p>\n<p>A apresenta\u00e7\u00e3o tem como objetivo compartilhar com o segmento privado esse projeto da Prefeitura que visa fomentar o mercado de trabalho com profissionais qualificados para as respectivas demandas.<\/p>\n<p>Para isso, est\u00e3o sendo convidados empresas, profissionais de recursos humanos, entidades e institui\u00e7\u00f5es de ensino, entre outros profissionais desse segmento.<\/p>\n<p><span class=\"intertitulo\"><strong>Capacita\u00e7\u00e3o<\/strong><\/span><\/p>\n<p>A\u00a0Prefeitura apresentar\u00e1 iniciativas visando a capacita\u00e7\u00e3o profissional de trabalhadores, sobretudo os desempregados, por meio de cursos gratuitos como os do Programa Qualifica S\u00e3o Jos\u00e9. Isso, com base nas exig\u00eancias do mercado.<\/p>\n<p>Tamb\u00e9m ser\u00e3o apresentados outros servi\u00e7os municipais, como o Centro de Apoio de Servi\u00e7os Aut\u00f4nomos, Quero Servi\u00e7os, Feira de Trabalho e Empreendedorismo, Banco de Curr\u00edculos e Banco do Povo Paulista.<\/p>\n<p><span class=\"intertitulo\">Cephas<\/span><\/p>\n<p>A escola t\u00e9cnica do Cephas (Centro de Educa\u00e7\u00e3o Profissional H\u00e9lio Augusto de Souza), que \u00e9 vinculada \u00e0 Prefeitura, vai apresentar para as empresas, a plataforma Supertec, de apoio para realiza\u00e7\u00e3o de cursos especializados para seus colaboradores.<\/p>\n<p><span class=\"intertitulo\"><strong>Mais informa\u00e7\u00f5es<\/strong><\/span><\/p>\n<p>Tel. (12) 3923-5770<\/p>\n<p>&nbsp;<\/p>\n<p>Fonte: http:\/\/www.sjc.sp.gov.br\/noticias-home\/2018\/janeiro\/31\/prefeitura-apresenta-observatorio-do-trabalho-e-formacao-profissional\/<\/p>\n","protected":false},"excerpt":{"rendered":"<p>A Prefeitura de S\u00e3o Jos\u00e9 dos Campos, por meio da Secretaria de Inova\u00e7\u00e3o e Desenvolvimento Econ\u00f4mico, realiza na pr\u00f3xima segunda-feira (5), a apresenta\u00e7\u00e3o do projeto Observat\u00f3rio do Mercado de Trabalho e Forma\u00e7\u00e3o Profissional. O evento \u00e9 aberto a empresas da cidade e ocorrer\u00e1 das 9h \u00e0s 12h, no audit\u00f3rio da faculdade Faap, na Av. Jorge [&hellip;]<\/p>\n","protected":false},"author":12,"featured_media":0,"comment_status":"open","ping_status":"closed","sticky":false,"template":"","format":"standard","meta":{"_acf_changed":false,"_monsterinsights_skip_tracking":false,"_monsterinsights_sitenote_active":false,"_monsterinsights_sitenote_note":"","_monsterinsights_sitenote_category":0,"footnotes":""},"categories":[1],"tags":[],"class_list":{"0":"post-166","1":"post","2":"type-post","3":"status-publish","4":"format-standard","6":"category-uncategorized","7":"czr-hentry"},"acf":[],"yoast_head":"<!-- This site is optimized with the Yoast SEO plugin v26.6 - https:\/\/yoast.com\/wordpress\/plugins\/seo\/ -->\n<title>Prefeitura apresenta Observat\u00f3rio do Trabalho e Forma\u00e7\u00e3o Profissional - CEPHAS<\/title>\n<meta name=\"robots\" content=\"index, follow, max-snippet:-1, max-image-preview:large, max-video-preview:-1\" \/>\n<link rel=\"canonical\" href=\"https:\/\/cephas.org.br\/index.php\/2024\/10\/29\/prefeitura-apresenta-observatorio-do-trabalho-e-formacao-profissional\/\" \/>\n<meta property=\"og:locale\" content=\"pt_BR\" \/>\n<meta property=\"og:type\" content=\"article\" \/>\n<meta property=\"og:title\" content=\"Prefeitura apresenta Observat\u00f3rio do Trabalho e Forma\u00e7\u00e3o Profissional - CEPHAS\" \/>\n<meta property=\"og:description\" content=\"A Prefeitura de S\u00e3o Jos\u00e9 dos Campos, por meio da Secretaria de Inova\u00e7\u00e3o e Desenvolvimento Econ\u00f4mico, realiza na pr\u00f3xima segunda-feira (5), a apresenta\u00e7\u00e3o do projeto Observat\u00f3rio do Mercado de Trabalho e Forma\u00e7\u00e3o Profissional. O evento \u00e9 aberto a empresas da cidade e ocorrer\u00e1 das 9h \u00e0s 12h, no audit\u00f3rio da faculdade Faap, na Av. Jorge [&hellip;]\" \/>\n<meta property=\"og:url\" content=\"https:\/\/cephas.org.br\/index.php\/2024\/10\/29\/prefeitura-apresenta-observatorio-do-trabalho-e-formacao-profissional\/\" \/>\n<meta property=\"og:site_name\" content=\"CEPHAS\" \/>\n<meta property=\"article:published_time\" content=\"2024-10-29T15:15:51+00:00\" \/>\n<meta property=\"og:image\" content=\"https:\/\/cephas.org.br\/wp-content\/uploads\/2018\/02\/matriculas_cursos_cephas_24beto_faria.jpg\" \/>\n\t<meta property=\"og:image:width\" content=\"940\" \/>\n\t<meta property=\"og:image:height\" content=\"626\" \/>\n\t<meta property=\"og:image:type\" content=\"image\/jpeg\" \/>\n<meta name=\"author\" content=\"Ariane Caldas\" \/>\n<meta name=\"twitter:card\" content=\"summary_large_image\" \/>\n<meta name=\"twitter:label1\" content=\"Escrito por\" \/>\n\t<meta name=\"twitter:data1\" content=\"Ariane Caldas\" \/>\n\t<meta name=\"twitter:label2\" content=\"Est. tempo de leitura\" \/>\n\t<meta name=\"twitter:data2\" content=\"1 minuto\" \/>\n<script type=\"application\/ld+json\" class=\"yoast-schema-graph\">{\"@context\":\"https:\/\/schema.org\",\"@graph\":[{\"@type\":\"Article\",\"@id\":\"https:\/\/cephas.org.br\/index.php\/2024\/10\/29\/prefeitura-apresenta-observatorio-do-trabalho-e-formacao-profissional\/#article\",\"isPartOf\":{\"@id\":\"https:\/\/cephas.org.br\/index.php\/2024\/10\/29\/prefeitura-apresenta-observatorio-do-trabalho-e-formacao-profissional\/\"},\"author\":{\"name\":\"Ariane Caldas\",\"@id\":\"https:\/\/cephas.org.br\/#\/schema\/person\/c72294ff0b2b7b7f1b2c8a649fc82a74\"},\"headline\":\"Prefeitura apresenta Observat\u00f3rio do Trabalho e Forma\u00e7\u00e3o Profissional\",\"datePublished\":\"2024-10-29T15:15:51+00:00\",\"mainEntityOfPage\":{\"@id\":\"https:\/\/cephas.org.br\/index.php\/2024\/10\/29\/prefeitura-apresenta-observatorio-do-trabalho-e-formacao-profissional\/\"},\"wordCount\":253,\"commentCount\":0,\"publisher\":{\"@id\":\"https:\/\/cephas.org.br\/#organization\"},\"image\":{\"@id\":\"https:\/\/cephas.org.br\/index.php\/2024\/10\/29\/prefeitura-apresenta-observatorio-do-trabalho-e-formacao-profissional\/#primaryimage\"},\"thumbnailUrl\":\"http:\/\/cephas.org.br\/wp-content\/uploads\/2018\/02\/matriculas_cursos_cephas_24beto_faria.jpg\",\"articleSection\":[\"Uncategorized\"],\"inLanguage\":\"pt-BR\",\"potentialAction\":[{\"@type\":\"CommentAction\",\"name\":\"Comment\",\"target\":[\"https:\/\/cephas.org.br\/index.php\/2024\/10\/29\/prefeitura-apresenta-observatorio-do-trabalho-e-formacao-profissional\/#respond\"]}]},{\"@type\":\"WebPage\",\"@id\":\"https:\/\/cephas.org.br\/index.php\/2024\/10\/29\/prefeitura-apresenta-observatorio-do-trabalho-e-formacao-profissional\/\",\"url\":\"https:\/\/cephas.org.br\/index.php\/2024\/10\/29\/prefeitura-apresenta-observatorio-do-trabalho-e-formacao-profissional\/\",\"name\":\"Prefeitura apresenta Observat\u00f3rio do Trabalho e Forma\u00e7\u00e3o Profissional - CEPHAS\",\"isPartOf\":{\"@id\":\"https:\/\/cephas.org.br\/#website\"},\"primaryImageOfPage\":{\"@id\":\"https:\/\/cephas.org.br\/index.php\/2024\/10\/29\/prefeitura-apresenta-observatorio-do-trabalho-e-formacao-profissional\/#primaryimage\"},\"image\":{\"@id\":\"https:\/\/cephas.org.br\/index.php\/2024\/10\/29\/prefeitura-apresenta-observatorio-do-trabalho-e-formacao-profissional\/#primaryimage\"},\"thumbnailUrl\":\"http:\/\/cephas.org.br\/wp-content\/uploads\/2018\/02\/matriculas_cursos_cephas_24beto_faria.jpg\",\"datePublished\":\"2024-10-29T15:15:51+00:00\",\"breadcrumb\":{\"@id\":\"https:\/\/cephas.org.br\/index.php\/2024\/10\/29\/prefeitura-apresenta-observatorio-do-trabalho-e-formacao-profissional\/#breadcrumb\"},\"inLanguage\":\"pt-BR\",\"potentialAction\":[{\"@type\":\"ReadAction\",\"target\":[\"https:\/\/cephas.org.br\/index.php\/2024\/10\/29\/prefeitura-apresenta-observatorio-do-trabalho-e-formacao-profissional\/\"]}]},{\"@type\":\"ImageObject\",\"inLanguage\":\"pt-BR\",\"@id\":\"https:\/\/cephas.org.br\/index.php\/2024\/10\/29\/prefeitura-apresenta-observatorio-do-trabalho-e-formacao-profissional\/#primaryimage\",\"url\":\"http:\/\/cephas.org.br\/wp-content\/uploads\/2018\/02\/matriculas_cursos_cephas_24beto_faria.jpg\",\"contentUrl\":\"http:\/\/cephas.org.br\/wp-content\/uploads\/2018\/02\/matriculas_cursos_cephas_24beto_faria.jpg\"},{\"@type\":\"BreadcrumbList\",\"@id\":\"https:\/\/cephas.org.br\/index.php\/2024\/10\/29\/prefeitura-apresenta-observatorio-do-trabalho-e-formacao-profissional\/#breadcrumb\",\"itemListElement\":[{\"@type\":\"ListItem\",\"position\":1,\"name\":\"In\u00edcio\",\"item\":\"https:\/\/cephas.org.br\/\"},{\"@type\":\"ListItem\",\"position\":2,\"name\":\"Prefeitura apresenta Observat\u00f3rio do Trabalho e Forma\u00e7\u00e3o Profissional\"}]},{\"@type\":\"WebSite\",\"@id\":\"https:\/\/cephas.org.br\/#website\",\"url\":\"https:\/\/cephas.org.br\/\",\"name\":\"CEPHAS\",\"description\":\"\",\"publisher\":{\"@id\":\"https:\/\/cephas.org.br\/#organization\"},\"potentialAction\":[{\"@type\":\"SearchAction\",\"target\":{\"@type\":\"EntryPoint\",\"urlTemplate\":\"https:\/\/cephas.org.br\/?s={search_term_string}\"},\"query-input\":{\"@type\":\"PropertyValueSpecification\",\"valueRequired\":true,\"valueName\":\"search_term_string\"}}],\"inLanguage\":\"pt-BR\"},{\"@type\":\"Organization\",\"@id\":\"https:\/\/cephas.org.br\/#organization\",\"name\":\"CEPHAS\",\"url\":\"https:\/\/cephas.org.br\/\",\"logo\":{\"@type\":\"ImageObject\",\"inLanguage\":\"pt-BR\",\"@id\":\"https:\/\/cephas.org.br\/#\/schema\/logo\/image\/\",\"url\":\"https:\/\/cephas.org.br\/wp-content\/uploads\/2023\/10\/cropped-Assinaturas_CephasFundhas_Pref_Novo-10_Cor-small.png\",\"contentUrl\":\"https:\/\/cephas.org.br\/wp-content\/uploads\/2023\/10\/cropped-Assinaturas_CephasFundhas_Pref_Novo-10_Cor-small.png\",\"width\":812,\"height\":90,\"caption\":\"CEPHAS\"},\"image\":{\"@id\":\"https:\/\/cephas.org.br\/#\/schema\/logo\/image\/\"}},{\"@type\":\"Person\",\"@id\":\"https:\/\/cephas.org.br\/#\/schema\/person\/c72294ff0b2b7b7f1b2c8a649fc82a74\",\"name\":\"Ariane Caldas\",\"image\":{\"@type\":\"ImageObject\",\"inLanguage\":\"pt-BR\",\"@id\":\"https:\/\/cephas.org.br\/#\/schema\/person\/image\/\",\"url\":\"https:\/\/secure.gravatar.com\/avatar\/ab71f8b9eabb92d4e3bd6b0b227da962f38000a515ce29ad04fa933ccda0cfa6?s=96&d=mm&r=g\",\"contentUrl\":\"https:\/\/secure.gravatar.com\/avatar\/ab71f8b9eabb92d4e3bd6b0b227da962f38000a515ce29ad04fa933ccda0cfa6?s=96&d=mm&r=g\",\"caption\":\"Ariane Caldas\"},\"url\":\"https:\/\/cephas.org.br\/index.php\/author\/ariane-caldas\/\"}]}<\/script>\n<!-- \/ Yoast SEO plugin. -->","yoast_head_json":{"title":"Prefeitura apresenta Observat\u00f3rio do Trabalho e Forma\u00e7\u00e3o Profissional - CEPHAS","robots":{"index":"index","follow":"follow","max-snippet":"max-snippet:-1","max-image-preview":"max-image-preview:large","max-video-preview":"max-video-preview:-1"},"canonical":"https:\/\/cephas.org.br\/index.php\/2024\/10\/29\/prefeitura-apresenta-observatorio-do-trabalho-e-formacao-profissional\/","og_locale":"pt_BR","og_type":"article","og_title":"Prefeitura apresenta Observat\u00f3rio do Trabalho e Forma\u00e7\u00e3o Profissional - CEPHAS","og_description":"A Prefeitura de S\u00e3o Jos\u00e9 dos Campos, por meio da Secretaria de Inova\u00e7\u00e3o e Desenvolvimento Econ\u00f4mico, realiza na pr\u00f3xima segunda-feira (5), a apresenta\u00e7\u00e3o do projeto Observat\u00f3rio do Mercado de Trabalho e Forma\u00e7\u00e3o Profissional. O evento \u00e9 aberto a empresas da cidade e ocorrer\u00e1 das 9h \u00e0s 12h, no audit\u00f3rio da faculdade Faap, na Av. Jorge [&hellip;]","og_url":"https:\/\/cephas.org.br\/index.php\/2024\/10\/29\/prefeitura-apresenta-observatorio-do-trabalho-e-formacao-profissional\/","og_site_name":"CEPHAS","article_published_time":"2024-10-29T15:15:51+00:00","og_image":[{"width":940,"height":626,"url":"https:\/\/cephas.org.br\/wp-content\/uploads\/2018\/02\/matriculas_cursos_cephas_24beto_faria.jpg","type":"image\/jpeg"}],"author":"Ariane Caldas","twitter_card":"summary_large_image","twitter_misc":{"Escrito por":"Ariane Caldas","Est. tempo de leitura":"1 minuto"},"schema":{"@context":"https:\/\/schema.org","@graph":[{"@type":"Article","@id":"https:\/\/cephas.org.br\/index.php\/2024\/10\/29\/prefeitura-apresenta-observatorio-do-trabalho-e-formacao-profissional\/#article","isPartOf":{"@id":"https:\/\/cephas.org.br\/index.php\/2024\/10\/29\/prefeitura-apresenta-observatorio-do-trabalho-e-formacao-profissional\/"},"author":{"name":"Ariane Caldas","@id":"https:\/\/cephas.org.br\/#\/schema\/person\/c72294ff0b2b7b7f1b2c8a649fc82a74"},"headline":"Prefeitura apresenta Observat\u00f3rio do Trabalho e Forma\u00e7\u00e3o Profissional","datePublished":"2024-10-29T15:15:51+00:00","mainEntityOfPage":{"@id":"https:\/\/cephas.org.br\/index.php\/2024\/10\/29\/prefeitura-apresenta-observatorio-do-trabalho-e-formacao-profissional\/"},"wordCount":253,"commentCount":0,"publisher":{"@id":"https:\/\/cephas.org.br\/#organization"},"image":{"@id":"https:\/\/cephas.org.br\/index.php\/2024\/10\/29\/prefeitura-apresenta-observatorio-do-trabalho-e-formacao-profissional\/#primaryimage"},"thumbnailUrl":"http:\/\/cephas.org.br\/wp-content\/uploads\/2018\/02\/matriculas_cursos_cephas_24beto_faria.jpg","articleSection":["Uncategorized"],"inLanguage":"pt-BR","potentialAction":[{"@type":"CommentAction","name":"Comment","target":["https:\/\/cephas.org.br\/index.php\/2024\/10\/29\/prefeitura-apresenta-observatorio-do-trabalho-e-formacao-profissional\/#respond"]}]},{"@type":"WebPage","@id":"https:\/\/cephas.org.br\/index.php\/2024\/10\/29\/prefeitura-apresenta-observatorio-do-trabalho-e-formacao-profissional\/","url":"https:\/\/cephas.org.br\/index.php\/2024\/10\/29\/prefeitura-apresenta-observatorio-do-trabalho-e-formacao-profissional\/","name":"Prefeitura apresenta Observat\u00f3rio do Trabalho e Forma\u00e7\u00e3o Profissional - CEPHAS","isPartOf":{"@id":"https:\/\/cephas.org.br\/#website"},"primaryImageOfPage":{"@id":"https:\/\/cephas.org.br\/index.php\/2024\/10\/29\/prefeitura-apresenta-observatorio-do-trabalho-e-formacao-profissional\/#primaryimage"},"image":{"@id":"https:\/\/cephas.org.br\/index.php\/2024\/10\/29\/prefeitura-apresenta-observatorio-do-trabalho-e-formacao-profissional\/#primaryimage"},"thumbnailUrl":"http:\/\/cephas.org.br\/wp-content\/uploads\/2018\/02\/matriculas_cursos_cephas_24beto_faria.jpg","datePublished":"2024-10-29T15:15:51+00:00","breadcrumb":{"@id":"https:\/\/cephas.org.br\/index.php\/2024\/10\/29\/prefeitura-apresenta-observatorio-do-trabalho-e-formacao-profissional\/#breadcrumb"},"inLanguage":"pt-BR","potentialAction":[{"@type":"ReadAction","target":["https:\/\/cephas.org.br\/index.php\/2024\/10\/29\/prefeitura-apresenta-observatorio-do-trabalho-e-formacao-profissional\/"]}]},{"@type":"ImageObject","inLanguage":"pt-BR","@id":"https:\/\/cephas.org.br\/index.php\/2024\/10\/29\/prefeitura-apresenta-observatorio-do-trabalho-e-formacao-profissional\/#primaryimage","url":"http:\/\/cephas.org.br\/wp-content\/uploads\/2018\/02\/matriculas_cursos_cephas_24beto_faria.jpg","contentUrl":"http:\/\/cephas.org.br\/wp-content\/uploads\/2018\/02\/matriculas_cursos_cephas_24beto_faria.jpg"},{"@type":"BreadcrumbList","@id":"https:\/\/cephas.org.br\/index.php\/2024\/10\/29\/prefeitura-apresenta-observatorio-do-trabalho-e-formacao-profissional\/#breadcrumb","itemListElement":[{"@type":"ListItem","position":1,"name":"In\u00edcio","item":"https:\/\/cephas.org.br\/"},{"@type":"ListItem","position":2,"name":"Prefeitura apresenta Observat\u00f3rio do Trabalho e Forma\u00e7\u00e3o Profissional"}]},{"@type":"WebSite","@id":"https:\/\/cephas.org.br\/#website","url":"https:\/\/cephas.org.br\/","name":"CEPHAS","description":"","publisher":{"@id":"https:\/\/cephas.org.br\/#organization"},"potentialAction":[{"@type":"SearchAction","target":{"@type":"EntryPoint","urlTemplate":"https:\/\/cephas.org.br\/?s={search_term_string}"},"query-input":{"@type":"PropertyValueSpecification","valueRequired":true,"valueName":"search_term_string"}}],"inLanguage":"pt-BR"},{"@type":"Organization","@id":"https:\/\/cephas.org.br\/#organization","name":"CEPHAS","url":"https:\/\/cephas.org.br\/","logo":{"@type":"ImageObject","inLanguage":"pt-BR","@id":"https:\/\/cephas.org.br\/#\/schema\/logo\/image\/","url":"https:\/\/cephas.org.br\/wp-content\/uploads\/2023\/10\/cropped-Assinaturas_CephasFundhas_Pref_Novo-10_Cor-small.png","contentUrl":"https:\/\/cephas.org.br\/wp-content\/uploads\/2023\/10\/cropped-Assinaturas_CephasFundhas_Pref_Novo-10_Cor-small.png","width":812,"height":90,"caption":"CEPHAS"},"image":{"@id":"https:\/\/cephas.org.br\/#\/schema\/logo\/image\/"}},{"@type":"Person","@id":"https:\/\/cephas.org.br\/#\/schema\/person\/c72294ff0b2b7b7f1b2c8a649fc82a74","name":"Ariane Caldas","image":{"@type":"ImageObject","inLanguage":"pt-BR","@id":"https:\/\/cephas.org.br\/#\/schema\/person\/image\/","url":"https:\/\/secure.gravatar.com\/avatar\/ab71f8b9eabb92d4e3bd6b0b227da962f38000a515ce29ad04fa933ccda0cfa6?s=96&d=mm&r=g","contentUrl":"https:\/\/secure.gravatar.com\/avatar\/ab71f8b9eabb92d4e3bd6b0b227da962f38000a515ce29ad04fa933ccda0cfa6?s=96&d=mm&r=g","caption":"Ariane Caldas"},"url":"https:\/\/cephas.org.br\/index.php\/author\/ariane-caldas\/"}]}},"_links":{"self":[{"href":"https:\/\/cephas.org.br\/index.php\/wp-json\/wp\/v2\/posts\/166","targetHints":{"allow":["GET"]}}],"collection":[{"href":"https:\/\/cephas.org.br\/index.php\/wp-json\/wp\/v2\/posts"}],"about":[{"href":"https:\/\/cephas.org.br\/index.php\/wp-json\/wp\/v2\/types\/post"}],"author":[{"embeddable":true,"href":"https:\/\/cephas.org.br\/index.php\/wp-json\/wp\/v2\/users\/12"}],"replies":[{"embeddable":true,"href":"https:\/\/cephas.org.br\/index.php\/wp-json\/wp\/v2\/comments?post=166"}],"version-history":[{"count":1,"href":"https:\/\/cephas.org.br\/index.php\/wp-json\/wp\/v2\/posts\/166\/revisions"}],"predecessor-version":[{"id":168,"href":"https:\/\/cephas.org.br\/index.php\/wp-json\/wp\/v2\/posts\/166\/revisions\/168"}],"wp:attachment":[{"href":"https:\/\/cephas.org.br\/index.php\/wp-json\/wp\/v2\/media?parent=166"}],"wp:term":[{"taxonomy":"category","embeddable":true,"href":"https:\/\/cephas.org.br\/index.php\/wp-json\/wp\/v2\/categories?post=166"},{"taxonomy":"post_tag","embeddable":true,"href":"https:\/\/cephas.org.br\/index.php\/wp-json\/wp\/v2\/tags?post=166"}],"curies":[{"name":"wp","href":"https:\/\/api.w.org\/{rel}","templated":true}]}}