{"id":1554,"date":"2024-10-29T12:14:06","date_gmt":"2024-10-29T15:14:06","guid":{"rendered":"http:\/\/cephas.org.br\/?p=1554"},"modified":"2024-10-29T12:14:06","modified_gmt":"2024-10-29T15:14:06","slug":"fundhas-distribui-mascaras-e-orienta-combate-ao-coronavirus","status":"publish","type":"post","link":"https:\/\/cephas.org.br\/index.php\/2024\/10\/29\/fundhas-distribui-mascaras-e-orienta-combate-ao-coronavirus\/","title":{"rendered":"Fundhas distribui m\u00e1scaras e orienta combate ao coronav\u00edrus"},"content":{"rendered":"\n<figure class=\"wp-block-image\"><img fetchpriority=\"high\" decoding=\"async\" width=\"940\" height=\"626\" src=\"http:\/\/cephas.org.br\/wp-content\/uploads\/2020\/05\/plano-de-contingencia-corona_fundhas2020-18.jpeg\" alt=\"\" class=\"wp-image-1555\" srcset=\"https:\/\/cephas.org.br\/wp-content\/uploads\/2020\/05\/plano-de-contingencia-corona_fundhas2020-18.jpeg 940w, https:\/\/cephas.org.br\/wp-content\/uploads\/2020\/05\/plano-de-contingencia-corona_fundhas2020-18-300x200.jpeg 300w, https:\/\/cephas.org.br\/wp-content\/uploads\/2020\/05\/plano-de-contingencia-corona_fundhas2020-18-768x511.jpeg 768w\" sizes=\"(max-width: 940px) 100vw, 940px\" \/><\/figure>\n\n\n\n<p><strong>Paula Pessoa<\/strong><br><strong>Fundhas<\/strong><\/p>\n\n\n\n<p>Durante o per\u00edodo de isolamento social, diversos profissionais da Fundhas (Funda\u00e7\u00e3o H\u00e9lio Augusto de Souza) continuam na ativa no setor administrativo e preparando para o retorno \u00e0s atividades nas Unidades de atendimento de crian\u00e7as e adolescentes e no Cephas (Centro de Educa\u00e7\u00e3o Profissional H\u00e9lio Augusto de Souza), ainda sem data para ocorrer.&nbsp;<\/p>\n\n\n\n<p>Nas duas \u00faltimas semanas, mais de 500 m\u00e1scaras foram distribu\u00eddas nos setores da Institui\u00e7\u00e3o. Dentre as medidas de preven\u00e7\u00e3o previstas no plano de conting\u00eancia da Fundhas, h\u00e1 orienta\u00e7\u00f5es sobre o combate ao novo coronav\u00edrus e distribui\u00e7\u00e3o de m\u00e1scaras de tecido e descart\u00e1veis nas Unidades.&nbsp;&nbsp;<\/p>\n\n\n\n<p><strong>A\u00e7\u00f5es concretas<\/strong><\/p>\n\n\n\n<p>As a\u00e7\u00f5es est\u00e3o sendo repassadas pelos profissionais da seguran\u00e7a de trabalho da Funda\u00e7\u00e3o, que explicam nos setores os pontos do plano de conting\u00eancia, a necessidade do uso de m\u00e1scara, assim como instru\u00e7\u00f5es de uso e lavagem do acess\u00f3rio. Os espa\u00e7os comuns da Fundhas e do Cephas receberam dispensers de \u00e1lcool em gel.&nbsp;<\/p>\n\n\n\n<p>Os cuidados b\u00e1sicos para evitar o coronav\u00edrus, como a import\u00e2ncia de lavar corretamente as m\u00e3os e usar \u00e1lcool em gel, tamb\u00e9m foram refor\u00e7ados pela equipe. Com o isolamento social e a paralisa\u00e7\u00e3o das atividades, a Fundhas adotou a sanitiza\u00e7\u00e3o, dentro dos par\u00e2metros estabelecidos, nos ambientes de trabalho. O servi\u00e7o vem sendo realizado semanalmente visando reduzir microrganismos cr\u00edticos para a sa\u00fade p\u00fablica.&nbsp;&nbsp;<\/p>\n\n\n\n<p><strong>M\u00e1scara de prote\u00e7\u00e3o e cuidados<\/strong><\/p>\n\n\n\n<p>O setor de costura, respons\u00e1vel pela confec\u00e7\u00e3o de uniformes das crian\u00e7as e jovens que frequentam as unidades, est\u00e1 produzindo m\u00e1scaras. Por dia s\u00e3o fabricadas cerca de 40 itens.&nbsp;<\/p>\n\n\n\n<p>A produ\u00e7\u00e3o desse novo acess\u00f3rio est\u00e1 sendo feito com retalhos de tecidos j\u00e1 existentes na Institui\u00e7\u00e3o. Todos os setores receberam instru\u00e7\u00f5es do Departamento de Recursos Humanos, al\u00e9m de um kit com m\u00e1scaras.<br><\/p>\n\n\n\n<figure class=\"wp-block-image\"><img decoding=\"async\" width=\"500\" height=\"333\" src=\"http:\/\/cephas.org.br\/wp-content\/uploads\/2020\/05\/img_6002.jpg\" alt=\"\" class=\"wp-image-1556\" srcset=\"https:\/\/cephas.org.br\/wp-content\/uploads\/2020\/05\/img_6002.jpg 500w, https:\/\/cephas.org.br\/wp-content\/uploads\/2020\/05\/img_6002-300x200.jpg 300w\" sizes=\"(max-width: 500px) 100vw, 500px\" \/><\/figure>\n\n\n\n<p>A obrigatoriedade do uso de m\u00e1scara na cidade foi regulamentado pela Prefeitura, conforme disposto no Decreto Estadual 64.959, publicado na \u00faltima segunda-feira (4), que estabelece as puni\u00e7\u00f5es em caso de descumprimento.<\/p>\n\n\n\n<p>A Fundhas refor\u00e7a que s\u00f3 o uso exclusivo de m\u00e1scara n\u00e3o impede a infec\u00e7\u00e3o, podendo at\u00e9 dar uma falsa sensa\u00e7\u00e3o de seguran\u00e7a, com neglig\u00eancia de outras formas de prote\u00e7\u00e3o. O seu uso n\u00e3o substitui em hip\u00f3tese alguma todas as outras medidas, como a&nbsp;higieniza\u00e7\u00e3o frequente das m\u00e3os, isolamento social e o n\u00e3o compartilhamento de objetos de uso pessoal.<\/p>\n\n\n\n<p>A Institui\u00e7\u00e3o municipal orienta ainda todos a buscarem informa\u00e7\u00f5es no site e redes oficiais da Prefeitura e nos ve\u00edculos de imprensa, agir com tranquilidade e evitar compartilhar fake news. Fique por dentro das a\u00e7\u00f5es de combate ao coronav\u00edrus em S\u00e3o Jos\u00e9 dos Campos&nbsp;<a rel=\"noreferrer noopener\" href=\"https:\/\/www.sjc.sp.gov.br\/servicos\/saude\/coronavirus\/\" target=\"_blank\">aqui<\/a>.<\/p>\n","protected":false},"excerpt":{"rendered":"<p>Paula PessoaFundhas Durante o per\u00edodo de isolamento social, diversos profissionais da Fundhas (Funda\u00e7\u00e3o H\u00e9lio Augusto de Souza) continuam na ativa no setor administrativo e preparando para o retorno \u00e0s atividades nas Unidades de atendimento de crian\u00e7as e adolescentes e no Cephas (Centro de Educa\u00e7\u00e3o Profissional H\u00e9lio Augusto de Souza), ainda sem data para ocorrer.&nbsp; Nas [&hellip;]<\/p>\n","protected":false},"author":5,"featured_media":0,"comment_status":"open","ping_status":"closed","sticky":false,"template":"","format":"standard","meta":{"_acf_changed":false,"_monsterinsights_skip_tracking":false,"_monsterinsights_sitenote_active":false,"_monsterinsights_sitenote_note":"","_monsterinsights_sitenote_category":0,"footnotes":""},"categories":[1],"tags":[],"class_list":{"0":"post-1554","1":"post","2":"type-post","3":"status-publish","4":"format-standard","6":"category-uncategorized","7":"czr-hentry"},"acf":[],"yoast_head":"<!-- This site is optimized with the Yoast SEO plugin v26.6 - https:\/\/yoast.com\/wordpress\/plugins\/seo\/ -->\n<title>Fundhas distribui m\u00e1scaras e orienta combate ao coronav\u00edrus - CEPHAS<\/title>\n<meta name=\"robots\" content=\"index, follow, max-snippet:-1, max-image-preview:large, max-video-preview:-1\" \/>\n<link rel=\"canonical\" href=\"https:\/\/cephas.org.br\/index.php\/2024\/10\/29\/fundhas-distribui-mascaras-e-orienta-combate-ao-coronavirus\/\" \/>\n<meta property=\"og:locale\" content=\"pt_BR\" \/>\n<meta property=\"og:type\" content=\"article\" \/>\n<meta property=\"og:title\" content=\"Fundhas distribui m\u00e1scaras e orienta combate ao coronav\u00edrus - CEPHAS\" \/>\n<meta property=\"og:description\" content=\"Paula PessoaFundhas Durante o per\u00edodo de isolamento social, diversos profissionais da Fundhas (Funda\u00e7\u00e3o H\u00e9lio Augusto de Souza) continuam na ativa no setor administrativo e preparando para o retorno \u00e0s atividades nas Unidades de atendimento de crian\u00e7as e adolescentes e no Cephas (Centro de Educa\u00e7\u00e3o Profissional H\u00e9lio Augusto de Souza), ainda sem data para ocorrer.&nbsp; Nas [&hellip;]\" \/>\n<meta property=\"og:url\" content=\"https:\/\/cephas.org.br\/index.php\/2024\/10\/29\/fundhas-distribui-mascaras-e-orienta-combate-ao-coronavirus\/\" \/>\n<meta property=\"og:site_name\" content=\"CEPHAS\" \/>\n<meta property=\"article:published_time\" content=\"2024-10-29T15:14:06+00:00\" \/>\n<meta property=\"og:image\" content=\"https:\/\/cephas.org.br\/wp-content\/uploads\/2020\/05\/plano-de-contingencia-corona_fundhas2020-18.jpeg\" \/>\n\t<meta property=\"og:image:width\" content=\"940\" \/>\n\t<meta property=\"og:image:height\" content=\"626\" \/>\n\t<meta property=\"og:image:type\" content=\"image\/jpeg\" \/>\n<meta name=\"author\" content=\"Paula Pessoa\" \/>\n<meta name=\"twitter:card\" content=\"summary_large_image\" \/>\n<meta name=\"twitter:label1\" content=\"Escrito por\" \/>\n\t<meta name=\"twitter:data1\" content=\"Paula Pessoa\" \/>\n\t<meta name=\"twitter:label2\" content=\"Est. tempo de leitura\" \/>\n\t<meta name=\"twitter:data2\" content=\"2 minutos\" \/>\n<script type=\"application\/ld+json\" class=\"yoast-schema-graph\">{\"@context\":\"https:\/\/schema.org\",\"@graph\":[{\"@type\":\"Article\",\"@id\":\"https:\/\/cephas.org.br\/index.php\/2024\/10\/29\/fundhas-distribui-mascaras-e-orienta-combate-ao-coronavirus\/#article\",\"isPartOf\":{\"@id\":\"https:\/\/cephas.org.br\/index.php\/2024\/10\/29\/fundhas-distribui-mascaras-e-orienta-combate-ao-coronavirus\/\"},\"author\":{\"name\":\"Paula Pessoa\",\"@id\":\"https:\/\/cephas.org.br\/#\/schema\/person\/56cd9c87896766b36def2b374da9d5a5\"},\"headline\":\"Fundhas distribui m\u00e1scaras e orienta combate ao coronav\u00edrus\",\"datePublished\":\"2024-10-29T15:14:06+00:00\",\"mainEntityOfPage\":{\"@id\":\"https:\/\/cephas.org.br\/index.php\/2024\/10\/29\/fundhas-distribui-mascaras-e-orienta-combate-ao-coronavirus\/\"},\"wordCount\":500,\"commentCount\":0,\"publisher\":{\"@id\":\"https:\/\/cephas.org.br\/#organization\"},\"image\":{\"@id\":\"https:\/\/cephas.org.br\/index.php\/2024\/10\/29\/fundhas-distribui-mascaras-e-orienta-combate-ao-coronavirus\/#primaryimage\"},\"thumbnailUrl\":\"http:\/\/cephas.org.br\/wp-content\/uploads\/2020\/05\/plano-de-contingencia-corona_fundhas2020-18.jpeg\",\"articleSection\":[\"Uncategorized\"],\"inLanguage\":\"pt-BR\",\"potentialAction\":[{\"@type\":\"CommentAction\",\"name\":\"Comment\",\"target\":[\"https:\/\/cephas.org.br\/index.php\/2024\/10\/29\/fundhas-distribui-mascaras-e-orienta-combate-ao-coronavirus\/#respond\"]}]},{\"@type\":\"WebPage\",\"@id\":\"https:\/\/cephas.org.br\/index.php\/2024\/10\/29\/fundhas-distribui-mascaras-e-orienta-combate-ao-coronavirus\/\",\"url\":\"https:\/\/cephas.org.br\/index.php\/2024\/10\/29\/fundhas-distribui-mascaras-e-orienta-combate-ao-coronavirus\/\",\"name\":\"Fundhas distribui m\u00e1scaras e orienta combate ao coronav\u00edrus - CEPHAS\",\"isPartOf\":{\"@id\":\"https:\/\/cephas.org.br\/#website\"},\"primaryImageOfPage\":{\"@id\":\"https:\/\/cephas.org.br\/index.php\/2024\/10\/29\/fundhas-distribui-mascaras-e-orienta-combate-ao-coronavirus\/#primaryimage\"},\"image\":{\"@id\":\"https:\/\/cephas.org.br\/index.php\/2024\/10\/29\/fundhas-distribui-mascaras-e-orienta-combate-ao-coronavirus\/#primaryimage\"},\"thumbnailUrl\":\"http:\/\/cephas.org.br\/wp-content\/uploads\/2020\/05\/plano-de-contingencia-corona_fundhas2020-18.jpeg\",\"datePublished\":\"2024-10-29T15:14:06+00:00\",\"breadcrumb\":{\"@id\":\"https:\/\/cephas.org.br\/index.php\/2024\/10\/29\/fundhas-distribui-mascaras-e-orienta-combate-ao-coronavirus\/#breadcrumb\"},\"inLanguage\":\"pt-BR\",\"potentialAction\":[{\"@type\":\"ReadAction\",\"target\":[\"https:\/\/cephas.org.br\/index.php\/2024\/10\/29\/fundhas-distribui-mascaras-e-orienta-combate-ao-coronavirus\/\"]}]},{\"@type\":\"ImageObject\",\"inLanguage\":\"pt-BR\",\"@id\":\"https:\/\/cephas.org.br\/index.php\/2024\/10\/29\/fundhas-distribui-mascaras-e-orienta-combate-ao-coronavirus\/#primaryimage\",\"url\":\"http:\/\/cephas.org.br\/wp-content\/uploads\/2020\/05\/plano-de-contingencia-corona_fundhas2020-18.jpeg\",\"contentUrl\":\"http:\/\/cephas.org.br\/wp-content\/uploads\/2020\/05\/plano-de-contingencia-corona_fundhas2020-18.jpeg\"},{\"@type\":\"BreadcrumbList\",\"@id\":\"https:\/\/cephas.org.br\/index.php\/2024\/10\/29\/fundhas-distribui-mascaras-e-orienta-combate-ao-coronavirus\/#breadcrumb\",\"itemListElement\":[{\"@type\":\"ListItem\",\"position\":1,\"name\":\"In\u00edcio\",\"item\":\"https:\/\/cephas.org.br\/\"},{\"@type\":\"ListItem\",\"position\":2,\"name\":\"Fundhas distribui m\u00e1scaras e orienta combate ao coronav\u00edrus\"}]},{\"@type\":\"WebSite\",\"@id\":\"https:\/\/cephas.org.br\/#website\",\"url\":\"https:\/\/cephas.org.br\/\",\"name\":\"CEPHAS\",\"description\":\"\",\"publisher\":{\"@id\":\"https:\/\/cephas.org.br\/#organization\"},\"potentialAction\":[{\"@type\":\"SearchAction\",\"target\":{\"@type\":\"EntryPoint\",\"urlTemplate\":\"https:\/\/cephas.org.br\/?s={search_term_string}\"},\"query-input\":{\"@type\":\"PropertyValueSpecification\",\"valueRequired\":true,\"valueName\":\"search_term_string\"}}],\"inLanguage\":\"pt-BR\"},{\"@type\":\"Organization\",\"@id\":\"https:\/\/cephas.org.br\/#organization\",\"name\":\"CEPHAS\",\"url\":\"https:\/\/cephas.org.br\/\",\"logo\":{\"@type\":\"ImageObject\",\"inLanguage\":\"pt-BR\",\"@id\":\"https:\/\/cephas.org.br\/#\/schema\/logo\/image\/\",\"url\":\"https:\/\/cephas.org.br\/wp-content\/uploads\/2023\/10\/cropped-Assinaturas_CephasFundhas_Pref_Novo-10_Cor-small.png\",\"contentUrl\":\"https:\/\/cephas.org.br\/wp-content\/uploads\/2023\/10\/cropped-Assinaturas_CephasFundhas_Pref_Novo-10_Cor-small.png\",\"width\":812,\"height\":90,\"caption\":\"CEPHAS\"},\"image\":{\"@id\":\"https:\/\/cephas.org.br\/#\/schema\/logo\/image\/\"}},{\"@type\":\"Person\",\"@id\":\"https:\/\/cephas.org.br\/#\/schema\/person\/56cd9c87896766b36def2b374da9d5a5\",\"name\":\"Paula Pessoa\",\"image\":{\"@type\":\"ImageObject\",\"inLanguage\":\"pt-BR\",\"@id\":\"https:\/\/cephas.org.br\/#\/schema\/person\/image\/\",\"url\":\"https:\/\/secure.gravatar.com\/avatar\/aa07a1e411a8ccd21e95a2d5a445e5f80750514ff5e66ba8645ff79e0c59a8af?s=96&d=mm&r=g\",\"contentUrl\":\"https:\/\/secure.gravatar.com\/avatar\/aa07a1e411a8ccd21e95a2d5a445e5f80750514ff5e66ba8645ff79e0c59a8af?s=96&d=mm&r=g\",\"caption\":\"Paula Pessoa\"},\"url\":\"https:\/\/cephas.org.br\/index.php\/author\/paula-pessoa\/\"}]}<\/script>\n<!-- \/ Yoast SEO plugin. -->","yoast_head_json":{"title":"Fundhas distribui m\u00e1scaras e orienta combate ao coronav\u00edrus - CEPHAS","robots":{"index":"index","follow":"follow","max-snippet":"max-snippet:-1","max-image-preview":"max-image-preview:large","max-video-preview":"max-video-preview:-1"},"canonical":"https:\/\/cephas.org.br\/index.php\/2024\/10\/29\/fundhas-distribui-mascaras-e-orienta-combate-ao-coronavirus\/","og_locale":"pt_BR","og_type":"article","og_title":"Fundhas distribui m\u00e1scaras e orienta combate ao coronav\u00edrus - CEPHAS","og_description":"Paula PessoaFundhas Durante o per\u00edodo de isolamento social, diversos profissionais da Fundhas (Funda\u00e7\u00e3o H\u00e9lio Augusto de Souza) continuam na ativa no setor administrativo e preparando para o retorno \u00e0s atividades nas Unidades de atendimento de crian\u00e7as e adolescentes e no Cephas (Centro de Educa\u00e7\u00e3o Profissional H\u00e9lio Augusto de Souza), ainda sem data para ocorrer.&nbsp; Nas [&hellip;]","og_url":"https:\/\/cephas.org.br\/index.php\/2024\/10\/29\/fundhas-distribui-mascaras-e-orienta-combate-ao-coronavirus\/","og_site_name":"CEPHAS","article_published_time":"2024-10-29T15:14:06+00:00","og_image":[{"width":940,"height":626,"url":"https:\/\/cephas.org.br\/wp-content\/uploads\/2020\/05\/plano-de-contingencia-corona_fundhas2020-18.jpeg","type":"image\/jpeg"}],"author":"Paula Pessoa","twitter_card":"summary_large_image","twitter_misc":{"Escrito por":"Paula Pessoa","Est. tempo de leitura":"2 minutos"},"schema":{"@context":"https:\/\/schema.org","@graph":[{"@type":"Article","@id":"https:\/\/cephas.org.br\/index.php\/2024\/10\/29\/fundhas-distribui-mascaras-e-orienta-combate-ao-coronavirus\/#article","isPartOf":{"@id":"https:\/\/cephas.org.br\/index.php\/2024\/10\/29\/fundhas-distribui-mascaras-e-orienta-combate-ao-coronavirus\/"},"author":{"name":"Paula Pessoa","@id":"https:\/\/cephas.org.br\/#\/schema\/person\/56cd9c87896766b36def2b374da9d5a5"},"headline":"Fundhas distribui m\u00e1scaras e orienta combate ao coronav\u00edrus","datePublished":"2024-10-29T15:14:06+00:00","mainEntityOfPage":{"@id":"https:\/\/cephas.org.br\/index.php\/2024\/10\/29\/fundhas-distribui-mascaras-e-orienta-combate-ao-coronavirus\/"},"wordCount":500,"commentCount":0,"publisher":{"@id":"https:\/\/cephas.org.br\/#organization"},"image":{"@id":"https:\/\/cephas.org.br\/index.php\/2024\/10\/29\/fundhas-distribui-mascaras-e-orienta-combate-ao-coronavirus\/#primaryimage"},"thumbnailUrl":"http:\/\/cephas.org.br\/wp-content\/uploads\/2020\/05\/plano-de-contingencia-corona_fundhas2020-18.jpeg","articleSection":["Uncategorized"],"inLanguage":"pt-BR","potentialAction":[{"@type":"CommentAction","name":"Comment","target":["https:\/\/cephas.org.br\/index.php\/2024\/10\/29\/fundhas-distribui-mascaras-e-orienta-combate-ao-coronavirus\/#respond"]}]},{"@type":"WebPage","@id":"https:\/\/cephas.org.br\/index.php\/2024\/10\/29\/fundhas-distribui-mascaras-e-orienta-combate-ao-coronavirus\/","url":"https:\/\/cephas.org.br\/index.php\/2024\/10\/29\/fundhas-distribui-mascaras-e-orienta-combate-ao-coronavirus\/","name":"Fundhas distribui m\u00e1scaras e orienta combate ao coronav\u00edrus - CEPHAS","isPartOf":{"@id":"https:\/\/cephas.org.br\/#website"},"primaryImageOfPage":{"@id":"https:\/\/cephas.org.br\/index.php\/2024\/10\/29\/fundhas-distribui-mascaras-e-orienta-combate-ao-coronavirus\/#primaryimage"},"image":{"@id":"https:\/\/cephas.org.br\/index.php\/2024\/10\/29\/fundhas-distribui-mascaras-e-orienta-combate-ao-coronavirus\/#primaryimage"},"thumbnailUrl":"http:\/\/cephas.org.br\/wp-content\/uploads\/2020\/05\/plano-de-contingencia-corona_fundhas2020-18.jpeg","datePublished":"2024-10-29T15:14:06+00:00","breadcrumb":{"@id":"https:\/\/cephas.org.br\/index.php\/2024\/10\/29\/fundhas-distribui-mascaras-e-orienta-combate-ao-coronavirus\/#breadcrumb"},"inLanguage":"pt-BR","potentialAction":[{"@type":"ReadAction","target":["https:\/\/cephas.org.br\/index.php\/2024\/10\/29\/fundhas-distribui-mascaras-e-orienta-combate-ao-coronavirus\/"]}]},{"@type":"ImageObject","inLanguage":"pt-BR","@id":"https:\/\/cephas.org.br\/index.php\/2024\/10\/29\/fundhas-distribui-mascaras-e-orienta-combate-ao-coronavirus\/#primaryimage","url":"http:\/\/cephas.org.br\/wp-content\/uploads\/2020\/05\/plano-de-contingencia-corona_fundhas2020-18.jpeg","contentUrl":"http:\/\/cephas.org.br\/wp-content\/uploads\/2020\/05\/plano-de-contingencia-corona_fundhas2020-18.jpeg"},{"@type":"BreadcrumbList","@id":"https:\/\/cephas.org.br\/index.php\/2024\/10\/29\/fundhas-distribui-mascaras-e-orienta-combate-ao-coronavirus\/#breadcrumb","itemListElement":[{"@type":"ListItem","position":1,"name":"In\u00edcio","item":"https:\/\/cephas.org.br\/"},{"@type":"ListItem","position":2,"name":"Fundhas distribui m\u00e1scaras e orienta combate ao coronav\u00edrus"}]},{"@type":"WebSite","@id":"https:\/\/cephas.org.br\/#website","url":"https:\/\/cephas.org.br\/","name":"CEPHAS","description":"","publisher":{"@id":"https:\/\/cephas.org.br\/#organization"},"potentialAction":[{"@type":"SearchAction","target":{"@type":"EntryPoint","urlTemplate":"https:\/\/cephas.org.br\/?s={search_term_string}"},"query-input":{"@type":"PropertyValueSpecification","valueRequired":true,"valueName":"search_term_string"}}],"inLanguage":"pt-BR"},{"@type":"Organization","@id":"https:\/\/cephas.org.br\/#organization","name":"CEPHAS","url":"https:\/\/cephas.org.br\/","logo":{"@type":"ImageObject","inLanguage":"pt-BR","@id":"https:\/\/cephas.org.br\/#\/schema\/logo\/image\/","url":"https:\/\/cephas.org.br\/wp-content\/uploads\/2023\/10\/cropped-Assinaturas_CephasFundhas_Pref_Novo-10_Cor-small.png","contentUrl":"https:\/\/cephas.org.br\/wp-content\/uploads\/2023\/10\/cropped-Assinaturas_CephasFundhas_Pref_Novo-10_Cor-small.png","width":812,"height":90,"caption":"CEPHAS"},"image":{"@id":"https:\/\/cephas.org.br\/#\/schema\/logo\/image\/"}},{"@type":"Person","@id":"https:\/\/cephas.org.br\/#\/schema\/person\/56cd9c87896766b36def2b374da9d5a5","name":"Paula Pessoa","image":{"@type":"ImageObject","inLanguage":"pt-BR","@id":"https:\/\/cephas.org.br\/#\/schema\/person\/image\/","url":"https:\/\/secure.gravatar.com\/avatar\/aa07a1e411a8ccd21e95a2d5a445e5f80750514ff5e66ba8645ff79e0c59a8af?s=96&d=mm&r=g","contentUrl":"https:\/\/secure.gravatar.com\/avatar\/aa07a1e411a8ccd21e95a2d5a445e5f80750514ff5e66ba8645ff79e0c59a8af?s=96&d=mm&r=g","caption":"Paula Pessoa"},"url":"https:\/\/cephas.org.br\/index.php\/author\/paula-pessoa\/"}]}},"_links":{"self":[{"href":"https:\/\/cephas.org.br\/index.php\/wp-json\/wp\/v2\/posts\/1554","targetHints":{"allow":["GET"]}}],"collection":[{"href":"https:\/\/cephas.org.br\/index.php\/wp-json\/wp\/v2\/posts"}],"about":[{"href":"https:\/\/cephas.org.br\/index.php\/wp-json\/wp\/v2\/types\/post"}],"author":[{"embeddable":true,"href":"https:\/\/cephas.org.br\/index.php\/wp-json\/wp\/v2\/users\/5"}],"replies":[{"embeddable":true,"href":"https:\/\/cephas.org.br\/index.php\/wp-json\/wp\/v2\/comments?post=1554"}],"version-history":[{"count":1,"href":"https:\/\/cephas.org.br\/index.php\/wp-json\/wp\/v2\/posts\/1554\/revisions"}],"predecessor-version":[{"id":1557,"href":"https:\/\/cephas.org.br\/index.php\/wp-json\/wp\/v2\/posts\/1554\/revisions\/1557"}],"wp:attachment":[{"href":"https:\/\/cephas.org.br\/index.php\/wp-json\/wp\/v2\/media?parent=1554"}],"wp:term":[{"taxonomy":"category","embeddable":true,"href":"https:\/\/cephas.org.br\/index.php\/wp-json\/wp\/v2\/categories?post=1554"},{"taxonomy":"post_tag","embeddable":true,"href":"https:\/\/cephas.org.br\/index.php\/wp-json\/wp\/v2\/tags?post=1554"}],"curies":[{"name":"wp","href":"https:\/\/api.w.org\/{rel}","templated":true}]}}