{"id":1196,"date":"2024-10-29T12:14:32","date_gmt":"2024-10-29T15:14:32","guid":{"rendered":"http:\/\/cephas.org.br\/?p=1196"},"modified":"2024-10-29T12:14:32","modified_gmt":"2024-10-29T15:14:32","slug":"sao-jose-recebe-expo-ciee-a-partir-desta-sexta","status":"publish","type":"post","link":"https:\/\/cephas.org.br\/index.php\/2024\/10\/29\/sao-jose-recebe-expo-ciee-a-partir-desta-sexta\/","title":{"rendered":"S\u00e3o Jos\u00e9 recebe Expo Ciee a partir desta sexta"},"content":{"rendered":"\n<figure class=\"wp-block-image\"><img fetchpriority=\"high\" decoding=\"async\" width=\"940\" height=\"626\" src=\"http:\/\/cephas.org.br\/wp-content\/uploads\/2019\/11\/S\u00e3o-Jos\u00e9-recebe-Expo-Ciee-a-partir-desta-sexta.jpg\" alt=\"\" class=\"wp-image-1197\" srcset=\"https:\/\/cephas.org.br\/wp-content\/uploads\/2019\/11\/S\u00e3o-Jos\u00e9-recebe-Expo-Ciee-a-partir-desta-sexta.jpg 940w, https:\/\/cephas.org.br\/wp-content\/uploads\/2019\/11\/S\u00e3o-Jos\u00e9-recebe-Expo-Ciee-a-partir-desta-sexta-300x200.jpg 300w, https:\/\/cephas.org.br\/wp-content\/uploads\/2019\/11\/S\u00e3o-Jos\u00e9-recebe-Expo-Ciee-a-partir-desta-sexta-768x511.jpg 768w\" sizes=\"(max-width: 940px) 100vw, 940px\" \/><\/figure>\n\n\n\n<p>A Prefeitura de S\u00e3o Jos\u00e9 dos Campos participa nesta sexta-feira e neste s\u00e1bado (dias 27 e 28) da Expo Ciee (Centro Integra\u00e7\u00e3o Empresa-Escola). O evento re\u00fane institui\u00e7\u00f5es de ensino e empresas e \u00e9 voltado ao p\u00fablico jovem que busca oportunidades de est\u00e1gio.<\/p>\n\n\n\n<p>A feira tem entrada gratuita e acontece no Cefe (Centro de Forma\u00e7\u00e3o do Educador), junto ao Parque da Cidade (regi\u00e3o norte), das 10h \u00e0s 18h, com oferta de vagas de est\u00e1gio, arena de games, palestras e estandes informativos.<\/p>\n\n\n\n<p>A Prefeitura ter\u00e1 um estande institucional na expo. No local estar\u00e3o presentes setores como o Conex\u00e3o Juventude, da Secretaria de Esporte e Qualidade de Vida, Secretaria de Gest\u00e3o Administrativa e Finan\u00e7as, Cephas (Centro de Educa\u00e7\u00e3o Profissional H\u00e9lio Augusto de Souza) e Fundhas (Funda\u00e7\u00e3o H\u00e9lio Augusto de Souza).<\/p>\n\n\n\n<p>O p\u00fablico poder\u00e1 tirar d\u00favidas sobre o est\u00e1gio na \u00e1rea p\u00fablica, receber informa\u00e7\u00f5es sobre os servi\u00e7os voltados aos jovens no munic\u00edpio e fazer testes r\u00e1pidos de sa\u00fade. Interessados podem se inscrever no&nbsp;<a rel=\"noreferrer noopener\" href=\"http:\/\/www.expociee.com.br\/saojosedoscampos\/expo-ciee-sjc-reune-oportunidades-e-servicos\/#inscricoes\" target=\"_blank\">link<\/a>.&nbsp;<\/p>\n\n\n\n<p><strong>Contrata\u00e7\u00f5es no setor p\u00fablico<\/strong><\/p>\n\n\n\n<p>De acordo com o Ciee, a Prefeitura de S\u00e3o Jos\u00e9 est\u00e1 entre as que mais contrata estagi\u00e1rios no setor p\u00fablico, no estado de S\u00e3o Paulo. A administra\u00e7\u00e3o mant\u00e9m, em m\u00e9dia, cerca de 1.500 estagi\u00e1rios nos setores municipais. Um destaque \u00e9 a Secretaria de Educa\u00e7\u00e3o e Cidadania, que conta com cerca de 1.200 estagi\u00e1rios na \u00e1rea de Pedagogia.<\/p>\n\n\n\n<p><strong>Feira estudantil<\/strong><\/p>\n\n\n\n<p>Segundo os organizadores, a Expo Ciee \u00e9 a maior feira estudantil da Am\u00e9rica Latina focada na educa\u00e7\u00e3o, capacita\u00e7\u00e3o, orienta\u00e7\u00e3o e direcionamento profissional do p\u00fablico jovem.<\/p>\n\n\n\n<p>O objetivo \u00e9 promover em \u00fanico espa\u00e7o um encontro entre empresas e institui\u00e7\u00f5es de ensino, que visam a juventude brasileira como o futuro do pa\u00eds, proporcionando a troca de informa\u00e7\u00f5es que direcionam e ampliam a vis\u00e3o dos jovens acerca da forma\u00e7\u00e3o e do crescimento profissional.<\/p>\n\n\n\n<p>Al\u00e9m de S\u00e3o Jos\u00e9 dos Campos, as cidades de Fortaleza e Sorocaba tamb\u00e9m recebem edi\u00e7\u00f5es da feira.<\/p>\n","protected":false},"excerpt":{"rendered":"<p>A Prefeitura de S\u00e3o Jos\u00e9 dos Campos participa nesta sexta-feira e neste s\u00e1bado (dias 27 e 28) da Expo Ciee (Centro Integra\u00e7\u00e3o Empresa-Escola). O evento re\u00fane institui\u00e7\u00f5es de ensino e empresas e \u00e9 voltado ao p\u00fablico jovem que busca oportunidades de est\u00e1gio. A feira tem entrada gratuita e acontece no Cefe (Centro de Forma\u00e7\u00e3o do [&hellip;]<\/p>\n","protected":false},"author":5,"featured_media":0,"comment_status":"open","ping_status":"closed","sticky":false,"template":"","format":"standard","meta":{"_acf_changed":false,"_monsterinsights_skip_tracking":false,"_monsterinsights_sitenote_active":false,"_monsterinsights_sitenote_note":"","_monsterinsights_sitenote_category":0,"footnotes":""},"categories":[1],"tags":[],"class_list":{"0":"post-1196","1":"post","2":"type-post","3":"status-publish","4":"format-standard","6":"category-uncategorized","7":"czr-hentry"},"acf":[],"yoast_head":"<!-- This site is optimized with the Yoast SEO plugin v26.6 - https:\/\/yoast.com\/wordpress\/plugins\/seo\/ -->\n<title>S\u00e3o Jos\u00e9 recebe Expo Ciee a partir desta sexta - CEPHAS<\/title>\n<meta name=\"robots\" content=\"index, follow, max-snippet:-1, max-image-preview:large, max-video-preview:-1\" \/>\n<link rel=\"canonical\" href=\"https:\/\/cephas.org.br\/index.php\/2024\/10\/29\/sao-jose-recebe-expo-ciee-a-partir-desta-sexta\/\" \/>\n<meta property=\"og:locale\" content=\"pt_BR\" \/>\n<meta property=\"og:type\" content=\"article\" \/>\n<meta property=\"og:title\" content=\"S\u00e3o Jos\u00e9 recebe Expo Ciee a partir desta sexta - CEPHAS\" \/>\n<meta property=\"og:description\" content=\"A Prefeitura de S\u00e3o Jos\u00e9 dos Campos participa nesta sexta-feira e neste s\u00e1bado (dias 27 e 28) da Expo Ciee (Centro Integra\u00e7\u00e3o Empresa-Escola). O evento re\u00fane institui\u00e7\u00f5es de ensino e empresas e \u00e9 voltado ao p\u00fablico jovem que busca oportunidades de est\u00e1gio. A feira tem entrada gratuita e acontece no Cefe (Centro de Forma\u00e7\u00e3o do [&hellip;]\" \/>\n<meta property=\"og:url\" content=\"https:\/\/cephas.org.br\/index.php\/2024\/10\/29\/sao-jose-recebe-expo-ciee-a-partir-desta-sexta\/\" \/>\n<meta property=\"og:site_name\" content=\"CEPHAS\" \/>\n<meta property=\"article:published_time\" content=\"2024-10-29T15:14:32+00:00\" \/>\n<meta name=\"author\" content=\"Paula Pessoa\" \/>\n<meta name=\"twitter:card\" content=\"summary_large_image\" \/>\n<meta name=\"twitter:label1\" content=\"Escrito por\" \/>\n\t<meta name=\"twitter:data1\" content=\"Paula Pessoa\" \/>\n\t<meta name=\"twitter:label2\" content=\"Est. tempo de leitura\" \/>\n\t<meta name=\"twitter:data2\" content=\"2 minutos\" \/>\n<script type=\"application\/ld+json\" class=\"yoast-schema-graph\">{\"@context\":\"https:\/\/schema.org\",\"@graph\":[{\"@type\":\"Article\",\"@id\":\"https:\/\/cephas.org.br\/index.php\/2024\/10\/29\/sao-jose-recebe-expo-ciee-a-partir-desta-sexta\/#article\",\"isPartOf\":{\"@id\":\"https:\/\/cephas.org.br\/index.php\/2024\/10\/29\/sao-jose-recebe-expo-ciee-a-partir-desta-sexta\/\"},\"author\":{\"name\":\"Paula Pessoa\",\"@id\":\"https:\/\/cephas.org.br\/#\/schema\/person\/56cd9c87896766b36def2b374da9d5a5\"},\"headline\":\"S\u00e3o Jos\u00e9 recebe Expo Ciee a partir desta sexta\",\"datePublished\":\"2024-10-29T15:14:32+00:00\",\"mainEntityOfPage\":{\"@id\":\"https:\/\/cephas.org.br\/index.php\/2024\/10\/29\/sao-jose-recebe-expo-ciee-a-partir-desta-sexta\/\"},\"wordCount\":368,\"commentCount\":0,\"publisher\":{\"@id\":\"https:\/\/cephas.org.br\/#organization\"},\"articleSection\":[\"Uncategorized\"],\"inLanguage\":\"pt-BR\",\"potentialAction\":[{\"@type\":\"CommentAction\",\"name\":\"Comment\",\"target\":[\"https:\/\/cephas.org.br\/index.php\/2024\/10\/29\/sao-jose-recebe-expo-ciee-a-partir-desta-sexta\/#respond\"]}]},{\"@type\":\"WebPage\",\"@id\":\"https:\/\/cephas.org.br\/index.php\/2024\/10\/29\/sao-jose-recebe-expo-ciee-a-partir-desta-sexta\/\",\"url\":\"https:\/\/cephas.org.br\/index.php\/2024\/10\/29\/sao-jose-recebe-expo-ciee-a-partir-desta-sexta\/\",\"name\":\"S\u00e3o Jos\u00e9 recebe Expo Ciee a partir desta sexta - CEPHAS\",\"isPartOf\":{\"@id\":\"https:\/\/cephas.org.br\/#website\"},\"datePublished\":\"2024-10-29T15:14:32+00:00\",\"breadcrumb\":{\"@id\":\"https:\/\/cephas.org.br\/index.php\/2024\/10\/29\/sao-jose-recebe-expo-ciee-a-partir-desta-sexta\/#breadcrumb\"},\"inLanguage\":\"pt-BR\",\"potentialAction\":[{\"@type\":\"ReadAction\",\"target\":[\"https:\/\/cephas.org.br\/index.php\/2024\/10\/29\/sao-jose-recebe-expo-ciee-a-partir-desta-sexta\/\"]}]},{\"@type\":\"BreadcrumbList\",\"@id\":\"https:\/\/cephas.org.br\/index.php\/2024\/10\/29\/sao-jose-recebe-expo-ciee-a-partir-desta-sexta\/#breadcrumb\",\"itemListElement\":[{\"@type\":\"ListItem\",\"position\":1,\"name\":\"In\u00edcio\",\"item\":\"https:\/\/cephas.org.br\/\"},{\"@type\":\"ListItem\",\"position\":2,\"name\":\"S\u00e3o Jos\u00e9 recebe Expo Ciee a partir desta sexta\"}]},{\"@type\":\"WebSite\",\"@id\":\"https:\/\/cephas.org.br\/#website\",\"url\":\"https:\/\/cephas.org.br\/\",\"name\":\"CEPHAS\",\"description\":\"\",\"publisher\":{\"@id\":\"https:\/\/cephas.org.br\/#organization\"},\"potentialAction\":[{\"@type\":\"SearchAction\",\"target\":{\"@type\":\"EntryPoint\",\"urlTemplate\":\"https:\/\/cephas.org.br\/?s={search_term_string}\"},\"query-input\":{\"@type\":\"PropertyValueSpecification\",\"valueRequired\":true,\"valueName\":\"search_term_string\"}}],\"inLanguage\":\"pt-BR\"},{\"@type\":\"Organization\",\"@id\":\"https:\/\/cephas.org.br\/#organization\",\"name\":\"CEPHAS\",\"url\":\"https:\/\/cephas.org.br\/\",\"logo\":{\"@type\":\"ImageObject\",\"inLanguage\":\"pt-BR\",\"@id\":\"https:\/\/cephas.org.br\/#\/schema\/logo\/image\/\",\"url\":\"https:\/\/cephas.org.br\/wp-content\/uploads\/2023\/10\/cropped-Assinaturas_CephasFundhas_Pref_Novo-10_Cor-small.png\",\"contentUrl\":\"https:\/\/cephas.org.br\/wp-content\/uploads\/2023\/10\/cropped-Assinaturas_CephasFundhas_Pref_Novo-10_Cor-small.png\",\"width\":812,\"height\":90,\"caption\":\"CEPHAS\"},\"image\":{\"@id\":\"https:\/\/cephas.org.br\/#\/schema\/logo\/image\/\"}},{\"@type\":\"Person\",\"@id\":\"https:\/\/cephas.org.br\/#\/schema\/person\/56cd9c87896766b36def2b374da9d5a5\",\"name\":\"Paula Pessoa\",\"image\":{\"@type\":\"ImageObject\",\"inLanguage\":\"pt-BR\",\"@id\":\"https:\/\/cephas.org.br\/#\/schema\/person\/image\/\",\"url\":\"https:\/\/secure.gravatar.com\/avatar\/aa07a1e411a8ccd21e95a2d5a445e5f80750514ff5e66ba8645ff79e0c59a8af?s=96&d=mm&r=g\",\"contentUrl\":\"https:\/\/secure.gravatar.com\/avatar\/aa07a1e411a8ccd21e95a2d5a445e5f80750514ff5e66ba8645ff79e0c59a8af?s=96&d=mm&r=g\",\"caption\":\"Paula Pessoa\"},\"url\":\"https:\/\/cephas.org.br\/index.php\/author\/paula-pessoa\/\"}]}<\/script>\n<!-- \/ Yoast SEO plugin. -->","yoast_head_json":{"title":"S\u00e3o Jos\u00e9 recebe Expo Ciee a partir desta sexta - CEPHAS","robots":{"index":"index","follow":"follow","max-snippet":"max-snippet:-1","max-image-preview":"max-image-preview:large","max-video-preview":"max-video-preview:-1"},"canonical":"https:\/\/cephas.org.br\/index.php\/2024\/10\/29\/sao-jose-recebe-expo-ciee-a-partir-desta-sexta\/","og_locale":"pt_BR","og_type":"article","og_title":"S\u00e3o Jos\u00e9 recebe Expo Ciee a partir desta sexta - CEPHAS","og_description":"A Prefeitura de S\u00e3o Jos\u00e9 dos Campos participa nesta sexta-feira e neste s\u00e1bado (dias 27 e 28) da Expo Ciee (Centro Integra\u00e7\u00e3o Empresa-Escola). O evento re\u00fane institui\u00e7\u00f5es de ensino e empresas e \u00e9 voltado ao p\u00fablico jovem que busca oportunidades de est\u00e1gio. A feira tem entrada gratuita e acontece no Cefe (Centro de Forma\u00e7\u00e3o do [&hellip;]","og_url":"https:\/\/cephas.org.br\/index.php\/2024\/10\/29\/sao-jose-recebe-expo-ciee-a-partir-desta-sexta\/","og_site_name":"CEPHAS","article_published_time":"2024-10-29T15:14:32+00:00","author":"Paula Pessoa","twitter_card":"summary_large_image","twitter_misc":{"Escrito por":"Paula Pessoa","Est. tempo de leitura":"2 minutos"},"schema":{"@context":"https:\/\/schema.org","@graph":[{"@type":"Article","@id":"https:\/\/cephas.org.br\/index.php\/2024\/10\/29\/sao-jose-recebe-expo-ciee-a-partir-desta-sexta\/#article","isPartOf":{"@id":"https:\/\/cephas.org.br\/index.php\/2024\/10\/29\/sao-jose-recebe-expo-ciee-a-partir-desta-sexta\/"},"author":{"name":"Paula Pessoa","@id":"https:\/\/cephas.org.br\/#\/schema\/person\/56cd9c87896766b36def2b374da9d5a5"},"headline":"S\u00e3o Jos\u00e9 recebe Expo Ciee a partir desta sexta","datePublished":"2024-10-29T15:14:32+00:00","mainEntityOfPage":{"@id":"https:\/\/cephas.org.br\/index.php\/2024\/10\/29\/sao-jose-recebe-expo-ciee-a-partir-desta-sexta\/"},"wordCount":368,"commentCount":0,"publisher":{"@id":"https:\/\/cephas.org.br\/#organization"},"articleSection":["Uncategorized"],"inLanguage":"pt-BR","potentialAction":[{"@type":"CommentAction","name":"Comment","target":["https:\/\/cephas.org.br\/index.php\/2024\/10\/29\/sao-jose-recebe-expo-ciee-a-partir-desta-sexta\/#respond"]}]},{"@type":"WebPage","@id":"https:\/\/cephas.org.br\/index.php\/2024\/10\/29\/sao-jose-recebe-expo-ciee-a-partir-desta-sexta\/","url":"https:\/\/cephas.org.br\/index.php\/2024\/10\/29\/sao-jose-recebe-expo-ciee-a-partir-desta-sexta\/","name":"S\u00e3o Jos\u00e9 recebe Expo Ciee a partir desta sexta - CEPHAS","isPartOf":{"@id":"https:\/\/cephas.org.br\/#website"},"datePublished":"2024-10-29T15:14:32+00:00","breadcrumb":{"@id":"https:\/\/cephas.org.br\/index.php\/2024\/10\/29\/sao-jose-recebe-expo-ciee-a-partir-desta-sexta\/#breadcrumb"},"inLanguage":"pt-BR","potentialAction":[{"@type":"ReadAction","target":["https:\/\/cephas.org.br\/index.php\/2024\/10\/29\/sao-jose-recebe-expo-ciee-a-partir-desta-sexta\/"]}]},{"@type":"BreadcrumbList","@id":"https:\/\/cephas.org.br\/index.php\/2024\/10\/29\/sao-jose-recebe-expo-ciee-a-partir-desta-sexta\/#breadcrumb","itemListElement":[{"@type":"ListItem","position":1,"name":"In\u00edcio","item":"https:\/\/cephas.org.br\/"},{"@type":"ListItem","position":2,"name":"S\u00e3o Jos\u00e9 recebe Expo Ciee a partir desta sexta"}]},{"@type":"WebSite","@id":"https:\/\/cephas.org.br\/#website","url":"https:\/\/cephas.org.br\/","name":"CEPHAS","description":"","publisher":{"@id":"https:\/\/cephas.org.br\/#organization"},"potentialAction":[{"@type":"SearchAction","target":{"@type":"EntryPoint","urlTemplate":"https:\/\/cephas.org.br\/?s={search_term_string}"},"query-input":{"@type":"PropertyValueSpecification","valueRequired":true,"valueName":"search_term_string"}}],"inLanguage":"pt-BR"},{"@type":"Organization","@id":"https:\/\/cephas.org.br\/#organization","name":"CEPHAS","url":"https:\/\/cephas.org.br\/","logo":{"@type":"ImageObject","inLanguage":"pt-BR","@id":"https:\/\/cephas.org.br\/#\/schema\/logo\/image\/","url":"https:\/\/cephas.org.br\/wp-content\/uploads\/2023\/10\/cropped-Assinaturas_CephasFundhas_Pref_Novo-10_Cor-small.png","contentUrl":"https:\/\/cephas.org.br\/wp-content\/uploads\/2023\/10\/cropped-Assinaturas_CephasFundhas_Pref_Novo-10_Cor-small.png","width":812,"height":90,"caption":"CEPHAS"},"image":{"@id":"https:\/\/cephas.org.br\/#\/schema\/logo\/image\/"}},{"@type":"Person","@id":"https:\/\/cephas.org.br\/#\/schema\/person\/56cd9c87896766b36def2b374da9d5a5","name":"Paula Pessoa","image":{"@type":"ImageObject","inLanguage":"pt-BR","@id":"https:\/\/cephas.org.br\/#\/schema\/person\/image\/","url":"https:\/\/secure.gravatar.com\/avatar\/aa07a1e411a8ccd21e95a2d5a445e5f80750514ff5e66ba8645ff79e0c59a8af?s=96&d=mm&r=g","contentUrl":"https:\/\/secure.gravatar.com\/avatar\/aa07a1e411a8ccd21e95a2d5a445e5f80750514ff5e66ba8645ff79e0c59a8af?s=96&d=mm&r=g","caption":"Paula Pessoa"},"url":"https:\/\/cephas.org.br\/index.php\/author\/paula-pessoa\/"}]}},"_links":{"self":[{"href":"https:\/\/cephas.org.br\/index.php\/wp-json\/wp\/v2\/posts\/1196","targetHints":{"allow":["GET"]}}],"collection":[{"href":"https:\/\/cephas.org.br\/index.php\/wp-json\/wp\/v2\/posts"}],"about":[{"href":"https:\/\/cephas.org.br\/index.php\/wp-json\/wp\/v2\/types\/post"}],"author":[{"embeddable":true,"href":"https:\/\/cephas.org.br\/index.php\/wp-json\/wp\/v2\/users\/5"}],"replies":[{"embeddable":true,"href":"https:\/\/cephas.org.br\/index.php\/wp-json\/wp\/v2\/comments?post=1196"}],"version-history":[{"count":1,"href":"https:\/\/cephas.org.br\/index.php\/wp-json\/wp\/v2\/posts\/1196\/revisions"}],"predecessor-version":[{"id":1198,"href":"https:\/\/cephas.org.br\/index.php\/wp-json\/wp\/v2\/posts\/1196\/revisions\/1198"}],"wp:attachment":[{"href":"https:\/\/cephas.org.br\/index.php\/wp-json\/wp\/v2\/media?parent=1196"}],"wp:term":[{"taxonomy":"category","embeddable":true,"href":"https:\/\/cephas.org.br\/index.php\/wp-json\/wp\/v2\/categories?post=1196"},{"taxonomy":"post_tag","embeddable":true,"href":"https:\/\/cephas.org.br\/index.php\/wp-json\/wp\/v2\/tags?post=1196"}],"curies":[{"name":"wp","href":"https:\/\/api.w.org\/{rel}","templated":true}]}}