{"id":1105,"date":"2024-10-29T12:14:44","date_gmt":"2024-10-29T15:14:44","guid":{"rendered":"http:\/\/cephas.org.br\/?p=1105"},"modified":"2024-10-29T12:14:44","modified_gmt":"2024-10-29T15:14:44","slug":"fundhas-estreita-relacionamento-com-familias-de-atendidos","status":"publish","type":"post","link":"https:\/\/cephas.org.br\/index.php\/2024\/10\/29\/fundhas-estreita-relacionamento-com-familias-de-atendidos\/","title":{"rendered":"Fundhas estreita relacionamento com fam\u00edlias de atendidos"},"content":{"rendered":"\n<figure class=\"wp-block-image\"><img fetchpriority=\"high\" decoding=\"async\" width=\"940\" height=\"626\" src=\"http:\/\/cephas.org.br\/wp-content\/uploads\/2019\/11\/Fundhas-estreita-relacionamento-com-fam\u00edlias-de-atendidos.jpeg\" alt=\"\" class=\"wp-image-1106\" srcset=\"https:\/\/cephas.org.br\/wp-content\/uploads\/2019\/11\/Fundhas-estreita-relacionamento-com-fam\u00edlias-de-atendidos.jpeg 940w, https:\/\/cephas.org.br\/wp-content\/uploads\/2019\/11\/Fundhas-estreita-relacionamento-com-fam\u00edlias-de-atendidos-300x200.jpeg 300w, https:\/\/cephas.org.br\/wp-content\/uploads\/2019\/11\/Fundhas-estreita-relacionamento-com-fam\u00edlias-de-atendidos-768x511.jpeg 768w\" sizes=\"(max-width: 940px) 100vw, 940px\" \/><\/figure>\n\n\n\n<p>A Fundhas (Funda\u00e7\u00e3o H\u00e9lio Augusto de Souza) realiza diversas a\u00e7\u00f5es para manter a qualidade dos trabalhos oferecidos \u00e0s crian\u00e7as e aos adolescentes atendidos e refor\u00e7ar a parceria com familiares e respons\u00e1veis. Entre as a\u00e7\u00f5es realizadas, h\u00e1 visitas e passeios com os familiares a fim de ampliar repert\u00f3rio cultural e estreitar la\u00e7os.<\/p>\n\n\n\n<p>Nesta quarta-feira (14), um grupo de m\u00e3es de alunos foi a Campos do Jord\u00e3o com a equipe de Servi\u00e7o Social da Unidade Karla Pryscila Nunes de Oliveira. Durante o dia, o grupo conheceu os espa\u00e7os culturais do museu Fel\u00edcia Leirne e o audit\u00f3rio Claudio Santoro, al\u00e9m de pontos tur\u00edsticos da cidade.<\/p>\n\n\n\n<p>\u201cA Fundhas \u00e9 muito importante para minha fam\u00edlia. Tenho filhos que passaram pela Institui\u00e7\u00e3o e hoje est\u00e3o bem empregados. Com meu filho ca\u00e7ula recebo muita ajuda, \u00e9 maravilhoso e s\u00f3 tenho a agradecer. Conhecer Campos do Jord\u00e3o era um sonho para mim, fiquei emocionada\u201d, conta Irene Sandra Martins, m\u00e3e do Gabriel da Silva, 12 anos.<\/p>\n\n\n\n<p>Irene destaca que a fam\u00edlia deve ser parceira da Institui\u00e7\u00e3o mantendo \u201crela\u00e7\u00e3o pr\u00f3xima diariamente\u201d.<\/p>\n\n\n\n<p>Maria Helena da Silva, m\u00e3e da Mariana Silva Marques, 10 anos, e da Milena Silva Marques, 8 anos, tamb\u00e9m aprova as a\u00e7\u00f5es propostas pela Funda\u00e7\u00e3o. \u201cA cada encontro aprendo e sou grata a isto. A gente quer se doar mais para ajudar no que for preciso, pois a Fundhas \u00e9 importante para nossos filhos e fam\u00edlias\u201d, afirma.<br><br><strong>Participa\u00e7\u00e3o ativa<\/strong><\/p>\n\n\n\n<p>Al\u00e9m das visitas culturais, a Institui\u00e7\u00e3o realiza periodicamente reuni\u00f5es com pais e respons\u00e1veis onde aborda a necessidade da participa\u00e7\u00e3o da fam\u00edlia como correspons\u00e1vel na educa\u00e7\u00e3o de seus filhos.<\/p>\n\n\n\n<p>Crian\u00e7as, adolescentes e familiares contam tamb\u00e9m com um canal de comunica\u00e7\u00e3o direto com a Fundhas para registrar queixas, cr\u00edticas e elogios, com projetos voltados especialmente aos alunos, ex-alunos e \u00e0 comunidade, que \u00e9 beneficiada pela Funda\u00e7\u00e3o, presente no munic\u00edpio h\u00e1 32 anos.<\/p>\n\n\n\n<p>Segundo a dire\u00e7\u00e3o, as fam\u00edlias parceiras devem contribuir e entender a import\u00e2ncia de o filho n\u00e3o faltar na Fundhas e nem na escola e de atenderem os chamados e encaminhamentos feitos pela Institui\u00e7\u00e3o, pois, sem a participa\u00e7\u00e3o efetiva da fam\u00edlia n\u00e3o \u00e9 poss\u00edvel alcan\u00e7ar os resultados desejados.&nbsp;<br><br><strong>Conhe\u00e7a a Fundhas<\/strong><\/p>\n\n\n\n<p>Ao longo dos anos, a Fundhas contribuiu com a forma\u00e7\u00e3o de mais de 30 mil crian\u00e7as e jovens em S\u00e3o Jos\u00e9 dos Campos, que viram em seus projetos a possibilidade de realizar sonhos e de crescimento profissional.<\/p>\n\n\n\n<p>Mantida pela Prefeitura de S\u00e3o Jos\u00e9 dos Campos e com atua\u00e7\u00e3o no contraturno escolar, a Funda\u00e7\u00e3o oferece projetos voltados \u00e0 m\u00fasica, dan\u00e7a, teatro, artes e um cuidado especial no refor\u00e7o escolar. Todos os atendidos recebem gratuitamente alimenta\u00e7\u00e3o, uniforme e transporte.<\/p>\n\n\n\n<p>O Cephas \u00e9 um Centro Educacional da Fundhas que tem como finalidade oferecer educa\u00e7\u00e3o profissional atrav\u00e9s de cursos de forma\u00e7\u00e3o inicial e continuada, programa de aprendizagem profissional e de cursos t\u00e9cnicos de n\u00edvel m\u00e9dio.<br><\/p>\n","protected":false},"excerpt":{"rendered":"<p>A Fundhas (Funda\u00e7\u00e3o H\u00e9lio Augusto de Souza) realiza diversas a\u00e7\u00f5es para manter a qualidade dos trabalhos oferecidos \u00e0s crian\u00e7as e aos adolescentes atendidos e refor\u00e7ar a parceria com familiares e respons\u00e1veis. Entre as a\u00e7\u00f5es realizadas, h\u00e1 visitas e passeios com os familiares a fim de ampliar repert\u00f3rio cultural e estreitar la\u00e7os. Nesta quarta-feira (14), um [&hellip;]<\/p>\n","protected":false},"author":5,"featured_media":0,"comment_status":"open","ping_status":"closed","sticky":false,"template":"","format":"standard","meta":{"_acf_changed":false,"_monsterinsights_skip_tracking":false,"_monsterinsights_sitenote_active":false,"_monsterinsights_sitenote_note":"","_monsterinsights_sitenote_category":0,"footnotes":""},"categories":[1],"tags":[],"class_list":{"0":"post-1105","1":"post","2":"type-post","3":"status-publish","4":"format-standard","6":"category-uncategorized","7":"czr-hentry"},"acf":[],"yoast_head":"<!-- This site is optimized with the Yoast SEO plugin v26.6 - https:\/\/yoast.com\/wordpress\/plugins\/seo\/ -->\n<title>Fundhas estreita relacionamento com fam\u00edlias de atendidos - CEPHAS<\/title>\n<meta name=\"robots\" content=\"index, follow, max-snippet:-1, max-image-preview:large, max-video-preview:-1\" \/>\n<link rel=\"canonical\" href=\"https:\/\/cephas.org.br\/index.php\/2024\/10\/29\/fundhas-estreita-relacionamento-com-familias-de-atendidos\/\" \/>\n<meta property=\"og:locale\" content=\"pt_BR\" \/>\n<meta property=\"og:type\" content=\"article\" \/>\n<meta property=\"og:title\" content=\"Fundhas estreita relacionamento com fam\u00edlias de atendidos - CEPHAS\" \/>\n<meta property=\"og:description\" content=\"A Fundhas (Funda\u00e7\u00e3o H\u00e9lio Augusto de Souza) realiza diversas a\u00e7\u00f5es para manter a qualidade dos trabalhos oferecidos \u00e0s crian\u00e7as e aos adolescentes atendidos e refor\u00e7ar a parceria com familiares e respons\u00e1veis. Entre as a\u00e7\u00f5es realizadas, h\u00e1 visitas e passeios com os familiares a fim de ampliar repert\u00f3rio cultural e estreitar la\u00e7os. Nesta quarta-feira (14), um [&hellip;]\" \/>\n<meta property=\"og:url\" content=\"https:\/\/cephas.org.br\/index.php\/2024\/10\/29\/fundhas-estreita-relacionamento-com-familias-de-atendidos\/\" \/>\n<meta property=\"og:site_name\" content=\"CEPHAS\" \/>\n<meta property=\"article:published_time\" content=\"2024-10-29T15:14:44+00:00\" \/>\n<meta name=\"author\" content=\"Paula Pessoa\" \/>\n<meta name=\"twitter:card\" content=\"summary_large_image\" \/>\n<meta name=\"twitter:label1\" content=\"Escrito por\" \/>\n\t<meta name=\"twitter:data1\" content=\"Paula Pessoa\" \/>\n\t<meta name=\"twitter:label2\" content=\"Est. tempo de leitura\" \/>\n\t<meta name=\"twitter:data2\" content=\"3 minutos\" \/>\n<script type=\"application\/ld+json\" class=\"yoast-schema-graph\">{\"@context\":\"https:\/\/schema.org\",\"@graph\":[{\"@type\":\"Article\",\"@id\":\"https:\/\/cephas.org.br\/index.php\/2024\/10\/29\/fundhas-estreita-relacionamento-com-familias-de-atendidos\/#article\",\"isPartOf\":{\"@id\":\"https:\/\/cephas.org.br\/index.php\/2024\/10\/29\/fundhas-estreita-relacionamento-com-familias-de-atendidos\/\"},\"author\":{\"name\":\"Paula Pessoa\",\"@id\":\"https:\/\/cephas.org.br\/#\/schema\/person\/56cd9c87896766b36def2b374da9d5a5\"},\"headline\":\"Fundhas estreita relacionamento com fam\u00edlias de atendidos\",\"datePublished\":\"2024-10-29T15:14:44+00:00\",\"mainEntityOfPage\":{\"@id\":\"https:\/\/cephas.org.br\/index.php\/2024\/10\/29\/fundhas-estreita-relacionamento-com-familias-de-atendidos\/\"},\"wordCount\":530,\"commentCount\":0,\"publisher\":{\"@id\":\"https:\/\/cephas.org.br\/#organization\"},\"articleSection\":[\"Uncategorized\"],\"inLanguage\":\"pt-BR\",\"potentialAction\":[{\"@type\":\"CommentAction\",\"name\":\"Comment\",\"target\":[\"https:\/\/cephas.org.br\/index.php\/2024\/10\/29\/fundhas-estreita-relacionamento-com-familias-de-atendidos\/#respond\"]}]},{\"@type\":\"WebPage\",\"@id\":\"https:\/\/cephas.org.br\/index.php\/2024\/10\/29\/fundhas-estreita-relacionamento-com-familias-de-atendidos\/\",\"url\":\"https:\/\/cephas.org.br\/index.php\/2024\/10\/29\/fundhas-estreita-relacionamento-com-familias-de-atendidos\/\",\"name\":\"Fundhas estreita relacionamento com fam\u00edlias de atendidos - CEPHAS\",\"isPartOf\":{\"@id\":\"https:\/\/cephas.org.br\/#website\"},\"datePublished\":\"2024-10-29T15:14:44+00:00\",\"breadcrumb\":{\"@id\":\"https:\/\/cephas.org.br\/index.php\/2024\/10\/29\/fundhas-estreita-relacionamento-com-familias-de-atendidos\/#breadcrumb\"},\"inLanguage\":\"pt-BR\",\"potentialAction\":[{\"@type\":\"ReadAction\",\"target\":[\"https:\/\/cephas.org.br\/index.php\/2024\/10\/29\/fundhas-estreita-relacionamento-com-familias-de-atendidos\/\"]}]},{\"@type\":\"BreadcrumbList\",\"@id\":\"https:\/\/cephas.org.br\/index.php\/2024\/10\/29\/fundhas-estreita-relacionamento-com-familias-de-atendidos\/#breadcrumb\",\"itemListElement\":[{\"@type\":\"ListItem\",\"position\":1,\"name\":\"In\u00edcio\",\"item\":\"https:\/\/cephas.org.br\/\"},{\"@type\":\"ListItem\",\"position\":2,\"name\":\"Fundhas estreita relacionamento com fam\u00edlias de atendidos\"}]},{\"@type\":\"WebSite\",\"@id\":\"https:\/\/cephas.org.br\/#website\",\"url\":\"https:\/\/cephas.org.br\/\",\"name\":\"CEPHAS\",\"description\":\"\",\"publisher\":{\"@id\":\"https:\/\/cephas.org.br\/#organization\"},\"potentialAction\":[{\"@type\":\"SearchAction\",\"target\":{\"@type\":\"EntryPoint\",\"urlTemplate\":\"https:\/\/cephas.org.br\/?s={search_term_string}\"},\"query-input\":{\"@type\":\"PropertyValueSpecification\",\"valueRequired\":true,\"valueName\":\"search_term_string\"}}],\"inLanguage\":\"pt-BR\"},{\"@type\":\"Organization\",\"@id\":\"https:\/\/cephas.org.br\/#organization\",\"name\":\"CEPHAS\",\"url\":\"https:\/\/cephas.org.br\/\",\"logo\":{\"@type\":\"ImageObject\",\"inLanguage\":\"pt-BR\",\"@id\":\"https:\/\/cephas.org.br\/#\/schema\/logo\/image\/\",\"url\":\"https:\/\/cephas.org.br\/wp-content\/uploads\/2023\/10\/cropped-Assinaturas_CephasFundhas_Pref_Novo-10_Cor-small.png\",\"contentUrl\":\"https:\/\/cephas.org.br\/wp-content\/uploads\/2023\/10\/cropped-Assinaturas_CephasFundhas_Pref_Novo-10_Cor-small.png\",\"width\":812,\"height\":90,\"caption\":\"CEPHAS\"},\"image\":{\"@id\":\"https:\/\/cephas.org.br\/#\/schema\/logo\/image\/\"}},{\"@type\":\"Person\",\"@id\":\"https:\/\/cephas.org.br\/#\/schema\/person\/56cd9c87896766b36def2b374da9d5a5\",\"name\":\"Paula Pessoa\",\"image\":{\"@type\":\"ImageObject\",\"inLanguage\":\"pt-BR\",\"@id\":\"https:\/\/cephas.org.br\/#\/schema\/person\/image\/\",\"url\":\"https:\/\/secure.gravatar.com\/avatar\/aa07a1e411a8ccd21e95a2d5a445e5f80750514ff5e66ba8645ff79e0c59a8af?s=96&d=mm&r=g\",\"contentUrl\":\"https:\/\/secure.gravatar.com\/avatar\/aa07a1e411a8ccd21e95a2d5a445e5f80750514ff5e66ba8645ff79e0c59a8af?s=96&d=mm&r=g\",\"caption\":\"Paula Pessoa\"},\"url\":\"https:\/\/cephas.org.br\/index.php\/author\/paula-pessoa\/\"}]}<\/script>\n<!-- \/ Yoast SEO plugin. -->","yoast_head_json":{"title":"Fundhas estreita relacionamento com fam\u00edlias de atendidos - CEPHAS","robots":{"index":"index","follow":"follow","max-snippet":"max-snippet:-1","max-image-preview":"max-image-preview:large","max-video-preview":"max-video-preview:-1"},"canonical":"https:\/\/cephas.org.br\/index.php\/2024\/10\/29\/fundhas-estreita-relacionamento-com-familias-de-atendidos\/","og_locale":"pt_BR","og_type":"article","og_title":"Fundhas estreita relacionamento com fam\u00edlias de atendidos - CEPHAS","og_description":"A Fundhas (Funda\u00e7\u00e3o H\u00e9lio Augusto de Souza) realiza diversas a\u00e7\u00f5es para manter a qualidade dos trabalhos oferecidos \u00e0s crian\u00e7as e aos adolescentes atendidos e refor\u00e7ar a parceria com familiares e respons\u00e1veis. Entre as a\u00e7\u00f5es realizadas, h\u00e1 visitas e passeios com os familiares a fim de ampliar repert\u00f3rio cultural e estreitar la\u00e7os. Nesta quarta-feira (14), um [&hellip;]","og_url":"https:\/\/cephas.org.br\/index.php\/2024\/10\/29\/fundhas-estreita-relacionamento-com-familias-de-atendidos\/","og_site_name":"CEPHAS","article_published_time":"2024-10-29T15:14:44+00:00","author":"Paula Pessoa","twitter_card":"summary_large_image","twitter_misc":{"Escrito por":"Paula Pessoa","Est. tempo de leitura":"3 minutos"},"schema":{"@context":"https:\/\/schema.org","@graph":[{"@type":"Article","@id":"https:\/\/cephas.org.br\/index.php\/2024\/10\/29\/fundhas-estreita-relacionamento-com-familias-de-atendidos\/#article","isPartOf":{"@id":"https:\/\/cephas.org.br\/index.php\/2024\/10\/29\/fundhas-estreita-relacionamento-com-familias-de-atendidos\/"},"author":{"name":"Paula Pessoa","@id":"https:\/\/cephas.org.br\/#\/schema\/person\/56cd9c87896766b36def2b374da9d5a5"},"headline":"Fundhas estreita relacionamento com fam\u00edlias de atendidos","datePublished":"2024-10-29T15:14:44+00:00","mainEntityOfPage":{"@id":"https:\/\/cephas.org.br\/index.php\/2024\/10\/29\/fundhas-estreita-relacionamento-com-familias-de-atendidos\/"},"wordCount":530,"commentCount":0,"publisher":{"@id":"https:\/\/cephas.org.br\/#organization"},"articleSection":["Uncategorized"],"inLanguage":"pt-BR","potentialAction":[{"@type":"CommentAction","name":"Comment","target":["https:\/\/cephas.org.br\/index.php\/2024\/10\/29\/fundhas-estreita-relacionamento-com-familias-de-atendidos\/#respond"]}]},{"@type":"WebPage","@id":"https:\/\/cephas.org.br\/index.php\/2024\/10\/29\/fundhas-estreita-relacionamento-com-familias-de-atendidos\/","url":"https:\/\/cephas.org.br\/index.php\/2024\/10\/29\/fundhas-estreita-relacionamento-com-familias-de-atendidos\/","name":"Fundhas estreita relacionamento com fam\u00edlias de atendidos - CEPHAS","isPartOf":{"@id":"https:\/\/cephas.org.br\/#website"},"datePublished":"2024-10-29T15:14:44+00:00","breadcrumb":{"@id":"https:\/\/cephas.org.br\/index.php\/2024\/10\/29\/fundhas-estreita-relacionamento-com-familias-de-atendidos\/#breadcrumb"},"inLanguage":"pt-BR","potentialAction":[{"@type":"ReadAction","target":["https:\/\/cephas.org.br\/index.php\/2024\/10\/29\/fundhas-estreita-relacionamento-com-familias-de-atendidos\/"]}]},{"@type":"BreadcrumbList","@id":"https:\/\/cephas.org.br\/index.php\/2024\/10\/29\/fundhas-estreita-relacionamento-com-familias-de-atendidos\/#breadcrumb","itemListElement":[{"@type":"ListItem","position":1,"name":"In\u00edcio","item":"https:\/\/cephas.org.br\/"},{"@type":"ListItem","position":2,"name":"Fundhas estreita relacionamento com fam\u00edlias de atendidos"}]},{"@type":"WebSite","@id":"https:\/\/cephas.org.br\/#website","url":"https:\/\/cephas.org.br\/","name":"CEPHAS","description":"","publisher":{"@id":"https:\/\/cephas.org.br\/#organization"},"potentialAction":[{"@type":"SearchAction","target":{"@type":"EntryPoint","urlTemplate":"https:\/\/cephas.org.br\/?s={search_term_string}"},"query-input":{"@type":"PropertyValueSpecification","valueRequired":true,"valueName":"search_term_string"}}],"inLanguage":"pt-BR"},{"@type":"Organization","@id":"https:\/\/cephas.org.br\/#organization","name":"CEPHAS","url":"https:\/\/cephas.org.br\/","logo":{"@type":"ImageObject","inLanguage":"pt-BR","@id":"https:\/\/cephas.org.br\/#\/schema\/logo\/image\/","url":"https:\/\/cephas.org.br\/wp-content\/uploads\/2023\/10\/cropped-Assinaturas_CephasFundhas_Pref_Novo-10_Cor-small.png","contentUrl":"https:\/\/cephas.org.br\/wp-content\/uploads\/2023\/10\/cropped-Assinaturas_CephasFundhas_Pref_Novo-10_Cor-small.png","width":812,"height":90,"caption":"CEPHAS"},"image":{"@id":"https:\/\/cephas.org.br\/#\/schema\/logo\/image\/"}},{"@type":"Person","@id":"https:\/\/cephas.org.br\/#\/schema\/person\/56cd9c87896766b36def2b374da9d5a5","name":"Paula Pessoa","image":{"@type":"ImageObject","inLanguage":"pt-BR","@id":"https:\/\/cephas.org.br\/#\/schema\/person\/image\/","url":"https:\/\/secure.gravatar.com\/avatar\/aa07a1e411a8ccd21e95a2d5a445e5f80750514ff5e66ba8645ff79e0c59a8af?s=96&d=mm&r=g","contentUrl":"https:\/\/secure.gravatar.com\/avatar\/aa07a1e411a8ccd21e95a2d5a445e5f80750514ff5e66ba8645ff79e0c59a8af?s=96&d=mm&r=g","caption":"Paula Pessoa"},"url":"https:\/\/cephas.org.br\/index.php\/author\/paula-pessoa\/"}]}},"_links":{"self":[{"href":"https:\/\/cephas.org.br\/index.php\/wp-json\/wp\/v2\/posts\/1105","targetHints":{"allow":["GET"]}}],"collection":[{"href":"https:\/\/cephas.org.br\/index.php\/wp-json\/wp\/v2\/posts"}],"about":[{"href":"https:\/\/cephas.org.br\/index.php\/wp-json\/wp\/v2\/types\/post"}],"author":[{"embeddable":true,"href":"https:\/\/cephas.org.br\/index.php\/wp-json\/wp\/v2\/users\/5"}],"replies":[{"embeddable":true,"href":"https:\/\/cephas.org.br\/index.php\/wp-json\/wp\/v2\/comments?post=1105"}],"version-history":[{"count":1,"href":"https:\/\/cephas.org.br\/index.php\/wp-json\/wp\/v2\/posts\/1105\/revisions"}],"predecessor-version":[{"id":1107,"href":"https:\/\/cephas.org.br\/index.php\/wp-json\/wp\/v2\/posts\/1105\/revisions\/1107"}],"wp:attachment":[{"href":"https:\/\/cephas.org.br\/index.php\/wp-json\/wp\/v2\/media?parent=1105"}],"wp:term":[{"taxonomy":"category","embeddable":true,"href":"https:\/\/cephas.org.br\/index.php\/wp-json\/wp\/v2\/categories?post=1105"},{"taxonomy":"post_tag","embeddable":true,"href":"https:\/\/cephas.org.br\/index.php\/wp-json\/wp\/v2\/tags?post=1105"}],"curies":[{"name":"wp","href":"https:\/\/api.w.org\/{rel}","templated":true}]}}