{"id":1092,"date":"2024-10-29T12:14:44","date_gmt":"2024-10-29T15:14:44","guid":{"rendered":"http:\/\/cephas.org.br\/?p=1092"},"modified":"2024-10-29T12:14:44","modified_gmt":"2024-10-29T15:14:44","slug":"alunos-do-cephas-voltam-as-aulas-nesta-quinta","status":"publish","type":"post","link":"https:\/\/cephas.org.br\/index.php\/2024\/10\/29\/alunos-do-cephas-voltam-as-aulas-nesta-quinta\/","title":{"rendered":"Alunos do Cephas voltam \u00e0s aulas nesta quinta"},"content":{"rendered":"\n<figure class=\"wp-block-image\"><img fetchpriority=\"high\" decoding=\"async\" width=\"940\" height=\"626\" src=\"http:\/\/cephas.org.br\/wp-content\/uploads\/2019\/11\/Alunos-do-Cephas-voltam-\u00e0s-aulas-nesta-quinta.jpeg\" alt=\"\" class=\"wp-image-1093\" srcset=\"https:\/\/cephas.org.br\/wp-content\/uploads\/2019\/11\/Alunos-do-Cephas-voltam-\u00e0s-aulas-nesta-quinta.jpeg 940w, https:\/\/cephas.org.br\/wp-content\/uploads\/2019\/11\/Alunos-do-Cephas-voltam-\u00e0s-aulas-nesta-quinta-300x200.jpeg 300w, https:\/\/cephas.org.br\/wp-content\/uploads\/2019\/11\/Alunos-do-Cephas-voltam-\u00e0s-aulas-nesta-quinta-768x511.jpeg 768w\" sizes=\"(max-width: 940px) 100vw, 940px\" \/><\/figure>\n\n\n\n<p>Veteranos e calouros do Cephas (Centro de Educa\u00e7\u00e3o Profissional H\u00e9lio Augusto de Souza) foram recepcionados sob aplausos e com m\u00fasica por professores e toda equipe no retorno \u00e0s aulas nesta quinta-feira (25).<\/p>\n\n\n\n<p>Os 320 novos alunos, aprovados no \u00faltimo Vestibulinho, participam de uma programa\u00e7\u00e3o diferenciada, com acolhida feita pela dire\u00e7\u00e3o e equipe pedag\u00f3gica, apresenta\u00e7\u00e3o do Centro e informa\u00e7\u00f5es gerais sobre os cursos, estrutura e laborat\u00f3rios.<\/p>\n\n\n\n<p>Entre os veteranos, a sensa\u00e7\u00e3o \u00e9 de aproveitar ao m\u00e1ximo a reta final e reconhecer os aprendizados adquiridos. Diogo Henrique Braga do Carmo, 16 anos, est\u00e1 no \u00faltimo m\u00f3dulo do t\u00e9cnico em Administra\u00e7\u00e3o. Animado pela conclus\u00e3o do curso, ele quer seguir o sonho de ser empreendedor na cidade.<\/p>\n\n\n\n<p>\u201cEstou confiante, quero empreender na \u00e1rea de Educa\u00e7\u00e3o e ter uma empresa para oferecer treinamento, usando tecnologia. Voltar para as aulas \u00e9 importante para absorver o m\u00e1ximo e aprender mais, sempre \u00e9 tempo de novos aprendizados\u201d, afirmou.<\/p>\n\n\n\n<p><strong>Planejamento<\/strong><\/p>\n\n\n\n<p>Durante a semana, a equipe pedag\u00f3gica do Cephas e da educa\u00e7\u00e3o profissional voltada aos adolescentes da Fundhas, com idades entre 14 e 17 anos, esteve reunida para momentos de reflex\u00e3o, capacita\u00e7\u00e3o e planejamento das atividades do 2\u00ba semestre.<\/p>\n\n\n\n<p>Foram apresentados relat\u00f3rios, novidades e palestras sobre Neurolingu\u00edstica e Intelig\u00eancia Emocional.<\/p>\n\n\n\n<p>A Fundhas prop\u00f5es momentos de integra\u00e7\u00e3o e capacita\u00e7\u00e3o a seus profissionais afim de motiv\u00e1-los e manter a excel\u00eancia no atendimento socioeducativo e de educa\u00e7\u00e3o profissional em S\u00e3o Jos\u00e9 dos Campos.<\/p>\n\n\n\n<p><strong>Experi\u00eancia<\/strong><\/p>\n\n\n\n<p>Mesmo com anos de experi\u00eancia \u00e0 frente de diversas turmas de alunos, cada novo semestre gera expectativas nos professores.<\/p>\n\n\n\n<p>\u201cPor mais experiente que seja o professor estamos sempre \u00e1vidos por ver novos alunos e poder compartilhar um pouco de conhecimento, formando e transformando pessoas em cidad\u00e3os e profissionais competentes\u201d, afirmou o professor de Administra\u00e7\u00e3o, Moacir Ramos.&nbsp;<\/p>\n\n\n\n<p>\u201cO planejamento \u00e9 muito importante porque \u00e9 um instrumento de orienta\u00e7\u00e3o que indica o caminho do conhecimento que os alunos ir\u00e3o trilhar para obter as compet\u00eancias esperadas\u201d, completou.<\/p>\n\n\n\n<p>\u201cFomos recebidos de forma carinhosa, foi muito bom. Com planejamento conseguimos parar para refletir e remanejar, come\u00e7amos com \u2018chave de ouro\u2019\u201d, disse Patr\u00edcia Monteiro, professora de espanhol.<\/p>\n\n\n\n<p><strong>Excel\u00eancia em Educa\u00e7\u00e3o profissional<\/strong><\/p>\n\n\n\n<p>O Cephas \u00e9 uma institui\u00e7\u00e3o educacional da Fundhas (Funda\u00e7\u00e3o H\u00e9lio Augusto de Souza), que por sua vez \u00e9 mantida pela Prefeitura de S\u00e3o Jos\u00e9 dos Campos. Tem como finalidade oferecer educa\u00e7\u00e3o profissional atrav\u00e9s de cursos de forma\u00e7\u00e3o inicial e continuada, programas de aprendizagem profissional e de cursos t\u00e9cnicos de n\u00edvel m\u00e9dio.<\/p>\n\n\n\n<p>O Cephas fica na&nbsp;Rua Tsunessaburo Makiguti, 399 \u2013 Floradas de S\u00e3o Jos\u00e9.&nbsp;Telefone:&nbsp;3934-1995<\/p>\n","protected":false},"excerpt":{"rendered":"<p>Veteranos e calouros do Cephas (Centro de Educa\u00e7\u00e3o Profissional H\u00e9lio Augusto de Souza) foram recepcionados sob aplausos e com m\u00fasica por professores e toda equipe no retorno \u00e0s aulas nesta quinta-feira (25). Os 320 novos alunos, aprovados no \u00faltimo Vestibulinho, participam de uma programa\u00e7\u00e3o diferenciada, com acolhida feita pela dire\u00e7\u00e3o e equipe pedag\u00f3gica, apresenta\u00e7\u00e3o do [&hellip;]<\/p>\n","protected":false},"author":5,"featured_media":0,"comment_status":"open","ping_status":"closed","sticky":false,"template":"","format":"standard","meta":{"_acf_changed":false,"_monsterinsights_skip_tracking":false,"_monsterinsights_sitenote_active":false,"_monsterinsights_sitenote_note":"","_monsterinsights_sitenote_category":0,"footnotes":""},"categories":[1],"tags":[],"class_list":{"0":"post-1092","1":"post","2":"type-post","3":"status-publish","4":"format-standard","6":"category-uncategorized","7":"czr-hentry"},"acf":[],"yoast_head":"<!-- This site is optimized with the Yoast SEO plugin v26.6 - https:\/\/yoast.com\/wordpress\/plugins\/seo\/ -->\n<title>Alunos do Cephas voltam \u00e0s aulas nesta quinta - CEPHAS<\/title>\n<meta name=\"robots\" content=\"index, follow, max-snippet:-1, max-image-preview:large, max-video-preview:-1\" \/>\n<link rel=\"canonical\" href=\"https:\/\/cephas.org.br\/index.php\/2024\/10\/29\/alunos-do-cephas-voltam-as-aulas-nesta-quinta\/\" \/>\n<meta property=\"og:locale\" content=\"pt_BR\" \/>\n<meta property=\"og:type\" content=\"article\" \/>\n<meta property=\"og:title\" content=\"Alunos do Cephas voltam \u00e0s aulas nesta quinta - CEPHAS\" \/>\n<meta property=\"og:description\" content=\"Veteranos e calouros do Cephas (Centro de Educa\u00e7\u00e3o Profissional H\u00e9lio Augusto de Souza) foram recepcionados sob aplausos e com m\u00fasica por professores e toda equipe no retorno \u00e0s aulas nesta quinta-feira (25). Os 320 novos alunos, aprovados no \u00faltimo Vestibulinho, participam de uma programa\u00e7\u00e3o diferenciada, com acolhida feita pela dire\u00e7\u00e3o e equipe pedag\u00f3gica, apresenta\u00e7\u00e3o do [&hellip;]\" \/>\n<meta property=\"og:url\" content=\"https:\/\/cephas.org.br\/index.php\/2024\/10\/29\/alunos-do-cephas-voltam-as-aulas-nesta-quinta\/\" \/>\n<meta property=\"og:site_name\" content=\"CEPHAS\" \/>\n<meta property=\"article:published_time\" content=\"2024-10-29T15:14:44+00:00\" \/>\n<meta name=\"author\" content=\"Paula Pessoa\" \/>\n<meta name=\"twitter:card\" content=\"summary_large_image\" \/>\n<meta name=\"twitter:label1\" content=\"Escrito por\" \/>\n\t<meta name=\"twitter:data1\" content=\"Paula Pessoa\" \/>\n\t<meta name=\"twitter:label2\" content=\"Est. tempo de leitura\" \/>\n\t<meta name=\"twitter:data2\" content=\"2 minutos\" \/>\n<script type=\"application\/ld+json\" class=\"yoast-schema-graph\">{\"@context\":\"https:\/\/schema.org\",\"@graph\":[{\"@type\":\"Article\",\"@id\":\"https:\/\/cephas.org.br\/index.php\/2024\/10\/29\/alunos-do-cephas-voltam-as-aulas-nesta-quinta\/#article\",\"isPartOf\":{\"@id\":\"https:\/\/cephas.org.br\/index.php\/2024\/10\/29\/alunos-do-cephas-voltam-as-aulas-nesta-quinta\/\"},\"author\":{\"name\":\"Paula Pessoa\",\"@id\":\"https:\/\/cephas.org.br\/#\/schema\/person\/56cd9c87896766b36def2b374da9d5a5\"},\"headline\":\"Alunos do Cephas voltam \u00e0s aulas nesta quinta\",\"datePublished\":\"2024-10-29T15:14:44+00:00\",\"mainEntityOfPage\":{\"@id\":\"https:\/\/cephas.org.br\/index.php\/2024\/10\/29\/alunos-do-cephas-voltam-as-aulas-nesta-quinta\/\"},\"wordCount\":461,\"commentCount\":0,\"publisher\":{\"@id\":\"https:\/\/cephas.org.br\/#organization\"},\"articleSection\":[\"Uncategorized\"],\"inLanguage\":\"pt-BR\",\"potentialAction\":[{\"@type\":\"CommentAction\",\"name\":\"Comment\",\"target\":[\"https:\/\/cephas.org.br\/index.php\/2024\/10\/29\/alunos-do-cephas-voltam-as-aulas-nesta-quinta\/#respond\"]}]},{\"@type\":\"WebPage\",\"@id\":\"https:\/\/cephas.org.br\/index.php\/2024\/10\/29\/alunos-do-cephas-voltam-as-aulas-nesta-quinta\/\",\"url\":\"https:\/\/cephas.org.br\/index.php\/2024\/10\/29\/alunos-do-cephas-voltam-as-aulas-nesta-quinta\/\",\"name\":\"Alunos do Cephas voltam \u00e0s aulas nesta quinta - CEPHAS\",\"isPartOf\":{\"@id\":\"https:\/\/cephas.org.br\/#website\"},\"datePublished\":\"2024-10-29T15:14:44+00:00\",\"breadcrumb\":{\"@id\":\"https:\/\/cephas.org.br\/index.php\/2024\/10\/29\/alunos-do-cephas-voltam-as-aulas-nesta-quinta\/#breadcrumb\"},\"inLanguage\":\"pt-BR\",\"potentialAction\":[{\"@type\":\"ReadAction\",\"target\":[\"https:\/\/cephas.org.br\/index.php\/2024\/10\/29\/alunos-do-cephas-voltam-as-aulas-nesta-quinta\/\"]}]},{\"@type\":\"BreadcrumbList\",\"@id\":\"https:\/\/cephas.org.br\/index.php\/2024\/10\/29\/alunos-do-cephas-voltam-as-aulas-nesta-quinta\/#breadcrumb\",\"itemListElement\":[{\"@type\":\"ListItem\",\"position\":1,\"name\":\"In\u00edcio\",\"item\":\"https:\/\/cephas.org.br\/\"},{\"@type\":\"ListItem\",\"position\":2,\"name\":\"Alunos do Cephas voltam \u00e0s aulas nesta quinta\"}]},{\"@type\":\"WebSite\",\"@id\":\"https:\/\/cephas.org.br\/#website\",\"url\":\"https:\/\/cephas.org.br\/\",\"name\":\"CEPHAS\",\"description\":\"\",\"publisher\":{\"@id\":\"https:\/\/cephas.org.br\/#organization\"},\"potentialAction\":[{\"@type\":\"SearchAction\",\"target\":{\"@type\":\"EntryPoint\",\"urlTemplate\":\"https:\/\/cephas.org.br\/?s={search_term_string}\"},\"query-input\":{\"@type\":\"PropertyValueSpecification\",\"valueRequired\":true,\"valueName\":\"search_term_string\"}}],\"inLanguage\":\"pt-BR\"},{\"@type\":\"Organization\",\"@id\":\"https:\/\/cephas.org.br\/#organization\",\"name\":\"CEPHAS\",\"url\":\"https:\/\/cephas.org.br\/\",\"logo\":{\"@type\":\"ImageObject\",\"inLanguage\":\"pt-BR\",\"@id\":\"https:\/\/cephas.org.br\/#\/schema\/logo\/image\/\",\"url\":\"https:\/\/cephas.org.br\/wp-content\/uploads\/2023\/10\/cropped-Assinaturas_CephasFundhas_Pref_Novo-10_Cor-small.png\",\"contentUrl\":\"https:\/\/cephas.org.br\/wp-content\/uploads\/2023\/10\/cropped-Assinaturas_CephasFundhas_Pref_Novo-10_Cor-small.png\",\"width\":812,\"height\":90,\"caption\":\"CEPHAS\"},\"image\":{\"@id\":\"https:\/\/cephas.org.br\/#\/schema\/logo\/image\/\"}},{\"@type\":\"Person\",\"@id\":\"https:\/\/cephas.org.br\/#\/schema\/person\/56cd9c87896766b36def2b374da9d5a5\",\"name\":\"Paula Pessoa\",\"image\":{\"@type\":\"ImageObject\",\"inLanguage\":\"pt-BR\",\"@id\":\"https:\/\/cephas.org.br\/#\/schema\/person\/image\/\",\"url\":\"https:\/\/secure.gravatar.com\/avatar\/aa07a1e411a8ccd21e95a2d5a445e5f80750514ff5e66ba8645ff79e0c59a8af?s=96&d=mm&r=g\",\"contentUrl\":\"https:\/\/secure.gravatar.com\/avatar\/aa07a1e411a8ccd21e95a2d5a445e5f80750514ff5e66ba8645ff79e0c59a8af?s=96&d=mm&r=g\",\"caption\":\"Paula Pessoa\"},\"url\":\"https:\/\/cephas.org.br\/index.php\/author\/paula-pessoa\/\"}]}<\/script>\n<!-- \/ Yoast SEO plugin. -->","yoast_head_json":{"title":"Alunos do Cephas voltam \u00e0s aulas nesta quinta - CEPHAS","robots":{"index":"index","follow":"follow","max-snippet":"max-snippet:-1","max-image-preview":"max-image-preview:large","max-video-preview":"max-video-preview:-1"},"canonical":"https:\/\/cephas.org.br\/index.php\/2024\/10\/29\/alunos-do-cephas-voltam-as-aulas-nesta-quinta\/","og_locale":"pt_BR","og_type":"article","og_title":"Alunos do Cephas voltam \u00e0s aulas nesta quinta - CEPHAS","og_description":"Veteranos e calouros do Cephas (Centro de Educa\u00e7\u00e3o Profissional H\u00e9lio Augusto de Souza) foram recepcionados sob aplausos e com m\u00fasica por professores e toda equipe no retorno \u00e0s aulas nesta quinta-feira (25). Os 320 novos alunos, aprovados no \u00faltimo Vestibulinho, participam de uma programa\u00e7\u00e3o diferenciada, com acolhida feita pela dire\u00e7\u00e3o e equipe pedag\u00f3gica, apresenta\u00e7\u00e3o do [&hellip;]","og_url":"https:\/\/cephas.org.br\/index.php\/2024\/10\/29\/alunos-do-cephas-voltam-as-aulas-nesta-quinta\/","og_site_name":"CEPHAS","article_published_time":"2024-10-29T15:14:44+00:00","author":"Paula Pessoa","twitter_card":"summary_large_image","twitter_misc":{"Escrito por":"Paula Pessoa","Est. tempo de leitura":"2 minutos"},"schema":{"@context":"https:\/\/schema.org","@graph":[{"@type":"Article","@id":"https:\/\/cephas.org.br\/index.php\/2024\/10\/29\/alunos-do-cephas-voltam-as-aulas-nesta-quinta\/#article","isPartOf":{"@id":"https:\/\/cephas.org.br\/index.php\/2024\/10\/29\/alunos-do-cephas-voltam-as-aulas-nesta-quinta\/"},"author":{"name":"Paula Pessoa","@id":"https:\/\/cephas.org.br\/#\/schema\/person\/56cd9c87896766b36def2b374da9d5a5"},"headline":"Alunos do Cephas voltam \u00e0s aulas nesta quinta","datePublished":"2024-10-29T15:14:44+00:00","mainEntityOfPage":{"@id":"https:\/\/cephas.org.br\/index.php\/2024\/10\/29\/alunos-do-cephas-voltam-as-aulas-nesta-quinta\/"},"wordCount":461,"commentCount":0,"publisher":{"@id":"https:\/\/cephas.org.br\/#organization"},"articleSection":["Uncategorized"],"inLanguage":"pt-BR","potentialAction":[{"@type":"CommentAction","name":"Comment","target":["https:\/\/cephas.org.br\/index.php\/2024\/10\/29\/alunos-do-cephas-voltam-as-aulas-nesta-quinta\/#respond"]}]},{"@type":"WebPage","@id":"https:\/\/cephas.org.br\/index.php\/2024\/10\/29\/alunos-do-cephas-voltam-as-aulas-nesta-quinta\/","url":"https:\/\/cephas.org.br\/index.php\/2024\/10\/29\/alunos-do-cephas-voltam-as-aulas-nesta-quinta\/","name":"Alunos do Cephas voltam \u00e0s aulas nesta quinta - CEPHAS","isPartOf":{"@id":"https:\/\/cephas.org.br\/#website"},"datePublished":"2024-10-29T15:14:44+00:00","breadcrumb":{"@id":"https:\/\/cephas.org.br\/index.php\/2024\/10\/29\/alunos-do-cephas-voltam-as-aulas-nesta-quinta\/#breadcrumb"},"inLanguage":"pt-BR","potentialAction":[{"@type":"ReadAction","target":["https:\/\/cephas.org.br\/index.php\/2024\/10\/29\/alunos-do-cephas-voltam-as-aulas-nesta-quinta\/"]}]},{"@type":"BreadcrumbList","@id":"https:\/\/cephas.org.br\/index.php\/2024\/10\/29\/alunos-do-cephas-voltam-as-aulas-nesta-quinta\/#breadcrumb","itemListElement":[{"@type":"ListItem","position":1,"name":"In\u00edcio","item":"https:\/\/cephas.org.br\/"},{"@type":"ListItem","position":2,"name":"Alunos do Cephas voltam \u00e0s aulas nesta quinta"}]},{"@type":"WebSite","@id":"https:\/\/cephas.org.br\/#website","url":"https:\/\/cephas.org.br\/","name":"CEPHAS","description":"","publisher":{"@id":"https:\/\/cephas.org.br\/#organization"},"potentialAction":[{"@type":"SearchAction","target":{"@type":"EntryPoint","urlTemplate":"https:\/\/cephas.org.br\/?s={search_term_string}"},"query-input":{"@type":"PropertyValueSpecification","valueRequired":true,"valueName":"search_term_string"}}],"inLanguage":"pt-BR"},{"@type":"Organization","@id":"https:\/\/cephas.org.br\/#organization","name":"CEPHAS","url":"https:\/\/cephas.org.br\/","logo":{"@type":"ImageObject","inLanguage":"pt-BR","@id":"https:\/\/cephas.org.br\/#\/schema\/logo\/image\/","url":"https:\/\/cephas.org.br\/wp-content\/uploads\/2023\/10\/cropped-Assinaturas_CephasFundhas_Pref_Novo-10_Cor-small.png","contentUrl":"https:\/\/cephas.org.br\/wp-content\/uploads\/2023\/10\/cropped-Assinaturas_CephasFundhas_Pref_Novo-10_Cor-small.png","width":812,"height":90,"caption":"CEPHAS"},"image":{"@id":"https:\/\/cephas.org.br\/#\/schema\/logo\/image\/"}},{"@type":"Person","@id":"https:\/\/cephas.org.br\/#\/schema\/person\/56cd9c87896766b36def2b374da9d5a5","name":"Paula Pessoa","image":{"@type":"ImageObject","inLanguage":"pt-BR","@id":"https:\/\/cephas.org.br\/#\/schema\/person\/image\/","url":"https:\/\/secure.gravatar.com\/avatar\/aa07a1e411a8ccd21e95a2d5a445e5f80750514ff5e66ba8645ff79e0c59a8af?s=96&d=mm&r=g","contentUrl":"https:\/\/secure.gravatar.com\/avatar\/aa07a1e411a8ccd21e95a2d5a445e5f80750514ff5e66ba8645ff79e0c59a8af?s=96&d=mm&r=g","caption":"Paula Pessoa"},"url":"https:\/\/cephas.org.br\/index.php\/author\/paula-pessoa\/"}]}},"_links":{"self":[{"href":"https:\/\/cephas.org.br\/index.php\/wp-json\/wp\/v2\/posts\/1092","targetHints":{"allow":["GET"]}}],"collection":[{"href":"https:\/\/cephas.org.br\/index.php\/wp-json\/wp\/v2\/posts"}],"about":[{"href":"https:\/\/cephas.org.br\/index.php\/wp-json\/wp\/v2\/types\/post"}],"author":[{"embeddable":true,"href":"https:\/\/cephas.org.br\/index.php\/wp-json\/wp\/v2\/users\/5"}],"replies":[{"embeddable":true,"href":"https:\/\/cephas.org.br\/index.php\/wp-json\/wp\/v2\/comments?post=1092"}],"version-history":[{"count":1,"href":"https:\/\/cephas.org.br\/index.php\/wp-json\/wp\/v2\/posts\/1092\/revisions"}],"predecessor-version":[{"id":1094,"href":"https:\/\/cephas.org.br\/index.php\/wp-json\/wp\/v2\/posts\/1092\/revisions\/1094"}],"wp:attachment":[{"href":"https:\/\/cephas.org.br\/index.php\/wp-json\/wp\/v2\/media?parent=1092"}],"wp:term":[{"taxonomy":"category","embeddable":true,"href":"https:\/\/cephas.org.br\/index.php\/wp-json\/wp\/v2\/categories?post=1092"},{"taxonomy":"post_tag","embeddable":true,"href":"https:\/\/cephas.org.br\/index.php\/wp-json\/wp\/v2\/tags?post=1092"}],"curies":[{"name":"wp","href":"https:\/\/api.w.org\/{rel}","templated":true}]}}