{"id":1042,"date":"2024-10-29T12:14:55","date_gmt":"2024-10-29T15:14:55","guid":{"rendered":"http:\/\/cephas.org.br\/?p=1042"},"modified":"2024-10-29T12:14:55","modified_gmt":"2024-10-29T15:14:55","slug":"alunos-da-fundhas-recebem-certificados-de-cursos-de-qualificacao","status":"publish","type":"post","link":"https:\/\/cephas.org.br\/index.php\/2024\/10\/29\/alunos-da-fundhas-recebem-certificados-de-cursos-de-qualificacao\/","title":{"rendered":"Alunos da Fundhas recebem certificados de cursos de qualifica\u00e7\u00e3o"},"content":{"rendered":"\n<figure class=\"wp-block-image\"><img fetchpriority=\"high\" decoding=\"async\" width=\"940\" height=\"626\" src=\"http:\/\/cephas.org.br\/wp-content\/uploads\/2019\/11\/Alunos-da-Fundhas-recebem-certificados-de-cursos-de-qualifica\u00e7\u00e3o.jpg\" alt=\"\" class=\"wp-image-1043\" srcset=\"https:\/\/cephas.org.br\/wp-content\/uploads\/2019\/11\/Alunos-da-Fundhas-recebem-certificados-de-cursos-de-qualifica\u00e7\u00e3o.jpg 940w, https:\/\/cephas.org.br\/wp-content\/uploads\/2019\/11\/Alunos-da-Fundhas-recebem-certificados-de-cursos-de-qualifica\u00e7\u00e3o-300x200.jpg 300w, https:\/\/cephas.org.br\/wp-content\/uploads\/2019\/11\/Alunos-da-Fundhas-recebem-certificados-de-cursos-de-qualifica\u00e7\u00e3o-768x511.jpg 768w\" sizes=\"(max-width: 940px) 100vw, 940px\" \/><\/figure>\n\n\n\n<p>A certifica\u00e7\u00e3o marca uma fase importante da adolesc\u00eancia dos alunos da Fundhas (Funda\u00e7\u00e3o H\u00e9lio Augusto de Souza). Mais de 600 alunos, com idades entre 15 e 17 anos, das unidades voltadas \u00e0 educa\u00e7\u00e3o profissional de adolescentes celebram nesta semana a conclus\u00e3o dos cursos.<\/p>\n\n\n\n<p>Na tarde desta ter\u00e7a-feira (2), a Unidade Profissionalizante Parque Industrial festejou com educadores, profissionais, alunos e familiares o encerramento de mais um semestre. Nesta quarta (3) e quinta-feira (4) ser\u00e1 a vez de outras Unidades, a Norte e a Eug\u00eanio de Melo, entregarem os certificados aos estudantes. A Unidade Dom Bosco, na regi\u00e3o sul, realizou o evento na \u00faltima segunda-feira (1).&nbsp;<\/p>\n\n\n\n<p>Em meio a discursos de motiva\u00e7\u00e3o e acolhida carinhosa, com quitutes feitos pela Padaria Escola da Fundhas, os jovens foram incentivados a buscarem seus sonhos de realiza\u00e7\u00e3o profissional.<\/p>\n\n\n\n<p>\u201cFormei uma bagagem imensa aqui na Fundhas com todas as experi\u00eancias, aprendizados dos professores, lugares que visitamos e projetos. Serei aprendiz em uma empresa de pe\u00e7as de avi\u00e3o e estou animado. Quero crescer l\u00e1 dentro, desenvolver habilidades e, quem sabe, no futuro poder fazer interc\u00e2mbio em uma filial da empresa na Espanha\u201d, contou o aluno Rafael In\u00e1cio, 17 anos.<\/p>\n\n\n\n<p>O momento reconhece tamb\u00e9m o trabalho realizado pelos professores e educadores sociais em todas as unidades da Institui\u00e7\u00e3o.<\/p>\n\n\n\n<p>\u201cReceber a certifica\u00e7\u00e3o marca o final de um ciclo, um momento onde podem pensar no caminho que est\u00e3o tra\u00e7ando e em seus objetivos. A atua\u00e7\u00e3o de todos os profissionais faz a diferen\u00e7a na forma\u00e7\u00e3o de cada um. Desejamos que eles saibam que s\u00e3o capazes de seguir seus sonhos e acreditem\u201d, comentou Andr\u00e9 Ricci, educador social h\u00e1 15 anos na Fundhas.<\/p>\n\n\n\n<p><strong>Orgulho da fam\u00edlia<\/strong><\/p>\n\n\n\n<p>Giovana Faria, 17 anos, \u00e9 um dos exemplos de adolescentes que se destacaram pela dedica\u00e7\u00e3o e envolvimento nas propostas da Fundhas. Ap\u00f3s dois anos na Uppi, a jovem agora se prepara para iniciar como aprendiz na Embraer no pr\u00f3ximo semestre.<\/p>\n\n\n\n<p>\u201cA gente s\u00f3 tem a crescer e se desenvolver mais, me sinto bem aqui hoje encerrando essa fase e pronta para as pr\u00f3ximas que vir\u00e3o. Eu amo a Fundhas e s\u00f3 tenho a agradecer\u201d, comenta.<\/p>\n\n\n\n<p>\u201cA Fundhas ajudou muito no desenvolvimento da Giovana, ela amadureceu como pessoa e tamb\u00e9m como profissional. Sinto que a equipe e os amigos daqui s\u00e3o como uma segunda fam\u00edlia para ela, quando precisamos tivemos muito apoio de toda equipe. Sou f\u00e3 da Fundhas, \u00e9 importante reconhecer e valorizar e a Giovana soube fazer isso tamb\u00e9m\u201d, conta Angela Faria, m\u00e3e da jovem.<\/p>\n\n\n\n<p><strong>Jovens aprendizes<\/strong><\/p>\n\n\n\n<p>Dos alunos certificados, mais de 140 foram aprovados no programa Jovem Aprendiz e ser\u00e3o encaminhados para as empresas da cidade. A Fundhas mant\u00e9m parceria com cerca de 40 empresas para promover uma experi\u00eancia pr\u00e1tica concreta aos adolescentes que j\u00e1 s\u00e3o atendidos na Institui\u00e7\u00e3o.<\/p>\n\n\n\n<p>No programa, o aprendizado te\u00f3rico fica por incumb\u00eancia do Cephas (Centro de Educa\u00e7\u00e3o Profissional H\u00e9lio Augusto de Souza), que tem a miss\u00e3o de proporcionar um curso profissionalizante de excel\u00eancia e criar um ambiente prop\u00edcio para que o aprendiz seja incentivado a buscar sempre mais conhecimento e forma\u00e7\u00e3o.&nbsp;<\/p>\n\n\n\n<p>O objetivo principal do programa \u00e9 proporcionar aos atendidos uma oportunidade real de trabalho que permita experi\u00eancia profissional.<\/p>\n\n\n\n<p><strong>Excel\u00eancia em Educa\u00e7\u00e3o profissional<\/strong><\/p>\n\n\n\n<p>O Cephas \u00e9 uma institui\u00e7\u00e3o educacional da Fundhas, que por sua vez \u00e9 mantida pela Prefeitura de S\u00e3o Jos\u00e9. Tem como finalidade oferecer educa\u00e7\u00e3o profissional atrav\u00e9s de cursos de forma\u00e7\u00e3o inicial e continuada, programas de aprendizagem profissional e de cursos t\u00e9cnicos de n\u00edvel m\u00e9dio.<br><\/p>\n","protected":false},"excerpt":{"rendered":"<p>A certifica\u00e7\u00e3o marca uma fase importante da adolesc\u00eancia dos alunos da Fundhas (Funda\u00e7\u00e3o H\u00e9lio Augusto de Souza). Mais de 600 alunos, com idades entre 15 e 17 anos, das unidades voltadas \u00e0 educa\u00e7\u00e3o profissional de adolescentes celebram nesta semana a conclus\u00e3o dos cursos. Na tarde desta ter\u00e7a-feira (2), a Unidade Profissionalizante Parque Industrial festejou com [&hellip;]<\/p>\n","protected":false},"author":5,"featured_media":0,"comment_status":"open","ping_status":"closed","sticky":false,"template":"","format":"standard","meta":{"_acf_changed":false,"_monsterinsights_skip_tracking":false,"_monsterinsights_sitenote_active":false,"_monsterinsights_sitenote_note":"","_monsterinsights_sitenote_category":0,"footnotes":""},"categories":[1],"tags":[],"class_list":{"0":"post-1042","1":"post","2":"type-post","3":"status-publish","4":"format-standard","6":"category-uncategorized","7":"czr-hentry"},"acf":[],"yoast_head":"<!-- This site is optimized with the Yoast SEO plugin v26.6 - https:\/\/yoast.com\/wordpress\/plugins\/seo\/ -->\n<title>Alunos da Fundhas recebem certificados de cursos de qualifica\u00e7\u00e3o - CEPHAS<\/title>\n<meta name=\"robots\" content=\"index, follow, max-snippet:-1, max-image-preview:large, max-video-preview:-1\" \/>\n<link rel=\"canonical\" href=\"https:\/\/cephas.org.br\/index.php\/2024\/10\/29\/alunos-da-fundhas-recebem-certificados-de-cursos-de-qualificacao\/\" \/>\n<meta property=\"og:locale\" content=\"pt_BR\" \/>\n<meta property=\"og:type\" content=\"article\" \/>\n<meta property=\"og:title\" content=\"Alunos da Fundhas recebem certificados de cursos de qualifica\u00e7\u00e3o - CEPHAS\" \/>\n<meta property=\"og:description\" content=\"A certifica\u00e7\u00e3o marca uma fase importante da adolesc\u00eancia dos alunos da Fundhas (Funda\u00e7\u00e3o H\u00e9lio Augusto de Souza). Mais de 600 alunos, com idades entre 15 e 17 anos, das unidades voltadas \u00e0 educa\u00e7\u00e3o profissional de adolescentes celebram nesta semana a conclus\u00e3o dos cursos. Na tarde desta ter\u00e7a-feira (2), a Unidade Profissionalizante Parque Industrial festejou com [&hellip;]\" \/>\n<meta property=\"og:url\" content=\"https:\/\/cephas.org.br\/index.php\/2024\/10\/29\/alunos-da-fundhas-recebem-certificados-de-cursos-de-qualificacao\/\" \/>\n<meta property=\"og:site_name\" content=\"CEPHAS\" \/>\n<meta property=\"article:published_time\" content=\"2024-10-29T15:14:55+00:00\" \/>\n<meta name=\"author\" content=\"Paula Pessoa\" \/>\n<meta name=\"twitter:card\" content=\"summary_large_image\" \/>\n<meta name=\"twitter:label1\" content=\"Escrito por\" \/>\n\t<meta name=\"twitter:data1\" content=\"Paula Pessoa\" \/>\n\t<meta name=\"twitter:label2\" content=\"Est. tempo de leitura\" \/>\n\t<meta name=\"twitter:data2\" content=\"3 minutos\" \/>\n<script type=\"application\/ld+json\" class=\"yoast-schema-graph\">{\"@context\":\"https:\/\/schema.org\",\"@graph\":[{\"@type\":\"Article\",\"@id\":\"https:\/\/cephas.org.br\/index.php\/2024\/10\/29\/alunos-da-fundhas-recebem-certificados-de-cursos-de-qualificacao\/#article\",\"isPartOf\":{\"@id\":\"https:\/\/cephas.org.br\/index.php\/2024\/10\/29\/alunos-da-fundhas-recebem-certificados-de-cursos-de-qualificacao\/\"},\"author\":{\"name\":\"Paula Pessoa\",\"@id\":\"https:\/\/cephas.org.br\/#\/schema\/person\/56cd9c87896766b36def2b374da9d5a5\"},\"headline\":\"Alunos da Fundhas recebem certificados de cursos de qualifica\u00e7\u00e3o\",\"datePublished\":\"2024-10-29T15:14:55+00:00\",\"mainEntityOfPage\":{\"@id\":\"https:\/\/cephas.org.br\/index.php\/2024\/10\/29\/alunos-da-fundhas-recebem-certificados-de-cursos-de-qualificacao\/\"},\"wordCount\":621,\"commentCount\":0,\"publisher\":{\"@id\":\"https:\/\/cephas.org.br\/#organization\"},\"articleSection\":[\"Uncategorized\"],\"inLanguage\":\"pt-BR\",\"potentialAction\":[{\"@type\":\"CommentAction\",\"name\":\"Comment\",\"target\":[\"https:\/\/cephas.org.br\/index.php\/2024\/10\/29\/alunos-da-fundhas-recebem-certificados-de-cursos-de-qualificacao\/#respond\"]}]},{\"@type\":\"WebPage\",\"@id\":\"https:\/\/cephas.org.br\/index.php\/2024\/10\/29\/alunos-da-fundhas-recebem-certificados-de-cursos-de-qualificacao\/\",\"url\":\"https:\/\/cephas.org.br\/index.php\/2024\/10\/29\/alunos-da-fundhas-recebem-certificados-de-cursos-de-qualificacao\/\",\"name\":\"Alunos da Fundhas recebem certificados de cursos de qualifica\u00e7\u00e3o - CEPHAS\",\"isPartOf\":{\"@id\":\"https:\/\/cephas.org.br\/#website\"},\"datePublished\":\"2024-10-29T15:14:55+00:00\",\"breadcrumb\":{\"@id\":\"https:\/\/cephas.org.br\/index.php\/2024\/10\/29\/alunos-da-fundhas-recebem-certificados-de-cursos-de-qualificacao\/#breadcrumb\"},\"inLanguage\":\"pt-BR\",\"potentialAction\":[{\"@type\":\"ReadAction\",\"target\":[\"https:\/\/cephas.org.br\/index.php\/2024\/10\/29\/alunos-da-fundhas-recebem-certificados-de-cursos-de-qualificacao\/\"]}]},{\"@type\":\"BreadcrumbList\",\"@id\":\"https:\/\/cephas.org.br\/index.php\/2024\/10\/29\/alunos-da-fundhas-recebem-certificados-de-cursos-de-qualificacao\/#breadcrumb\",\"itemListElement\":[{\"@type\":\"ListItem\",\"position\":1,\"name\":\"In\u00edcio\",\"item\":\"https:\/\/cephas.org.br\/\"},{\"@type\":\"ListItem\",\"position\":2,\"name\":\"Alunos da Fundhas recebem certificados de cursos de qualifica\u00e7\u00e3o\"}]},{\"@type\":\"WebSite\",\"@id\":\"https:\/\/cephas.org.br\/#website\",\"url\":\"https:\/\/cephas.org.br\/\",\"name\":\"CEPHAS\",\"description\":\"\",\"publisher\":{\"@id\":\"https:\/\/cephas.org.br\/#organization\"},\"potentialAction\":[{\"@type\":\"SearchAction\",\"target\":{\"@type\":\"EntryPoint\",\"urlTemplate\":\"https:\/\/cephas.org.br\/?s={search_term_string}\"},\"query-input\":{\"@type\":\"PropertyValueSpecification\",\"valueRequired\":true,\"valueName\":\"search_term_string\"}}],\"inLanguage\":\"pt-BR\"},{\"@type\":\"Organization\",\"@id\":\"https:\/\/cephas.org.br\/#organization\",\"name\":\"CEPHAS\",\"url\":\"https:\/\/cephas.org.br\/\",\"logo\":{\"@type\":\"ImageObject\",\"inLanguage\":\"pt-BR\",\"@id\":\"https:\/\/cephas.org.br\/#\/schema\/logo\/image\/\",\"url\":\"https:\/\/cephas.org.br\/wp-content\/uploads\/2023\/10\/cropped-Assinaturas_CephasFundhas_Pref_Novo-10_Cor-small.png\",\"contentUrl\":\"https:\/\/cephas.org.br\/wp-content\/uploads\/2023\/10\/cropped-Assinaturas_CephasFundhas_Pref_Novo-10_Cor-small.png\",\"width\":812,\"height\":90,\"caption\":\"CEPHAS\"},\"image\":{\"@id\":\"https:\/\/cephas.org.br\/#\/schema\/logo\/image\/\"}},{\"@type\":\"Person\",\"@id\":\"https:\/\/cephas.org.br\/#\/schema\/person\/56cd9c87896766b36def2b374da9d5a5\",\"name\":\"Paula Pessoa\",\"image\":{\"@type\":\"ImageObject\",\"inLanguage\":\"pt-BR\",\"@id\":\"https:\/\/cephas.org.br\/#\/schema\/person\/image\/\",\"url\":\"https:\/\/secure.gravatar.com\/avatar\/aa07a1e411a8ccd21e95a2d5a445e5f80750514ff5e66ba8645ff79e0c59a8af?s=96&d=mm&r=g\",\"contentUrl\":\"https:\/\/secure.gravatar.com\/avatar\/aa07a1e411a8ccd21e95a2d5a445e5f80750514ff5e66ba8645ff79e0c59a8af?s=96&d=mm&r=g\",\"caption\":\"Paula Pessoa\"},\"url\":\"https:\/\/cephas.org.br\/index.php\/author\/paula-pessoa\/\"}]}<\/script>\n<!-- \/ Yoast SEO plugin. -->","yoast_head_json":{"title":"Alunos da Fundhas recebem certificados de cursos de qualifica\u00e7\u00e3o - CEPHAS","robots":{"index":"index","follow":"follow","max-snippet":"max-snippet:-1","max-image-preview":"max-image-preview:large","max-video-preview":"max-video-preview:-1"},"canonical":"https:\/\/cephas.org.br\/index.php\/2024\/10\/29\/alunos-da-fundhas-recebem-certificados-de-cursos-de-qualificacao\/","og_locale":"pt_BR","og_type":"article","og_title":"Alunos da Fundhas recebem certificados de cursos de qualifica\u00e7\u00e3o - CEPHAS","og_description":"A certifica\u00e7\u00e3o marca uma fase importante da adolesc\u00eancia dos alunos da Fundhas (Funda\u00e7\u00e3o H\u00e9lio Augusto de Souza). Mais de 600 alunos, com idades entre 15 e 17 anos, das unidades voltadas \u00e0 educa\u00e7\u00e3o profissional de adolescentes celebram nesta semana a conclus\u00e3o dos cursos. Na tarde desta ter\u00e7a-feira (2), a Unidade Profissionalizante Parque Industrial festejou com [&hellip;]","og_url":"https:\/\/cephas.org.br\/index.php\/2024\/10\/29\/alunos-da-fundhas-recebem-certificados-de-cursos-de-qualificacao\/","og_site_name":"CEPHAS","article_published_time":"2024-10-29T15:14:55+00:00","author":"Paula Pessoa","twitter_card":"summary_large_image","twitter_misc":{"Escrito por":"Paula Pessoa","Est. tempo de leitura":"3 minutos"},"schema":{"@context":"https:\/\/schema.org","@graph":[{"@type":"Article","@id":"https:\/\/cephas.org.br\/index.php\/2024\/10\/29\/alunos-da-fundhas-recebem-certificados-de-cursos-de-qualificacao\/#article","isPartOf":{"@id":"https:\/\/cephas.org.br\/index.php\/2024\/10\/29\/alunos-da-fundhas-recebem-certificados-de-cursos-de-qualificacao\/"},"author":{"name":"Paula Pessoa","@id":"https:\/\/cephas.org.br\/#\/schema\/person\/56cd9c87896766b36def2b374da9d5a5"},"headline":"Alunos da Fundhas recebem certificados de cursos de qualifica\u00e7\u00e3o","datePublished":"2024-10-29T15:14:55+00:00","mainEntityOfPage":{"@id":"https:\/\/cephas.org.br\/index.php\/2024\/10\/29\/alunos-da-fundhas-recebem-certificados-de-cursos-de-qualificacao\/"},"wordCount":621,"commentCount":0,"publisher":{"@id":"https:\/\/cephas.org.br\/#organization"},"articleSection":["Uncategorized"],"inLanguage":"pt-BR","potentialAction":[{"@type":"CommentAction","name":"Comment","target":["https:\/\/cephas.org.br\/index.php\/2024\/10\/29\/alunos-da-fundhas-recebem-certificados-de-cursos-de-qualificacao\/#respond"]}]},{"@type":"WebPage","@id":"https:\/\/cephas.org.br\/index.php\/2024\/10\/29\/alunos-da-fundhas-recebem-certificados-de-cursos-de-qualificacao\/","url":"https:\/\/cephas.org.br\/index.php\/2024\/10\/29\/alunos-da-fundhas-recebem-certificados-de-cursos-de-qualificacao\/","name":"Alunos da Fundhas recebem certificados de cursos de qualifica\u00e7\u00e3o - CEPHAS","isPartOf":{"@id":"https:\/\/cephas.org.br\/#website"},"datePublished":"2024-10-29T15:14:55+00:00","breadcrumb":{"@id":"https:\/\/cephas.org.br\/index.php\/2024\/10\/29\/alunos-da-fundhas-recebem-certificados-de-cursos-de-qualificacao\/#breadcrumb"},"inLanguage":"pt-BR","potentialAction":[{"@type":"ReadAction","target":["https:\/\/cephas.org.br\/index.php\/2024\/10\/29\/alunos-da-fundhas-recebem-certificados-de-cursos-de-qualificacao\/"]}]},{"@type":"BreadcrumbList","@id":"https:\/\/cephas.org.br\/index.php\/2024\/10\/29\/alunos-da-fundhas-recebem-certificados-de-cursos-de-qualificacao\/#breadcrumb","itemListElement":[{"@type":"ListItem","position":1,"name":"In\u00edcio","item":"https:\/\/cephas.org.br\/"},{"@type":"ListItem","position":2,"name":"Alunos da Fundhas recebem certificados de cursos de qualifica\u00e7\u00e3o"}]},{"@type":"WebSite","@id":"https:\/\/cephas.org.br\/#website","url":"https:\/\/cephas.org.br\/","name":"CEPHAS","description":"","publisher":{"@id":"https:\/\/cephas.org.br\/#organization"},"potentialAction":[{"@type":"SearchAction","target":{"@type":"EntryPoint","urlTemplate":"https:\/\/cephas.org.br\/?s={search_term_string}"},"query-input":{"@type":"PropertyValueSpecification","valueRequired":true,"valueName":"search_term_string"}}],"inLanguage":"pt-BR"},{"@type":"Organization","@id":"https:\/\/cephas.org.br\/#organization","name":"CEPHAS","url":"https:\/\/cephas.org.br\/","logo":{"@type":"ImageObject","inLanguage":"pt-BR","@id":"https:\/\/cephas.org.br\/#\/schema\/logo\/image\/","url":"https:\/\/cephas.org.br\/wp-content\/uploads\/2023\/10\/cropped-Assinaturas_CephasFundhas_Pref_Novo-10_Cor-small.png","contentUrl":"https:\/\/cephas.org.br\/wp-content\/uploads\/2023\/10\/cropped-Assinaturas_CephasFundhas_Pref_Novo-10_Cor-small.png","width":812,"height":90,"caption":"CEPHAS"},"image":{"@id":"https:\/\/cephas.org.br\/#\/schema\/logo\/image\/"}},{"@type":"Person","@id":"https:\/\/cephas.org.br\/#\/schema\/person\/56cd9c87896766b36def2b374da9d5a5","name":"Paula Pessoa","image":{"@type":"ImageObject","inLanguage":"pt-BR","@id":"https:\/\/cephas.org.br\/#\/schema\/person\/image\/","url":"https:\/\/secure.gravatar.com\/avatar\/aa07a1e411a8ccd21e95a2d5a445e5f80750514ff5e66ba8645ff79e0c59a8af?s=96&d=mm&r=g","contentUrl":"https:\/\/secure.gravatar.com\/avatar\/aa07a1e411a8ccd21e95a2d5a445e5f80750514ff5e66ba8645ff79e0c59a8af?s=96&d=mm&r=g","caption":"Paula Pessoa"},"url":"https:\/\/cephas.org.br\/index.php\/author\/paula-pessoa\/"}]}},"_links":{"self":[{"href":"https:\/\/cephas.org.br\/index.php\/wp-json\/wp\/v2\/posts\/1042","targetHints":{"allow":["GET"]}}],"collection":[{"href":"https:\/\/cephas.org.br\/index.php\/wp-json\/wp\/v2\/posts"}],"about":[{"href":"https:\/\/cephas.org.br\/index.php\/wp-json\/wp\/v2\/types\/post"}],"author":[{"embeddable":true,"href":"https:\/\/cephas.org.br\/index.php\/wp-json\/wp\/v2\/users\/5"}],"replies":[{"embeddable":true,"href":"https:\/\/cephas.org.br\/index.php\/wp-json\/wp\/v2\/comments?post=1042"}],"version-history":[{"count":1,"href":"https:\/\/cephas.org.br\/index.php\/wp-json\/wp\/v2\/posts\/1042\/revisions"}],"predecessor-version":[{"id":1044,"href":"https:\/\/cephas.org.br\/index.php\/wp-json\/wp\/v2\/posts\/1042\/revisions\/1044"}],"wp:attachment":[{"href":"https:\/\/cephas.org.br\/index.php\/wp-json\/wp\/v2\/media?parent=1042"}],"wp:term":[{"taxonomy":"category","embeddable":true,"href":"https:\/\/cephas.org.br\/index.php\/wp-json\/wp\/v2\/categories?post=1042"},{"taxonomy":"post_tag","embeddable":true,"href":"https:\/\/cephas.org.br\/index.php\/wp-json\/wp\/v2\/tags?post=1042"}],"curies":[{"name":"wp","href":"https:\/\/api.w.org\/{rel}","templated":true}]}}